{"id":120274,"date":"2020-03-05T05:47:09","date_gmt":"2020-03-05T04:47:09","guid":{"rendered":"https:\/\/www.radiopiu.net\/wordpress\/?p=120274"},"modified":"2020-03-05T05:56:07","modified_gmt":"2020-03-05T04:56:07","slug":"il-dirigente-scolastico-bernardino-chiocchetti-risponde-allesternazione-mattutina-del-sindaco-leandro-grones","status":"publish","type":"post","link":"https:\/\/www.radiopiu.net\/wordpress\/il-dirigente-scolastico-bernardino-chiocchetti-risponde-allesternazione-mattutina-del-sindaco-leandro-grones\/","title":{"rendered":"IL DIRIGENTE SCOLASTICO BERNARDINO CHIOCCHETTI RISPONDE ALL&#8217;ESTERNAZIONE MATTUTINA DEL SINDACO LEANDRO GRONES"},"content":{"rendered":"<p><strong>AGORDO<\/strong> Stamane nella rassegna stampa delle otto il sindaco di Livinallongo Leandro Grones ha criticato il sistema scolastico che ha chiuso per 15\u00a0 giorni il plesso scolastico di Brenta ma ha lasciato acceso il riscaldamento con un danno per le casse comunali. Nella critica del primo cittadino il dirigente scolastico Paolo Giovanni Zanin. Prende ora le sue difese il dirigente del comrensivo di Agordo, Bernardino Chiocchetti che alla nostra redazione affida una nota di risposta che qui riproponiamo in forma integrale<\/p>\n<blockquote><p><em><span style=\"font-family: Times New Roman, serif;\"><span style=\"font-size: medium;\"><a class=\"dt-pswp-item\" href=\"https:\/\/www.radiopiu.net\/wordpress\/wp-content\/uploads\/2020\/03\/d624bbd0-2c44-423e-9c23-fbbd818f2ebb.jpg\" data-dt-img-description=\"\" data-large_image_width=\"720\" data-large_image_height=\"1440\"><img loading=\"lazy\" decoding=\"async\" class=\" wp-image-120277 alignright\" src=\"https:\/\/www.radiopiu.net\/wordpress\/wp-content\/uploads\/2020\/03\/d624bbd0-2c44-423e-9c23-fbbd818f2ebb-150x300.jpg\" alt=\"\" width=\"135\" height=\"270\" srcset=\"https:\/\/www.radiopiu.net\/wordpress\/wp-content\/uploads\/2020\/03\/d624bbd0-2c44-423e-9c23-fbbd818f2ebb-150x300.jpg 150w, https:\/\/www.radiopiu.net\/wordpress\/wp-content\/uploads\/2020\/03\/d624bbd0-2c44-423e-9c23-fbbd818f2ebb-512x1024.jpg 512w, https:\/\/www.radiopiu.net\/wordpress\/wp-content\/uploads\/2020\/03\/d624bbd0-2c44-423e-9c23-fbbd818f2ebb.jpg 720w\" sizes=\"auto, (max-width: 135px) 100vw, 135px\" \/><\/a>Mi \u00e8 stato riportato l\u2019esternazione del Sindaco di Pieve di Livinallongo del Col di Lana per i problemi di riscaldamento e l\u2019osservazione riferita al Dirigente Scolastico Paolo Giovanni Zanin. <\/span><\/span><\/em><em><span style=\"font-family: Times New Roman, serif;\"><span style=\"font-size: medium;\">Premesso che un Dirigente Scolastico, e tanto meno un Dirigente Scolastico al quale \u00e8 stata assegnata la responsabilit\u00e0 di un secondo Istituto, non pu\u00f2 certo controllare di persona tutto quello che succede in decine di plessi scolastici e di annesse palestre ed altre strutture distribuite su di un territorio quanto mai articolato; <\/span><\/span><\/em><em><span style=\"font-family: Times New Roman, serif;\"><span style=\"font-size: medium;\">richiamata la situazione nella quale versa l\u2019organizzazione scolastica provinciale, con Istituti nei quali il Direttore dei Servizi generali ed Amministrativi, che affianca il Dirigente Scolastico e al quale spetta il coordinamento del personale non docente, \u00e8 di frequente a sua volta un reggente che pu\u00f2 mettersi a disposizione solo allontanandosi un giorno alla settimana dalla sua abituale sede di titolarit\u00e0; <\/span><\/span><\/em><em><span style=\"font-family: Times New Roman, serif;\"><span style=\"font-size: medium;\">tenuto conto delle ricorrenti complicazioni, aggravate dalla fase di emergenza che stiamo attraversando in questi giorni; <\/span><\/span><\/em><em><span style=\"font-family: Times New Roman, serif;\"><span style=\"font-size: medium;\">precisato infine che sono in servizio dal 2010 presso il Comprensivo Agordo e che nel 2013 e nel 2017 ho presieduto con soddisfazione gli Esami di Stato conclusivi del primo ciclo nella Scuola Secondaria di Pieve dedicata al maestro <\/span><\/span><span style=\"font-family: Times New Roman, serif;\"><span style=\"font-size: medium;\">Ernesto Renon<\/span><\/span><span style=\"font-family: Times New Roman, serif;\"><span style=\"font-size: medium;\">; <\/span><\/span><\/em><em><span style=\"font-family: Times New Roman, serif;\"><span style=\"font-size: medium;\">rimango amareggiato dall\u2019esternazione del Sindaco soprattutto perch\u00e9 conosco, e all\u2019occorrenza riesco a documentare con dovizia di particolari, lo straordinario interessamento manifestato da Giovanni Paolo Zanin per la Scuola fodoma, che nel corso dell\u2019ultimo decennio ha potuto confermare il raggiungimento di ottimi risultati, nonostante la localizzazione che la contraddistingue, grazie alla lodevole tradizione secolare, grazie senz\u2019altro all\u2019indubbio sostegno garantito in modo continuativo dall\u2019amministrazione comunale, ma anche grazie all\u2019impegno profuso, senza risparmio di tempo e di energie, dal collega, al quale in questo frangente va la mia incondizionata solidariet\u00e0. <\/span><\/span><\/em><\/p><\/blockquote>\n<p><strong><span style=\"font-family: Times New Roman, serif;\"><span style=\"font-size: medium;\">prof. Chiocchetti Bernardino &#8211; Dirigente Scolastico Istituto Comprensivo Agordo<\/span><\/span><\/strong><\/p>\n<p>&nbsp;<\/p>\n<p><strong>QUESTA LA DICHIARAZIONE DI LEANDRO GRONES STAMANE AI MICROFONI DI RADIO PIU<\/strong><\/p>\n<audio class=\"wp-audio-shortcode\" id=\"audio-120274-1\" preload=\"none\" style=\"width: 100%;\" controls=\"controls\"><source type=\"audio\/mpeg\" src=\"https:\/\/www.radiopiu.net\/wordpress\/wp-content\/uploads\/2020\/03\/LEANDRO.mp3?_=1\" \/><a href=\"https:\/\/www.radiopiu.net\/wordpress\/wp-content\/uploads\/2020\/03\/LEANDRO.mp3\">https:\/\/www.radiopiu.net\/wordpress\/wp-content\/uploads\/2020\/03\/LEANDRO.mp3<\/a><\/audio>\n<p>&nbsp;<\/p>\n","protected":false},"excerpt":{"rendered":"<p>AGORDO Stamane nella rassegna stampa delle otto il sindaco di Livinallongo Leandro Grones ha criticato il sistema scolastico che ha chiuso per 15\u00a0 giorni il plesso scolastico di Brenta ma ha lasciato acceso il riscaldamento con un danno per le casse comunali. Nella critica del primo cittadino il dirigente scolastico Paolo Giovanni Zanin. Prende ora&hellip;<\/p>\n","protected":false},"author":1,"featured_media":120276,"comment_status":"closed","ping_status":"closed","sticky":false,"template":"","format":"standard","meta":{"_monsterinsights_skip_tracking":false,"_monsterinsights_sitenote_active":false,"_monsterinsights_sitenote_note":"","_monsterinsights_sitenote_category":0,"footnotes":""},"categories":[49],"tags":[],"class_list":["post-120274","post","type-post","status-publish","format-standard","has-post-thumbnail","hentry","category-news-18","category-49","description-off"],"img_url":"https:\/\/www.radiopiu.net\/wordpress\/wp-content\/uploads\/2020\/03\/88194336_3223034917749459_6083412560185393152_n.jpg","_links":{"self":[{"href":"https:\/\/www.radiopiu.net\/wordpress\/wp-json\/wp\/v2\/posts\/120274","targetHints":{"allow":["GET"]}}],"collection":[{"href":"https:\/\/www.radiopiu.net\/wordpress\/wp-json\/wp\/v2\/posts"}],"about":[{"href":"https:\/\/www.radiopiu.net\/wordpress\/wp-json\/wp\/v2\/types\/post"}],"author":[{"embeddable":true,"href":"https:\/\/www.radiopiu.net\/wordpress\/wp-json\/wp\/v2\/users\/1"}],"replies":[{"embeddable":true,"href":"https:\/\/www.radiopiu.net\/wordpress\/wp-json\/wp\/v2\/comments?post=120274"}],"version-history":[{"count":0,"href":"https:\/\/www.radiopiu.net\/wordpress\/wp-json\/wp\/v2\/posts\/120274\/revisions"}],"wp:featuredmedia":[{"embeddable":true,"href":"https:\/\/www.radiopiu.net\/wordpress\/wp-json\/wp\/v2\/media\/120276"}],"wp:attachment":[{"href":"https:\/\/www.radiopiu.net\/wordpress\/wp-json\/wp\/v2\/media?parent=120274"}],"wp:term":[{"taxonomy":"category","embeddable":true,"href":"https:\/\/www.radiopiu.net\/wordpress\/wp-json\/wp\/v2\/categories?post=120274"},{"taxonomy":"post_tag","embeddable":true,"href":"https:\/\/www.radiopiu.net\/wordpress\/wp-json\/wp\/v2\/tags?post=120274"}],"curies":[{"name":"wp","href":"https:\/\/api.w.org\/{rel}","templated":true}]}}