{"id":120346,"date":"2020-03-04T19:35:06","date_gmt":"2020-03-04T18:35:06","guid":{"rendered":"https:\/\/www.radiopiu.net\/wordpress\/?p=120346"},"modified":"2020-03-05T06:40:36","modified_gmt":"2020-03-05T05:40:36","slug":"operatori-turistici-da-alleghe-il-documento","status":"publish","type":"post","link":"https:\/\/www.radiopiu.net\/wordpress\/operatori-turistici-da-alleghe-il-documento\/","title":{"rendered":"OPERATORI TURISTICI, DA ALLEGHE IL DOCUMENTO"},"content":{"rendered":"<p>&nbsp;<\/p>\n<blockquote>\n<blockquote>\n<h2>LA RIUNIONE DEI CONSORZI TURISTICI AD ALLEGHE<\/h2>\n<\/blockquote>\n<p><strong><a class=\"dt-pswp-item\" href=\"https:\/\/www.radiopiu.net\/wordpress\/wp-content\/uploads\/2020\/03\/cb0b8bb4-93de-4ed9-8cbd-df5f8a677903.jpg\" data-dt-img-description=\"\" data-large_image_width=\"1600\" data-large_image_height=\"901\"><img loading=\"lazy\" decoding=\"async\" class=\"alignnone size-medium wp-image-120323\" src=\"https:\/\/www.radiopiu.net\/wordpress\/wp-content\/uploads\/2020\/03\/cb0b8bb4-93de-4ed9-8cbd-df5f8a677903-300x169.jpg\" alt=\"\" width=\"300\" height=\"169\" srcset=\"https:\/\/www.radiopiu.net\/wordpress\/wp-content\/uploads\/2020\/03\/cb0b8bb4-93de-4ed9-8cbd-df5f8a677903-300x169.jpg 300w, https:\/\/www.radiopiu.net\/wordpress\/wp-content\/uploads\/2020\/03\/cb0b8bb4-93de-4ed9-8cbd-df5f8a677903-1024x577.jpg 1024w, https:\/\/www.radiopiu.net\/wordpress\/wp-content\/uploads\/2020\/03\/cb0b8bb4-93de-4ed9-8cbd-df5f8a677903-768x432.jpg 768w, https:\/\/www.radiopiu.net\/wordpress\/wp-content\/uploads\/2020\/03\/cb0b8bb4-93de-4ed9-8cbd-df5f8a677903-1536x865.jpg 1536w, https:\/\/www.radiopiu.net\/wordpress\/wp-content\/uploads\/2020\/03\/cb0b8bb4-93de-4ed9-8cbd-df5f8a677903.jpg 1600w\" sizes=\"auto, (max-width: 300px) 100vw, 300px\" \/><\/a>ALLEGHE<\/strong><\/p>\n<p><strong>DI GIANNI SANTOMASO<\/strong><\/p>\n<audio class=\"wp-audio-shortcode\" id=\"audio-120346-1\" preload=\"none\" style=\"width: 100%;\" controls=\"controls\"><source type=\"audio\/mpeg\" src=\"https:\/\/www.radiopiu.net\/wordpress\/wp-content\/uploads\/2020\/03\/gianni-turismo.mp3?_=1\" \/><a href=\"https:\/\/www.radiopiu.net\/wordpress\/wp-content\/uploads\/2020\/03\/gianni-turismo.mp3\">https:\/\/www.radiopiu.net\/wordpress\/wp-content\/uploads\/2020\/03\/gianni-turismo.mp3<\/a><\/audio>\n<p>&nbsp;<\/p>\n<p><strong><a class=\"dt-pswp-item\" href=\"https:\/\/www.radiopiu.net\/wordpress\/wp-content\/uploads\/2020\/03\/93730f95-b768-42da-bbe6-00c439c83abb.jpg\" data-dt-img-description=\"\" data-large_image_width=\"1600\" data-large_image_height=\"901\"><img loading=\"lazy\" decoding=\"async\" class=\"size-medium wp-image-120380 alignleft\" src=\"https:\/\/www.radiopiu.net\/wordpress\/wp-content\/uploads\/2020\/03\/93730f95-b768-42da-bbe6-00c439c83abb-300x169.jpg\" alt=\"\" width=\"300\" height=\"169\" srcset=\"https:\/\/www.radiopiu.net\/wordpress\/wp-content\/uploads\/2020\/03\/93730f95-b768-42da-bbe6-00c439c83abb-300x169.jpg 300w, https:\/\/www.radiopiu.net\/wordpress\/wp-content\/uploads\/2020\/03\/93730f95-b768-42da-bbe6-00c439c83abb-1024x577.jpg 1024w, https:\/\/www.radiopiu.net\/wordpress\/wp-content\/uploads\/2020\/03\/93730f95-b768-42da-bbe6-00c439c83abb-768x432.jpg 768w, https:\/\/www.radiopiu.net\/wordpress\/wp-content\/uploads\/2020\/03\/93730f95-b768-42da-bbe6-00c439c83abb-1536x865.jpg 1536w, https:\/\/www.radiopiu.net\/wordpress\/wp-content\/uploads\/2020\/03\/93730f95-b768-42da-bbe6-00c439c83abb.jpg 1600w\" sizes=\"auto, (max-width: 300px) 100vw, 300px\" \/><\/a><\/strong><\/p>\n<p>&nbsp;<\/p>\n<p>&nbsp;<\/p>\n<p>&nbsp;<\/p>\n<p>&nbsp;<\/p>\n<p>&nbsp;<\/p>\n<p><strong>AI MICROFONI DI RADIO PIU SERGIO PRA PRESIDENTE ALLEGHE FUNIVE<\/strong><\/p>\n<audio class=\"wp-audio-shortcode\" id=\"audio-120346-2\" preload=\"none\" style=\"width: 100%;\" controls=\"controls\"><source type=\"audio\/mpeg\" src=\"https:\/\/www.radiopiu.net\/wordpress\/wp-content\/uploads\/2020\/03\/sergio-pra.mp3?_=2\" \/><a href=\"https:\/\/www.radiopiu.net\/wordpress\/wp-content\/uploads\/2020\/03\/sergio-pra.mp3\">https:\/\/www.radiopiu.net\/wordpress\/wp-content\/uploads\/2020\/03\/sergio-pra.mp3<\/a><\/audio>\n<p>&nbsp;<\/p>\n<p><strong>\u00a0MICHELE DE TONI (CONSORZIO TURISTICO DI ALLEGHE E D CAPRILE) E LUCIA FARENZENA (CONSORZIO OPERATORI TURISTICI ROCCA PIETORE MARMOLADA).<\/strong><\/p>\n<audio class=\"wp-audio-shortcode\" id=\"audio-120346-3\" preload=\"none\" style=\"width: 100%;\" controls=\"controls\"><source type=\"audio\/mpeg\" src=\"https:\/\/www.radiopiu.net\/wordpress\/wp-content\/uploads\/2020\/03\/MICHELE-E-LUCIA.mp3?_=3\" \/><a href=\"https:\/\/www.radiopiu.net\/wordpress\/wp-content\/uploads\/2020\/03\/MICHELE-E-LUCIA.mp3\">https:\/\/www.radiopiu.net\/wordpress\/wp-content\/uploads\/2020\/03\/MICHELE-E-LUCIA.mp3<\/a><\/audio>\n<p>&nbsp;<\/p>\n<p>&nbsp;<\/p>\n<h1><span style=\"color: #ff0000;\">IL DOCUMENTO<\/span><\/h1>\n<p>&nbsp;<\/p><\/blockquote>\n<h3>ALLEGHE Nel pomeriggio si sono incontrati i referenti dei consorzi turistici, questo l&#8217;ordine del giorno:<br \/>\nA seguito delle problematiche insorta nelle nostre Aree in seno al fenomeno \u201cCoronavirus\u201d e in prospettiva di una rapida auspicata ripresa si andranno a coordinare tra consorzi e impianti a fune delle strategie di marketing impostate sul medio-lungo periodo in collaborazione e coordinamento con la DMO. Alla luce di tutto ci\u00f2, in questo momento ci troviamo ad affrontare una congiuntura molto difficile e una situazione in continuo mutamento. In queste prime fasi si sono registrate numerose disdette soprattutto dall\u2019estero. Nell\u2019immediato, per quanto riguarda le strutture ricettive che si trovano ad affrontare le numerose richieste di disdetta, abbiamo ritenuto, anche in una prospettiva di gestione coordinata del territorio, di attenerci tutti a un disciplinare comune per la gestione di ospiti individuali, agenzie e tour operators e grandi portali di prenotazione. Questo disciplinare sar\u00e0 adottato sino al momento in cui non dovessero, nostro malgrado, essere introdotte delle restrizioni all\u2019erogazione dei servizi nel qual caso chiediamo di avere precise indicazioni da parte del Governo e della Regione Veneto. Chiediamo l\u2019adozione di alcuni strumenti finanziari nell\u2019immediato come ad esempio la proroga delle moratorie e lo sconto sui tassi dei mutui agli istituti di credito. Ai fornitori chiediamo la possibilit\u00e0 di posticipare alla seconda parte dell\u2019estate il pagamento almeno del 50% delle forniture. Nel medio periodo auspichiamo una forte azione coordinata di rilancio del sistema Italia, della regione Veneto e delle Dolomiti Bellunesi. Alle amministrazioni locali chiediamo di destinare maggiori risorse derivanti dalla tassa di soggiorno in modo da fornire uno strumento concreto che permetta ai Consorzi di promozione turistica locale di sviluppare delle azioni di marketing coordinate. Alla DMO Dolomiti chiediamo una sempre maggiore collaborazione con le realt\u00e0 territoriali per poter rivedere la programmazione in prospettiva di un\u2019azione forte, coordinata e condivisa. Alla Regione Veneto chiediamo un forte investimento nella promozione del Veneto in Italia e nel mondo per un rilancio del prodotto turistico e non solo. In questa fase delicata chiediamo di rimpolpare il fondo di riqualificazione alberghiera rispetto ai quali va incrementata la quota di partecipazione pubblica e ripensato il de minimis che potrebbe limitare gli investimenti proprio di quegli imprenditori pi\u00f9 dinamici. Nell\u2019immediato, chiediamo alla Regione Veneto di fornire un documento ufficiale che geolocalizzi le Dolomiti al di fuori della zona rossa, come ad esempio una mappa, che possa essere spendibile con gli ospiti al momento delle richieste di cancellazione della prenotazione. Al governo Italiano chiediamo la sospensione dei contributi e dei tributi a lungo termine. Chiediamo un credito d\u2019imposta che tenga conto delle perdite subite e una riduzione dell\u2019IVA del 50%. Chiediamo Chiediamo di effettuare una forte azione nei confronti delle principali testate mondiali per cercare di contenere la pressione mediatica nei confronti del nostro paese e rilanciare la sua immagine appena sar\u00e0 possibile. Sempre in questa prospettiva chiediamo di porre in essere delle sinergie con i principali vettori aerei mondiali rispetto ai quali suggeriamo ad esempio l\u2019introduzione di un bonus per i voli verso l\u2019aeroporto di Treviso e Venezia e\/o la riduzione delle tasse aeroportuali. Il calo delle presenze avr\u00e0 un forte impatto anche sugli impianti a fune in modo particolare nei rapporti con i grandi Tour Operator stranieri. In questo senso chiediamo alla Regione Veneto d\u2019intervenire con un\u2019integrazione delle commissioni riconosciute alle Agenzie in vista dell\u2019imminente aperura delle vendite per la prossima stagione invernale. In questo senso il Consorzio Impianti a Fune Civetta chiede di essere coinvolto nella pianificazione delle future strategie di rilancio del territorio. In questa fase si rende necessaria una condivisione degli obiettivi strategici da parte di tutti gli operatori dell\u2019Alto Agordino, con il preciso obiettivo di una maggiore diversificazione dei mercati accompagnata a un progressivo aumento dei prezzi nei prossimi 5 anni. L\u2019aumento dei prezzi permetterebbe infatti il miglioramento della qualit\u00e0 dell\u2019offerta, ma soprattutto del margine che consente a ogni singola impresa di migliorare la propria struttura e allinearsi alle moderne esigenze del mercato.\u00a0In collaborazione con DMO, cerchiamo di proporre delle progettualit\u00e0 che possano essere finanziate e declinate a seconda delle esigenze e delle peculiarit\u00e0 dei territori. In questo senso la situazione \u00e8 tale per cui, anche la Regione Veneto, viste le importanti fiere annullate come ad esempio la BTM di Berlino, verranno richiesti dei contributi ad hoc per poter aumentare il numero dei workshop, anche verso mercati emergenti come Ucraina, Romania o altri in modo da poter essere posizionati tra le destinazioni principali nel momento in cui la loro economia sar\u00e0 in forte crescita<\/h3>\n","protected":false},"excerpt":{"rendered":"<p>&nbsp; LA RIUNIONE DEI CONSORZI TURISTICI AD ALLEGHE ALLEGHE DI GIANNI SANTOMASO &nbsp; &nbsp; &nbsp; &nbsp; &nbsp; &nbsp; AI MICROFONI DI RADIO PIU SERGIO PRA PRESIDENTE ALLEGHE FUNIVE &nbsp; \u00a0MICHELE DE TONI (CONSORZIO TURISTICO DI ALLEGHE E D CAPRILE) E LUCIA FARENZENA (CONSORZIO OPERATORI TURISTICI ROCCA PIETORE MARMOLADA). &nbsp; &nbsp; IL DOCUMENTO &nbsp; ALLEGHE Nel&hellip;<\/p>\n","protected":false},"author":1,"featured_media":120323,"comment_status":"closed","ping_status":"closed","sticky":false,"template":"","format":"standard","meta":{"_monsterinsights_skip_tracking":false,"_monsterinsights_sitenote_active":false,"_monsterinsights_sitenote_note":"","_monsterinsights_sitenote_category":0,"footnotes":""},"categories":[51,104,49],"tags":[],"class_list":["post-120346","post","type-post","status-publish","format-standard","has-post-thumbnail","hentry","category-evidenza-top","category-evidenza_3","category-news-18","category-51","category-104","category-49","description-off"],"img_url":"https:\/\/www.radiopiu.net\/wordpress\/wp-content\/uploads\/2020\/03\/cb0b8bb4-93de-4ed9-8cbd-df5f8a677903.jpg","_links":{"self":[{"href":"https:\/\/www.radiopiu.net\/wordpress\/wp-json\/wp\/v2\/posts\/120346","targetHints":{"allow":["GET"]}}],"collection":[{"href":"https:\/\/www.radiopiu.net\/wordpress\/wp-json\/wp\/v2\/posts"}],"about":[{"href":"https:\/\/www.radiopiu.net\/wordpress\/wp-json\/wp\/v2\/types\/post"}],"author":[{"embeddable":true,"href":"https:\/\/www.radiopiu.net\/wordpress\/wp-json\/wp\/v2\/users\/1"}],"replies":[{"embeddable":true,"href":"https:\/\/www.radiopiu.net\/wordpress\/wp-json\/wp\/v2\/comments?post=120346"}],"version-history":[{"count":0,"href":"https:\/\/www.radiopiu.net\/wordpress\/wp-json\/wp\/v2\/posts\/120346\/revisions"}],"wp:featuredmedia":[{"embeddable":true,"href":"https:\/\/www.radiopiu.net\/wordpress\/wp-json\/wp\/v2\/media\/120323"}],"wp:attachment":[{"href":"https:\/\/www.radiopiu.net\/wordpress\/wp-json\/wp\/v2\/media?parent=120346"}],"wp:term":[{"taxonomy":"category","embeddable":true,"href":"https:\/\/www.radiopiu.net\/wordpress\/wp-json\/wp\/v2\/categories?post=120346"},{"taxonomy":"post_tag","embeddable":true,"href":"https:\/\/www.radiopiu.net\/wordpress\/wp-json\/wp\/v2\/tags?post=120346"}],"curies":[{"name":"wp","href":"https:\/\/api.w.org\/{rel}","templated":true}]}}