{"id":120403,"date":"2020-03-04T23:59:05","date_gmt":"2020-03-04T22:59:05","guid":{"rendered":"https:\/\/www.radiopiu.net\/wordpress\/?p=120403"},"modified":"2020-03-05T06:39:43","modified_gmt":"2020-03-05T05:39:43","slug":"franco-roccon-chiede-di-eliminare-la-tassa-di-soggiorno","status":"publish","type":"post","link":"https:\/\/www.radiopiu.net\/wordpress\/franco-roccon-chiede-di-eliminare-la-tassa-di-soggiorno\/","title":{"rendered":"FRANCO ROCCON\u00a0 CHIEDE DI ELIMINARE LA TASSA DI SOGGIORNO"},"content":{"rendered":"<p>&nbsp;<\/p>\n<blockquote>\n<h3><\/h3>\n<\/blockquote>\n<p><strong>DI DAMIANO TORMEN<\/strong><\/p>\n<audio class=\"wp-audio-shortcode\" id=\"audio-120403-1\" preload=\"none\" style=\"width: 100%;\" controls=\"controls\"><source type=\"audio\/mpeg\" src=\"https:\/\/www.radiopiu.net\/wordpress\/wp-content\/uploads\/2020\/03\/damiano-tassa-soggiorno.mp3?_=1\" \/><a href=\"https:\/\/www.radiopiu.net\/wordpress\/wp-content\/uploads\/2020\/03\/damiano-tassa-soggiorno.mp3\">https:\/\/www.radiopiu.net\/wordpress\/wp-content\/uploads\/2020\/03\/damiano-tassa-soggiorno.mp3<\/a><\/audio>\n<p>&nbsp;<\/p>\n<p>audio dalla rassegna stampa delle otto<\/p>\n<audio class=\"wp-audio-shortcode\" id=\"audio-120403-2\" preload=\"none\" style=\"width: 100%;\" controls=\"controls\"><source type=\"audio\/mpeg\" src=\"https:\/\/www.radiopiu.net\/wordpress\/wp-content\/uploads\/2020\/03\/roccon.mp3?_=2\" \/><a href=\"https:\/\/www.radiopiu.net\/wordpress\/wp-content\/uploads\/2020\/03\/roccon.mp3\">https:\/\/www.radiopiu.net\/wordpress\/wp-content\/uploads\/2020\/03\/roccon.mp3<\/a><\/audio>\n<p>&nbsp;<\/p>\n<p><strong><a class=\"dt-pswp-item\" href=\"https:\/\/www.radiopiu.net\/wordpress\/wp-content\/uploads\/2018\/06\/Roccon-Franco.jpg\" data-dt-img-description=\"\" data-large_image_width=\"402\" data-large_image_height=\"483\"><img loading=\"lazy\" decoding=\"async\" class=\"wp-image-52102 alignleft\" src=\"https:\/\/www.radiopiu.net\/wordpress\/wp-content\/uploads\/2018\/06\/Roccon-Franco-250x300.jpg\" alt=\"\" width=\"133\" height=\"160\" srcset=\"https:\/\/www.radiopiu.net\/wordpress\/wp-content\/uploads\/2018\/06\/Roccon-Franco-250x300.jpg 250w, https:\/\/www.radiopiu.net\/wordpress\/wp-content\/uploads\/2018\/06\/Roccon-Franco.jpg 402w\" sizes=\"auto, (max-width: 133px) 100vw, 133px\" \/><\/a>BELLUNO<\/strong> Il Consigliere Comunale Franco Roccon ha presentato un ordine del giorno invitando la Giunta\u00a0 a sospendere l\u2019applicazione della Tassa di Soggiorno per i prossimi sei mesi o, in subordine, di non applicare, per tutto il 2020, gli aumenti deliberati. Questo a seguito delle gravi ripercussioni che anche il settore del turismo e della ricettivit\u00e0 turistico alberghiera stanno subendo a causa del Coronavirus con continue disdette con pesanti ricadute negative, non solo per il settore trainate dell&#8217;economia.\u00a0 Il Consiglio Comunale, su proposta della Giunta Comunale, ha recentemente approvato un aumento tariffario della Tassa di Soggiorno a partire dal 1\u00b0 gennaio 202.<em> &#8220;E&#8217; necessario &#8211; dice Roccon &#8211; \u00a0lanciare un forte segnale di vicinanza diretta al settore anche da parte degli Enti locali che hanno facolt\u00e0 di applicare o meno la Tassa di Soggiorno,considerata la straordinariet\u00e0 del momento imprevedibile e fortemente penalizzante per il settore del commercio, del turismo e della ricettivit\u00e0 turistica&#8221;.<\/em><\/p>\n<p>&nbsp;<\/p>\n","protected":false},"excerpt":{"rendered":"<p>&nbsp; DI DAMIANO TORMEN &nbsp; audio dalla rassegna stampa delle otto &nbsp; BELLUNO Il Consigliere Comunale Franco Roccon ha presentato un ordine del giorno invitando la Giunta\u00a0 a sospendere l\u2019applicazione della Tassa di Soggiorno per i prossimi sei mesi o, in subordine, di non applicare, per tutto il 2020, gli aumenti deliberati. Questo a seguito&hellip;<\/p>\n","protected":false},"author":1,"featured_media":90473,"comment_status":"closed","ping_status":"closed","sticky":false,"template":"","format":"standard","meta":{"_monsterinsights_skip_tracking":false,"_monsterinsights_sitenote_active":false,"_monsterinsights_sitenote_note":"","_monsterinsights_sitenote_category":0,"footnotes":""},"categories":[49],"tags":[],"class_list":["post-120403","post","type-post","status-publish","format-standard","has-post-thumbnail","hentry","category-news-18","category-49","description-off"],"img_url":"https:\/\/www.radiopiu.net\/wordpress\/wp-content\/uploads\/2019\/07\/BELLUNO-2.jpeg","_links":{"self":[{"href":"https:\/\/www.radiopiu.net\/wordpress\/wp-json\/wp\/v2\/posts\/120403","targetHints":{"allow":["GET"]}}],"collection":[{"href":"https:\/\/www.radiopiu.net\/wordpress\/wp-json\/wp\/v2\/posts"}],"about":[{"href":"https:\/\/www.radiopiu.net\/wordpress\/wp-json\/wp\/v2\/types\/post"}],"author":[{"embeddable":true,"href":"https:\/\/www.radiopiu.net\/wordpress\/wp-json\/wp\/v2\/users\/1"}],"replies":[{"embeddable":true,"href":"https:\/\/www.radiopiu.net\/wordpress\/wp-json\/wp\/v2\/comments?post=120403"}],"version-history":[{"count":0,"href":"https:\/\/www.radiopiu.net\/wordpress\/wp-json\/wp\/v2\/posts\/120403\/revisions"}],"wp:featuredmedia":[{"embeddable":true,"href":"https:\/\/www.radiopiu.net\/wordpress\/wp-json\/wp\/v2\/media\/90473"}],"wp:attachment":[{"href":"https:\/\/www.radiopiu.net\/wordpress\/wp-json\/wp\/v2\/media?parent=120403"}],"wp:term":[{"taxonomy":"category","embeddable":true,"href":"https:\/\/www.radiopiu.net\/wordpress\/wp-json\/wp\/v2\/categories?post=120403"},{"taxonomy":"post_tag","embeddable":true,"href":"https:\/\/www.radiopiu.net\/wordpress\/wp-json\/wp\/v2\/tags?post=120403"}],"curies":[{"name":"wp","href":"https:\/\/api.w.org\/{rel}","templated":true}]}}