{"id":120518,"date":"2020-03-05T23:59:25","date_gmt":"2020-03-05T22:59:25","guid":{"rendered":"https:\/\/www.radiopiu.net\/wordpress\/?p=120518"},"modified":"2020-03-05T17:39:43","modified_gmt":"2020-03-05T16:39:43","slug":"la-camignada-l8-marzo-al-via-le-iscrizionicon-un-pensiero-alle-donne","status":"publish","type":"post","link":"https:\/\/www.radiopiu.net\/wordpress\/la-camignada-l8-marzo-al-via-le-iscrizionicon-un-pensiero-alle-donne\/","title":{"rendered":"LA CAMIGNADA, L\u20198 MARZO AL VIA LE ISCRIZIONI\u2026CON UN PENSIERO ALLE DONNE"},"content":{"rendered":"<p class=\"p1\"><span class=\"s1\"><strong><a class=\"dt-pswp-item\" href=\"https:\/\/www.radiopiu.net\/wordpress\/wp-content\/uploads\/2020\/03\/camignada-04.08.2019-la-vincitrice-SILVIA-RAMPAZZO.jpg\" data-dt-img-description=\"\" data-large_image_width=\"1900\" data-large_image_height=\"1267\"><img loading=\"lazy\" decoding=\"async\" class=\"size-medium wp-image-120521 alignleft\" src=\"https:\/\/www.radiopiu.net\/wordpress\/wp-content\/uploads\/2020\/03\/camignada-04.08.2019-la-vincitrice-SILVIA-RAMPAZZO-300x200.jpg\" alt=\"\" width=\"300\" height=\"200\" srcset=\"https:\/\/www.radiopiu.net\/wordpress\/wp-content\/uploads\/2020\/03\/camignada-04.08.2019-la-vincitrice-SILVIA-RAMPAZZO-300x200.jpg 300w, https:\/\/www.radiopiu.net\/wordpress\/wp-content\/uploads\/2020\/03\/camignada-04.08.2019-la-vincitrice-SILVIA-RAMPAZZO-1024x683.jpg 1024w, https:\/\/www.radiopiu.net\/wordpress\/wp-content\/uploads\/2020\/03\/camignada-04.08.2019-la-vincitrice-SILVIA-RAMPAZZO-768x512.jpg 768w, https:\/\/www.radiopiu.net\/wordpress\/wp-content\/uploads\/2020\/03\/camignada-04.08.2019-la-vincitrice-SILVIA-RAMPAZZO-1536x1024.jpg 1536w, https:\/\/www.radiopiu.net\/wordpress\/wp-content\/uploads\/2020\/03\/camignada-04.08.2019-la-vincitrice-SILVIA-RAMPAZZO.jpg 1900w\" sizes=\"auto, (max-width: 300px) 100vw, 300px\" \/><\/a>AURONZO DI CADORE<\/strong> Al via le iscrizioni alla Camignada poi si\u00e8 refuge, storica corsa in montagna con partenza dalle sponde del Lago di Misurina e arrivo ad Auronzo (Belluno) proposta dalla Sezione Cadorina di Auronzo del Club Alpino Italiano.<\/span> <span class=\"s1\">Le iscrizioni all&#8217;evento, che quest&#8217;anno celebrer\u00e0 la 48a edizione e si svolger\u00e0 domenica 2 agosto, partiranno in anticipo rispetto al passato, nel segno delle donne. L&#8217;apertura \u00e8 prevista, esclusivamente per il gentil sesso, per domenica 8 marzo. Proprio nella giornata dedicata alle donne il comitato organizzatore ha infatti voluto far loro un regalo riservando una giornata di iscrizione esclusiva e la quota di adesione speciale di 25 euro.<\/span><\/p>\n<p class=\"p1\"><span class=\"s1\">Dal giorno successivo, luned\u00ec 9 marzo, le iscrizioni apriranno invece per tutti. Novit\u00e0 importante per l&#8217;edizione 2020 \u00e8 la doppia possibilit\u00e0 di partecipazione all&#8217;evento auronzano: versione non competitiva oppure versione ludico motoria. La prova non competitiva, per la quale sar\u00e0 redatta una classifica ufficiale, prevede che i concorrenti al momento dell\u2019iscrizione presentino un certificato medico sportivo dedicato all\u2019attivit\u00e0 agonistica. I concorrenti potranno in alternativa iscriversi alla manifestazione \u201cludico motoria\u201d: in questo caso si avr\u00e0 diritto a tutti i servizi dell\u2019evento, ad esclusione della presenza nella classifica. Verr\u00e0 comunque stilato un documento relativo alla \u201cludico motoria\u201d, in ordine di pettorale, con i tempi rilevati all\u2019arrivo.<\/span><\/p>\n<p class=\"p1\"><span class=\"s1\">La quota di iscrizione dal 9 marzo al 31 maggio sar\u00e0 di 30 euro per la prova non competitiva e di 28 per la prova ludico motoria mentre dall&#8217;1 giugno al 15 luglio di 35 euro per la non competitiva e di 30 per la ludico motoria. Dal 16 al 29 luglio le quote saranno rispettivamente di 40 e di 32 euro. Per i ragazzi fino a 14 anni la quota \u00e8 fissata a 20 euro per tutto il periodo di apertura delle iscrizioni.<\/span><\/p>\n<p class=\"p1\"><span class=\"s1\">Le iscrizioni saranno riaperte sabato 1 agosto, allo stadio del ghiaccio di Auronzo, e la domenica mattina in zona partenza a Misurina, solamente nel caso di mancato raggiungimento dei 1.500 iscritti, quota massima fissata dall&#8217;organizzazione. In queste due giornate la quota di iscrizione sar\u00e0 di 42 euro per entrambe le categorie. Non saranno riassegnati i pettorali non ritirati.<\/span><\/p>\n<p class=\"p1\"><span class=\"s1\">Oltre alla possibilit\u00e0 della doppia partecipazione, la Camignada 2020 presenter\u00e0 una novit\u00e0 che sar\u00e0 di sicuro gradimento per gli affezionati dell&#8217;evento. Dopo la sistemazione e la conseguente riapertura della Val Giralba durante la scorsa estate, la Camignada torner\u00e0 ad essere &#8230; &#8220;poi si\u00e8 Refuge&#8221;: verranno cio\u00e8 toccati tutti i rifugi che hanno dato il nome alla manifestazione, nell&#8217;ordine, Auronzo, Lavaredo, Locatelli, Pian di Cengia, Comici e Carducci. \u00c8 stata confermata anche la variante, apprezzata dai partecipanti, introdotta nel 2019, vale a dire il sentiero 105, affrontato subito dopo la partenza da Misurina, toccando la Val di Rinbianco, la Val de l\u2019Arghena e Forcella Col di Mezzo prima dell\u2019arrivo al rifugio Auronzo.<\/span> <span class=\"s1\">Il tracciato misurer\u00e0 circa 33 chilometri, con 1.600 metri di dislivello positivo. Le iscrizioni sul sito <a href=\"http:\/\/www.caiauronzo.it\"><span class=\"s3\">www.caiauronzo.it<\/span><\/a> <\/span><\/p>\n","protected":false},"excerpt":{"rendered":"<p>AURONZO DI CADORE Al via le iscrizioni alla Camignada poi si\u00e8 refuge, storica corsa in montagna con partenza dalle sponde del Lago di Misurina e arrivo ad Auronzo (Belluno) proposta dalla Sezione Cadorina di Auronzo del Club Alpino Italiano. Le iscrizioni all&#8217;evento, che quest&#8217;anno celebrer\u00e0 la 48a edizione e si svolger\u00e0 domenica 2 agosto, partiranno&hellip;<\/p>\n","protected":false},"author":4,"featured_media":120521,"comment_status":"closed","ping_status":"closed","sticky":false,"template":"","format":"standard","meta":{"_monsterinsights_skip_tracking":false,"_monsterinsights_sitenote_active":false,"_monsterinsights_sitenote_note":"","_monsterinsights_sitenote_category":0,"footnotes":""},"categories":[49,72],"tags":[],"class_list":["post-120518","post","type-post","status-publish","format-standard","has-post-thumbnail","hentry","category-news-18","category-sport","category-49","category-72","description-off"],"img_url":"https:\/\/www.radiopiu.net\/wordpress\/wp-content\/uploads\/2020\/03\/camignada-04.08.2019-la-vincitrice-SILVIA-RAMPAZZO.jpg","_links":{"self":[{"href":"https:\/\/www.radiopiu.net\/wordpress\/wp-json\/wp\/v2\/posts\/120518","targetHints":{"allow":["GET"]}}],"collection":[{"href":"https:\/\/www.radiopiu.net\/wordpress\/wp-json\/wp\/v2\/posts"}],"about":[{"href":"https:\/\/www.radiopiu.net\/wordpress\/wp-json\/wp\/v2\/types\/post"}],"author":[{"embeddable":true,"href":"https:\/\/www.radiopiu.net\/wordpress\/wp-json\/wp\/v2\/users\/4"}],"replies":[{"embeddable":true,"href":"https:\/\/www.radiopiu.net\/wordpress\/wp-json\/wp\/v2\/comments?post=120518"}],"version-history":[{"count":0,"href":"https:\/\/www.radiopiu.net\/wordpress\/wp-json\/wp\/v2\/posts\/120518\/revisions"}],"wp:featuredmedia":[{"embeddable":true,"href":"https:\/\/www.radiopiu.net\/wordpress\/wp-json\/wp\/v2\/media\/120521"}],"wp:attachment":[{"href":"https:\/\/www.radiopiu.net\/wordpress\/wp-json\/wp\/v2\/media?parent=120518"}],"wp:term":[{"taxonomy":"category","embeddable":true,"href":"https:\/\/www.radiopiu.net\/wordpress\/wp-json\/wp\/v2\/categories?post=120518"},{"taxonomy":"post_tag","embeddable":true,"href":"https:\/\/www.radiopiu.net\/wordpress\/wp-json\/wp\/v2\/tags?post=120518"}],"curies":[{"name":"wp","href":"https:\/\/api.w.org\/{rel}","templated":true}]}}