{"id":120589,"date":"2020-03-06T05:39:16","date_gmt":"2020-03-06T04:39:16","guid":{"rendered":"https:\/\/www.radiopiu.net\/wordpress\/?p=120589"},"modified":"2020-03-06T05:39:16","modified_gmt":"2020-03-06T04:39:16","slug":"porta-dojona-iscrizioni-e-lapidi-che-ricordano-la-realizzazione-ed-i-fatti-importanti-della-citta-di-renato-bona","status":"publish","type":"post","link":"https:\/\/www.radiopiu.net\/wordpress\/porta-dojona-iscrizioni-e-lapidi-che-ricordano-la-realizzazione-ed-i-fatti-importanti-della-citta-di-renato-bona\/","title":{"rendered":"PORTA DOJONA: ISCRIZIONI E LAPIDI CHE RICORDANO LA REALIZZAZIONE ED I FATTI IMPORTANTI DELLA CITTA di RENATO BONA"},"content":{"rendered":"<p><strong>BELLUNO<\/strong>\u00a0Dopo aver ricordato nei giorni scorsi il \u201ccontributo\u201d del bellunese Nicol\u00f2 Tagliapietra, alla progettazione di Porta Dojona, torniamo su una delle grandi attrazioni di \u201cBelluno citt\u00e0 splendente\u201d, Porta Dojona, appunto, per soffermarci sinteticamente &#8211; supportati da quanto si pu\u00f2 leggere sul preziosissimo libro \u201cBelluno storia architettura arte\u201d di Gigetto De Bortoli, Andrea Moro e Flavio Vizzutti edito nel giugno 1984 dall\u2019Istituto bellunese di ricerche sociali e culturali guidato dal prof. don Sergio Sacco &#8211; con una carrellata su scritte, targhe, lapidi, busti che sono parte importante della storica struttura. Un primo arco interno della porta, che si chiamava al tempo \u201cdi Foro\u201d o \u201cMercato\u201d, fu realizzato nel 1289, su disegno di Vecello da Cusighe e fu poi restaurata pi\u00f9 volte nel corso dei secoli. Questa parte, che guarda via Rialto, era componente del sistema difensivo murario della citt\u00e0, nei pressi del Castello della Motta. La seconda, invece, quella per intenderci che guarda piazza Vittorio Emanuele, fu eretta nel 1553 ed \u201c\u00e8 chiaramente di imposizione rinascimentale, anche se il risultato complessivo della porta diventa piuttosto pesante, soprattutto per il fatto che viene soffocata dall\u2019adiacente Teatro comunale, di epoca neoclassica, dal quale \u00e8 diviso da una sola scalinata\u201d. Questa \u2013 ricordiamolo \u2013 \u00e8 la parte realizzata sull\u2019elaborato progettuale di Tagliapietra, commissionata dal rettore Francesco Diedo, il cui nome compare sul frontone sopra l\u2019arco. E la porta venne chiamata Porta Diedo in suo onore. E veniamo a iscrizioni e lapidi. Su Porta Dojona sono presenti varie iscrizioni (in latino, ma noi postiamo qui la versione in italiano \u2013 ndr.) che ricordano la realizzazione dell&#8217;opera, i successivi restauri e lavori, o anche avvenimenti che riguardarono la citt\u00e0 di Belluno. \u201cRiguardo alla porta di piazza Vittorio Emanuele, sopra l&#8217;ingresso di sinistra si trova questa iscrizione: \u201cLa vecchia porta Dojona stava ormai cadendo in sfacelo e il fabbricato non poteva reggersi pi\u00f9 per molto tempo. Francesco Diedo, ricostruendola, le ridiede alto decoro ed ora prende il nome dal rettore che fu cos\u00ec solerte. 1553\u201d. Mentre sull\u2019ingresso di destra questa: \u201cMarmi, statue, colonne e il glorioso Leone collocati con tanta grazia, esaltano la citt\u00e0; il valore e la fama di Diedo per\u00f2 ne sono superiori: questi monumenti \u00e8 stato lui ad innalzarli nel 1403\u201d. Nella zona di penombra tra le due porte, sulla parete destra, ci sono invece tre iscrizioni. Su quella di destra: \u201cAl rettore e al prefetto Giulio Contarini per la diligenza e la massima cura posta nella costruzione dell\u2019arco di questo ponte, i Bellunesi dedicarono nel 1606\u201d. Su quella centrale: \u201cFederico Corner, rettore e prefetto di Belluno, con mirabile rapidit\u00e0, fece riaprire al traffico la strada di Alemagna, interrotta per l\u2019improvviso crollo del ponte di legno, costruendone subito un altro ancora di legno con grande perizia. Si merit\u00f2 cos\u00ec presso i posteri tanta fama quanta era stata la diligenza in tale opera. Nell\u2019anno del Signore 1622, il notaio Cavassico a ci\u00f2 deputato\u201d. Infine su quella di sinistra, sotto lo stemma del vescovo Giulio Berlendis: \u201cIl vescovo Giulio Berlendis, eretta la facciata del palazzo in marmo, per promuovere nello stesso tempo lo studio della prudenza di Giano ha fatto collocare qui la porta che prima dava sul retro nel 1679\u201d. Quest\u2019ultima lapide si riferisce ai lavori di ammodernamento del palazzo dei Vescovi-Conti e della sede dei giuristi, cio\u00e8 dell\u2019attuale museo Civico di Belluno, e lo spostamento di Porta Dojona. In corrispondenza delle due altre lapidi invece si possono notare due scudi nobiliari della famiglia Doglioni, con celate e pennacchi di guerra. Ancora pi\u00f9 in alto ci sono tre stemmi, poco visibili a causa dell\u2019oscurit\u00e0 dell\u2019ambiente e della polvere accumulatasi, comunque si sa che uno dei tre \u00e8 lo stemma del vescovo Pietro Bembo. La lapide pi\u00f9 preziosa si trova per\u00f2 sopra l\u2019apertura sud, ancora meno visibile a causa dell\u2019effetto di controluce. Essa reca una grande croce a due stemmi, uno di Belluno e uno di Adalgero di Villalta a ricordo della data di fondazione della porta, scritta in numeri romani. Sulla destra di questa invece si nota la scritta, sempre in latino, che indica il costruttore della porta, mentre sulla sinistra la scritta \u00e8 di difficile comprensione perch\u00e9 la lapide \u00e8 scheggiata. Questa \u00e8 sormontata da uno stemma degli Sciparioni. Infine sulla destra si trova ora una grande lapide che celebra la vittoria nella prima guerra mondiale.<\/p>\n\n\t\t\t<style type='text\/css'>\n\t\t\t\t#gallery-1 {\n\t\t\t\t\tmargin: auto;\n\t\t\t\t}\n\t\t\t\t#gallery-1 .gallery-item {\n\t\t\t\t\tfloat: left;\n\t\t\t\t\tmargin-top: 10px;\n\t\t\t\t\ttext-align: center;\n\t\t\t\t\twidth: 33%;\n\t\t\t\t}\n\t\t\t\t#gallery-1 img {\n\t\t\t\t\tborder: 2px solid #cfcfcf;\n\t\t\t\t}\n\t\t\t\t#gallery-1 .gallery-caption {\n\t\t\t\t\tmargin-left: 0;\n\t\t\t\t}\n\t\t\t\t\/* see gallery_shortcode() in wp-includes\/media.php *\/\n\t\t\t<\/style>\n\t\t<div id='gallery-1' class='dt-gallery-container gallery galleryid-120589 gallery-columns-3 gallery-size-thumbnail'><dl class='gallery-item'>\n\t\t\t\t<dt class='gallery-icon portrait'>\n\t\t\t\t\t<a class=\"rollover\" href='https:\/\/www.radiopiu.net\/wordpress\/porta-dojona-iscrizioni-e-lapidi-che-ricordano-la-realizzazione-ed-i-fatti-importanti-della-citta-di-renato-bona\/88339921_566069024031898_3147013170179080192_n\/'><img loading=\"lazy\" decoding=\"async\" width=\"150\" height=\"150\" src=\"https:\/\/www.radiopiu.net\/wordpress\/wp-content\/uploads\/2020\/03\/88339921_566069024031898_3147013170179080192_n-150x150.jpg\" class=\"attachment-thumbnail size-thumbnail\" alt=\"\" \/><\/a>\n\t\t\t\t<\/dt><\/dl><dl class='gallery-item'>\n\t\t\t\t<dt class='gallery-icon portrait'>\n\t\t\t\t\t<a class=\"rollover\" href='https:\/\/www.radiopiu.net\/wordpress\/porta-dojona-iscrizioni-e-lapidi-che-ricordano-la-realizzazione-ed-i-fatti-importanti-della-citta-di-renato-bona\/87387941_131238898307833_5905222338533654528_n\/'><img loading=\"lazy\" decoding=\"async\" width=\"150\" height=\"150\" src=\"https:\/\/www.radiopiu.net\/wordpress\/wp-content\/uploads\/2020\/03\/87387941_131238898307833_5905222338533654528_n-150x150.jpg\" class=\"attachment-thumbnail size-thumbnail\" alt=\"\" \/><\/a>\n\t\t\t\t<\/dt><\/dl><dl class='gallery-item'>\n\t\t\t\t<dt class='gallery-icon portrait'>\n\t\t\t\t\t<a class=\"rollover\" href='https:\/\/www.radiopiu.net\/wordpress\/porta-dojona-iscrizioni-e-lapidi-che-ricordano-la-realizzazione-ed-i-fatti-importanti-della-citta-di-renato-bona\/88281257_219299722457564_4870531010023915520_n\/'><img loading=\"lazy\" decoding=\"async\" width=\"150\" height=\"150\" src=\"https:\/\/www.radiopiu.net\/wordpress\/wp-content\/uploads\/2020\/03\/88281257_219299722457564_4870531010023915520_n-150x150.jpg\" class=\"attachment-thumbnail size-thumbnail\" alt=\"\" \/><\/a>\n\t\t\t\t<\/dt><\/dl><br style=\"clear: both\" \/><dl class='gallery-item'>\n\t\t\t\t<dt class='gallery-icon portrait'>\n\t\t\t\t\t<a class=\"rollover\" href='https:\/\/www.radiopiu.net\/wordpress\/porta-dojona-iscrizioni-e-lapidi-che-ricordano-la-realizzazione-ed-i-fatti-importanti-della-citta-di-renato-bona\/88174025_652921702142582_6706172102161989632_n\/'><img loading=\"lazy\" decoding=\"async\" width=\"150\" height=\"150\" src=\"https:\/\/www.radiopiu.net\/wordpress\/wp-content\/uploads\/2020\/03\/88174025_652921702142582_6706172102161989632_n-150x150.jpg\" class=\"attachment-thumbnail size-thumbnail\" alt=\"\" \/><\/a>\n\t\t\t\t<\/dt><\/dl><dl class='gallery-item'>\n\t\t\t\t<dt class='gallery-icon portrait'>\n\t\t\t\t\t<a class=\"rollover\" href='https:\/\/www.radiopiu.net\/wordpress\/porta-dojona-iscrizioni-e-lapidi-che-ricordano-la-realizzazione-ed-i-fatti-importanti-della-citta-di-renato-bona\/88146797_527402567883431_8187699140814176256_n\/'><img loading=\"lazy\" decoding=\"async\" width=\"150\" height=\"150\" src=\"https:\/\/www.radiopiu.net\/wordpress\/wp-content\/uploads\/2020\/03\/88146797_527402567883431_8187699140814176256_n-150x150.jpg\" class=\"attachment-thumbnail size-thumbnail\" alt=\"\" \/><\/a>\n\t\t\t\t<\/dt><\/dl><dl class='gallery-item'>\n\t\t\t\t<dt class='gallery-icon landscape'>\n\t\t\t\t\t<a class=\"rollover\" href='https:\/\/www.radiopiu.net\/wordpress\/porta-dojona-iscrizioni-e-lapidi-che-ricordano-la-realizzazione-ed-i-fatti-importanti-della-citta-di-renato-bona\/89107669_247242426277432_3672738611981189120_n\/'><img loading=\"lazy\" decoding=\"async\" width=\"150\" height=\"150\" src=\"https:\/\/www.radiopiu.net\/wordpress\/wp-content\/uploads\/2020\/03\/89107669_247242426277432_3672738611981189120_n-150x150.jpg\" class=\"attachment-thumbnail size-thumbnail\" alt=\"\" \/><\/a>\n\t\t\t\t<\/dt><\/dl><br style=\"clear: both\" \/><dl class='gallery-item'>\n\t\t\t\t<dt class='gallery-icon landscape'>\n\t\t\t\t\t<a class=\"rollover\" href='https:\/\/www.radiopiu.net\/wordpress\/porta-dojona-iscrizioni-e-lapidi-che-ricordano-la-realizzazione-ed-i-fatti-importanti-della-citta-di-renato-bona\/88273566_222652262461786_3996598726855491584_n\/'><img loading=\"lazy\" decoding=\"async\" width=\"150\" height=\"150\" src=\"https:\/\/www.radiopiu.net\/wordpress\/wp-content\/uploads\/2020\/03\/88273566_222652262461786_3996598726855491584_n-150x150.jpg\" class=\"attachment-thumbnail size-thumbnail\" alt=\"\" \/><\/a>\n\t\t\t\t<\/dt><\/dl><dl class='gallery-item'>\n\t\t\t\t<dt class='gallery-icon portrait'>\n\t\t\t\t\t<a class=\"rollover\" href='https:\/\/www.radiopiu.net\/wordpress\/porta-dojona-iscrizioni-e-lapidi-che-ricordano-la-realizzazione-ed-i-fatti-importanti-della-citta-di-renato-bona\/89061539_655473901875001_8828699967242633216_n\/'><img loading=\"lazy\" decoding=\"async\" width=\"150\" height=\"150\" src=\"https:\/\/www.radiopiu.net\/wordpress\/wp-content\/uploads\/2020\/03\/89061539_655473901875001_8828699967242633216_n-150x150.jpg\" class=\"attachment-thumbnail size-thumbnail\" alt=\"\" \/><\/a>\n\t\t\t\t<\/dt><\/dl><dl class='gallery-item'>\n\t\t\t\t<dt class='gallery-icon portrait'>\n\t\t\t\t\t<a class=\"rollover\" href='https:\/\/www.radiopiu.net\/wordpress\/porta-dojona-iscrizioni-e-lapidi-che-ricordano-la-realizzazione-ed-i-fatti-importanti-della-citta-di-renato-bona\/88218136_713838252484020_8215729604921393152_n\/'><img loading=\"lazy\" decoding=\"async\" width=\"150\" height=\"150\" src=\"https:\/\/www.radiopiu.net\/wordpress\/wp-content\/uploads\/2020\/03\/88218136_713838252484020_8215729604921393152_n-150x150.jpg\" class=\"attachment-thumbnail size-thumbnail\" alt=\"\" \/><\/a>\n\t\t\t\t<\/dt><\/dl><br style=\"clear: both\" \/><dl class='gallery-item'>\n\t\t\t\t<dt class='gallery-icon portrait'>\n\t\t\t\t\t<a class=\"rollover\" href='https:\/\/www.radiopiu.net\/wordpress\/porta-dojona-iscrizioni-e-lapidi-che-ricordano-la-realizzazione-ed-i-fatti-importanti-della-citta-di-renato-bona\/87416946_299983490977106_5974822386644549632_n\/'><img loading=\"lazy\" decoding=\"async\" width=\"150\" height=\"150\" src=\"https:\/\/www.radiopiu.net\/wordpress\/wp-content\/uploads\/2020\/03\/87416946_299983490977106_5974822386644549632_n-150x150.jpg\" class=\"attachment-thumbnail size-thumbnail\" alt=\"\" \/><\/a>\n\t\t\t\t<\/dt><\/dl><dl class='gallery-item'>\n\t\t\t\t<dt class='gallery-icon portrait'>\n\t\t\t\t\t<a class=\"rollover\" href='https:\/\/www.radiopiu.net\/wordpress\/porta-dojona-iscrizioni-e-lapidi-che-ricordano-la-realizzazione-ed-i-fatti-importanti-della-citta-di-renato-bona\/88363692_199355877959158_4306935866615398400_n\/'><img loading=\"lazy\" decoding=\"async\" width=\"150\" height=\"150\" src=\"https:\/\/www.radiopiu.net\/wordpress\/wp-content\/uploads\/2020\/03\/88363692_199355877959158_4306935866615398400_n-150x150.jpg\" class=\"attachment-thumbnail size-thumbnail\" alt=\"\" \/><\/a>\n\t\t\t\t<\/dt><\/dl><dl class='gallery-item'>\n\t\t\t\t<dt class='gallery-icon portrait'>\n\t\t\t\t\t<a class=\"rollover\" href='https:\/\/www.radiopiu.net\/wordpress\/porta-dojona-iscrizioni-e-lapidi-che-ricordano-la-realizzazione-ed-i-fatti-importanti-della-citta-di-renato-bona\/88213102_1526285410862132_88874637269663744_n\/'><img loading=\"lazy\" decoding=\"async\" width=\"150\" height=\"150\" src=\"https:\/\/www.radiopiu.net\/wordpress\/wp-content\/uploads\/2020\/03\/88213102_1526285410862132_88874637269663744_n-150x150.jpg\" class=\"attachment-thumbnail size-thumbnail\" alt=\"\" \/><\/a>\n\t\t\t\t<\/dt><\/dl><br style=\"clear: both\" \/><dl class='gallery-item'>\n\t\t\t\t<dt class='gallery-icon landscape'>\n\t\t\t\t\t<a class=\"rollover\" href='https:\/\/www.radiopiu.net\/wordpress\/porta-dojona-iscrizioni-e-lapidi-che-ricordano-la-realizzazione-ed-i-fatti-importanti-della-citta-di-renato-bona\/88210254_204606850614153_4297675972959797248_n\/'><img loading=\"lazy\" decoding=\"async\" width=\"150\" height=\"150\" src=\"https:\/\/www.radiopiu.net\/wordpress\/wp-content\/uploads\/2020\/03\/88210254_204606850614153_4297675972959797248_n-150x150.jpg\" class=\"attachment-thumbnail size-thumbnail\" alt=\"\" \/><\/a>\n\t\t\t\t<\/dt><\/dl><dl class='gallery-item'>\n\t\t\t\t<dt class='gallery-icon landscape'>\n\t\t\t\t\t<a class=\"rollover\" href='https:\/\/www.radiopiu.net\/wordpress\/porta-dojona-iscrizioni-e-lapidi-che-ricordano-la-realizzazione-ed-i-fatti-importanti-della-citta-di-renato-bona\/88099506_833093503825109_4643105392119775232_n\/'><img loading=\"lazy\" decoding=\"async\" width=\"150\" height=\"150\" src=\"https:\/\/www.radiopiu.net\/wordpress\/wp-content\/uploads\/2020\/03\/88099506_833093503825109_4643105392119775232_n-150x150.jpg\" class=\"attachment-thumbnail size-thumbnail\" alt=\"\" \/><\/a>\n\t\t\t\t<\/dt><\/dl>\n\t\t\t\t<br style='clear: both' \/>\n\t\t\t<\/div>\n\n<p>NELLE FOTO (Renato Bona): Porta Dojona vista da Piazza Vittorio Emanuele e da Via Rialto; l\u2019interno con la serie di iscrizioni e lapidi; le \u201cfirme\u201d, sulla sinistra in basso, da Piazza Vittorio Emanuele, delle maestranze che operarono sulla Porta. ..<\/p>\n","protected":false},"excerpt":{"rendered":"<p>BELLUNO\u00a0Dopo aver ricordato nei giorni scorsi il \u201ccontributo\u201d del bellunese Nicol\u00f2 Tagliapietra, alla progettazione di Porta Dojona, torniamo su una delle grandi attrazioni di \u201cBelluno citt\u00e0 splendente\u201d, Porta Dojona, appunto, per soffermarci sinteticamente &#8211; supportati da quanto si pu\u00f2 leggere sul preziosissimo libro \u201cBelluno storia architettura arte\u201d di Gigetto De Bortoli, Andrea Moro e Flavio&hellip;<\/p>\n","protected":false},"author":1,"featured_media":120599,"comment_status":"closed","ping_status":"closed","sticky":false,"template":"","format":"standard","meta":{"_monsterinsights_skip_tracking":false,"_monsterinsights_sitenote_active":false,"_monsterinsights_sitenote_note":"","_monsterinsights_sitenote_category":0,"footnotes":""},"categories":[49],"tags":[],"class_list":["post-120589","post","type-post","status-publish","format-standard","has-post-thumbnail","hentry","category-news-18","category-49","description-off"],"img_url":"https:\/\/www.radiopiu.net\/wordpress\/wp-content\/uploads\/2020\/03\/88281257_219299722457564_4870531010023915520_n.jpg","_links":{"self":[{"href":"https:\/\/www.radiopiu.net\/wordpress\/wp-json\/wp\/v2\/posts\/120589","targetHints":{"allow":["GET"]}}],"collection":[{"href":"https:\/\/www.radiopiu.net\/wordpress\/wp-json\/wp\/v2\/posts"}],"about":[{"href":"https:\/\/www.radiopiu.net\/wordpress\/wp-json\/wp\/v2\/types\/post"}],"author":[{"embeddable":true,"href":"https:\/\/www.radiopiu.net\/wordpress\/wp-json\/wp\/v2\/users\/1"}],"replies":[{"embeddable":true,"href":"https:\/\/www.radiopiu.net\/wordpress\/wp-json\/wp\/v2\/comments?post=120589"}],"version-history":[{"count":0,"href":"https:\/\/www.radiopiu.net\/wordpress\/wp-json\/wp\/v2\/posts\/120589\/revisions"}],"wp:featuredmedia":[{"embeddable":true,"href":"https:\/\/www.radiopiu.net\/wordpress\/wp-json\/wp\/v2\/media\/120599"}],"wp:attachment":[{"href":"https:\/\/www.radiopiu.net\/wordpress\/wp-json\/wp\/v2\/media?parent=120589"}],"wp:term":[{"taxonomy":"category","embeddable":true,"href":"https:\/\/www.radiopiu.net\/wordpress\/wp-json\/wp\/v2\/categories?post=120589"},{"taxonomy":"post_tag","embeddable":true,"href":"https:\/\/www.radiopiu.net\/wordpress\/wp-json\/wp\/v2\/tags?post=120589"}],"curies":[{"name":"wp","href":"https:\/\/api.w.org\/{rel}","templated":true}]}}