{"id":120626,"date":"2020-03-06T06:41:55","date_gmt":"2020-03-06T05:41:55","guid":{"rendered":"https:\/\/www.radiopiu.net\/wordpress\/?p=120626"},"modified":"2020-03-06T08:32:41","modified_gmt":"2020-03-06T07:32:41","slug":"lappello","status":"publish","type":"post","link":"https:\/\/www.radiopiu.net\/wordpress\/lappello\/","title":{"rendered":"LUXOTTICA E CORONAVIRUS: L&#8217;APPELLO AI RAPPRESENTANTI DEI LAVORATORI"},"content":{"rendered":"<p><strong>DILLO A RADIO PIU&#8230;<\/strong><\/p>\n<p>Riceviamo e pubblichiamo<\/p>\n<blockquote><p><strong><a class=\"dt-pswp-item\" href=\"https:\/\/www.radiopiu.net\/wordpress\/wp-content\/uploads\/2020\/03\/download-10.jpg\" data-dt-img-description=\"\" data-large_image_width=\"300\" data-large_image_height=\"168\"><img loading=\"lazy\" decoding=\"async\" class=\" wp-image-120627 alignleft\" src=\"https:\/\/www.radiopiu.net\/wordpress\/wp-content\/uploads\/2020\/03\/download-10.jpg\" alt=\"\" width=\"246\" height=\"138\" \/><\/a>AGORDO<\/strong> \u00a0Sono una dipendente Luxottica di Agordo e sono molto preoccupata per l&#8217;emergenza Coronavirus, soprattutto dopo le notizie dei 2 tamponi positivi riscontrati nell&#8217;Agordino, il caso dell&#8217;operaio in quarantena e le ultime notizie arrivate ieri dall&#8217;ospedale di Agordo. V<span class=\"_5yl5\">orrei lanciare un appello ai rappresentanti dei lavoratori per chiedere come intendono tutelarci all&#8217;interno degli stabilimenti<\/span><span class=\"_5yl5\">. Le persone contagiate potrebbero avere\u00a0 pi\u00f9 di un parente o amici che lavorano con noi. \u00c8 vero, l&#8217;azienda ha introdotto molte misure di sicurezza per questa emergenza, ma\u00a0 perch\u00e9 io e i miei colleghi dobbiamo esporci quotidianamente al rischio contagio? Perch\u00e9 un trattamento diverso tra i &#8220;fortunati&#8221; dello smart working e il resto dell&#8217;esercito Luxottica?\u00a0 Mi sembra un trattamento diverso dei dipendenti e la nostra unica colpa \u00e8 quella di fare un lavoro pi\u00f9 pratico di altri. Per quanto possono prendere misure di contenimento riusciranno a fermare il virus gi\u00e0 arrivato in questa vallata? La nostra \u00e8 una comunit\u00e0 numerosa.\u00a0<\/span><\/p><\/blockquote>\n<p>*Claudia, Luxottica Agordo.<\/p>\n","protected":false},"excerpt":{"rendered":"<p>DILLO A RADIO PIU&#8230; Riceviamo e pubblichiamo AGORDO \u00a0Sono una dipendente Luxottica di Agordo e sono molto preoccupata per l&#8217;emergenza Coronavirus, soprattutto dopo le notizie dei 2 tamponi positivi riscontrati nell&#8217;Agordino, il caso dell&#8217;operaio in quarantena e le ultime notizie arrivate ieri dall&#8217;ospedale di Agordo. Vorrei lanciare un appello ai rappresentanti dei lavoratori per chiedere&hellip;<\/p>\n","protected":false},"author":1,"featured_media":120627,"comment_status":"closed","ping_status":"closed","sticky":false,"template":"","format":"standard","meta":{"_monsterinsights_skip_tracking":false,"_monsterinsights_sitenote_active":false,"_monsterinsights_sitenote_note":"","_monsterinsights_sitenote_category":0,"footnotes":""},"categories":[49],"tags":[],"class_list":["post-120626","post","type-post","status-publish","format-standard","has-post-thumbnail","hentry","category-news-18","category-49","description-off"],"img_url":"https:\/\/www.radiopiu.net\/wordpress\/wp-content\/uploads\/2020\/03\/download-10.jpg","_links":{"self":[{"href":"https:\/\/www.radiopiu.net\/wordpress\/wp-json\/wp\/v2\/posts\/120626","targetHints":{"allow":["GET"]}}],"collection":[{"href":"https:\/\/www.radiopiu.net\/wordpress\/wp-json\/wp\/v2\/posts"}],"about":[{"href":"https:\/\/www.radiopiu.net\/wordpress\/wp-json\/wp\/v2\/types\/post"}],"author":[{"embeddable":true,"href":"https:\/\/www.radiopiu.net\/wordpress\/wp-json\/wp\/v2\/users\/1"}],"replies":[{"embeddable":true,"href":"https:\/\/www.radiopiu.net\/wordpress\/wp-json\/wp\/v2\/comments?post=120626"}],"version-history":[{"count":0,"href":"https:\/\/www.radiopiu.net\/wordpress\/wp-json\/wp\/v2\/posts\/120626\/revisions"}],"wp:featuredmedia":[{"embeddable":true,"href":"https:\/\/www.radiopiu.net\/wordpress\/wp-json\/wp\/v2\/media\/120627"}],"wp:attachment":[{"href":"https:\/\/www.radiopiu.net\/wordpress\/wp-json\/wp\/v2\/media?parent=120626"}],"wp:term":[{"taxonomy":"category","embeddable":true,"href":"https:\/\/www.radiopiu.net\/wordpress\/wp-json\/wp\/v2\/categories?post=120626"},{"taxonomy":"post_tag","embeddable":true,"href":"https:\/\/www.radiopiu.net\/wordpress\/wp-json\/wp\/v2\/tags?post=120626"}],"curies":[{"name":"wp","href":"https:\/\/api.w.org\/{rel}","templated":true}]}}