{"id":120671,"date":"2020-03-06T13:49:19","date_gmt":"2020-03-06T12:49:19","guid":{"rendered":"https:\/\/www.radiopiu.net\/wordpress\/?p=120671"},"modified":"2020-03-06T13:49:27","modified_gmt":"2020-03-06T12:49:27","slug":"coronavirus-aggiornamento-dallazienda-zero","status":"publish","type":"post","link":"https:\/\/www.radiopiu.net\/wordpress\/coronavirus-aggiornamento-dallazienda-zero\/","title":{"rendered":"CORONAVIRUS, AGGIORNAMENTO DALL&#8217;AZIENDA ZERO"},"content":{"rendered":"<p><strong>VENEZIA<\/strong> Sei casi di positivit\u00e0 in provincia di Belluno secondo l&#8217;ultimo bollettino dell&#8217;Azienda Zero, 488 in Regione pi\u00f9 29 nelle 24 ore. Dalla tabella non compaiono ricoveri negli ospedali bellunesi, ieri erano 2 ma il dato pi\u00f9 approfondito lo leggeremo nel bollettino della Ulss1 di Belluno. Sono 144 i pazienti in strutture ospedaliere della Regione, 14 pi\u00f9 di ieri<\/p>\n<p>&nbsp;<\/p>\n<p><a class=\"dt-pswp-item\" href=\"https:\/\/www.radiopiu.net\/wordpress\/wp-content\/uploads\/2020\/03\/dd75cb16-d001-4d9c-929e-c4b651fd1dab.jpg\" data-dt-img-description=\"\" data-large_image_width=\"750\" data-large_image_height=\"844\"><img loading=\"lazy\" decoding=\"async\" class=\"alignnone wp-image-120672 size-full\" src=\"https:\/\/www.radiopiu.net\/wordpress\/wp-content\/uploads\/2020\/03\/dd75cb16-d001-4d9c-929e-c4b651fd1dab.jpg\" alt=\"\" width=\"750\" height=\"844\" srcset=\"https:\/\/www.radiopiu.net\/wordpress\/wp-content\/uploads\/2020\/03\/dd75cb16-d001-4d9c-929e-c4b651fd1dab.jpg 750w, https:\/\/www.radiopiu.net\/wordpress\/wp-content\/uploads\/2020\/03\/dd75cb16-d001-4d9c-929e-c4b651fd1dab-267x300.jpg 267w\" sizes=\"auto, (max-width: 750px) 100vw, 750px\" \/><\/a><\/p>\n","protected":false},"excerpt":{"rendered":"<p>VENEZIA Sei casi di positivit\u00e0 in provincia di Belluno secondo l&#8217;ultimo bollettino dell&#8217;Azienda Zero, 488 in Regione pi\u00f9 29 nelle 24 ore. Dalla tabella non compaiono ricoveri negli ospedali bellunesi, ieri erano 2 ma il dato pi\u00f9 approfondito lo leggeremo nel bollettino della Ulss1 di Belluno. Sono 144 i pazienti in strutture ospedaliere della Regione,&hellip;<\/p>\n","protected":false},"author":1,"featured_media":120672,"comment_status":"closed","ping_status":"closed","sticky":false,"template":"","format":"standard","meta":{"_monsterinsights_skip_tracking":false,"_monsterinsights_sitenote_active":false,"_monsterinsights_sitenote_note":"","_monsterinsights_sitenote_category":0,"footnotes":""},"categories":[49],"tags":[],"class_list":["post-120671","post","type-post","status-publish","format-standard","has-post-thumbnail","hentry","category-news-18","category-49","description-off"],"img_url":"https:\/\/www.radiopiu.net\/wordpress\/wp-content\/uploads\/2020\/03\/dd75cb16-d001-4d9c-929e-c4b651fd1dab.jpg","_links":{"self":[{"href":"https:\/\/www.radiopiu.net\/wordpress\/wp-json\/wp\/v2\/posts\/120671","targetHints":{"allow":["GET"]}}],"collection":[{"href":"https:\/\/www.radiopiu.net\/wordpress\/wp-json\/wp\/v2\/posts"}],"about":[{"href":"https:\/\/www.radiopiu.net\/wordpress\/wp-json\/wp\/v2\/types\/post"}],"author":[{"embeddable":true,"href":"https:\/\/www.radiopiu.net\/wordpress\/wp-json\/wp\/v2\/users\/1"}],"replies":[{"embeddable":true,"href":"https:\/\/www.radiopiu.net\/wordpress\/wp-json\/wp\/v2\/comments?post=120671"}],"version-history":[{"count":0,"href":"https:\/\/www.radiopiu.net\/wordpress\/wp-json\/wp\/v2\/posts\/120671\/revisions"}],"wp:featuredmedia":[{"embeddable":true,"href":"https:\/\/www.radiopiu.net\/wordpress\/wp-json\/wp\/v2\/media\/120672"}],"wp:attachment":[{"href":"https:\/\/www.radiopiu.net\/wordpress\/wp-json\/wp\/v2\/media?parent=120671"}],"wp:term":[{"taxonomy":"category","embeddable":true,"href":"https:\/\/www.radiopiu.net\/wordpress\/wp-json\/wp\/v2\/categories?post=120671"},{"taxonomy":"post_tag","embeddable":true,"href":"https:\/\/www.radiopiu.net\/wordpress\/wp-json\/wp\/v2\/tags?post=120671"}],"curies":[{"name":"wp","href":"https:\/\/api.w.org\/{rel}","templated":true}]}}