{"id":120745,"date":"2020-03-06T18:03:14","date_gmt":"2020-03-06T17:03:14","guid":{"rendered":"https:\/\/www.radiopiu.net\/wordpress\/?p=120745"},"modified":"2020-03-06T19:09:09","modified_gmt":"2020-03-06T18:09:09","slug":"annullata-la-coppa","status":"publish","type":"post","link":"https:\/\/www.radiopiu.net\/wordpress\/annullata-la-coppa\/","title":{"rendered":"SCI E CORONAVIRUS: ANNULLATA LA COPPA DEL MONDO DI CORTINA"},"content":{"rendered":"<p><strong>MILANO<\/strong> Tutti contro Cortina e le finali di Coppa del Mondo sono state annullate. La\u00a0 Federazione Italiana Sport Invernali\u00a0 con\u00a0 il supporto del Ministero dello Sport, del Coni, della Regione Veneto e del Comune di Cortina\u00a0 proponeva\u00a0 di tenere l&#8217;evento a porte chiuse, ha ricevuto tutti voti contrari ad eccezione di quello dell&#8217;Italia.<\/p>\n<p><em>\u201c<a class=\"dt-pswp-item\" href=\"https:\/\/www.radiopiu.net\/wordpress\/wp-content\/uploads\/2020\/03\/II.JP_.jpg\" data-dt-img-description=\"\" data-large_image_width=\"750\" data-large_image_height=\"410\"><img loading=\"lazy\" decoding=\"async\" class=\" wp-image-120750 alignleft\" src=\"https:\/\/www.radiopiu.net\/wordpress\/wp-content\/uploads\/2020\/03\/II.JP_-300x164.jpg\" alt=\"\" width=\"216\" height=\"118\" srcset=\"https:\/\/www.radiopiu.net\/wordpress\/wp-content\/uploads\/2020\/03\/II.JP_-300x164.jpg 300w, https:\/\/www.radiopiu.net\/wordpress\/wp-content\/uploads\/2020\/03\/II.JP_.jpg 750w\" sizes=\"auto, (max-width: 216px) 100vw, 216px\" \/><\/a>E\u2019 con grande rammarico che ho preso atto di questa decisione \u2013 ha detto il Presidente FISI, Flavio Roda -, ma ogni membro del Consiglio ha motivato la propria decisione di cancellare le Finali con le limitazioni che i rispettivi governi hanno loro imposto in relazione all\u2019epidemia di coronavirus. Tutto ci\u00f2 si \u00e8 per\u00f2 concretizzato in una grave penalizzazione per il mondo dello sport, che avr\u00e0 pesanti ricadute economiche sia per la Federazione che per la Fondazione Cortina 2021, che \u00e8 l\u2019organizzatore dei prossimi Mondiali e sarebbe dovuto essere anche l\u2019organizzatore delle Finali\u201d.<\/em><\/p>\n<p>La decisione ricorda il sito ufficiale della Fisi penalizza\u00a0 tutto l\u2019indotto della montagna italiana, in tutte le varie realt\u00e0 imprenditoriali e associative, che grazie a queste Finali e ai prossimi Mondiali hanno deciso di supportare il movimento degli sport invernali con investimenti importanti e coraggiosi.<\/p>\n<p>&nbsp;<\/p>\n<blockquote>\n<h3>PRESIDENTE DELLA REGIONE, \u201cRASSICURAZIONI NON SONO SERVITE. REPUTAZIONE DELL\u2019ITALIA A RISCHIO<\/h3>\n<\/blockquote>\n<p><strong>VENEZIA<\/strong>\u00a0 <em>\u201cRispetto alle Coppa del Mondo di Sci ho tenuto contatti tutti i giorni con Malag\u00f2, ho sentito pi\u00f9 volte il Presidente della FISI Roda, ho sentito il sindaco Ghedina e abbiamo lavorato in squadra per poter svolgere le finali della coppa del mondo di sci a porte chiuse. L\u2019esito purtroppo \u00e8 quello che dobbiamo rinunciare alla Coppa del Mondo di Sci per l\u2019emergenza coronavirus\u201d.<\/em> Cos\u00ec il presidente della Regione del Veneto commenta la notizia dell\u2019annullamento delle finali di Coppa del Mondo di Sci a Cortina a causa dell\u2019emergenza sanitaria in corso. <em>&#8220;Quindi, bisogna pensare che \u00e8 a una emergenza si somma una seconda non meno grave emergenza: quella economica \u2013 continua il presidente &#8211; occorre che, a tutela delle attivit\u00e0, delle imprese, della libera circolazione dei cittadini, sia recuperata sotto il profilo reputazionale l\u2019immagine del Paese, attualmente e per chiss\u00e0 quanto tempo ancora percepito dalla comunit\u00e0 internazionale come un problema&#8221;.<\/em><\/p>\n<p>&nbsp;<\/p>\n<p><b>Cortina, Coppa del Mondo. D\u2019Inc\u00e0: \u201cAmareggiato per l\u2019annullamento delle finali\u201d<br \/>\n<\/b><br \/>\n<em>&#8220;Sono amareggiato per la decisione presa da parte della Federazione Internazionale Sci di annullare le finali di Coppa del Mondo a Cortina D\u2019Ampezzo. Ritengo ci fossero tutte le condizioni per potere disputare l\u2019evento a porte chiuse, cos\u00ec come indicato dal Dpcm del 4 marzo in merito agli appuntamenti sportivi e come consigliato dal Ministro per lo Sport Vincenzo Spadafora, dalla Federazione Italiana Sport Invernali e da tutti gli enti locali coinvolti. La situazione legata al coronavirus \u00e8 costantemente monitorata dal Governo, ma la volont\u00e0, come dimostrato dal Decreto, \u00e8 quella di non fermare i principali appuntamenti del Paese. Questa decisione, invece, \u00e8 un segnale non incoraggiante sia a livello economico sia, soprattutto, a livello simbolico per l\u2019Italia e tutta la comunit\u00e0 sportiva internazionale&#8221;<\/em>. Lo afferma Federico D&#8217;Inc\u00e0, Ministro per i rapporti con il Parlamento in merito alla decisione di annullare le Finali di Coppa del Mondo di Sci a Cortina.<\/p>\n<blockquote>\n<h3>LE PRIME DICHIARAZIONI DEL PRESIDENTE DELLA PROVINCIA DI BELLUNO ROBERTO PADRIN<\/h3>\n<\/blockquote>\n<p><strong>BELLUNO<\/strong> Anche il Presidente della provincia di Belluno Roberto Padrin parla dell&#8217;annullamento delle finali di Coppa del Mondo a Cortina.<\/p>\n<p><strong>ROBERTO PADRIN PRESIDENTE DELLA PROVINCIA DI BELLUNO<\/strong><\/p>\n<audio class=\"wp-audio-shortcode\" id=\"audio-120745-1\" preload=\"none\" style=\"width: 100%;\" controls=\"controls\"><source type=\"audio\/mpeg\" src=\"https:\/\/www.radiopiu.net\/wordpress\/wp-content\/uploads\/2020\/03\/PADRIN-ANNULLAMENTO-FINALI-SCI-CORTINA.mp3?_=1\" \/><a href=\"https:\/\/www.radiopiu.net\/wordpress\/wp-content\/uploads\/2020\/03\/PADRIN-ANNULLAMENTO-FINALI-SCI-CORTINA.mp3\">https:\/\/www.radiopiu.net\/wordpress\/wp-content\/uploads\/2020\/03\/PADRIN-ANNULLAMENTO-FINALI-SCI-CORTINA.mp3<\/a><\/audio>\n<blockquote>\n<h3 class=\"entry-title\">LE PRIME DICHIARAZIONI DEL SINDACO DI CORTINA SULL\u2019ANNULLAMENTO DELLE FINALI DELLA COPPA DEL MONDO DI SCI<\/h3>\n<\/blockquote>\n<p class=\"photoswipe-wrapper\"><a class=\"dt-pswp-item pspw-wrap-ready\" href=\"https:\/\/i0.wp.com\/www.radiopiu.net\/wordpress\/wp-content\/uploads\/2020\/03\/Sindaco-CORTINA-GIANPIETRO-GHEDINA.jpg?ssl=1\" data-dt-img-description=\"\" data-large_image_width=\"850\" data-large_image_height=\"478\"><img loading=\"lazy\" decoding=\"async\" class=\"size-medium wp-image-120762 alignleft\" src=\"https:\/\/i0.wp.com\/www.radiopiu.net\/wordpress\/wp-content\/uploads\/2020\/03\/Sindaco-CORTINA-GIANPIETRO-GHEDINA.jpg?resize=300%2C169&amp;ssl=1\" sizes=\"auto, (max-width: 300px) 100vw, 300px\" srcset=\"https:\/\/i0.wp.com\/www.radiopiu.net\/wordpress\/wp-content\/uploads\/2020\/03\/Sindaco-CORTINA-GIANPIETRO-GHEDINA.jpg?resize=300%2C169&amp;ssl=1 300w, https:\/\/i0.wp.com\/www.radiopiu.net\/wordpress\/wp-content\/uploads\/2020\/03\/Sindaco-CORTINA-GIANPIETRO-GHEDINA.jpg?resize=768%2C432&amp;ssl=1 768w, https:\/\/i0.wp.com\/www.radiopiu.net\/wordpress\/wp-content\/uploads\/2020\/03\/Sindaco-CORTINA-GIANPIETRO-GHEDINA.jpg?w=850&amp;ssl=1 850w\" alt=\"\" width=\"300\" height=\"169\" \/><\/a>Gianpietro Ghedina, Sindaco di Cortina D\u2019Ampezzo, fa le prime dichiarazioni in merito all\u2019annullamento delle finali di coppa del mondo di sci a Cortina.<\/p>\n<p>&nbsp;<\/p>\n<p>&nbsp;<\/p>\n<p>&nbsp;<\/p>\n<p>&nbsp;<\/p>\n<p><strong>GIANPIETRO GHEDINA SINDACO DI CORTINA D\u2019AMPEZZO<\/strong><\/p>\n<audio class=\"wp-audio-shortcode\" id=\"audio-120745-2\" preload=\"none\" style=\"width: 100%;\" controls=\"controls\"><source type=\"audio\/mpeg\" src=\"https:\/\/www.radiopiu.net\/wordpress\/wp-content\/uploads\/2020\/03\/SINDACO-GHEDINA.mp3?_=2\" \/><a href=\"https:\/\/www.radiopiu.net\/wordpress\/wp-content\/uploads\/2020\/03\/SINDACO-GHEDINA.mp3\">https:\/\/www.radiopiu.net\/wordpress\/wp-content\/uploads\/2020\/03\/SINDACO-GHEDINA.mp3<\/a><\/audio>\n","protected":false},"excerpt":{"rendered":"<p>MILANO Tutti contro Cortina e le finali di Coppa del Mondo sono state annullate. La\u00a0 Federazione Italiana Sport Invernali\u00a0 con\u00a0 il supporto del Ministero dello Sport, del Coni, della Regione Veneto e del Comune di Cortina\u00a0 proponeva\u00a0 di tenere l&#8217;evento a porte chiuse, ha ricevuto tutti voti contrari ad eccezione di quello dell&#8217;Italia. \u201cE\u2019 con&hellip;<\/p>\n","protected":false},"author":1,"featured_media":120750,"comment_status":"closed","ping_status":"closed","sticky":false,"template":"","format":"standard","meta":{"_monsterinsights_skip_tracking":false,"_monsterinsights_sitenote_active":false,"_monsterinsights_sitenote_note":"","_monsterinsights_sitenote_category":0,"footnotes":""},"categories":[104,49],"tags":[],"class_list":["post-120745","post","type-post","status-publish","format-standard","has-post-thumbnail","hentry","category-evidenza_3","category-news-18","category-104","category-49","description-off"],"img_url":"https:\/\/www.radiopiu.net\/wordpress\/wp-content\/uploads\/2020\/03\/II.JP_.jpg","_links":{"self":[{"href":"https:\/\/www.radiopiu.net\/wordpress\/wp-json\/wp\/v2\/posts\/120745","targetHints":{"allow":["GET"]}}],"collection":[{"href":"https:\/\/www.radiopiu.net\/wordpress\/wp-json\/wp\/v2\/posts"}],"about":[{"href":"https:\/\/www.radiopiu.net\/wordpress\/wp-json\/wp\/v2\/types\/post"}],"author":[{"embeddable":true,"href":"https:\/\/www.radiopiu.net\/wordpress\/wp-json\/wp\/v2\/users\/1"}],"replies":[{"embeddable":true,"href":"https:\/\/www.radiopiu.net\/wordpress\/wp-json\/wp\/v2\/comments?post=120745"}],"version-history":[{"count":0,"href":"https:\/\/www.radiopiu.net\/wordpress\/wp-json\/wp\/v2\/posts\/120745\/revisions"}],"wp:featuredmedia":[{"embeddable":true,"href":"https:\/\/www.radiopiu.net\/wordpress\/wp-json\/wp\/v2\/media\/120750"}],"wp:attachment":[{"href":"https:\/\/www.radiopiu.net\/wordpress\/wp-json\/wp\/v2\/media?parent=120745"}],"wp:term":[{"taxonomy":"category","embeddable":true,"href":"https:\/\/www.radiopiu.net\/wordpress\/wp-json\/wp\/v2\/categories?post=120745"},{"taxonomy":"post_tag","embeddable":true,"href":"https:\/\/www.radiopiu.net\/wordpress\/wp-json\/wp\/v2\/tags?post=120745"}],"curies":[{"name":"wp","href":"https:\/\/api.w.org\/{rel}","templated":true}]}}