{"id":120787,"date":"2020-03-06T23:59:48","date_gmt":"2020-03-06T22:59:48","guid":{"rendered":"https:\/\/www.radiopiu.net\/wordpress\/?p=120787"},"modified":"2020-03-07T06:22:19","modified_gmt":"2020-03-07T05:22:19","slug":"stasera-gara-3-dei-quarti-di-finale-ihl-alleghe-a-merano","status":"publish","type":"post","link":"https:\/\/www.radiopiu.net\/wordpress\/stasera-gara-3-dei-quarti-di-finale-ihl-alleghe-a-merano\/","title":{"rendered":"STASERA GARA 3 DEI QUARTI DI FINALE IHL. ALLEGHE A MERANO"},"content":{"rendered":"<p class=\"p1\"><span class=\"s1\"><b><a class=\"dt-pswp-item\" href=\"https:\/\/www.radiopiu.net\/wordpress\/wp-content\/uploads\/2019\/08\/logo-alleghe-hockey.png\" data-dt-img-description=\"\" data-large_image_width=\"547\" data-large_image_height=\"512\"><img loading=\"lazy\" decoding=\"async\" class=\"size-medium wp-image-95699 alignleft\" src=\"https:\/\/www.radiopiu.net\/wordpress\/wp-content\/uploads\/2019\/08\/logo-alleghe-hockey-300x281.png\" alt=\"\" width=\"300\" height=\"281\" srcset=\"https:\/\/www.radiopiu.net\/wordpress\/wp-content\/uploads\/2019\/08\/logo-alleghe-hockey-300x281.png 300w, https:\/\/www.radiopiu.net\/wordpress\/wp-content\/uploads\/2019\/08\/logo-alleghe-hockey.png 547w\" sizes=\"auto, (max-width: 300px) 100vw, 300px\" \/><\/a>ALLEGHE<\/b> 3 partite in 6 giorni, questa la settimana infernale dell\u2019Alleghe Hockey impegnato nei quarti di finale della IHL. La serie contro il Merano \u00e8 su l\u20191 a 1 dopo la bella vittoria di gioved\u00ec sera al De Toni di Alleghe dove la squadra allenata da Matikainen ha fatto vedere di essere in piena forma per affrontare una compagine che punta al titolo. Gli altoatesini non hanno giocato la miglior partita stagionale e sicuramente questa sera le aquile tireranno fuori le unghie per cercare di portarsi in vantaggio nella serie contro gli alleghesi. A fare la differenza per i biancorossi l\u2019altra sera \u00e8 stato sicuramente Scola, il golie alleghese che ha terminato la gara con uno shutout. Stasera gli agordini ritornano alla MeranArena per gara 3 e tutto \u00e8 possibile. Si vedr\u00e0 se la squadra di Alleghe sar\u00e0 in grado di tenere il passo del Merano in questi quarti di finale che si preannunciano combattuti. Stasera alle 19:30 l\u2019ingaggio di gara 3 tra Merano ed Alleghe, partita che Radio Pi\u00f9 seguir\u00e0 con aggiornamenti in diretta all\u2019interno di \u201cHockey Al Punto Giusto\u201d.<\/span><\/p>\n","protected":false},"excerpt":{"rendered":"<p>ALLEGHE 3 partite in 6 giorni, questa la settimana infernale dell\u2019Alleghe Hockey impegnato nei quarti di finale della IHL. La serie contro il Merano \u00e8 su l\u20191 a 1 dopo la bella vittoria di gioved\u00ec sera al De Toni di Alleghe dove la squadra allenata da Matikainen ha fatto vedere di essere in piena forma&hellip;<\/p>\n","protected":false},"author":4,"featured_media":95699,"comment_status":"closed","ping_status":"closed","sticky":false,"template":"","format":"standard","meta":{"_monsterinsights_skip_tracking":false,"_monsterinsights_sitenote_active":false,"_monsterinsights_sitenote_note":"","_monsterinsights_sitenote_category":0,"footnotes":""},"categories":[51,49,72],"tags":[],"class_list":["post-120787","post","type-post","status-publish","format-standard","has-post-thumbnail","hentry","category-evidenza-top","category-news-18","category-sport","category-51","category-49","category-72","description-off"],"img_url":"https:\/\/www.radiopiu.net\/wordpress\/wp-content\/uploads\/2019\/08\/logo-alleghe-hockey.png","_links":{"self":[{"href":"https:\/\/www.radiopiu.net\/wordpress\/wp-json\/wp\/v2\/posts\/120787","targetHints":{"allow":["GET"]}}],"collection":[{"href":"https:\/\/www.radiopiu.net\/wordpress\/wp-json\/wp\/v2\/posts"}],"about":[{"href":"https:\/\/www.radiopiu.net\/wordpress\/wp-json\/wp\/v2\/types\/post"}],"author":[{"embeddable":true,"href":"https:\/\/www.radiopiu.net\/wordpress\/wp-json\/wp\/v2\/users\/4"}],"replies":[{"embeddable":true,"href":"https:\/\/www.radiopiu.net\/wordpress\/wp-json\/wp\/v2\/comments?post=120787"}],"version-history":[{"count":0,"href":"https:\/\/www.radiopiu.net\/wordpress\/wp-json\/wp\/v2\/posts\/120787\/revisions"}],"wp:featuredmedia":[{"embeddable":true,"href":"https:\/\/www.radiopiu.net\/wordpress\/wp-json\/wp\/v2\/media\/95699"}],"wp:attachment":[{"href":"https:\/\/www.radiopiu.net\/wordpress\/wp-json\/wp\/v2\/media?parent=120787"}],"wp:term":[{"taxonomy":"category","embeddable":true,"href":"https:\/\/www.radiopiu.net\/wordpress\/wp-json\/wp\/v2\/categories?post=120787"},{"taxonomy":"post_tag","embeddable":true,"href":"https:\/\/www.radiopiu.net\/wordpress\/wp-json\/wp\/v2\/tags?post=120787"}],"curies":[{"name":"wp","href":"https:\/\/api.w.org\/{rel}","templated":true}]}}