{"id":120791,"date":"2020-03-06T23:59:27","date_gmt":"2020-03-06T22:59:27","guid":{"rendered":"https:\/\/www.radiopiu.net\/wordpress\/?p=120791"},"modified":"2020-03-07T06:22:30","modified_gmt":"2020-03-07T05:22:30","slug":"stop-alle-partite-ma-anche-agli-allenamenti","status":"publish","type":"post","link":"https:\/\/www.radiopiu.net\/wordpress\/stop-alle-partite-ma-anche-agli-allenamenti\/","title":{"rendered":"STOP ALLE PARTITE MA ANCHE AGLI ALLENAMENTI"},"content":{"rendered":"<p class=\"p1\"><span class=\"s1\"><b><a class=\"dt-pswp-item\" href=\"https:\/\/www.radiopiu.net\/wordpress\/wp-content\/uploads\/2019\/09\/COSMO-FORCELLA.jpeg\" data-dt-img-description=\"\" data-large_image_width=\"1200\" data-large_image_height=\"1600\"><img loading=\"lazy\" decoding=\"async\" class=\"size-medium wp-image-98244 alignleft\" src=\"https:\/\/www.radiopiu.net\/wordpress\/wp-content\/uploads\/2019\/09\/COSMO-FORCELLA-225x300.jpeg\" alt=\"\" width=\"225\" height=\"300\" srcset=\"https:\/\/www.radiopiu.net\/wordpress\/wp-content\/uploads\/2019\/09\/COSMO-FORCELLA-225x300.jpeg 225w, https:\/\/www.radiopiu.net\/wordpress\/wp-content\/uploads\/2019\/09\/COSMO-FORCELLA-768x1024.jpeg 768w, https:\/\/www.radiopiu.net\/wordpress\/wp-content\/uploads\/2019\/09\/COSMO-FORCELLA.jpeg 1200w\" sizes=\"auto, (max-width: 225px) 100vw, 225px\" \/><\/a>AGORDO<\/b> Il nuovo DPCM del 4 marzo ha bloccato tutta l\u2019attivit\u00e0 agonistica dilettantistica. Tutto il calcio, il volley e il settore giovanile dell\u2019hockey non scenderanno in campo nel fine settimana e forse, salvo comunicati nei prossimi giorni, neanche nel prossimo weekend. Non si fermano solo le partite ma anche gli allenamenti. Infatti le societ\u00e0 per poter fare sedute di allenamento devono avere il nullaosta del medico societario. Qui per\u00f2 arriva la contraddizione perch\u00e8 le varie federazioni chiedono la presenza di un medico di squadra solo per i campionati professionistici o semiprofessionistici. Il Veneto ha deciso di fermare tutto per tutelare le societ\u00e0 e i rispettivi presidenti che risultano gravati di eccessive responsabilit\u00e0. Agordina e Volley Club Agordino rispettano i comunicati delle federazioni quindi l\u2019attivit\u00e0 in questo momento \u00e8 completamente ferma. <\/span><\/p>\n<p>&nbsp;<\/p>\n<p>&nbsp;<\/p>\n<p class=\"p1\"><span class=\"s1\"><b>COSMO FORCELLA, PRESIDENTE DELL\u2019AGORDINA<\/b><\/span><\/p>\n<audio class=\"wp-audio-shortcode\" id=\"audio-120791-1\" preload=\"none\" style=\"width: 100%;\" controls=\"controls\"><source type=\"audio\/mpeg\" src=\"https:\/\/www.radiopiu.net\/wordpress\/wp-content\/uploads\/2020\/03\/COSMO-FORCELLA-STOP-CORONAVIRUS.mp3?_=1\" \/><a href=\"https:\/\/www.radiopiu.net\/wordpress\/wp-content\/uploads\/2020\/03\/COSMO-FORCELLA-STOP-CORONAVIRUS.mp3\">https:\/\/www.radiopiu.net\/wordpress\/wp-content\/uploads\/2020\/03\/COSMO-FORCELLA-STOP-CORONAVIRUS.mp3<\/a><\/audio>\n","protected":false},"excerpt":{"rendered":"<p>AGORDO Il nuovo DPCM del 4 marzo ha bloccato tutta l\u2019attivit\u00e0 agonistica dilettantistica. Tutto il calcio, il volley e il settore giovanile dell\u2019hockey non scenderanno in campo nel fine settimana e forse, salvo comunicati nei prossimi giorni, neanche nel prossimo weekend. Non si fermano solo le partite ma anche gli allenamenti. Infatti le societ\u00e0 per&hellip;<\/p>\n","protected":false},"author":4,"featured_media":98244,"comment_status":"closed","ping_status":"closed","sticky":false,"template":"","format":"standard","meta":{"_monsterinsights_skip_tracking":false,"_monsterinsights_sitenote_active":false,"_monsterinsights_sitenote_note":"","_monsterinsights_sitenote_category":0,"footnotes":""},"categories":[51,49,72],"tags":[],"class_list":["post-120791","post","type-post","status-publish","format-standard","has-post-thumbnail","hentry","category-evidenza-top","category-news-18","category-sport","category-51","category-49","category-72","description-off"],"img_url":"https:\/\/www.radiopiu.net\/wordpress\/wp-content\/uploads\/2019\/09\/COSMO-FORCELLA.jpeg","_links":{"self":[{"href":"https:\/\/www.radiopiu.net\/wordpress\/wp-json\/wp\/v2\/posts\/120791","targetHints":{"allow":["GET"]}}],"collection":[{"href":"https:\/\/www.radiopiu.net\/wordpress\/wp-json\/wp\/v2\/posts"}],"about":[{"href":"https:\/\/www.radiopiu.net\/wordpress\/wp-json\/wp\/v2\/types\/post"}],"author":[{"embeddable":true,"href":"https:\/\/www.radiopiu.net\/wordpress\/wp-json\/wp\/v2\/users\/4"}],"replies":[{"embeddable":true,"href":"https:\/\/www.radiopiu.net\/wordpress\/wp-json\/wp\/v2\/comments?post=120791"}],"version-history":[{"count":0,"href":"https:\/\/www.radiopiu.net\/wordpress\/wp-json\/wp\/v2\/posts\/120791\/revisions"}],"wp:featuredmedia":[{"embeddable":true,"href":"https:\/\/www.radiopiu.net\/wordpress\/wp-json\/wp\/v2\/media\/98244"}],"wp:attachment":[{"href":"https:\/\/www.radiopiu.net\/wordpress\/wp-json\/wp\/v2\/media?parent=120791"}],"wp:term":[{"taxonomy":"category","embeddable":true,"href":"https:\/\/www.radiopiu.net\/wordpress\/wp-json\/wp\/v2\/categories?post=120791"},{"taxonomy":"post_tag","embeddable":true,"href":"https:\/\/www.radiopiu.net\/wordpress\/wp-json\/wp\/v2\/tags?post=120791"}],"curies":[{"name":"wp","href":"https:\/\/api.w.org\/{rel}","templated":true}]}}