{"id":120903,"date":"2020-03-07T10:12:43","date_gmt":"2020-03-07T09:12:43","guid":{"rendered":"https:\/\/www.radiopiu.net\/wordpress\/?p=120903"},"modified":"2020-03-07T10:12:43","modified_gmt":"2020-03-07T09:12:43","slug":"chiuse-le-strutture-semiresidenziali-sociosanitarie-fino-al-15-marzo","status":"publish","type":"post","link":"https:\/\/www.radiopiu.net\/wordpress\/chiuse-le-strutture-semiresidenziali-sociosanitarie-fino-al-15-marzo\/","title":{"rendered":"CHIUSE LE STRUTTURE SEMIRESIDENZIALI SOCIOSANITARIE FINO AL 15 MARZO"},"content":{"rendered":"<p><strong>VENEZIA<\/strong> <span class=\"s1\">In linea con le misure adottate a livello nazionale per il contenimento della diffusione del SARS-CoV-2 (Coronavirus), la Regione del Veneto ha disposto la chiusura dal 9 al 15 marzo delle unit\u00e0 di offerta semiresidenziale sociosanitarie e sociali, comprese quelle per anziani, persone con disabilit\u00e0, minori, persone con dipendenza e con problemi di salute mentale. Il provvedimento \u00e8 stato preso perch\u00e9, trattandosi di strutture frequentate per diverse ore, anche in tempi prolungati, da utenti con propria residenza altrove, si evita il cerarsi di contesti d\u2019aggregazione di diversi utenti, in molti casi pi\u00f9 fragili. Sono inclusi, anche i centri sollievo per i cittadini affetti da demenza e con malattia di Parkinson.<\/span><\/p>\n<p class=\"p1\"><span class=\"s1\">L\u2019Assessorato alla Sanit\u00e0 ha gi\u00e0 dato precise indicazioni alle Aziende sociosanitarie affinch\u00e9, nel periodo di chiusura delle strutture semiresidenziali, qualora emergessero particolari necessit\u00e0 assistenziali dei pazienti, i servizi possano dare tutto il supporto domiciliare necessario anche avvalendosi del personale dei centri temporaneamente chiusi. <\/span><span class=\"s2\">Le Aziende, da parte loro, sono gi\u00e0 al lavoro proponendo specifici progetti personalizzati per le famiglie in cui la presenza di persone con grado di disabilit\u00e0 grave, o ridotta autonomia, determinerebbero difficolt\u00e0 importanti.<\/span><\/p>\n","protected":false},"excerpt":{"rendered":"<p>VENEZIA In linea con le misure adottate a livello nazionale per il contenimento della diffusione del SARS-CoV-2 (Coronavirus), la Regione del Veneto ha disposto la chiusura dal 9 al 15 marzo delle unit\u00e0 di offerta semiresidenziale sociosanitarie e sociali, comprese quelle per anziani, persone con disabilit\u00e0, minori, persone con dipendenza e con problemi di salute&hellip;<\/p>\n","protected":false},"author":4,"featured_media":119741,"comment_status":"closed","ping_status":"closed","sticky":false,"template":"","format":"standard","meta":{"_monsterinsights_skip_tracking":false,"_monsterinsights_sitenote_active":false,"_monsterinsights_sitenote_note":"","_monsterinsights_sitenote_category":0,"footnotes":""},"categories":[49],"tags":[],"class_list":["post-120903","post","type-post","status-publish","format-standard","has-post-thumbnail","hentry","category-news-18","category-49","description-off"],"img_url":"https:\/\/www.radiopiu.net\/wordpress\/wp-content\/uploads\/2020\/02\/virus-4835301_640.jpg","_links":{"self":[{"href":"https:\/\/www.radiopiu.net\/wordpress\/wp-json\/wp\/v2\/posts\/120903","targetHints":{"allow":["GET"]}}],"collection":[{"href":"https:\/\/www.radiopiu.net\/wordpress\/wp-json\/wp\/v2\/posts"}],"about":[{"href":"https:\/\/www.radiopiu.net\/wordpress\/wp-json\/wp\/v2\/types\/post"}],"author":[{"embeddable":true,"href":"https:\/\/www.radiopiu.net\/wordpress\/wp-json\/wp\/v2\/users\/4"}],"replies":[{"embeddable":true,"href":"https:\/\/www.radiopiu.net\/wordpress\/wp-json\/wp\/v2\/comments?post=120903"}],"version-history":[{"count":0,"href":"https:\/\/www.radiopiu.net\/wordpress\/wp-json\/wp\/v2\/posts\/120903\/revisions"}],"wp:featuredmedia":[{"embeddable":true,"href":"https:\/\/www.radiopiu.net\/wordpress\/wp-json\/wp\/v2\/media\/119741"}],"wp:attachment":[{"href":"https:\/\/www.radiopiu.net\/wordpress\/wp-json\/wp\/v2\/media?parent=120903"}],"wp:term":[{"taxonomy":"category","embeddable":true,"href":"https:\/\/www.radiopiu.net\/wordpress\/wp-json\/wp\/v2\/categories?post=120903"},{"taxonomy":"post_tag","embeddable":true,"href":"https:\/\/www.radiopiu.net\/wordpress\/wp-json\/wp\/v2\/tags?post=120903"}],"curies":[{"name":"wp","href":"https:\/\/api.w.org\/{rel}","templated":true}]}}