{"id":120912,"date":"2020-03-07T10:40:31","date_gmt":"2020-03-07T09:40:31","guid":{"rendered":"https:\/\/www.radiopiu.net\/wordpress\/?p=120912"},"modified":"2020-03-07T10:40:31","modified_gmt":"2020-03-07T09:40:31","slug":"tra-reddito-di-cittadinanza-e-quota-100-spendiamo-il-64-in-piu-della-misura-anticrisi","status":"publish","type":"post","link":"https:\/\/www.radiopiu.net\/wordpress\/tra-reddito-di-cittadinanza-e-quota-100-spendiamo-il-64-in-piu-della-misura-anticrisi\/","title":{"rendered":"TRA  REDDITO DI CITTADINANZA E \u201cQUOTA 100\u201d SPENDIAMO IL 64% IN PIU\u2019 DELLA MISURA ANTICRISI"},"content":{"rendered":"<p>Tra il reddito, la pensione di cittadinanza e \u201cquota 100\u201d, nel 2020 \u00e8 prevista una spesa di 12,3 miliardi, il 64 per cento in pi\u00f9 della misura economica anticrisi annunciata nei giorni scorsi dal Governo che sar\u00e0 pari a 7,5 miliardi. Somme importanti che hanno indotto il coordinatore dell\u2019Ufficio studi della CGIA, Paolo Zabeo, a questa riflessione:<\/p>\n<p>\u201cPer dare un sussidio anche a chi \u00e8 poco interessato a trovarsi un lavoro o vuole andare in pensione in anticipo, il Governo ha previsto per l\u2019anno in corso una spesa di 12,3 miliardi di euro. Per affrontare una crisi economica che, invece, rischia di far scivolare il Paese in una recessione pesantissima, promette 7,5 miliardi. Insomma, per l\u2019assistenza non badiamo a spese, ma per fronteggiare una crisi che si annuncia essere tra le pi\u00f9 drammatiche degli ultimi 75 anni erogheremo una misura che, sebbene sia raddoppiata nel giro di pochi giorni, rimane ancora insufficiente\u201d.<\/p>\n<p>Dalla CGIA fanno sapere che l\u2019annuncio dato l\u2019altro ieri dal Governo di portare fino a 7,5 miliardi il decreto per contrastare gli effetti negativi del coronavirus va salutato positivamente, anche se gli interventi che verranno messi in campo sono rivolti solo a contenere la crisi, mentre nulla \u00e8 stato previsto per \u201caggredire\u201d la recessione economica ormai alle porte. Afferma il segretario della CGIA, Renato Mason:<\/p>\n<p>\u201cSe da un lato il mondo produttivo chiede a gran voce una importante manovra espansiva in grado di rilanciare i consumi e la domanda interna, dall\u2019altro il Governo affronta la crisi solo con misure di contenimento che sono certamente importanti, anche se bisognerebbe integrarle con un importante piano di investimenti a medio-lungo termine. Per questo invitiamo l\u2019Esecutivo a sbloccare le grandi opere pubbliche gi\u00e0 finanziate o fermate dall\u2019 eccessiva burocrazia, mutuando il successo che sta avendo il metodo Genova. Senza dimenticare che \u00e8 necessario che la nostra Pubblica Amministrazione torni a pagare i debiti commerciali maturati con i propri fornitori\u201d.<\/p>\n<p>Dalla CGIA, inoltre, segnalano che per l\u2019anno in corso le politiche attive del mercato del lavoro costeranno 17 miliardi di euro. Risorse che in gran parte sono gestite dalle Regioni (vedi Tab. 1).<\/p>\n<p>Vista la situazione che si profila da qui a breve, gli artigiani mestrini ritengono che sarebbe forse opportuno dirottare una parte di queste risorse verso interventi che sono in grado di creare nuovi posti di lavoro \u2013 attraverso la cantierizzazione delle opere pubbliche &#8211; anzich\u00e9 sostenere iniziative volte a trovare un\u2019occupazione a chi non ce l\u2019ha, che con la crisi in arrivo difficilmente riuscir\u00e0 a trovare un lavoro.<\/p>\n<p>&nbsp;<\/p>\n<p>ESEMPI DI MISURE RICONDUCIBILI ALLE POLITICHE ATTIVE<\/p>\n<p>Orientamento di base, analisi delle competenze in relazione al mercato del lavoro locale, profilazione e definizione delle azioni di ricerca di lavoro che devono essere compiuti dalla persona;<\/p>\n<p>Aiuto alla ricerca di un&#8217;occupazione, anche mediante sessioni di gruppo;<\/p>\n<p>Orientamento specialistico e individualizzato, da fornire attraverso il bilancio delle competenze e l&#8217;analisi degli eventuali fabbisogni di formazione, esperienze di lavoro o altre misure di politica attiva del lavoro, in relazione alla domanda di lavoro espressa a livello territoriale, nazionale ed europeo;<\/p>\n<p>Orientamento individualizzato all&#8217;autoimpiego;<\/p>\n<p>Accompagnamento al lavoro, anche con \u00a0l&#8217;utilizzo dell&#8217;assegno di ricollocazione;<\/p>\n<p>Formazione per la qualificazione e riqualificazione professionale, l&#8217;autoimpiego e l&#8217;immediato inserimento lavorativo;<\/p>\n<p>Promozione di esperienze lavorative per l&#8217;incremento delle competenze, anche mediante tirocinio;<\/p>\n<p>Incentivi al lavoro autonomo e tutoraggio per le fasi successive all&#8217;avvio dell&#8217;impresa;<\/p>\n<p>Incentivi alla mobilit\u00e0 territoriale;<\/p>\n<p>Strumenti per conciliare il lavoro con gli obblighi di cura verso minori o persone non autosufficienti.<\/p>\n<p class=\"p1\"><span class=\"s1\"><a class=\"dt-pswp-item\" href=\"https:\/\/www.radiopiu.net\/wordpress\/wp-content\/uploads\/2020\/03\/Schermata-2020-03-07-alle-10.34.04.png\" data-dt-img-description=\"\" data-large_image_width=\"896\" data-large_image_height=\"626\"><img loading=\"lazy\" decoding=\"async\" class=\"size-medium wp-image-120913 alignleft\" src=\"https:\/\/www.radiopiu.net\/wordpress\/wp-content\/uploads\/2020\/03\/Schermata-2020-03-07-alle-10.34.04-300x210.png\" alt=\"\" width=\"300\" height=\"210\" srcset=\"https:\/\/www.radiopiu.net\/wordpress\/wp-content\/uploads\/2020\/03\/Schermata-2020-03-07-alle-10.34.04-300x210.png 300w, https:\/\/www.radiopiu.net\/wordpress\/wp-content\/uploads\/2020\/03\/Schermata-2020-03-07-alle-10.34.04-768x537.png 768w, https:\/\/www.radiopiu.net\/wordpress\/wp-content\/uploads\/2020\/03\/Schermata-2020-03-07-alle-10.34.04.png 896w\" sizes=\"auto, (max-width: 300px) 100vw, 300px\" \/><\/a>La necessit\u00e0 di tornare ad investire massicciamente nelle infrastrutture \u00e8 una priorit\u00e0 riconosciuta da tutti. Secondo i dati del Ministero delle Infrastrutture e dei Trasporti (MIT), ad esempio, il deficit di competitivit\u00e0 del nostro sistema logistico-infrastrutturale ci costa 40 miliardi di euro all\u2019anno . <\/span><\/p>\n<p class=\"p1\"><span class=\"s1\">A detta della SACE (gruppo Cassa Depositi e Prestiti), questo gap con gli altri competitori europei ci fa perdere 70 miliardi di euro di export ogni anno . Importi, ovviamente, che non si possono sommare, ma che danno la dimensione dell\u2019arretratezza delle grandi reti di trasporto e di logistica presenti nel nostro Paese.<\/span><\/p>\n<p class=\"p1\"><span class=\"s1\">La CGIA tiene comunque a precisare che oltre alla realizzazione delle grandi infrastrutture materiali e immateriali abbiamo bisogno di eseguire anche moltissimi interventi \u201cminori\u201d che sono per\u00f2 indispensabili per la messa in sicurezza di tante aree del Paese. <\/span><\/p>\n<p class=\"p1\"><span class=\"s1\">Si ricorda, infatti, che:<\/span><\/p>\n<ul class=\"ul1\">\n<li class=\"li1\"><span class=\"s1\">l\u201988 per cento dei quasi 8 mila Comuni italiani<span class=\"Apple-converted-space\">\u00a0 <\/span>ha almeno un\u2019area classificata a elevato rischio idrogeologico<span class=\"Apple-converted-space\">\u00a0 <\/span>;<\/span><\/li>\n<\/ul>\n<ul class=\"ul1\">\n<li class=\"li1\"><span class=\"s1\">il 40 per cento circa delle abitazioni di edilizia residenziale pubblica \u00e8 ubicato in zone ad elevato rischio sismico ;<\/span><\/li>\n<\/ul>\n<ul class=\"ul1\">\n<li class=\"li1\"><span class=\"s1\">su 6.000 opere monitorate dalle Province (gallerie, ponti, viadotti, etc.) quasi 2.000 necessitano di interventi urgenti ;<\/span><\/li>\n<\/ul>\n<ul class=\"ul1\">\n<li class=\"li1\"><span class=\"s1\">il 38 per cento circa dell\u2019acqua trasportata dal sistema idrico pubblico si perde per strada a causa dell\u2019elevato livello di deterioramento della rete .<\/span><\/li>\n<\/ul>\n","protected":false},"excerpt":{"rendered":"<p>Tra il reddito, la pensione di cittadinanza e \u201cquota 100\u201d, nel 2020 \u00e8 prevista una spesa di 12,3 miliardi, il 64 per cento in pi\u00f9 della misura economica anticrisi annunciata nei giorni scorsi dal Governo che sar\u00e0 pari a 7,5 miliardi. Somme importanti che hanno indotto il coordinatore dell\u2019Ufficio studi della CGIA, Paolo Zabeo, a&hellip;<\/p>\n","protected":false},"author":1,"featured_media":120915,"comment_status":"closed","ping_status":"closed","sticky":false,"template":"","format":"standard","meta":{"_monsterinsights_skip_tracking":false,"_monsterinsights_sitenote_active":false,"_monsterinsights_sitenote_note":"","_monsterinsights_sitenote_category":0,"footnotes":""},"categories":[49],"tags":[],"class_list":["post-120912","post","type-post","status-publish","format-standard","has-post-thumbnail","hentry","category-news-18","category-49","description-off"],"img_url":"https:\/\/www.radiopiu.net\/wordpress\/wp-content\/uploads\/2020\/03\/credit-squeeze-522549_640.jpg","_links":{"self":[{"href":"https:\/\/www.radiopiu.net\/wordpress\/wp-json\/wp\/v2\/posts\/120912","targetHints":{"allow":["GET"]}}],"collection":[{"href":"https:\/\/www.radiopiu.net\/wordpress\/wp-json\/wp\/v2\/posts"}],"about":[{"href":"https:\/\/www.radiopiu.net\/wordpress\/wp-json\/wp\/v2\/types\/post"}],"author":[{"embeddable":true,"href":"https:\/\/www.radiopiu.net\/wordpress\/wp-json\/wp\/v2\/users\/1"}],"replies":[{"embeddable":true,"href":"https:\/\/www.radiopiu.net\/wordpress\/wp-json\/wp\/v2\/comments?post=120912"}],"version-history":[{"count":0,"href":"https:\/\/www.radiopiu.net\/wordpress\/wp-json\/wp\/v2\/posts\/120912\/revisions"}],"wp:featuredmedia":[{"embeddable":true,"href":"https:\/\/www.radiopiu.net\/wordpress\/wp-json\/wp\/v2\/media\/120915"}],"wp:attachment":[{"href":"https:\/\/www.radiopiu.net\/wordpress\/wp-json\/wp\/v2\/media?parent=120912"}],"wp:term":[{"taxonomy":"category","embeddable":true,"href":"https:\/\/www.radiopiu.net\/wordpress\/wp-json\/wp\/v2\/categories?post=120912"},{"taxonomy":"post_tag","embeddable":true,"href":"https:\/\/www.radiopiu.net\/wordpress\/wp-json\/wp\/v2\/tags?post=120912"}],"curies":[{"name":"wp","href":"https:\/\/api.w.org\/{rel}","templated":true}]}}