{"id":120919,"date":"2020-03-07T10:55:37","date_gmt":"2020-03-07T09:55:37","guid":{"rendered":"https:\/\/www.radiopiu.net\/wordpress\/?p=120919"},"modified":"2020-03-07T10:59:47","modified_gmt":"2020-03-07T09:59:47","slug":"piu-di-una-settimana-fa-il-sindacato-dei-medici-italiani-aveva-chiesto-la-chiusura-degli-ambulatori-specialistici","status":"publish","type":"post","link":"https:\/\/www.radiopiu.net\/wordpress\/piu-di-una-settimana-fa-il-sindacato-dei-medici-italiani-aveva-chiesto-la-chiusura-degli-ambulatori-specialistici\/","title":{"rendered":"PIU&#8217; DI UNA SETTIMANA FA  IL SINDACATO DEI MEDICI ITALIANI AVEVA CHIESTO LA CHIUSURA DEGLI AMBULATORI SPECIALISTICI."},"content":{"rendered":"<p><em><strong>RADIOPIU<\/strong> Il sindacato dei Medici Italiani, molto prima della situazione attuale con ospedali blindati, ambulatori chiusi, inviti a non frequentare gli ospedali\u00a0 aveva chiesto alla Regione Veneto\u00a0 &#8211; la scorsa settimana &#8211;\u00a0 di prendere seriamente in considerazione la chiusura degli ambulatori specialistici di primo livello che svolgono generalmente attivit\u00e0 programmata non urgente visto che nelle sedi dove questa attivit\u00e0 si svolge sia in ospedale che sul territorio ci possono essere affollamenti e soprattutto c&#8217;\u00e8 una grande frequenza di anziani.\u00a0<\/em><br \/>\n<em>La regione non ha mai\u00a0 risposto e quindi la segreteria regionale ha\u00a0 chiesto la chiusura di questi ambulatori al pi\u00f9 presto perch\u00e9 sono sedi di rischio infettivo elevato per tutti personale sanitario e utenti\u00a0 cos\u00ec come \u00e8 stato deciso in Piemonte Campania e Lombardia. Il sindacato chiede il rinvio delle visite garantendo \u00a0lo svolgimento dell&#8217;attivit\u00e0 urgente o urgente differita,\u00a0 \u00a0per garantire il servizio necessario<\/em><\/p>\n<p>I<\/p>\n<blockquote>\n<h2>IL DOCUMENTO A FIRMA DI\u00a0 Pina Onotri\u00a0 Segretario Generale del Sindacato Medici Italiani<\/h2>\n<\/blockquote>\n<p><strong><a class=\"dt-pswp-item\" href=\"https:\/\/www.radiopiu.net\/wordpress\/wp-content\/uploads\/2020\/03\/logo-1-smi1-808x454-1.jpg\" data-dt-img-description=\"\" data-large_image_width=\"808\" data-large_image_height=\"454\"><img loading=\"lazy\" decoding=\"async\" class=\"size-medium wp-image-120920 alignleft\" src=\"https:\/\/www.radiopiu.net\/wordpress\/wp-content\/uploads\/2020\/03\/logo-1-smi1-808x454-1-300x169.jpg\" alt=\"\" width=\"300\" height=\"169\" srcset=\"https:\/\/www.radiopiu.net\/wordpress\/wp-content\/uploads\/2020\/03\/logo-1-smi1-808x454-1-300x169.jpg 300w, https:\/\/www.radiopiu.net\/wordpress\/wp-content\/uploads\/2020\/03\/logo-1-smi1-808x454-1-768x432.jpg 768w, https:\/\/www.radiopiu.net\/wordpress\/wp-content\/uploads\/2020\/03\/logo-1-smi1-808x454-1.jpg 808w\" sizes=\"auto, (max-width: 300px) 100vw, 300px\" \/><\/a>Venezia, 6 marzo<\/strong> &lt; E\u2019 pi\u00f9 di una settimana che abbiamo scritto, attraverso i dirigenti sindacali regionali del nostro sindacato, alla Regione Veneto, in riferimento al Decreto Legge 23\/2\/20 n. 6, perch\u00e9 fosse attentamente considerata l\u2019ipotesi di una sospensione dell\u2019attivit\u00e0 ambulatoriale specialistica di I livello riferibile alla Specialistica Ambulatoriale Interna, come delle attivit\u00e0 ambulatoriali equiparate in carico ai servizi ospedalieri, su tutto il territorio veneto, ritenendo che, come all\u2019 art. 1 comma K\u201d ricorressero per analogia gli estremi di \u201cchiusura o limitazione\u201d: \u00e8 incredibile che ad oggi la Regione Veneta non abbia ancora risposto&gt; dichiara Pina Onotri, Segretario Generale del Sindacato Medici Italiani.<\/p>\n<p>&lt;A distanza di una settimana la situazione si \u00e8 evoluta ed \u00e8 peggiorata, ma allo stesso tempo altre Regioni hanno intrapreso provvedimenti nel merito della questione da noi sollevata. Recentemente la Regione Piemonte in data 4\/3\/20 decide che: \u201csi ritiene necessario bloccare l\u2019erogazione delle prestazioni ambulatoriali (visite e prestazioni diagnostiche) di classe D e P garantendo unicamente quelle di classe U e B&gt;.<br \/>\n&lt;La stessa Regione Campania con una decisione, della sua Giunta Regionale, in data 5\/3\/20 ha provveduto a segnalare \u201cla necessit\u00e0 di sospendere fino al 18 Marzo tutte le attivit\u00e0 ambulatoriali erogate\u201d dalle strutture sanitarie, \u201cfatte salve le prestazioni ambulatoriali recanti motivazioni di urgenza, nonch\u00e9 quelle di dialisi, di radioterapia e quelle oncologico-chemioterapiche&gt;.<br \/>\n&lt;Chiediamo, per questo, con determinazione la sospensione a data da definire delle attivit\u00e0 ambulatoriali specialistiche (ad eccezione di quelle urgenti o in urgenza differibile) allo scopo di ridurre il possibile contagio tra medico e paziente (fatti per altro gi\u00e0 avvenuti), medico e altri operatori sanitari o amministrativi e tra pazienti in sala di attesa&gt;.<\/p>\n<p>&lt;Se tale sospensione non venisse disposta in tempi rapidi saremo costretti a valutare, attraverso il nostro ufficio legale nazionale, tutte le misure, compresa quella di diffidare l\u2019 assessore regionale e i direttori generali delle ASL in caso di eventi gravi per la salute dei nostri colleghi, intercorsi nell\u2019esercizio della professione medica e riportabili al coronavirus&gt;<\/p>\n<p>&nbsp;<\/p>\n<p>&nbsp;<\/p>\n","protected":false},"excerpt":{"rendered":"<p>RADIOPIU Il sindacato dei Medici Italiani, molto prima della situazione attuale con ospedali blindati, ambulatori chiusi, inviti a non frequentare gli ospedali\u00a0 aveva chiesto alla Regione Veneto\u00a0 &#8211; la scorsa settimana &#8211;\u00a0 di prendere seriamente in considerazione la chiusura degli ambulatori specialistici di primo livello che svolgono generalmente attivit\u00e0 programmata non urgente visto che nelle&hellip;<\/p>\n","protected":false},"author":1,"featured_media":120920,"comment_status":"closed","ping_status":"closed","sticky":false,"template":"","format":"standard","meta":{"_monsterinsights_skip_tracking":false,"_monsterinsights_sitenote_active":false,"_monsterinsights_sitenote_note":"","_monsterinsights_sitenote_category":0,"footnotes":""},"categories":[49],"tags":[],"class_list":["post-120919","post","type-post","status-publish","format-standard","has-post-thumbnail","hentry","category-news-18","category-49","description-off"],"img_url":"https:\/\/www.radiopiu.net\/wordpress\/wp-content\/uploads\/2020\/03\/logo-1-smi1-808x454-1.jpg","_links":{"self":[{"href":"https:\/\/www.radiopiu.net\/wordpress\/wp-json\/wp\/v2\/posts\/120919","targetHints":{"allow":["GET"]}}],"collection":[{"href":"https:\/\/www.radiopiu.net\/wordpress\/wp-json\/wp\/v2\/posts"}],"about":[{"href":"https:\/\/www.radiopiu.net\/wordpress\/wp-json\/wp\/v2\/types\/post"}],"author":[{"embeddable":true,"href":"https:\/\/www.radiopiu.net\/wordpress\/wp-json\/wp\/v2\/users\/1"}],"replies":[{"embeddable":true,"href":"https:\/\/www.radiopiu.net\/wordpress\/wp-json\/wp\/v2\/comments?post=120919"}],"version-history":[{"count":0,"href":"https:\/\/www.radiopiu.net\/wordpress\/wp-json\/wp\/v2\/posts\/120919\/revisions"}],"wp:featuredmedia":[{"embeddable":true,"href":"https:\/\/www.radiopiu.net\/wordpress\/wp-json\/wp\/v2\/media\/120920"}],"wp:attachment":[{"href":"https:\/\/www.radiopiu.net\/wordpress\/wp-json\/wp\/v2\/media?parent=120919"}],"wp:term":[{"taxonomy":"category","embeddable":true,"href":"https:\/\/www.radiopiu.net\/wordpress\/wp-json\/wp\/v2\/categories?post=120919"},{"taxonomy":"post_tag","embeddable":true,"href":"https:\/\/www.radiopiu.net\/wordpress\/wp-json\/wp\/v2\/tags?post=120919"}],"curies":[{"name":"wp","href":"https:\/\/api.w.org\/{rel}","templated":true}]}}