{"id":120929,"date":"2020-03-07T13:06:59","date_gmt":"2020-03-07T12:06:59","guid":{"rendered":"https:\/\/www.radiopiu.net\/wordpress\/?p=120929"},"modified":"2020-03-07T13:29:54","modified_gmt":"2020-03-07T12:29:54","slug":"coronavirus-aggiornamento-azienda-zero-del-7-marzo","status":"publish","type":"post","link":"https:\/\/www.radiopiu.net\/wordpress\/coronavirus-aggiornamento-azienda-zero-del-7-marzo\/","title":{"rendered":"CORONAVIRUS AGGIORNAMENTO AZIENDA ZERO DEL 7 MARZO"},"content":{"rendered":"<p><strong>VENEZIA<\/strong> Secondo azienda zero i casi postivi in provincia di Belluno\u00a0 salgono a 11 (uno in pi\u00f9 di ieri), il dato ancora pi\u00f9 aggiornato arriver\u00e0 nel pomeriggio con il bollettino della Ulss1 Dolomiti. In totale nella regione i tamponi positivi raggiungon quota 532, rispetto a ieri 32 in pi\u00f9, I ricoveri: 164 (pi\u00f9 2 a Belluno) rispetto a ieri 9 ricoveri in pi\u00f9, 41 in terapia intensiva (+2)<\/p>\n<p>&nbsp;<\/p>\n<p><a class=\"dt-pswp-item\" href=\"https:\/\/www.radiopiu.net\/wordpress\/wp-content\/uploads\/2020\/03\/7a8fa91e-3dcb-49a2-80a5-ea53e6f056ba.jpg\" data-dt-img-description=\"\" data-large_image_width=\"750\" data-large_image_height=\"903\"><img loading=\"lazy\" decoding=\"async\" class=\"alignnone wp-image-120930 size-full\" src=\"https:\/\/www.radiopiu.net\/wordpress\/wp-content\/uploads\/2020\/03\/7a8fa91e-3dcb-49a2-80a5-ea53e6f056ba.jpg\" alt=\"\" width=\"750\" height=\"903\" srcset=\"https:\/\/www.radiopiu.net\/wordpress\/wp-content\/uploads\/2020\/03\/7a8fa91e-3dcb-49a2-80a5-ea53e6f056ba.jpg 750w, https:\/\/www.radiopiu.net\/wordpress\/wp-content\/uploads\/2020\/03\/7a8fa91e-3dcb-49a2-80a5-ea53e6f056ba-249x300.jpg 249w\" sizes=\"auto, (max-width: 750px) 100vw, 750px\" \/><\/a><\/p>\n","protected":false},"excerpt":{"rendered":"<p>VENEZIA Secondo azienda zero i casi postivi in provincia di Belluno\u00a0 salgono a 11 (uno in pi\u00f9 di ieri), il dato ancora pi\u00f9 aggiornato arriver\u00e0 nel pomeriggio con il bollettino della Ulss1 Dolomiti. In totale nella regione i tamponi positivi raggiungon quota 532, rispetto a ieri 32 in pi\u00f9, I ricoveri: 164 (pi\u00f9 2 a&hellip;<\/p>\n","protected":false},"author":1,"featured_media":120301,"comment_status":"closed","ping_status":"closed","sticky":false,"template":"","format":"standard","meta":{"_monsterinsights_skip_tracking":false,"_monsterinsights_sitenote_active":false,"_monsterinsights_sitenote_note":"","_monsterinsights_sitenote_category":0,"footnotes":""},"categories":[51,49],"tags":[],"class_list":["post-120929","post","type-post","status-publish","format-standard","has-post-thumbnail","hentry","category-evidenza-top","category-news-18","category-51","category-49","description-off"],"img_url":"https:\/\/www.radiopiu.net\/wordpress\/wp-content\/uploads\/2020\/03\/download-4.jpg","_links":{"self":[{"href":"https:\/\/www.radiopiu.net\/wordpress\/wp-json\/wp\/v2\/posts\/120929","targetHints":{"allow":["GET"]}}],"collection":[{"href":"https:\/\/www.radiopiu.net\/wordpress\/wp-json\/wp\/v2\/posts"}],"about":[{"href":"https:\/\/www.radiopiu.net\/wordpress\/wp-json\/wp\/v2\/types\/post"}],"author":[{"embeddable":true,"href":"https:\/\/www.radiopiu.net\/wordpress\/wp-json\/wp\/v2\/users\/1"}],"replies":[{"embeddable":true,"href":"https:\/\/www.radiopiu.net\/wordpress\/wp-json\/wp\/v2\/comments?post=120929"}],"version-history":[{"count":0,"href":"https:\/\/www.radiopiu.net\/wordpress\/wp-json\/wp\/v2\/posts\/120929\/revisions"}],"wp:featuredmedia":[{"embeddable":true,"href":"https:\/\/www.radiopiu.net\/wordpress\/wp-json\/wp\/v2\/media\/120301"}],"wp:attachment":[{"href":"https:\/\/www.radiopiu.net\/wordpress\/wp-json\/wp\/v2\/media?parent=120929"}],"wp:term":[{"taxonomy":"category","embeddable":true,"href":"https:\/\/www.radiopiu.net\/wordpress\/wp-json\/wp\/v2\/categories?post=120929"},{"taxonomy":"post_tag","embeddable":true,"href":"https:\/\/www.radiopiu.net\/wordpress\/wp-json\/wp\/v2\/tags?post=120929"}],"curies":[{"name":"wp","href":"https:\/\/api.w.org\/{rel}","templated":true}]}}