{"id":120940,"date":"2020-03-07T15:56:00","date_gmt":"2020-03-07T14:56:00","guid":{"rendered":"https:\/\/www.radiopiu.net\/wordpress\/?p=120940"},"modified":"2020-03-07T15:59:36","modified_gmt":"2020-03-07T14:59:36","slug":"asca-allarga-lo-smart-working","status":"publish","type":"post","link":"https:\/\/www.radiopiu.net\/wordpress\/asca-allarga-lo-smart-working\/","title":{"rendered":"ASCA ALLARGA LO SMART WORKING"},"content":{"rendered":"<p><a class=\"dt-pswp-item\" href=\"https:\/\/www.radiopiu.net\/wordpress\/wp-content\/uploads\/2020\/03\/SMART-WORKING.jpg\" data-dt-img-description=\"\" data-large_image_width=\"1198\" data-large_image_height=\"844\"><img loading=\"lazy\" decoding=\"async\" class=\"size-medium wp-image-120941 alignleft\" src=\"https:\/\/www.radiopiu.net\/wordpress\/wp-content\/uploads\/2020\/03\/SMART-WORKING-300x211.jpg\" alt=\"\" width=\"300\" height=\"211\" srcset=\"https:\/\/www.radiopiu.net\/wordpress\/wp-content\/uploads\/2020\/03\/SMART-WORKING-300x211.jpg 300w, https:\/\/www.radiopiu.net\/wordpress\/wp-content\/uploads\/2020\/03\/SMART-WORKING-1024x721.jpg 1024w, https:\/\/www.radiopiu.net\/wordpress\/wp-content\/uploads\/2020\/03\/SMART-WORKING-768x541.jpg 768w, https:\/\/www.radiopiu.net\/wordpress\/wp-content\/uploads\/2020\/03\/SMART-WORKING.jpg 1198w\" sizes=\"auto, (max-width: 300px) 100vw, 300px\" \/><\/a><strong>AGORDO<\/strong> Lo smart working \u00e8 pronto per ASCA. Lo annuncia il l&#8217;amministratore unico dell&#8217;azienda Mariachiara Santin con un comunicato che pubblichiamo.<\/p>\n<p class=\"gmail-western\" align=\"left\"><em><span style=\"color: #444444;\"><span style=\"font-family: Arial, sans-serif;\"><span lang=\"it-IT\">Asca (azienda sanitaria consortile agordina) \u00e8 pronta allo smart working perch\u00e9 lo ha messo in atto da<\/span><\/span><\/span><\/em><em><span style=\"color: #222222;\"><span style=\"font-family: Arial, sans-serif;\"><span lang=\"it-IT\">\u00a0un anno\u00a0<\/span><\/span><\/span><\/em><em><span style=\"color: #222222;\"><span style=\"font-family: Arial, sans-serif;\"><span lang=\"it-IT\">ed ora esso\u00a0<\/span><\/span><\/span><\/em><em><span style=\"color: #222222;\"><span style=\"font-family: Arial, sans-serif;\"><span lang=\"it-IT\">diventa una risorsa immediatamente spendibile per tutti i collaboratori che non lavorano direttamente con l\u2019anziano.<\/span><\/span><\/span><\/em><em><span style=\"color: #444444;\"><span style=\"font-family: Arial, sans-serif;\"><span lang=\"it-IT\"><br \/>\n<\/span><\/span><\/span><\/em><em><span style=\"color: #222222;\"><span style=\"font-family: Arial, sans-serif;\"><span lang=\"it-IT\">I collaboratori di Asca sono in larghissima misura i \u201cprofessionisti della cura\u201d dei quali in questi giorni sentiamo parlare ininterrottamente e, nell\u2019Azienda Agordina, stanno dimostrando professionalit\u00e0 e umanit\u00e0 garantendo la partecipazione e la presenza, utilizzando ancor pi\u00f9 le nuove tecnologie\u00a0<\/span><\/span><\/span><\/em><em><span style=\"color: #222222;\"><span style=\"font-family: Arial, sans-serif;\"><span lang=\"it-IT\">e<\/span><\/span><\/span><\/em><em><span style=\"color: #222222;\"><span style=\"font-family: Arial, sans-serif;\"><span lang=\"it-IT\">\u00a0andando ben oltre quello che la stessa Direzione richiede, fino a far sfumare il loro ruolo in quello del volontario che, purtroppo, in questo periodo, non pu\u00f2 accedere alla residenza.<\/span><\/span><\/span><\/em><em><span style=\"color: #444444;\"><span style=\"font-family: Arial, sans-serif;\"><span lang=\"it-IT\"><br \/>\n<\/span><\/span><\/span><\/em><em><span style=\"color: #222222;\"><span style=\"font-family: Arial, sans-serif;\"><span lang=\"it-IT\">Ci sono per\u00f2 altri professionisti che,\u00a0<\/span><\/span><\/span><\/em><em><span style=\"color: #222222;\"><span style=\"font-family: Arial, sans-serif;\"><span lang=\"it-IT\">pur\u00a0<\/span><\/span><\/span><\/em><em><span style=\"color: #222222;\"><span style=\"font-family: Arial, sans-serif;\"><span lang=\"it-IT\">con ruoli diversi,\u00a0<\/span><\/span><\/span><\/em><em><span style=\"color: #222222;\"><span style=\"font-family: Arial, sans-serif;\"><span lang=\"it-IT\">da marted\u00ec 9 marzo si faranno\u00a0<\/span><\/span><\/span><\/em><em><span style=\"color: #222222;\"><span style=\"font-family: Arial, sans-serif;\"><span lang=\"it-IT\">carico di anziani, operatori, famiglie, territori, servizi amministrativi\u00a0<\/span><\/span><\/span><\/em><em><span style=\"color: #222222;\"><span style=\"font-family: Arial, sans-serif;\"><span lang=\"it-IT\">e<\/span><\/span><\/span><\/em><em><span style=\"color: #222222;\"><span style=\"font-family: Arial, sans-serif;\"><span lang=\"it-IT\">\u00a0progetti innovativi da casa.<\/span><\/span><\/span><\/em><\/p>\n<p class=\"gmail-western\" align=\"left\"><em><span style=\"color: #222222;\"><span style=\"font-family: Arial, sans-serif;\"><span lang=\"it-IT\">Una soluzione che ha subito un\u2019accelerazione sia in seguito alla\u00a0<\/span><\/span><\/span><\/em><em><span style=\"color: #222222;\"><span style=\"font-family: Arial, sans-serif;\"><span lang=\"it-IT\">specificit\u00e0 della situazione\u00a0<\/span><\/span><\/span><\/em><em><span style=\"color: #222222;\"><span style=\"font-family: Arial, sans-serif;\"><span lang=\"it-IT\">sia perch\u00e9\u00a0<\/span><\/span><\/span><\/em><em><span style=\"color: #222222;\"><span style=\"font-family: Arial, sans-serif;\"><span lang=\"it-IT\">\u00e8 opportun<\/span><\/span><\/span><\/em><em><span style=\"color: #222222;\"><span style=\"font-family: Arial, sans-serif;\"><span lang=\"it-IT\">a\u00a0<\/span><\/span><\/span><\/em><em><span style=\"color: #222222;\"><span style=\"font-family: Arial, sans-serif;\"><span lang=\"it-IT\">per seguire le indicazioni del Ministero del\u00a0<\/span><\/span><\/span><\/em><em><span style=\"color: #222222;\"><span style=\"font-family: Arial, sans-serif;\"><span lang=\"it-IT\">L<\/span><\/span><\/span><\/em><em><span style=\"color: #222222;\"><span style=\"font-family: Arial, sans-serif;\"><span lang=\"it-IT\">avoro, ma\u00a0<\/span><\/span><\/span><\/em><em><span style=\"color: #222222;\"><span style=\"font-family: Arial, sans-serif;\"><span lang=\"it-IT\">essa\u00a0<\/span><\/span><\/span><\/em><em><span style=\"color: #222222;\"><span style=\"font-family: Arial, sans-serif;\"><span lang=\"it-IT\">\u00e8 realmente possibile solo perch\u00e9 gi\u00e0 sperimentat<\/span><\/span><\/span><\/em><em><span style=\"color: #222222;\"><span style=\"font-family: Arial, sans-serif;\"><span lang=\"it-IT\">a<\/span><\/span><\/span><\/em><em><span style=\"color: #222222;\"><span style=\"font-family: Arial, sans-serif;\"><span lang=\"it-IT\">.<\/span><\/span><\/span><\/em><em><span style=\"color: #444444;\"><span style=\"font-family: Arial, sans-serif;\"><span lang=\"it-IT\"><br \/>\n<\/span><\/span><\/span><\/em><em><span style=\"color: #222222;\"><span style=\"font-family: Arial, sans-serif;\"><span lang=\"it-IT\">Per mettere in atto\u00a0<\/span><\/span><\/span><\/em><em><span style=\"color: #222222;\"><span style=\"font-family: Arial, sans-serif;\"><span lang=\"it-IT\">tecnicamente\u00a0<\/span><\/span><\/span><\/em><em><span style=\"color: #222222;\"><span style=\"font-family: Arial, sans-serif;\"><span lang=\"it-IT\">lo\u00a0<\/span><\/span><\/span><\/em><em><span style=\"color: #222222;\"><span style=\"font-family: Arial, sans-serif;\"><span lang=\"it-IT\">s<\/span><\/span><\/span><\/em><em><span style=\"color: #222222;\"><span style=\"font-family: Arial, sans-serif;\"><span lang=\"it-IT\">mart working il passaggio semplice e veloce:\u00a0<\/span><\/span><\/span><\/em><em><span style=\"color: #222222;\"><span style=\"font-family: Arial, sans-serif;\"><span lang=\"it-IT\">e Asca lo ha fatto dotando gli operatori di un pc portatile e collegandolo al server dell\u2019Azien<\/span><\/span><\/span><\/em><em><span style=\"color: #222222;\"><span style=\"font-family: Arial, sans-serif;\"><span lang=\"it-IT\">d<\/span><\/span><\/span><\/em><em><span style=\"color: #222222;\"><span style=\"font-family: Arial, sans-serif;\"><span lang=\"it-IT\">a. Ci\u00f2 che \u00e8 nuovo\u00a0<\/span><\/span><\/span><\/em><em><span style=\"color: #222222;\"><span style=\"font-family: Arial, sans-serif;\"><span lang=\"it-IT\">\u00e8 un\u00a0<\/span><\/span><\/span><\/em><em><span style=\"color: #222222;\"><span style=\"font-family: Arial, sans-serif;\"><span lang=\"it-IT\">passaggio culturale:\u00a0<\/span><\/span><\/span><\/em><em><span style=\"color: #222222;\"><span style=\"font-family: Arial, sans-serif;\"><span lang=\"it-IT\">ed esso\u00a0<\/span><\/span><\/span><\/em><em><span style=\"color: #222222;\"><span style=\"font-family: Arial, sans-serif;\"><span lang=\"it-IT\">richiede tempo perch\u00e9 \u00e8 necessario andare al di l\u00e0 della logica della prestazione e focalizzarsi sul risultato in un rapporto di fiducia con i propri collaboratori e fra colleghi che non prescinde dai controlli del tempo dedicato al lavoro.<\/span><\/span><\/span><\/em><em><span style=\"color: #444444;\"><span style=\"font-family: Arial, sans-serif;\"><span lang=\"it-IT\"><br \/>\n<\/span><\/span><\/span><\/em><em><span style=\"color: #222222;\"><span style=\"font-family: Arial, sans-serif;\"><span lang=\"it-IT\">Per questo averlo gi\u00e0 sperimentato da un anno \u2013<\/span><\/span><\/span><\/em><em><span style=\"color: #222222;\"><span style=\"font-family: Arial, sans-serif;\"><span lang=\"it-IT\">\u00a0\u00e8 il caso per esempio di una figura amministrativa di vertice &#8211;\u00a0<\/span><\/span><\/span><\/em><em><span style=\"color: #222222;\"><span style=\"font-family: Arial, sans-serif;\"><span lang=\"it-IT\">ha facilitato la decisione presa\u00a0<\/span><\/span><\/span><\/em><em><span style=\"color: #222222;\"><span style=\"font-family: Arial, sans-serif;\"><span lang=\"it-IT\">dai vertici aziendali. E cos\u00ec da dopodomani, cio\u00e8 da\u00a0<\/span><\/span><\/span><\/em><em><span style=\"color: #222222;\"><span style=\"font-family: Arial, sans-serif;\"><span lang=\"it-IT\">marted\u00ec 9, gli uffici di Asca saranno spostati in domicili diversi,\u00a0<\/span><\/span><\/span><\/em><em><span style=\"color: #222222;\"><span style=\"font-family: Arial, sans-serif;\"><span lang=\"it-IT\">cio\u00e8 a casa dei singoli professionisti, ed\u00a0<\/span><\/span><\/span><\/em><em><span style=\"color: #222222;\"><span style=\"font-family: Arial, sans-serif;\"><span lang=\"it-IT\">\u201caperti\u201d come sempre a chi telefona, scrive, manda e<\/span><\/span><\/span><\/em><em><span style=\"color: #222222;\"><span style=\"font-family: Arial, sans-serif;\"><span lang=\"it-IT\">&#8211;<\/span><\/span><\/span><\/em><em><span style=\"color: #222222;\"><span style=\"font-family: Arial, sans-serif;\"><span lang=\"it-IT\">mail.\u00a0<\/span><\/span><\/span><\/em><em><span style=\"color: #222222;\"><span style=\"font-family: Arial, sans-serif;\"><span lang=\"it-IT\">A raccogliere i bisogni del territorio continueranno ad essere\u00a0<\/span><\/span><\/span><\/em><em><span style=\"color: #222222;\"><span style=\"font-family: Arial, sans-serif;\"><span lang=\"it-IT\">gli assistenti sociali Stefano Masini, Elena Palua e Giulia Mondin che si fanno carico di tutti i\u00a0<\/span><\/span><\/span><\/em><em><span style=\"color: #222222;\"><span style=\"font-family: Arial, sans-serif;\"><span lang=\"it-IT\">Comuni dell\u2019Agordino\u00a0<\/span><\/span><\/span><\/em><em><span style=\"color: #222222;\"><span style=\"font-family: Arial, sans-serif;\"><span lang=\"it-IT\">rispondendo a<\/span><\/span><\/span><\/em><em><span style=\"color: #222222;\"><span style=\"font-family: Arial, sans-serif;\"><span lang=\"it-IT\">lle richieste specifiche dei\u00a0<\/span><\/span><\/span><\/em><em><span style=\"color: #222222;\"><span style=\"font-family: Arial, sans-serif;\"><span lang=\"it-IT\">cittadini ed effettu<\/span><\/span><\/span><\/em><em><span style=\"color: #222222;\"><span style=\"font-family: Arial, sans-serif;\"><span lang=\"it-IT\">ando anche, se necessarie,\u00a0<\/span><\/span><\/span><\/em><em><span style=\"color: #222222;\"><span style=\"font-family: Arial, sans-serif;\"><span lang=\"it-IT\">le visite domiciliari secondo tutte le indicazioni sanitarie.\u00a0<\/span><\/span><\/span><\/em><\/p>\n","protected":false},"excerpt":{"rendered":"<p>AGORDO Lo smart working \u00e8 pronto per ASCA. Lo annuncia il l&#8217;amministratore unico dell&#8217;azienda Mariachiara Santin con un comunicato che pubblichiamo. Asca (azienda sanitaria consortile agordina) \u00e8 pronta allo smart working perch\u00e9 lo ha messo in atto da\u00a0un anno\u00a0ed ora esso\u00a0diventa una risorsa immediatamente spendibile per tutti i collaboratori che non lavorano direttamente con l\u2019anziano.&hellip;<\/p>\n","protected":false},"author":4,"featured_media":120941,"comment_status":"closed","ping_status":"closed","sticky":false,"template":"","format":"standard","meta":{"_monsterinsights_skip_tracking":false,"_monsterinsights_sitenote_active":false,"_monsterinsights_sitenote_note":"","_monsterinsights_sitenote_category":0,"footnotes":""},"categories":[49],"tags":[],"class_list":["post-120940","post","type-post","status-publish","format-standard","has-post-thumbnail","hentry","category-news-18","category-49","description-off"],"img_url":"https:\/\/www.radiopiu.net\/wordpress\/wp-content\/uploads\/2020\/03\/SMART-WORKING.jpg","_links":{"self":[{"href":"https:\/\/www.radiopiu.net\/wordpress\/wp-json\/wp\/v2\/posts\/120940","targetHints":{"allow":["GET"]}}],"collection":[{"href":"https:\/\/www.radiopiu.net\/wordpress\/wp-json\/wp\/v2\/posts"}],"about":[{"href":"https:\/\/www.radiopiu.net\/wordpress\/wp-json\/wp\/v2\/types\/post"}],"author":[{"embeddable":true,"href":"https:\/\/www.radiopiu.net\/wordpress\/wp-json\/wp\/v2\/users\/4"}],"replies":[{"embeddable":true,"href":"https:\/\/www.radiopiu.net\/wordpress\/wp-json\/wp\/v2\/comments?post=120940"}],"version-history":[{"count":0,"href":"https:\/\/www.radiopiu.net\/wordpress\/wp-json\/wp\/v2\/posts\/120940\/revisions"}],"wp:featuredmedia":[{"embeddable":true,"href":"https:\/\/www.radiopiu.net\/wordpress\/wp-json\/wp\/v2\/media\/120941"}],"wp:attachment":[{"href":"https:\/\/www.radiopiu.net\/wordpress\/wp-json\/wp\/v2\/media?parent=120940"}],"wp:term":[{"taxonomy":"category","embeddable":true,"href":"https:\/\/www.radiopiu.net\/wordpress\/wp-json\/wp\/v2\/categories?post=120940"},{"taxonomy":"post_tag","embeddable":true,"href":"https:\/\/www.radiopiu.net\/wordpress\/wp-json\/wp\/v2\/tags?post=120940"}],"curies":[{"name":"wp","href":"https:\/\/api.w.org\/{rel}","templated":true}]}}