{"id":120996,"date":"2020-03-08T10:20:58","date_gmt":"2020-03-08T09:20:58","guid":{"rendered":"https:\/\/www.radiopiu.net\/wordpress\/?p=120996"},"modified":"2020-03-08T10:20:58","modified_gmt":"2020-03-08T09:20:58","slug":"lopposizione-al-sindaco-grones-adotti-le-giuste-misure-per-la-salvaguardia-della-popolazione","status":"publish","type":"post","link":"https:\/\/www.radiopiu.net\/wordpress\/lopposizione-al-sindaco-grones-adotti-le-giuste-misure-per-la-salvaguardia-della-popolazione\/","title":{"rendered":"L&#8217;OPPOSIZIONE AL SINDACO GRONES &#8220;ADOTTI LE GIUSTE MISURE PER LA SALVAGUARDIA DELLA POPOLAZIONE&#8221;"},"content":{"rendered":"<blockquote>\n<h3>I consiglieri di minoranza\u00a0 Daniela Templari, Silvia De Dorigo Delmonego,\u00a0 Claudio Sorarui dopo aver appreso il diffondersi del Coronavirus e che i territori Fodom ne sembrano, per ora, esenti\u00a0 chiedono\u00a0 \u00a0di adottare provvedimenti d\u2019urgenza nella salvaguardia della Salute Pubblica.<\/h3>\n<\/blockquote>\n<h3>IL DOCUMENTO INVIATO IN COMUNE<\/h3>\n<p>Lo Stato attraverso le ordinanze ministeriali ha dato indicazioni chiare per ostacolare l\u2019espandersi del contagio e salvaguardare la cittadinanza. Nelle valli limitrofe i casi dichiarati sono ormai una triste realt\u00e0, si stanno adottando forme di prevenzione del contagio al fine di limitarne la diffusione. Al punto che, alcuni Sindaci della vicina Val Gardena stanno valutano la possibilit\u00e0 di adottare misure altamente restrittive. In qualit\u00e0 di rappresentanti di una buona parte della cittadinanza fodoma chiediamo al Sindaco, e all\u2019Amministrazione tutta, di tener in seria considerazione la possibilit\u00e0 di adottare analoghe misure, al fine di salvaguardare la salute della popolazione e l\u2019incolumit\u00e0 di chi lavora nei nostri esercizi commerciali (in questo momento preoccupati per le loro famiglie), affinch\u00e9 non diventino essi stessi mezzi di contagio involontario. La possibilit\u00e0 di incrementare l\u2019economia del territorio risulta ormai altamente compromessa e non saranno questi ultimi periodi di stagione, ad alberghi semivuoti, a salvarne l\u2019esito. Infine, \u00e8 necessario guardare al futuro e pensare a non compromettere la reputazione del territorio che gi\u00e0 staziona nell\u2019immaginario collettivo ed individuale dei turisti che fruiscono dei servizi e delle bellezze estive e invernali di questo Comune, nonch\u00e8 dei territori limitrofi. Il turista non conosce confini e vede i territori in modo olistico. Non possiamo sottovalutare il fatto che in questi giorni il \u201cRobert Koch Institut\u201d responsabile del controllo delle malattie infettive in Germania, con sede a Berlino, abbia definito il Sudtirolo zona rossa, invitando la cittadinanza ad evitare di scegliere queste destinazioni come luogo di soggiorno o vacanza; e siccome la nostra economia vive di riflesso alle valli limitrofe non possiamo esimerci dal tenere in considerazione questa esternazione che ci procura non poco danno a livello di immagine. \u00c8 noto, infatti, quanto l\u2019immagine di una destinazione sia importante al fine di riuscire a trasformare l\u2019offerta in domanda, il danno prodotto da un eventuale incremento del contagio nelle nostre zone potrebbe avere conseguenze gravose se non incalcolabili a livello economico. Una chiusura anticipata, dettata da responsabilit\u00e0 e trasparenza verso la popolazione e tutti gli altri stakeholder, risulterebbe come una soluzione adeguata al fine di riportare la destinazione dentro uno standard di sicurezza. In questo momento, questo territorio risulta estraneo a qualsiasi tipo di contagio ed \u00e8 mantenendo pulita l\u2019immagine da salvaguardare a livello turistico che l\u2019economia trarrebbe molteplici vantaggi nel cercare di risollevarsi.\u00a0 L\u2019 ulteriore procrastinare di questa situazione ad alto rischio non risulterebbe lungimirante. Chiediamo quindi che venga presa in considerazione la possibilit\u00e0 di optare per la scelta di una quarantena volontaria, di limitare l\u2019affluenza turistica alla valle, decretando la chiusura temporanea di alberghi e impianti sciistici al fine di evitare contagi controproducenti, per noi e per i visitatori che tanto ci apprezzano. Condividendo, date e termini di chiusura con i territori limitrofi e seguendo le direttive governative, in modo da rimandare all\u2019esterno un\u2019immagine di unitariet\u00e0 che gioverebbe nell\u2019immediato e ponendoci a livello globale nella posizione di territorio capace di scelte coraggiose e difficili ma consapevoli e rispettose nei confronti dell\u2019altro. Questo permetterebbe di ripartire all\u2019inizio di una stagione estiva con un\u2019immagine pulita ma densa di valori etici e morali che aiuterebbero a ricomporre l\u2019idea di un territorio responsabile e attento alle problematiche del benessere di cittadini e turisti. Inoltre sarebbe inopportuno macchiarci di sciacallaggio turistico nei confronti delle valli limitrofe correndo, oltremodo, il rischio che tutte le Dolomiti possano essere etichettate zona rossa: a questo punto le conseguenze per l\u2019economia sarebbero disastrose. Il fare cartello ci porrebbe in una posizione di parit\u00e0 che innalzerebbe la credibilit\u00e0 di tutti gli attori coinvolti.<\/p>\n<p>&nbsp;<\/p>\n","protected":false},"excerpt":{"rendered":"<p>I consiglieri di minoranza\u00a0 Daniela Templari, Silvia De Dorigo Delmonego,\u00a0 Claudio Sorarui dopo aver appreso il diffondersi del Coronavirus e che i territori Fodom ne sembrano, per ora, esenti\u00a0 chiedono\u00a0 \u00a0di adottare provvedimenti d\u2019urgenza nella salvaguardia della Salute Pubblica. IL DOCUMENTO INVIATO IN COMUNE Lo Stato attraverso le ordinanze ministeriali ha dato indicazioni chiare per&hellip;<\/p>\n","protected":false},"author":1,"featured_media":42607,"comment_status":"closed","ping_status":"closed","sticky":false,"template":"","format":"standard","meta":{"_monsterinsights_skip_tracking":false,"_monsterinsights_sitenote_active":false,"_monsterinsights_sitenote_note":"","_monsterinsights_sitenote_category":0,"footnotes":""},"categories":[104,49],"tags":[],"class_list":["post-120996","post","type-post","status-publish","format-standard","has-post-thumbnail","hentry","category-evidenza_3","category-news-18","category-104","category-49","description-off"],"img_url":"https:\/\/www.radiopiu.net\/wordpress\/wp-content\/uploads\/2018\/01\/Funifor_Arabba_Porta_Vescovo.jpg","_links":{"self":[{"href":"https:\/\/www.radiopiu.net\/wordpress\/wp-json\/wp\/v2\/posts\/120996","targetHints":{"allow":["GET"]}}],"collection":[{"href":"https:\/\/www.radiopiu.net\/wordpress\/wp-json\/wp\/v2\/posts"}],"about":[{"href":"https:\/\/www.radiopiu.net\/wordpress\/wp-json\/wp\/v2\/types\/post"}],"author":[{"embeddable":true,"href":"https:\/\/www.radiopiu.net\/wordpress\/wp-json\/wp\/v2\/users\/1"}],"replies":[{"embeddable":true,"href":"https:\/\/www.radiopiu.net\/wordpress\/wp-json\/wp\/v2\/comments?post=120996"}],"version-history":[{"count":0,"href":"https:\/\/www.radiopiu.net\/wordpress\/wp-json\/wp\/v2\/posts\/120996\/revisions"}],"wp:featuredmedia":[{"embeddable":true,"href":"https:\/\/www.radiopiu.net\/wordpress\/wp-json\/wp\/v2\/media\/42607"}],"wp:attachment":[{"href":"https:\/\/www.radiopiu.net\/wordpress\/wp-json\/wp\/v2\/media?parent=120996"}],"wp:term":[{"taxonomy":"category","embeddable":true,"href":"https:\/\/www.radiopiu.net\/wordpress\/wp-json\/wp\/v2\/categories?post=120996"},{"taxonomy":"post_tag","embeddable":true,"href":"https:\/\/www.radiopiu.net\/wordpress\/wp-json\/wp\/v2\/tags?post=120996"}],"curies":[{"name":"wp","href":"https:\/\/api.w.org\/{rel}","templated":true}]}}