{"id":121041,"date":"2020-03-08T20:21:00","date_gmt":"2020-03-08T19:21:00","guid":{"rendered":"https:\/\/www.radiopiu.net\/wordpress\/?p=121041"},"modified":"2020-03-09T15:43:25","modified_gmt":"2020-03-09T14:43:25","slug":"giornale-radiopiu-09-marzo-2020-direttore-mirko-mezzacasa","status":"publish","type":"post","link":"https:\/\/www.radiopiu.net\/wordpress\/giornale-radiopiu-09-marzo-2020-direttore-mirko-mezzacasa\/","title":{"rendered":"GIORNALE RADIOPIU 09 MARZO 2020 DIRETTORE MIRKO MEZZACASA"},"content":{"rendered":"<h3><strong>PER RICEVERE QUESTO NOTIZIARIO DIRETTAMENTE SUL TUO CELLULARE ISCRIVITI AL CANALE <span style=\"color: #0000ff;\">TELEGRAM <\/span><\/strong><strong>&#8220;<span style=\"color: #ff0000;\">RADIO PIU\u00a0 INFORMAZIONE<\/span><\/strong><\/h3>\n<p>&nbsp;<\/p>\n<blockquote class=\"wp-embedded-content\" data-secret=\"ZnbA2OImcw\"><p><a href=\"https:\/\/www.radiopiu.net\/wordpress\/rassegna-stampa-locale-diretta-studio1-radio-piu-di-mirko-mezzacasa\/\">RASSEGNA STAMPA LOCALE, DIRETTA STUDIO1 RADIO PIU di MIRKO MEZZACASA<\/a><\/p><\/blockquote>\n<p><iframe loading=\"lazy\" title=\"&#8220;RASSEGNA STAMPA LOCALE, DIRETTA STUDIO1 RADIO PIU di MIRKO MEZZACASA&#8221; &#8212; Radio Pi\u00f9\" class=\"wp-embedded-content\" sandbox=\"allow-scripts\" security=\"restricted\" style=\"position: absolute; clip: rect(1px, 1px, 1px, 1px);\" src=\"https:\/\/www.radiopiu.net\/wordpress\/rassegna-stampa-locale-diretta-studio1-radio-piu-di-mirko-mezzacasa\/embed\/#?secret=ZnbA2OImcw\" data-secret=\"ZnbA2OImcw\" width=\"600\" height=\"338\" frameborder=\"0\" marginwidth=\"0\" marginheight=\"0\" scrolling=\"no\"><\/iframe><\/p>\n<blockquote class=\"wp-embedded-content\" data-secret=\"zrIazTnCO7\"><p><a href=\"https:\/\/www.radiopiu.net\/wordpress\/direttiva-della-regikne-veneto-relativa-agli-spostamenti-nelle-zone-interessate-dei-propri-dipendenti\/\">Direttiva della Regikne Veneto relativa agli spostamenti nelle zone interessate dei propri dipendenti<\/a><\/p><\/blockquote>\n<p><iframe loading=\"lazy\" title=\"&#8220;Direttiva della Regikne Veneto relativa agli spostamenti nelle zone interessate dei propri dipendenti&#8221; &#8212; Radio Pi\u00f9\" class=\"wp-embedded-content\" sandbox=\"allow-scripts\" security=\"restricted\" style=\"position: absolute; clip: rect(1px, 1px, 1px, 1px);\" src=\"https:\/\/www.radiopiu.net\/wordpress\/direttiva-della-regikne-veneto-relativa-agli-spostamenti-nelle-zone-interessate-dei-propri-dipendenti\/embed\/#?secret=zrIazTnCO7\" data-secret=\"zrIazTnCO7\" width=\"600\" height=\"338\" frameborder=\"0\" marginwidth=\"0\" marginheight=\"0\" scrolling=\"no\"><\/iframe><\/p>\n<p>&nbsp;<\/p>\n<hr \/>\n<p>&nbsp;<\/p>\n<blockquote>\n<h3>CORONAVIRUS, LA SETTIMANA DECISIVA E SECONDO GLI ESPERTI IL 60% DELLA POPOLAZIONE E&#8217; A RISCHIO. LINEA DURA DEL VIMINALE, PREVISTO ANCHE IL CARCERE PER IL MANCATO RISPETTO DEL DECRETO DI IERI. NUMEROSE VOCI INDICANO LA POSSIBILE CHIUSURA DEL DOLOMITI SUPERSKI GI\u00e0 DA DOMANI MA PER ORA NESSUNA COMUNICAZIONE UFFICIALE.<\/h3>\n<\/blockquote>\n<p><strong>RADIOPIU <\/strong>Ieri la giornata del decreto e da oggi inizia il periodo dei controlli con i confini bellunesi di Quero e Fadalto sotto stretto controllo della Forze dell&#8217;Ordine, nella notte \u00e8 uscita anche la precisa direttiva del Viminale, il presidente del Veneto Luca Zaia insiste sulla necessit\u00e0 di stralciare il Veneto dalla zona rossa, ovvero l&#8217;esclusione delle province venete dalle more del decreto dell&#8217;otto marzo. I lavoratori potranno comunque circolare liberamente cos\u00ec come le merci. <strong>INDUSTRIA<\/strong> Secondo il sindacalista Rudy Roffar\u00e8 \u00a0sarebbero ormai 40 le aziende, piccole o grandi, che sono ricorse alla cassa integrazione. 20 imprese industriali\u00a0 una certa grandezza ed importanza. Altre 20 artigianali. 14 nel comparto dell&#8217;occhialeria.\u00a0<strong> LUXOTTICA<\/strong>: le attivit\u00e0 negli stabilimenti proseguono regolari. L&#8217;Ufficio Risorse Umane o i capi hanno gi\u00e0 contattato le persone con situazioni specifiche da gestire. Oggi ulteriori aggiornamenti. Ai lavoratori l&#8217;invito di portare sempre\u00a0 il badge e il documento d&#8217;identit\u00e0. <strong>TURISMO <\/strong>Oggi il DolomitiSuperski decider\u00e0 se chiudere anticipatamente la stagione dopo un fine settimana di grande affollamento, dai Passi Dolomitici al Nevegal dove si \u00e8 vista la grande folla e non sono mancati gli assembramenti. Quella di ieri potrebbe essere ricordata come l&#8217;ultima giornata prima della fuga dalla montagna. In proposito da Alleghe Sergio Pra presidente di Alleghe Funivie e albergatore:<em> &#8220;Azzerata la presenza\u00a0 di stranieri. Si sono visti tanti italiani nell&#8217;ultima settimana grazie al prolungamento della sospensione della scuola e delle universit\u00e0, ma da ieri sono spariti. La pur positiva stagione invernale possiamo ritenerla conclusa.&#8221;<\/em> Le associazioni di Taibon Agordino hanno gi\u00e0 deciso che la Sagra de Pasca per quest&#8217;anno \u00e8 annullata, non posticipata. Oggi a Radio Pi\u00f9 il presidente del Gruppo Sportivo Antimo Savaris con Claudio Paganin spiegher\u00e0 le motivazioni della scelta. Da oggi maggiori controlli nei bar e ristoranti, dure sanzioni per chi viola le disposizioni. <strong>OSPEDALI<\/strong> La conta dei positivi in provincia sale a 30 (+16 nelle ultime 24 ore), ben 139 i tamponi fatti, 6 le persone ricoverate nei reparti malattie infettive, nessuna in terapia intensiva. <strong>IL MESSAGGIO DEL PRESIDENTE DELLA PROVINCIA<\/strong> <em>\u00abAnche nella nostra provincia &#8211; dichiara Roberto Padrin &#8211;\u00a0 che pure non \u00e8 stata dichiarata zona rossa, c&#8217;\u00e8 stato un aumento dei contagi e dei ricoveri. Per questo va sempre pi\u00f9 lanciato un messaggio di attenzione: osserviamo le norme contenute nel decreto, cerchiamo di aiutarci tutti, in modo responsabile. Solo cos\u00ec ne usciremo&#8221; <\/em><strong>E DEL SINDACO DI BELLUNO <\/strong>Si moltiplicano anche gli appelli dei sindaci, che pur invitando i cittadini a mantenere la calma e a non farsi prendere dal panico, raccomandano alla popolazione di attenersi scrupolosamente alle prescrizioni del decreto firmato dal presidente Conte, ieri sera diretta facebook del primo cittadino di Belluno, un invito alla calma a rispettare le prescrizioni, soprattutto un preciso chiarimento sulle note del decreto ministeriale. <strong>IL MEDICO<\/strong> bellunese e noto giocatore di bocce della societ\u00e0 Dolada, Renato Salvador si trova\u00a0 in prima linea per studiare e combattere il coronavirus. Il chirurgo pontalpino \u00e8 in servizio all&#8217;ospedale di Padova nell&#8217;ultima settimana impegnato\u00a0 a Vo&#8217; Euganeo per sottoporre a tampone la popolazione e visitare gli infetti. <em>\u00abQuasi duemila cittadini di Vo&#8217; con grande senso civico &#8211; ha detto Salvador al Tg2 &#8211; si sono sottoposti allo studio dell&#8217;universit\u00e0 di Padova che cercher\u00e0 di sconfiggere il virus. Capire la storia del contagio, dei sintomi, la durata dei sintomi, capire chi erano le persone pi\u00f9 a rischio al di l\u00e0 dei luoghi di contagio \u00e8 uno dei punti fondamentali per lo studio\u00bb. (MM)<\/em><\/p>\n<p>&nbsp;<\/p>\n<p>&nbsp;<\/p>\n<p>&nbsp;<\/p>\n<hr \/>\n<h3><\/h3>\n<h3>IERI LA FESTA DELLA DONNA&#8230;ANCHE SULLE PISTE DI ARABBA<\/h3>\n<p><a class=\"dt-pswp-item\" href=\"https:\/\/www.radiopiu.net\/wordpress\/wp-content\/uploads\/2020\/03\/ea5bfe77-1a9e-496b-8c07-8d1164a69597.jpg\" data-dt-img-description=\"\" data-large_image_width=\"1600\" data-large_image_height=\"1200\"><img loading=\"lazy\" decoding=\"async\" class=\"alignnone wp-image-121044 size-full\" src=\"https:\/\/www.radiopiu.net\/wordpress\/wp-content\/uploads\/2020\/03\/ea5bfe77-1a9e-496b-8c07-8d1164a69597.jpg\" alt=\"\" width=\"1600\" height=\"1200\" srcset=\"https:\/\/www.radiopiu.net\/wordpress\/wp-content\/uploads\/2020\/03\/ea5bfe77-1a9e-496b-8c07-8d1164a69597.jpg 1600w, https:\/\/www.radiopiu.net\/wordpress\/wp-content\/uploads\/2020\/03\/ea5bfe77-1a9e-496b-8c07-8d1164a69597-300x225.jpg 300w, https:\/\/www.radiopiu.net\/wordpress\/wp-content\/uploads\/2020\/03\/ea5bfe77-1a9e-496b-8c07-8d1164a69597-1024x768.jpg 1024w, https:\/\/www.radiopiu.net\/wordpress\/wp-content\/uploads\/2020\/03\/ea5bfe77-1a9e-496b-8c07-8d1164a69597-768x576.jpg 768w, https:\/\/www.radiopiu.net\/wordpress\/wp-content\/uploads\/2020\/03\/ea5bfe77-1a9e-496b-8c07-8d1164a69597-1536x1152.jpg 1536w\" sizes=\"auto, (max-width: 1600px) 100vw, 1600px\" \/><\/a><\/p>\n<p>&nbsp;<\/p>\n<hr \/>\n<p>&nbsp;<\/p>\n<blockquote>\n<h3>SISTEMATE LE TRAVATURE AL PONTE DEL CRISTO SULLA 203 AGORDINA<\/h3>\n<\/blockquote>\n<p><strong>AGORDO<\/strong> Le travature di Ponte del Cristo non fanno pi\u00f9 paura, Veneto Strade \u00e8 intervenuta con reti di protezione che hanno &#8220;imbragato&#8221; le travature che negli ultimi tempi risultavano provate dagli effetti meteorologici, non ultimi quelli di Vaia, tanto a nord che a sud. Ora sopra la strada regionale 203 agordina difronte al sito di Valle Imperina\u00a0 la situazione \u00e8 decisamente diversa. Come si dice in questi casi: ottimo lavoro Veneto Strade!<\/p>\n<p><strong>PRIMA\u00a0 \u00a0 \u00a0 \u00a0 \u00a0 \u00a0 \u00a0 \u00a0 \u00a0 \u00a0 \u00a0 \u00a0 \u00a0 \u00a0 \u00a0 \u00a0 \u00a0 \u00a0 \u00a0 \u00a0 \u00a0 \u00a0 \u00a0 \u00a0 \u00a0 \u00a0 \u00a0 \u00a0 \u00a0 \u00a0 \u00a0 \u00a0 \u00a0\u00a0<\/strong><\/p>\n<p><a class=\"dt-pswp-item\" href=\"https:\/\/www.radiopiu.net\/wordpress\/wp-content\/uploads\/2020\/03\/PONTE-DEL-CRISTO-TRAVI-MARCI.jpg\" data-dt-img-description=\"\" data-large_image_width=\"1599\" data-large_image_height=\"1200\"><img loading=\"lazy\" decoding=\"async\" class=\"alignnone size-medium wp-image-121062\" src=\"https:\/\/www.radiopiu.net\/wordpress\/wp-content\/uploads\/2020\/03\/PONTE-DEL-CRISTO-TRAVI-MARCI-300x225.jpg\" alt=\"\" width=\"300\" height=\"225\" srcset=\"https:\/\/www.radiopiu.net\/wordpress\/wp-content\/uploads\/2020\/03\/PONTE-DEL-CRISTO-TRAVI-MARCI-300x225.jpg 300w, https:\/\/www.radiopiu.net\/wordpress\/wp-content\/uploads\/2020\/03\/PONTE-DEL-CRISTO-TRAVI-MARCI-1024x768.jpg 1024w, https:\/\/www.radiopiu.net\/wordpress\/wp-content\/uploads\/2020\/03\/PONTE-DEL-CRISTO-TRAVI-MARCI-768x576.jpg 768w, https:\/\/www.radiopiu.net\/wordpress\/wp-content\/uploads\/2020\/03\/PONTE-DEL-CRISTO-TRAVI-MARCI-1536x1153.jpg 1536w, https:\/\/www.radiopiu.net\/wordpress\/wp-content\/uploads\/2020\/03\/PONTE-DEL-CRISTO-TRAVI-MARCI.jpg 1599w\" sizes=\"auto, (max-width: 300px) 100vw, 300px\" \/><\/a><\/p>\n<p><strong>DOPO<\/strong><\/p>\n<p><a class=\"dt-pswp-item\" href=\"https:\/\/www.radiopiu.net\/wordpress\/wp-content\/uploads\/2020\/03\/PONTE-DEL-CRISTO-08-MARZO-2020.jpg\" data-dt-img-description=\"\" data-large_image_width=\"1599\" data-large_image_height=\"1200\"><img loading=\"lazy\" decoding=\"async\" class=\"alignnone size-medium wp-image-121064\" src=\"https:\/\/www.radiopiu.net\/wordpress\/wp-content\/uploads\/2020\/03\/PONTE-DEL-CRISTO-08-MARZO-2020-300x225.jpg\" alt=\"\" width=\"300\" height=\"225\" srcset=\"https:\/\/www.radiopiu.net\/wordpress\/wp-content\/uploads\/2020\/03\/PONTE-DEL-CRISTO-08-MARZO-2020-300x225.jpg 300w, https:\/\/www.radiopiu.net\/wordpress\/wp-content\/uploads\/2020\/03\/PONTE-DEL-CRISTO-08-MARZO-2020-1024x768.jpg 1024w, https:\/\/www.radiopiu.net\/wordpress\/wp-content\/uploads\/2020\/03\/PONTE-DEL-CRISTO-08-MARZO-2020-768x576.jpg 768w, https:\/\/www.radiopiu.net\/wordpress\/wp-content\/uploads\/2020\/03\/PONTE-DEL-CRISTO-08-MARZO-2020-1536x1153.jpg 1536w, https:\/\/www.radiopiu.net\/wordpress\/wp-content\/uploads\/2020\/03\/PONTE-DEL-CRISTO-08-MARZO-2020.jpg 1599w\" sizes=\"auto, (max-width: 300px) 100vw, 300px\" \/><\/a><\/p>\n<p><strong>IL VIDEO<\/strong><\/p>\n<div style=\"width: 640px;\" class=\"wp-video\"><video class=\"wp-video-shortcode\" id=\"video-121041-1\" width=\"640\" height=\"352\" preload=\"metadata\" controls=\"controls\"><source type=\"video\/mp4\" src=\"https:\/\/www.radiopiu.net\/wordpress\/wp-content\/uploads\/2020\/03\/PONTE-DEL-CRISTO-08-MARZO-2020.mp4?_=1\" \/><a href=\"https:\/\/www.radiopiu.net\/wordpress\/wp-content\/uploads\/2020\/03\/PONTE-DEL-CRISTO-08-MARZO-2020.mp4\">https:\/\/www.radiopiu.net\/wordpress\/wp-content\/uploads\/2020\/03\/PONTE-DEL-CRISTO-08-MARZO-2020.mp4<\/a><\/video><\/div>\n<hr \/>\n<p>&nbsp;<\/p>\n<blockquote>\n<h3>INCIDENTE STRADALE IN VAL DI ZOLDO<\/h3>\n<\/blockquote>\n<p><strong>VAL DI ZOLDO<\/strong> Ieri alle 12:30 la pattuglia\u00a0 dei Carabinieri della Radio Mobile \u00e8 intervenuta in Val di Zoldo per un incidente stradale che ha coinvolto due mezzi sulla strada provinciale 251. Un furgone Ford Turneo, condotto da T.S. 57 anni di Belluno, ha urtato un ciclomotore quattro ruote Minicar, con alla guida un abitante del posto, S.C. (77enne del luogo) L&#8217;uomo alla guida del ciclomotore \u00e8 stato trasportato in elicottero all&#8217;ospedale San Martino di Belluno. Ileso l&#8217;autista del furgone<\/p>\n<p><strong>LA FOTOGALLERY<\/strong><\/p>\n\n\t\t\t<style type='text\/css'>\n\t\t\t\t#gallery-1 {\n\t\t\t\t\tmargin: auto;\n\t\t\t\t}\n\t\t\t\t#gallery-1 .gallery-item {\n\t\t\t\t\tfloat: left;\n\t\t\t\t\tmargin-top: 10px;\n\t\t\t\t\ttext-align: center;\n\t\t\t\t\twidth: 33%;\n\t\t\t\t}\n\t\t\t\t#gallery-1 img {\n\t\t\t\t\tborder: 2px solid #cfcfcf;\n\t\t\t\t}\n\t\t\t\t#gallery-1 .gallery-caption {\n\t\t\t\t\tmargin-left: 0;\n\t\t\t\t}\n\t\t\t\t\/* see gallery_shortcode() in wp-includes\/media.php *\/\n\t\t\t<\/style>\n\t\t<div id='gallery-1' class='dt-gallery-container gallery galleryid-121041 gallery-columns-3 gallery-size-medium'><dl class='gallery-item'>\n\t\t\t\t<dt class='gallery-icon landscape'>\n\t\t\t\t\t<a class=\"rollover\" href='https:\/\/www.radiopiu.net\/wordpress\/incedente-stradale-in-val-di-zoldo\/photo_2020-03-08_19-14-49\/'><img loading=\"lazy\" decoding=\"async\" width=\"300\" height=\"225\" src=\"https:\/\/www.radiopiu.net\/wordpress\/wp-content\/uploads\/2020\/03\/photo_2020-03-08_19-14-49-300x225.jpg\" class=\"attachment-medium size-medium\" alt=\"\" srcset=\"https:\/\/www.radiopiu.net\/wordpress\/wp-content\/uploads\/2020\/03\/photo_2020-03-08_19-14-49-300x225.jpg 300w, https:\/\/www.radiopiu.net\/wordpress\/wp-content\/uploads\/2020\/03\/photo_2020-03-08_19-14-49-1024x768.jpg 1024w, https:\/\/www.radiopiu.net\/wordpress\/wp-content\/uploads\/2020\/03\/photo_2020-03-08_19-14-49-768x576.jpg 768w, https:\/\/www.radiopiu.net\/wordpress\/wp-content\/uploads\/2020\/03\/photo_2020-03-08_19-14-49.jpg 1280w\" sizes=\"auto, (max-width: 300px) 100vw, 300px\" \/><\/a>\n\t\t\t\t<\/dt><\/dl><dl class='gallery-item'>\n\t\t\t\t<dt class='gallery-icon landscape'>\n\t\t\t\t\t<a class=\"rollover\" href='https:\/\/www.radiopiu.net\/wordpress\/incedente-stradale-in-val-di-zoldo\/photo_2020-03-08_19-14-46\/'><img loading=\"lazy\" decoding=\"async\" width=\"300\" height=\"225\" src=\"https:\/\/www.radiopiu.net\/wordpress\/wp-content\/uploads\/2020\/03\/photo_2020-03-08_19-14-46-300x225.jpg\" class=\"attachment-medium size-medium\" alt=\"\" srcset=\"https:\/\/www.radiopiu.net\/wordpress\/wp-content\/uploads\/2020\/03\/photo_2020-03-08_19-14-46-300x225.jpg 300w, https:\/\/www.radiopiu.net\/wordpress\/wp-content\/uploads\/2020\/03\/photo_2020-03-08_19-14-46-1024x768.jpg 1024w, https:\/\/www.radiopiu.net\/wordpress\/wp-content\/uploads\/2020\/03\/photo_2020-03-08_19-14-46-768x576.jpg 768w, https:\/\/www.radiopiu.net\/wordpress\/wp-content\/uploads\/2020\/03\/photo_2020-03-08_19-14-46.jpg 1280w\" sizes=\"auto, (max-width: 300px) 100vw, 300px\" \/><\/a>\n\t\t\t\t<\/dt><\/dl><dl class='gallery-item'>\n\t\t\t\t<dt class='gallery-icon landscape'>\n\t\t\t\t\t<a class=\"rollover\" href='https:\/\/www.radiopiu.net\/wordpress\/incedente-stradale-in-val-di-zoldo\/photo_2020-03-08_19-14-44\/'><img loading=\"lazy\" decoding=\"async\" width=\"300\" height=\"225\" src=\"https:\/\/www.radiopiu.net\/wordpress\/wp-content\/uploads\/2020\/03\/photo_2020-03-08_19-14-44-300x225.jpg\" class=\"attachment-medium size-medium\" alt=\"\" srcset=\"https:\/\/www.radiopiu.net\/wordpress\/wp-content\/uploads\/2020\/03\/photo_2020-03-08_19-14-44-300x225.jpg 300w, https:\/\/www.radiopiu.net\/wordpress\/wp-content\/uploads\/2020\/03\/photo_2020-03-08_19-14-44-1024x768.jpg 1024w, https:\/\/www.radiopiu.net\/wordpress\/wp-content\/uploads\/2020\/03\/photo_2020-03-08_19-14-44-768x576.jpg 768w, https:\/\/www.radiopiu.net\/wordpress\/wp-content\/uploads\/2020\/03\/photo_2020-03-08_19-14-44.jpg 1280w\" sizes=\"auto, (max-width: 300px) 100vw, 300px\" \/><\/a>\n\t\t\t\t<\/dt><\/dl><br style=\"clear: both\" \/>\n\t\t\t<\/div>\n\n<p>&nbsp;<\/p>\n<hr \/>\n<p>&nbsp;<\/p>\n<h3>CORONAVIRUS IN PROVINCIA, IN AUMENTO I RICOVERI (tutti i ricoveri sono in area NON intensiva), I TAMPONI POSITIVI E RESIDENTI IN ISOLAMENTO DOMICILIARE<\/h3>\n<p class=\"p1\"><span class=\"s1\">Dall\u2019ultimo comunicato di sorveglianza sanitaria, balza agli occhi l\u2019aumento dei ricoverati negli ospedali per sintomatologia sospetta da coronavirus (+2, tutti i ricoveri sono in area NON intensiva) e dei tamponi con esito positivo (+16 di cui 1 ripetuto) anche se nessuno \u00e8 ancora confermato da l\u2019ISS. 266 tamponi negativi (+121 nelle 24 ore)<\/span><\/p>\n<p><a class=\"dt-pswp-item\" href=\"https:\/\/www.radiopiu.net\/wordpress\/wp-content\/uploads\/2020\/03\/UlssDolomiti_covid19_aggiornamento_8_marzo_20.jpg\" data-dt-img-description=\"\" data-large_image_width=\"1239\" data-large_image_height=\"1754\"><img loading=\"lazy\" decoding=\"async\" class=\"wp-image-121075 size-large alignleft\" src=\"https:\/\/www.radiopiu.net\/wordpress\/wp-content\/uploads\/2020\/03\/UlssDolomiti_covid19_aggiornamento_8_marzo_20-723x1024.jpg\" alt=\"\" width=\"723\" height=\"1024\" srcset=\"https:\/\/www.radiopiu.net\/wordpress\/wp-content\/uploads\/2020\/03\/UlssDolomiti_covid19_aggiornamento_8_marzo_20-723x1024.jpg 723w, https:\/\/www.radiopiu.net\/wordpress\/wp-content\/uploads\/2020\/03\/UlssDolomiti_covid19_aggiornamento_8_marzo_20-212x300.jpg 212w, https:\/\/www.radiopiu.net\/wordpress\/wp-content\/uploads\/2020\/03\/UlssDolomiti_covid19_aggiornamento_8_marzo_20-768x1087.jpg 768w, https:\/\/www.radiopiu.net\/wordpress\/wp-content\/uploads\/2020\/03\/UlssDolomiti_covid19_aggiornamento_8_marzo_20-1085x1536.jpg 1085w, https:\/\/www.radiopiu.net\/wordpress\/wp-content\/uploads\/2020\/03\/UlssDolomiti_covid19_aggiornamento_8_marzo_20.jpg 1239w\" sizes=\"auto, (max-width: 723px) 100vw, 723px\" \/><\/a><\/p>\n<p>&nbsp;<\/p>\n<p>&nbsp;<\/p>\n<blockquote>\n<h3><\/h3>\n<h3><\/h3>\n<h3><\/h3>\n<h3><\/h3>\n<h3><\/h3>\n<h3><\/h3>\n<h3><\/h3>\n<h3><\/h3>\n<h3><\/h3>\n<h3><\/h3>\n<h3><\/h3>\n<h3><\/h3>\n<h3><\/h3>\n<h3><\/h3>\n<h3><\/h3>\n<h3><\/h3>\n<h3><\/h3>\n<h3><\/h3>\n<h3><\/h3>\n<h3><\/h3>\n<h3><\/h3>\n<h3><\/h3>\n<h3><\/h3>\n<h3><\/h3>\n<h3><\/h3>\n<h3><\/h3>\n<h3>AGGIORNAMENTI ORGANIZZATIVI ULSS 1 DOLOMITI, SITUAZIONE INVARIATA RISPETTO A SABATO<\/h3>\n<\/blockquote>\n<p class=\"p1\"><img decoding=\"async\" class=\"alignleft\" src=\"https:\/\/www.radiopiu.net\/wordpress\/wp-content\/uploads\/2017\/03\/ulss-1-dolomiti.jpg\" \/><span class=\"s1\"><b>BELLUNO.<\/b> La situazione organizzativa, rispetto a quanto comunicato ieri, resta invariata. <\/span><span class=\"s1\">In seguito alle indagini epidemiologiche per la ricostruzione dei contatti stretti di alcuni casi positivi e all\u2019esito dei tamponi effettuati tra il personale dipendente, le attivit\u00e0 dell\u2019Ulss Dolomiti sono cos\u00ec state rimodulate fino a nuova rivalutazione delle Direzioni mediche in accordo con il Dipartimento di Prevenzione e la Direzione Aziendale, che avverr\u00e0 luned\u00ec 9 marzo:<\/span><\/p>\n<p class=\"p3\"><span class=\"s1\"><b>OSPEDALE DI AGORDO <\/b><\/span><\/p>\n<p><span class=\"s1\">Sospensione dei ricoveri dal territorio o da altre strutture sanitarie per la <\/span><span class=\"s2\">Medicina\/Lungodegenza\/Ospedale di Comunit\u00e0 , <\/span><span class=\"s2\">sospensione della attivit\u00e0 ambulatoriale della Medicina, <\/span><span class=\"s2\">sospensione della attivit\u00e0 chirurgica \u2013chirurgia generale e ortopedia. <\/span><span class=\"s1\">La sospensione temporanea sopra riportato prevede che i ricoveri e le prestazioni urgenti<span class=\"Apple-converted-space\">\u00a0 <\/span>vengano garantiti dagli altri ospedali dell\u2019Azienda. <\/span><span class=\"s1\">Tutte le altre attivit\u00e0 proseguono e<span class=\"Apple-converted-space\">\u00a0 <\/span>vengono erogate applicando la normativa vigente, per evitare la diffusione da soggetti non sintomatici e sintomatici.<\/span><\/p>\n<p class=\"p3\"><span class=\"s1\"><b>OSPEDALE DI FELTRE<\/b><\/span><\/p>\n<p><span class=\"s1\">Sospensione temporanea dei ricoveri in GERIATRIA, <\/span><span class=\"s1\">sospensione temporanea degli interventi in elezione del Dipartimenti Chirurgico. Sono garantite le urgenze. <\/span><span class=\"s1\">Tutte le altre attivit\u00e0 dell\u2019ospedale di Feltre proseguono, con gli accorgimenti preventivi disciplinati dalla normativa. <\/span><span class=\"s1\">Eventuali ricoveri in ambito geriatrico sono garantiti all\u2019interno del Dipartimento di area medica di Feltre presso gli altri reparti. <\/span><span class=\"s1\">Sono state rafforzate le misure di limitazione dell\u2019accesso all\u2019ospedale da parte degli accompagnatori e dei visitatori per tutte le unit\u00e0 operative, salvo situazioni specifiche valutate dal personale sanitario preposto. <\/span><span class=\"s1\">Fino a luned\u00ec 9 marzo l\u2019accesso nord dell\u2019ospedale sar\u00e0 chiuso.<\/span><\/p>\n<p class=\"p7\"><span class=\"s1\"><b>UNITA\u2019 di OFFERTA SEMIRESIDENZIALI SOCIO SANITARIE e SOCIALI (centri diurni, etc)<\/b><\/span><\/p>\n<p class=\"p7\"><span class=\"s1\">In linea con le misure adottate a livello nazionale per il contenimento della diffusione del SARS-CoV-2 (Coronavirus), la Regione del Veneto ha disposto la chiusura dal 9 al 15 marzo delle unit\u00e0 di offerta semiresidenziale sociosanitarie e sociali, comprese quelle per anziani, persone con disabilit\u00e0, minori, persone con dipendenza e con problemi di salute mentale. <\/span><\/p>\n<p class=\"p7\"><span class=\"s1\"><b>ULSS DOLOMITI \u2013 altri servizi<\/b><\/span><\/p>\n<p class=\"p7\"><span class=\"s1\">Tutte le attivit\u00e0 degli altri ospedali e servizi dell\u2019Ulss Dolomiti proseguono e vengono erogate applicando la normativa vigente. <\/span><span class=\"s1\">Nei Centri Prelievi personale dedicato regola l\u2019afflusso nelle sale di attesa per evitare sovraffollamenti. <\/span><span class=\"s1\">Inoltre, le Direzioni Mediche di Belluno e Feltre hanno predisposto e stanno predisponendo percorsi dedicati di triage nei pronto soccorsi per sospetti Covid-19 e organizzando posti letto aggiuntivi in via precauzionale. <\/span><span class=\"s1\">Si ricorda il numero aziendale dedicato per le informazioni sul Covid-19 : 0437\/514343 attivo tutti i giorni dalle 9 alle 13.00 e dalle 14.00 alle 18.00.<\/span><\/p>\n<p>&nbsp;<\/p>\n<hr \/>\n<p>&nbsp;<\/p>\n<blockquote>\n<h3>IL DECRETO DELL&#8217;OTTO MARZO<\/h3>\n<\/blockquote>\n<blockquote class=\"wp-embedded-content\" data-secret=\"EdjHEax1qh\"><p><a href=\"https:\/\/www.radiopiu.net\/wordpress\/il-dpcm\/\">C&#8217;E&#8217; LA FIRMA SUL DECRETO<\/a><\/p><\/blockquote>\n<p><iframe loading=\"lazy\" title=\"&#8220;C&#8217;E&#8217; LA FIRMA SUL DECRETO&#8221; &#8212; Radio Pi\u00f9\" class=\"wp-embedded-content\" sandbox=\"allow-scripts\" security=\"restricted\" style=\"position: absolute; clip: rect(1px, 1px, 1px, 1px);\" src=\"https:\/\/www.radiopiu.net\/wordpress\/il-dpcm\/embed\/#?secret=EdjHEax1qh\" data-secret=\"EdjHEax1qh\" width=\"600\" height=\"338\" frameborder=\"0\" marginwidth=\"0\" marginheight=\"0\" scrolling=\"no\"><\/iframe><\/p>\n<blockquote>\n<h3><\/h3>\n<h3>SECONDO BOND UNA VERGOGNA CHE GRIDA VENDETTA<\/h3>\n<\/blockquote>\n<p>AUDIO<\/p>\n<audio class=\"wp-audio-shortcode\" id=\"audio-121041-1\" preload=\"none\" style=\"width: 100%;\" controls=\"controls\"><source type=\"audio\/mpeg\" src=\"https:\/\/www.radiopiu.net\/wordpress\/wp-content\/uploads\/2020\/03\/BOND-VERGOGNA.mp3?_=1\" \/><a href=\"https:\/\/www.radiopiu.net\/wordpress\/wp-content\/uploads\/2020\/03\/BOND-VERGOGNA.mp3\">https:\/\/www.radiopiu.net\/wordpress\/wp-content\/uploads\/2020\/03\/BOND-VERGOGNA.mp3<\/a><\/audio>\n<p>&nbsp;<\/p>\n<blockquote class=\"wp-embedded-content\" data-secret=\"SIOXnjSBKd\"><p><a href=\"https:\/\/www.radiopiu.net\/wordpress\/nella-notte-la-direttiva-del-viminale-gia-in-vigore\/\">NELLA NOTTE LA DIRETTIVA DEL VIMINALE GIA&#8217; IN VIGORE<\/a><\/p><\/blockquote>\n<p><iframe loading=\"lazy\" title=\"&#8220;NELLA NOTTE LA DIRETTIVA DEL VIMINALE GIA&#8217; IN VIGORE&#8221; &#8212; Radio Pi\u00f9\" class=\"wp-embedded-content\" sandbox=\"allow-scripts\" security=\"restricted\" style=\"position: absolute; clip: rect(1px, 1px, 1px, 1px);\" src=\"https:\/\/www.radiopiu.net\/wordpress\/nella-notte-la-direttiva-del-viminale-gia-in-vigore\/embed\/#?secret=SIOXnjSBKd\" data-secret=\"SIOXnjSBKd\" width=\"600\" height=\"338\" frameborder=\"0\" marginwidth=\"0\" marginheight=\"0\" scrolling=\"no\"><\/iframe><\/p>\n<p>&nbsp;<\/p>\n<p>&nbsp;<\/p>\n<hr \/>\n<blockquote>\n<h3>IL GOVERNATORE DEL VENETO LUCA ZAIA FA IL PUNTO DELLA SITUAZIONE DOPO IL DPCM DEL 8 MARZO 2020<\/h3>\n<p>IERI ALLE 11.00<\/p><\/blockquote>\n<div id=\"fb-root\"><\/div>\n<p><script async=\"1\" defer=\"1\" crossorigin=\"anonymous\" src=\"https:\/\/connect.facebook.net\/it_IT\/sdk.js#xfbml=1&amp;version=v6.0\"><\/script><\/p>\n<div class=\"fb-video\" data-href=\"https:\/\/www.facebook.com\/zaiaufficiale\/videos\/204935260568448\/\" data-width=\"1200\">\n<blockquote cite=\"https:\/\/www.facebook.com\/zaiaufficiale\/videos\/204935260568448\/\" class=\"fb-xfbml-parse-ignore\"><p><a href=\"https:\/\/www.facebook.com\/zaiaufficiale\/videos\/204935260568448\/\"><\/a><\/p>\n<p>\u274c #CORONAVIRUS \/ SEGUITE LA DIRETTA PER TUTTI GLI AGGIORNAMENTI \u274c<\/p>\n<p>Pubblicato da <a href=\"https:\/\/www.facebook.com\/zaiaufficiale\/\">Luca Zaia<\/a> su Domenica 8 marzo 2020<\/p><\/blockquote>\n<\/div>\n<p>&nbsp;<\/p>\n<p>&nbsp;<\/p>\n<hr \/>\n<blockquote>\n<h3><\/h3>\n<h3>L\u2019INTERVENTO DEL SINDACO DI BELLUNO JACOPO MASSARO DOPO IL NUOVO DPCM<\/h3>\n<\/blockquote>\n<p>Il Sindaco di Belluno Jacopo Massaro analizza il nuovo DPCM punto per punto<\/p>\n<div id=\"fb-root\"><\/div>\n<p><script async=\"1\" defer=\"1\" crossorigin=\"anonymous\" src=\"https:\/\/connect.facebook.net\/it_IT\/sdk.js#xfbml=1&amp;version=v6.0\"><\/script><\/p>\n<div class=\"fb-video\" data-href=\"https:\/\/www.facebook.com\/massarosindaco\/videos\/223377712178594\" data-width=\"1200\">\n<blockquote cite=\"https:\/\/www.facebook.com\/massarosindaco\/videos\/223377712178594\/\" class=\"fb-xfbml-parse-ignore\"><p><a href=\"https:\/\/www.facebook.com\/massarosindaco\/videos\/223377712178594\/\">Coronavirus &#8211; Aggiornamento 08\/03\/2020 ore 13.30<\/a><\/p>\n<p>+++ CORONAVIRUS_ le nuove disposioni da domenica 08\/03\/2020 +++Buongiorno a tutti,la situazione dell\u2019epidemia si \u00e8 fatta pi\u00f9 seria, in particolare in Lombardia e in altre province italiane, ma anche nella nostra provincia i casi in una sola giornata sono pi\u00f9 che raddoppiati. Occorre quindi reagire con forza. Questa notte il governo ha varato nuove norme che sostituiscono le precedenti e che cerco qui di riassumere brevemente. Possiamo dire che fino al 3 aprile l&#039;Italia \u00e8 stata divisa in due zone, che per comodit\u00e0 chiamo &quot;rossa&quot; e &quot;gialla&quot;:- la ZONA &quot;Rossa&quot;, che comprende tutta la Lombardia e le province di Modena, Piacenza, Parma, Reggio Emilia, Rimini, pesaro-e-urbino, Alessandria, Asti, Novara, Verbania Cusio e Ossola, Vercelli e le province venete di VENEZIA, PADOVA E TREVISO.- la ZONA &quot;Gialla&quot;, rappresentata dal resto d&#039;Italia, quindi anche dalla provincia di Belluno.*** ZONE ROSSE:In queste zone \u00e8 limitata al massimo la mobilit\u00e0: non si pu\u00f2 entrare n\u00e9 uscire se non per comprovate esigenze di lavoro oppure per motivi di salute oppure perch\u00e9 si sta rientrando a domicilio. In questo momento si stanno organizzando i controlli, anche per evitare traffico e confusione sulle strade.Inoltre in tale zona sono state introdotte  norme molto restrittive e necessariamente pittosto pesanti. *** ZONE GIALLE (ad es. provincia di Belluno):sinteticamente le nuove dicono questo:1) sospesi i congressi, e convegni, le riunioni, i meeting e gli eventi sociali;2) sospese le manifestazioni, gli eventi e gli spettacoli di qualunque natura, compresi quelli cinematografici e teatrali svolti in luogo sia pubblico sia privato;3) Sospese le attivit\u00e0 di scuole di ballo, sale giochi, sale scommesse sale bingo, discoteche e locali assimilati e pub.  per chi Viola queste norme non \u00e8 prevista soltanto la sanzione dell&#039;arresto fino a tre mesi (art. 650 del codice penale), ma \u00e8 prevista anche la sospensione dell&#039;attivit\u00e0. In questo momento ci sono forti dubbi su come interpretare il concetto di pub; abbiamo chiesto chiarimenti e Attendiamo notizie, che speriamo di avere questa sera.4) sospesa l&#039;apertura di musei, teatri e altri luoghi della cultura come biblioteche e archivi storici. Il museo Fulcis \u00e8 gi\u00e0 stato nuovamente chiuso.5) Norme pi\u00f9 severe anche per attivit\u00e0 di ristorazione e bar: adesso a carico del gestore c\u2019\u00e8 l\u2019obbligo di far rispettare sempre la distanza di sicurezza interpersonale di almeno un metro- La sanzione, oltre a quella penale, sar\u00e0 la sospensione dell&#039;attivit\u00e0.6) Gli esercizi commerciali devono adottare misure organizzative e tali da consentire Un accesso ai luoghi con modalit\u00e0 contingentate o comunque idonee ad evitare assembramenti di persone nel rispetto della distanza di sicurezza interpersonale di almeno un metro tra i visitatori7) Restano sospesi come prima gli eventi e competizioni sportive di ogni ordine e discipline in qualunque luogo pubblico o privato. Si pu\u00f2 giocare a porte chiuse, Ma le societ\u00e0 sportive e le associazioni dovranno effettuare controlli idonei a prevenire la diffusione del virus attraverso Medici.8) Lo sport di base le attivit\u00e0 motoria in genere, svolte all&#039;aperto o all&#039;interno (es. all&#039;interno di palestre, piscine e centri sportivi di ogni tipo) sono ammessi esclusivamente a condizione che sia possibile consentire Il rispetto della distanza di sicurezza interpersonale di un metro.9) le attivit\u00e0 scolastiche e dei servizi educativi per l&#039;infanzia sono sospese per ora fino al 15 marzo.10)  Attenzione! \u00c8 stato introdotto il divieto assoluto di mobilit\u00e0 dalla propria abitazione o dimora per coloro che sono sottoposti alla quarantena oppure risultati positivi al test.11)  \u00e8 fortemente raccomandato a tutte le persone anziane o affette da patologie croniche oppure da pi\u00f9 patologie oppure con stati di immunodepressione congenita o acquisita di evitare di uscire dalla propria abitazione fuori dai casi di stretta necessit\u00e0 ed evitare comunque luoghi affollati nei quali non sia possibile mantenere la distanza di sicurezza interpersonale di almeno un metro*** CONTROLLIIl Comune di Belluno, in coordinamento con le altre forze di pubblica sicurezza, intensificher\u00e0 i controlli, che diventeranno pi\u00f9 rigidi in questa fase di particolare criticit\u00e0.  In questi giorni sono stati controllati decine di esercizi pubblici, supermercati ed altre attivit\u00e0 (sfatiamo subito una bufala: NON SONO STATE ELEVATE SANZIONI).La situazione era buona, tutti tendenzialmente si erano adeguati; coloro che non si erano organizzati in modo adeguato sono stati invitati a adeguarsi immediatamente e quindi sono stati ricontrollati la sera successiva.  Adesso chi non rispetter\u00e0 queste norme potrebbe effettivamente essere sanzionato data la gravit\u00e0 della situazione.*** ANZIANI A DOMICILIOPer venire incontro agli anziani &#8211; che \u00e8 opportuno che stiano a casa &#8211; nonch\u00e9 alle persone in quarantena, sto disponendo un servizio con Protezione Civile, Sersa e Comitato d&#039;Intesa per garantire dei servizi di trasporto di spesa e farmaci a domicilio. Appena avremo i dettagli in tal senso lo comunicheremo.*** DISINFEZIONEStiamo continuando ad effettuare operazioni straordinarie di disinfezione di tutti i luoghi pi\u00f9 trafficati e abbiamo posizionato 100 dispenser di gel idroalcolico. Voi ricordate di fare altrettanto a casa e nei luoghi di lavoro.*** SMART WORKINGIl decreto incentiva il lavoro \u201cagile\u201d, cio\u00e8 da casa. Anche Bellunum si sta attivando per mettere in Smart Working i dipendenti con figli piccoli. Speriamo sia di esempio per tanti.*** PISCINAPer tutta la prossima settimana la piscina rester\u00e0 aperta SOLO per il nuoto libero, Seppur con accessi contingentati, perch\u00e9 ci stiamo organizzando per riorganizzare i corsi in modo da garantire, oltre alla disinfezione che viene gi\u00e0 effettuta,  standard di distanza tra i partecipanti ancor superiori.*** NOI COSA POSSIAMO FARE?Se vogliamo contribuire alla nostra salute e a quella della nostra Comunit\u00e0, diamoci da fare:1) seguiamo in modo preciso tutte le indicazioni che il Ministero della Salute ci sta dando, innalzando il livello igienico sanitario delle nostre attivit\u00e0 quotidiane.2) evitiamo il panico: non serve a niente se non a creare ancora pi\u00f9 panico.  In particolare: svuotare i supermercati \u00e8 stupido e dannoso, cos\u00ec come \u00e8 stupido fare i migranti verso il sud Italia, pensando erroneamente di fuggire dal contagio. Si rischia ancora di pi\u00f9 e si abbandonano zone con servizi sanitari eccellenti.3) Non facciamo la caccia agli untori con coloro che vengono dalle zone rosse: non solo non ha senso, ma come si vede la ruota gira per tutti e un giorno potremmo essere noi gli \u201cuntori\u201d; ed allora ci renderemo conto che abbiamo bisogno di aiuto e solidariet\u00e0 e non di segregazione.4) informiamoci distinguendo sempre le informazioni dei canali ufficiali da quelle non ufficiali;5) cambiamo le nostre abitudini, senza rinunciare mai alle nostre vite.*** C&#039;E&#039; UNA REGIA A LIVELLO LOCALE?Certo! Io sono in contatto 24 ore su 24 col Prefetto, col Direttore generale della ULSS, col Presidente della Provincia, col Questore, col Vescovo e col Sindaco di Feltre (referente per il Comitato di Distretto Ex Ulss 2). Abbiamo una piccola &quot;cabina di regia&quot; per aggiornarci in tempo reale su ogni accadimento. Quindi sappiate che la questione \u00e8 presidiata e sempre gestita con massima attenzione.*** QUAL E&#039; IL VERO RISCHIO DEL CONTAGIO DA CORONAVIRUS?Il virus (chiamato COVID-19) ad oggi \u00e8 poco conosciuto, perch\u00e9 \u00e8 nuovo.Senza entrare nel merito di aspetti medici, che \u00e8 meglio lasciar trattare ai dottori, possiamo per\u00f2 dire che mentre per l&#039;influenza stagionale (che \u00e8 anche meno aggressiva) esiste un vaccino, per questo coronavirus non abbiamo vaccini.Quindi TUTTA la cittadinanza \u00e8 potenzialmente esposta al contagio, e se ci ammalassimo in tanti NON AVREMMO ABBASTANZA posti letto ospedalieri, medici e infermieri per curare tutti. Tra l&#039;altro, mancherebbero tantissimi posti in terapia intensiva (quella che chiamiamo di solito &quot;rianimazione&quot;). Quindi avremmo ancora uno dei migliori sistemi sanitari del mondo, ma insufficiente a curarci tutti.*** PERCHE&#039; VENGONO ADOTTATE TUTTE QUESTE MISURE?Essenzialmente per rallentare e ridurre l&#039;espansione del contagio ed evitare che non ci siano pi\u00f9 possibilit\u00e0 di cura per i cittadini a causa del collasso del sistema sanitario.*** QUALI SONO LE PERSONE AD ALTO RISCHIO DI ESPOSIZIONE AL CONTAGIO?\u25aa persona che vive nella stessa casa di un caso di COVID-19;\u25aa persona che ha avuto un contatto fisico diretto con un caso di COVID-19 (es. stretta di mano);\u25aa persona che ha avuto un contatto diretto non protetto con le secrezioni di un caso di COVID-19 (es. toccare a mani nude fazzoletti di carta usati);\u25aa persona che ha avuto un contatto diretto (faccia a faccia) con un caso di COVID-19, a distanza minore di 2 metri e di durata maggiore di 15 minuti;\u25aa persona che si \u00e8 trovata in un ambiente chiuso (es. aula, sala riunioni, sala d\u2019attesa, veicolo) con un caso di COVID-19 per almeno 15 minuti, a distanza minore di 2 metri;\u25aa operatore sanitario o altra persona che fornisce assistenza diretta ad un caso di COVID-19 o personale di laboratorio addetto alla manipolazione di campioni di un caso di COVID-19 senza l\u2019impiego dei dispositivi di protezione individuale (DPI) raccomandati o mediante l\u2019utilizzo di DPI non idonei;\u25aa persona che abbia viaggiato seduta in aereo nei due posti adiacenti, in qualsiasi direzione, di un caso di COVID-19, i compagni di viaggio o le persone addette all\u2019assistenza e i membri dell\u2019equipaggio addetti alla sezione dell\u2019aereo dove il caso era seduto;*** NON SARANNO ECCESSIVE LE MISURE ADOTTATE? NON SARANNO INSUFFICIENTI LE MISURE ADOTTATE?Numerosi esperti e scienziati stanno guidando Governo e Regioni nell&#039;adozione dei provvedimenti pi\u00f9 idonei. Cerchiamo di avere fiducia: \u00e8 pur vero che siamo un popolo di allenatori di calcio durante le domeniche, ma non per questo dobbiamo diventare tutti infettivologi durante un&#039;epidemia.Ogni misura ha una propria logica. Se le guardiamo tutte insieme, capiamo subito che le misure determinano una sensibile riduzione delle probabilit\u00e0 di contagiarsi. E che quindi abbiamo raggiunto l&#039;obiettivo di non mandare in tilt il servizio sanitario nazionale.State tranquili, ed andiamo avanti. E, vista la data, un augurio a tutte le madri, nonne e figlie, delle quali non potremmo mai fare a meno, soprattutto nei momenti di difficolt\u00e0 come questo.Penso che vi aggiorner\u00f2 presto, appena ci saranno novit\u00e0 o arriveranno circolari esplicative.Jacopo Massaro<\/p>\n<p>Pubblicato da <a href=\"https:\/\/www.facebook.com\/massarosindaco\/\">Jacopo Massaro Sindaco di Belluno<\/a> su Domenica 8 marzo 2020<\/p><\/blockquote>\n<\/div>\n<p>&nbsp;<\/p>\n<p>&nbsp;<\/p>\n<hr \/>\n<p>&nbsp;<\/p>\n<blockquote>\n<h3>DA SELVA DI CADORE IL MESSAGGIO DEL SINDACO, SILVIA CESTARO<\/h3>\n<\/blockquote>\n<p><strong><a class=\"dt-pswp-item\" href=\"https:\/\/www.radiopiu.net\/wordpress\/wp-content\/uploads\/2019\/07\/silvia-cestaro.jpg\" data-dt-img-description=\"\" data-large_image_width=\"558\" data-large_image_height=\"417\"><img loading=\"lazy\" decoding=\"async\" class=\"size-medium wp-image-92631 alignleft\" src=\"https:\/\/www.radiopiu.net\/wordpress\/wp-content\/uploads\/2019\/07\/silvia-cestaro-300x224.jpg\" alt=\"\" width=\"300\" height=\"224\" srcset=\"https:\/\/www.radiopiu.net\/wordpress\/wp-content\/uploads\/2019\/07\/silvia-cestaro-300x224.jpg 300w, https:\/\/www.radiopiu.net\/wordpress\/wp-content\/uploads\/2019\/07\/silvia-cestaro.jpg 558w\" sizes=\"auto, (max-width: 300px) 100vw, 300px\" \/><\/a>SELVA DI CADORE<\/strong> Silvia Cestaro, Sindaco di Selva di Cadore, ha voluto fare un messaggio importante alla popolazione del suo comune riguardo al momento di massima attenzione sul caso Coronavirus<\/p>\n<p><strong>SILVIA CESTARO SINDACO DI SELVA DI CADORE<\/strong><\/p>\n<audio class=\"wp-audio-shortcode\" id=\"audio-121041-2\" preload=\"none\" style=\"width: 100%;\" controls=\"controls\"><source type=\"audio\/mpeg\" src=\"https:\/\/www.radiopiu.net\/wordpress\/wp-content\/uploads\/2020\/03\/SILVIA-CESTARO-CORONAVIRUS.mp3?_=2\" \/><a href=\"https:\/\/www.radiopiu.net\/wordpress\/wp-content\/uploads\/2020\/03\/SILVIA-CESTARO-CORONAVIRUS.mp3\">https:\/\/www.radiopiu.net\/wordpress\/wp-content\/uploads\/2020\/03\/SILVIA-CESTARO-CORONAVIRUS.mp3<\/a><\/audio>\n<p>&nbsp;<\/p>\n<p>&nbsp;<\/p>\n<p>&nbsp;<\/p>\n<hr \/>\n<p>&nbsp;<\/p>\n<blockquote>\n<h3>L&#8217;OPPOSIZIONE AL SINDACO GRONES &#8220;ADOTTI LE GIUSTE MISURE PER LA SALVAGUARDIA DELLA POPOLAZIONE&#8221;<\/h3>\n<\/blockquote>\n<blockquote>\n<h3>I consiglieri di minoranza\u00a0 Daniela Templari, Silvia De Dorigo Delmonego,\u00a0 Claudio Sorarui dopo aver appreso il diffondersi del Coronavirus e che i territori Fodom ne sembrano, per ora, esenti\u00a0 chiedono\u00a0 \u00a0di adottare provvedimenti d\u2019urgenza nella salvaguardia della Salute Pubblica.<\/h3>\n<\/blockquote>\n<h3>IL DOCUMENTO INVIATO IN COMUNE<\/h3>\n<p><img loading=\"lazy\" decoding=\"async\" class=\"alignleft\" src=\"https:\/\/www.radiopiu.net\/wordpress\/wp-content\/uploads\/2018\/01\/Funifor_Arabba_Porta_Vescovo.jpg\" width=\"330\" height=\"220\" \/><strong>LIVINALLONGO<\/strong> Lo Stato attraverso le ordinanze ministeriali ha dato indicazioni chiare per ostacolare l\u2019espandersi del contagio e salvaguardare la cittadinanza. Nelle valli limitrofe i casi dichiarati sono ormai una triste realt\u00e0, si stanno adottando forme di prevenzione del contagio al fine di limitarne la diffusione. Al punto che, alcuni Sindaci della vicina Val Gardena stanno valutano la possibilit\u00e0 di adottare misure altamente restrittive. In qualit\u00e0 di rappresentanti di una buona parte della cittadinanza fodoma chiediamo al Sindaco, e all\u2019Amministrazione tutta, di tener in seria considerazione la possibilit\u00e0 di adottare analoghe misure, al fine di salvaguardare la salute della popolazione e l\u2019incolumit\u00e0 di chi lavora nei nostri esercizi commerciali (in questo momento preoccupati per le loro famiglie), affinch\u00e9 non diventino essi stessi mezzi di contagio involontario. La possibilit\u00e0 di incrementare l\u2019economia del territorio risulta ormai altamente compromessa e non saranno questi ultimi periodi di stagione, ad alberghi semivuoti, a salvarne l\u2019esito. Infine, \u00e8 necessario guardare al futuro e pensare a non compromettere la reputazione del territorio che gi\u00e0 staziona nell\u2019immaginario collettivo ed individuale dei turisti che fruiscono dei servizi e delle bellezze estive e invernali di questo Comune, nonch\u00e8 dei territori limitrofi. Il turista non conosce confini e vede i territori in modo olistico. Non possiamo sottovalutare il fatto che in questi giorni il \u201cRobert Koch Institut\u201d responsabile del controllo delle malattie infettive in Germania, con sede a Berlino, abbia definito il Sudtirolo zona rossa, invitando la cittadinanza ad evitare di scegliere queste destinazioni come luogo di soggiorno o vacanza; e siccome la nostra economia vive di riflesso alle valli limitrofe non possiamo esimerci dal tenere in considerazione questa esternazione che ci procura non poco danno a livello di immagine. \u00c8 noto, infatti, quanto l\u2019immagine di una destinazione sia importante al fine di riuscire a trasformare l\u2019offerta in domanda, il danno prodotto da un eventuale incremento del contagio nelle nostre zone potrebbe avere conseguenze gravose se non incalcolabili a livello economico. Una chiusura anticipata, dettata da responsabilit\u00e0 e trasparenza verso la popolazione e tutti gli altri stakeholder, risulterebbe come una soluzione adeguata al fine di riportare la destinazione dentro uno standard di sicurezza. In questo momento, questo territorio risulta estraneo a qualsiasi tipo di contagio ed \u00e8 mantenendo pulita l\u2019immagine da salvaguardare a livello turistico che l\u2019economia trarrebbe molteplici vantaggi nel cercare di risollevarsi.\u00a0 L\u2019 ulteriore procrastinare di questa situazione ad alto rischio non risulterebbe lungimirante. Chiediamo quindi che venga presa in considerazione la possibilit\u00e0 di optare per la scelta di una quarantena volontaria, di limitare l\u2019affluenza turistica alla valle, decretando la chiusura temporanea di alberghi e impianti sciistici al fine di evitare contagi controproducenti, per noi e per i visitatori che tanto ci apprezzano. Condividendo, date e termini di chiusura con i territori limitrofi e seguendo le direttive governative, in modo da rimandare all\u2019esterno un\u2019immagine di unitariet\u00e0 che gioverebbe nell\u2019immediato e ponendoci a livello globale nella posizione di territorio capace di scelte coraggiose e difficili ma consapevoli e rispettose nei confronti dell\u2019altro. Questo permetterebbe di ripartire all\u2019inizio di una stagione estiva con un\u2019immagine pulita ma densa di valori etici e morali che aiuterebbero a ricomporre l\u2019idea di un territorio responsabile e attento alle problematiche del benessere di cittadini e turisti. Inoltre sarebbe inopportuno macchiarci di sciacallaggio turistico nei confronti delle valli limitrofe correndo, oltremodo, il rischio che tutte le Dolomiti possano essere etichettate zona rossa: a questo punto le conseguenze per l\u2019economia sarebbero disastrose. Il fare cartello ci porrebbe in una posizione di parit\u00e0 che innalzerebbe la credibilit\u00e0 di tutti gli attori coinvolti.<\/p>\n<p>&nbsp;<\/p>\n<hr \/>\n<p>&nbsp;<\/p>\n<h3>LA RISPOSTA DEL SINDACO, LEANDRO GRONES<\/h3>\n<p><strong>LIVINALLONGO<\/strong> Manifesto ovviamente la piena condivisione mia e dell\u2019Amministrazione Comunale tutta rispetto alle preoccupazioni relative alla possibile espansione del virus COVID-19.\u00a0\u00a0In questa fase particolarmente delicata siamo chiamati ad informare tutti i soggetti coinvolti delle decisioni che vengono assunte dalle Autorit\u00e0 Statali e Regionali, cui compete l\u2019adozione dei provvedimenti in materia. L\u2019Organizzazione Mondiale della Sanit\u00e0 ha dichiarato gi\u00e0 a fine gennaio l\u2019epidemia da COVID-19, meglio conosciuta come coronavirus, un\u2019emergenza di sanit\u00e0 pubblica di rilevanza internazionale e il Governo stesso ha dichiarato lo stato di emergenza a livello nazionale fino a tutto il mese di luglio.\u00a0\u00a0 \u00c8 evidente che l\u2019evolversi della situazione epidemiologica, stante proprio la particolare rapidit\u00e0 diffusiva dell\u2019epidemia, coincidente con l\u2019aumento dei casi a livello nazionale, sta determinando un continuo mutamento della situazione e quindi anche dei provvedimenti del Governo.\u00a0\u00a0Da ultimo il DPCM firmato questa notte dal Presidente Conte, al quale ci dobbiamo attenere, che decreta tutte le misure urgenti in ben 23 provincie del centro-nord Italia, elenco che esclude Belluno e le vicine Provincie Autonome. Il provvedimento indica altres\u00ec puntualmente le misure cogenti che ci riguardano pi\u00f9 da vicino. Ad oggi non vi sono sul territorio comunale casi o accertamenti in corso riguardanti casi di COVID-19.\u00a0 \u00a0Sono in costante contatto con le competenti Autorit\u00e0 istituzionali e Sanitarie, al fine di garantire l\u2019attuazione delle misure previste atte a salvaguardare la salute pubblica, comprese le misure operative dettate dal capo della Protezione Civile Borrelli che prevedono l\u2019apertura del COC nel caso venissero riscontratati casi di positivit\u00e0 al virus sul territorio comunale. Ma sono altres\u00ec in contatto con i colleghi delle localit\u00e0 turistiche contermini per tutte le valutazioni che la situazione in veloce evoluzione richiede alla quale stiamo tutti dedicando la massima attenzione. Occorre uno sforzo da parte di tutti per rispettare le norme contenute nei provvedimenti richiamati, ma anche nei cartelli informativi, per contenere il diffondersi del virus come quello di evitare luoghi affollati, mantenere almeno 1 metro di distanza, evitare il contatto fisico come ad esempio non darsi la mano, lavarsi spesso e bene le mani, evitare di toccare occhi, naso e bocca con le mani, proteggere da contatti le persone pi\u00f9 deboli o con particolari patologie.<\/p>\n<p>&nbsp;<\/p>\n<hr \/>\n<p>&nbsp;<\/p>\n<p>&nbsp;<\/p>\n<blockquote>\n<h3>PER I DIPENDENTI ULSS: MODELLI AUTODICHIARAZIONE DI SPOSTAMENTI PER ESIGENZE LAVORATIVE E MOTIVI DI SALUTE<\/h3>\n<\/blockquote>\n<p><strong>BELLUNO<\/strong> Il DPCM 8 marzo 2020 impone di evitare ogni spostamento alle persone fisiche in entrata e in uscita dai territori della Regione Lombardia e di alcune province, tra le quali in Veneto quelle di Padova, Treviso e Venezia. La stessa norma prevede, peraltro, gli \u201cspostamenti motivati da comprovate esigenze lavorative o situazioni di necessit\u00e0 ovvero spostamenti per motivi di sa<span class=\"text_exposed_show\">lute\u201d. <\/span>Pertanto al fine di consentire al personale dipendente dell&#8217;Ulss Dolomiti domiciliato, abitante o residente nelle tre Province di Padova, Treviso e Venezia di recarsi al lavoro, si pubblico un modello di autodichiarazione per spostamenti legati a\u00a0<a class=\"_58cn\" href=\"https:\/\/www.facebook.com\/hashtag\/esigenze?source=feed_text&amp;epa=HASHTAG&amp;__xts__%5B0%5D=68.ARChV_X09ODf9Z49VelSxkU4QjBIOTvrlSAHXh-NEqQ8hDYlRzCtMvJKKBnF7SpQTA7rgAovGCzEmQht4l5ERPZpzGOpZ3PPWkx6KrRiyd-_ofD7sX2S1wbXdhAMW5UeV_2GeHicvsxjCi2ATF1jXbXepRfgSHXL1GJD6aydlSUI68lafJdArViutJSSw8urb7gLdfqT8g9vYLVaD5CCjQIkB27m90SQMYh1BZ1C13o2BYLCy78v1xpQEd50AQvogguPMG8WHIlVXg9XnENb1aOcqIuXvLUdC5fSboutIcd-WK7vSsGRzH5S2H895mmW4ZrlaS1oQ4VvmPhb21qBnZE&amp;__tn__=%2ANK-R\" data-ft=\"{&quot;type&quot;:104,&quot;tn&quot;:&quot;*N&quot;}\"><span class=\"_5afx\"><span class=\"_58cl _5afz\" aria-label=\"hashtag\">#<\/span><span class=\"_58cm\">esigenze<\/span><\/span><\/a>\u00a0<a class=\"_58cn\" href=\"https:\/\/www.facebook.com\/hashtag\/lavorative?source=feed_text&amp;epa=HASHTAG&amp;__xts__%5B0%5D=68.ARChV_X09ODf9Z49VelSxkU4QjBIOTvrlSAHXh-NEqQ8hDYlRzCtMvJKKBnF7SpQTA7rgAovGCzEmQht4l5ERPZpzGOpZ3PPWkx6KrRiyd-_ofD7sX2S1wbXdhAMW5UeV_2GeHicvsxjCi2ATF1jXbXepRfgSHXL1GJD6aydlSUI68lafJdArViutJSSw8urb7gLdfqT8g9vYLVaD5CCjQIkB27m90SQMYh1BZ1C13o2BYLCy78v1xpQEd50AQvogguPMG8WHIlVXg9XnENb1aOcqIuXvLUdC5fSboutIcd-WK7vSsGRzH5S2H895mmW4ZrlaS1oQ4VvmPhb21qBnZE&amp;__tn__=%2ANK-R\" data-ft=\"{&quot;type&quot;:104,&quot;tn&quot;:&quot;*N&quot;}\"><span class=\"_5afx\"><span class=\"_58cl _5afz\" aria-label=\"hashtag\">#<\/span><span class=\"_58cm\">lavorative<\/span><\/span><\/a> che potr\u00e0 essere esibito in caso di controlli. Si allega, inoltre, l\u2019autodichiarazione relativa agli spostamenti per <a class=\"_58cn\" href=\"https:\/\/www.facebook.com\/hashtag\/motivi?source=feed_text&amp;epa=HASHTAG&amp;__xts__%5B0%5D=68.ARChV_X09ODf9Z49VelSxkU4QjBIOTvrlSAHXh-NEqQ8hDYlRzCtMvJKKBnF7SpQTA7rgAovGCzEmQht4l5ERPZpzGOpZ3PPWkx6KrRiyd-_ofD7sX2S1wbXdhAMW5UeV_2GeHicvsxjCi2ATF1jXbXepRfgSHXL1GJD6aydlSUI68lafJdArViutJSSw8urb7gLdfqT8g9vYLVaD5CCjQIkB27m90SQMYh1BZ1C13o2BYLCy78v1xpQEd50AQvogguPMG8WHIlVXg9XnENb1aOcqIuXvLUdC5fSboutIcd-WK7vSsGRzH5S2H895mmW4ZrlaS1oQ4VvmPhb21qBnZE&amp;__tn__=%2ANK-R\" data-ft=\"{&quot;type&quot;:104,&quot;tn&quot;:&quot;*N&quot;}\"><span class=\"_5afx\"><span class=\"_58cl _5afz\" aria-label=\"hashtag\">#<\/span><span class=\"_58cm\">motivi<\/span><\/span><\/a>\u00a0di\u00a0<a class=\"_58cn\" href=\"https:\/\/www.facebook.com\/hashtag\/salute?source=feed_text&amp;epa=HASHTAG&amp;__xts__%5B0%5D=68.ARChV_X09ODf9Z49VelSxkU4QjBIOTvrlSAHXh-NEqQ8hDYlRzCtMvJKKBnF7SpQTA7rgAovGCzEmQht4l5ERPZpzGOpZ3PPWkx6KrRiyd-_ofD7sX2S1wbXdhAMW5UeV_2GeHicvsxjCi2ATF1jXbXepRfgSHXL1GJD6aydlSUI68lafJdArViutJSSw8urb7gLdfqT8g9vYLVaD5CCjQIkB27m90SQMYh1BZ1C13o2BYLCy78v1xpQEd50AQvogguPMG8WHIlVXg9XnENb1aOcqIuXvLUdC5fSboutIcd-WK7vSsGRzH5S2H895mmW4ZrlaS1oQ4VvmPhb21qBnZE&amp;__tn__=%2ANK-R\" data-ft=\"{&quot;type&quot;:104,&quot;tn&quot;:&quot;*N&quot;}\"><span class=\"_5afx\"><span class=\"_58cl _5afz\" aria-label=\"hashtag\">#<\/span><span class=\"_58cm\">salute<\/span><\/span><\/a>\u00a0che potr\u00e0 essere esibita in caso di controlli da\u00a0<a class=\"_58cn\" href=\"https:\/\/www.facebook.com\/hashtag\/pazienti?source=feed_text&amp;epa=HASHTAG&amp;__xts__%5B0%5D=68.ARChV_X09ODf9Z49VelSxkU4QjBIOTvrlSAHXh-NEqQ8hDYlRzCtMvJKKBnF7SpQTA7rgAovGCzEmQht4l5ERPZpzGOpZ3PPWkx6KrRiyd-_ofD7sX2S1wbXdhAMW5UeV_2GeHicvsxjCi2ATF1jXbXepRfgSHXL1GJD6aydlSUI68lafJdArViutJSSw8urb7gLdfqT8g9vYLVaD5CCjQIkB27m90SQMYh1BZ1C13o2BYLCy78v1xpQEd50AQvogguPMG8WHIlVXg9XnENb1aOcqIuXvLUdC5fSboutIcd-WK7vSsGRzH5S2H895mmW4ZrlaS1oQ4VvmPhb21qBnZE&amp;__tn__=%2ANK-R\" data-ft=\"{&quot;type&quot;:104,&quot;tn&quot;:&quot;*N&quot;}\"><span class=\"_5afx\"><span class=\"_58cl _5afz\" aria-label=\"hashtag\">#<\/span><span class=\"_58cm\">pazienti<\/span><\/span><\/a> o utenti delle strutture aziendali dell\u2019Ulss 1 Dolomiti. Si comunica che di tale procedura \u00e8 stata informata la Prefettura di Belluno.<\/p>\n<hr \/>\n<p>&nbsp;<\/p>\n<p>&nbsp;<\/p>\n<p>&nbsp;<\/p>\n<blockquote class=\"wp-embedded-content\" data-secret=\"2rBfPUkS0l\"><p><a href=\"https:\/\/www.radiopiu.net\/wordpress\/piu-di-una-settimana-fa-il-sindacato-dei-medici-italiani-aveva-chiesto-la-chiusura-degli-ambulatori-specialistici\/\">PIU&#8217; DI UNA SETTIMANA FA  IL SINDACATO DEI MEDICI ITALIANI AVEVA CHIESTO LA CHIUSURA DEGLI AMBULATORI SPECIALISTICI.<\/a><\/p><\/blockquote>\n<p><iframe loading=\"lazy\" title=\"&#8220;PIU&#8217; DI UNA SETTIMANA FA  IL SINDACATO DEI MEDICI ITALIANI AVEVA CHIESTO LA CHIUSURA DEGLI AMBULATORI SPECIALISTICI.&#8221; &#8212; Radio Pi\u00f9\" class=\"wp-embedded-content\" sandbox=\"allow-scripts\" security=\"restricted\" style=\"position: absolute; clip: rect(1px, 1px, 1px, 1px);\" src=\"https:\/\/www.radiopiu.net\/wordpress\/piu-di-una-settimana-fa-il-sindacato-dei-medici-italiani-aveva-chiesto-la-chiusura-degli-ambulatori-specialistici\/embed\/#?secret=2rBfPUkS0l\" data-secret=\"2rBfPUkS0l\" width=\"600\" height=\"338\" frameborder=\"0\" marginwidth=\"0\" marginheight=\"0\" scrolling=\"no\"><\/iframe><\/p>\n<p>&nbsp;<\/p>\n<p>&nbsp;<\/p>\n<hr \/>\n<blockquote>\n<h3>ASSESSORE VENETO AL TURISMO CANER: \u201cCONSENTIRE AGLI ITALIANI DI DEDURRE LE SPESE PER LE VACANZE E I VIAGGI NEL NOSTRO TERRITORIO NAZIONALE\u201d<\/h3>\n<\/blockquote>\n<p class=\"p1\"><span class=\"s1\"><a class=\"dt-pswp-item\" href=\"https:\/\/www.radiopiu.net\/wordpress\/wp-content\/uploads\/2017\/03\/350-2017-Ass.-Caner.jpg\" data-dt-img-description=\"\" data-large_image_width=\"999\" data-large_image_height=\"762\"><img loading=\"lazy\" decoding=\"async\" class=\"size-medium wp-image-29633 alignleft\" src=\"https:\/\/www.radiopiu.net\/wordpress\/wp-content\/uploads\/2017\/03\/350-2017-Ass.-Caner-300x229.jpg\" alt=\"\" width=\"300\" height=\"229\" \/><\/a><strong>VENEZIA <\/strong>Incentivare le ferie e i viaggi degli italiani in Italia, prevedendo delle agevolazioni fiscali per i nostri connazionali che nei prossimi mesi decidono di trascorrere le proprie vacanze in patria. <\/span><span class=\"s1\">La proposta \u00e8 dell\u2019assessore al turismo della Regione del Veneto, Federico Caner, impegnato in queste settimane su diversi tavoli di approfondimento e di confronto, a livello nazionale e regionale, per far fronte alle conseguenze del coronavirus sulla nostra economia turistica.\u00a0<\/span><span class=\"s1\"> \u201cRibadisco con forza che dobbiamo distinguere le due fasi di intervento per uscire da questa grave situazione \u2013 precisa l\u2019assessore \u2013. La principale \u00e8 ovviamente quella che ci deve portare al superamento dell\u2019emergenza sanitaria e al graduale ritorno alla normalit\u00e0. Il Veneto, sul fronte medico, che \u00e8 quello pi\u00f9 pressante, si sta confermando come modello da seguire non solo per il nostro Paese ma a livello internazionale: siamo in buone mani e questo \u00e8 gi\u00e0 un fatto estremamente incoraggiante. Nel contempo dobbiamo pianificare un sistema di interventi e azioni per affrontare la crisi economica che, per quanto riguarda il turismo, si deve sviluppare in due momenti successivi: il primo relativo all\u2019attuazione di provvedimenti finalizzati alla salvaguardia di imprese e lavoratori, come l\u2019utilizzo di ammortizzatori sociali,<span class=\"Apple-converted-space\">\u00a0 <\/span>agevolazioni fiscali, posticipo di pagamenti, contributi mirati, adeguamento delle norme alla situazione di crisi; il secondo finalizzato alla creazione di una campagna promozionale straordinaria, concentrando la maggior quantit\u00e0 di risorse possibili e superando inutili e improduttivi localismi\u201d. <\/span><span class=\"s1\">\u201cTra gli aiuti al turismo, prima industria regionale del Veneto \u2013 sottolinea Caner \u2013,<span class=\"Apple-converted-space\">\u00a0 <\/span>ritengo che la deducibilit\u00e0 fiscale delle spese certificate sostenute dagli italiani che faranno le loro vacanze e i loro viaggi nel territorio nazionale sia una delle opportunit\u00e0 pi\u00f9 interessanti da considerare. Il Veneto, con la sua molteplicit\u00e0 di offerte, in grado di soddisfare le esigenze pi\u00f9 diverse, dal mare alla montagna, dalle citt\u00e0 d\u2019arte alle terme, dal lago agli innumerevoli itinerari di interesse ambientale, naturalistico ed enogastronomico, rappresenta una delle mete pi\u00f9 complete e attraenti. Inoltre, si <\/span><span class=\"s1\">darebbe cos\u00ec nuovo slancio al mercato interno che negli ultimi anni, ancor prima di questa emergenza, aveva segnato un po\u2019 il passo\u201d. <\/span><span class=\"s1\">L\u2019assessore, infine, commenta la decisione di alcune grandi piattaforme del travel on line di autorizzare la cancellazione gratuita delle prenotazioni di camere e alloggi in ampie zone d\u2019Italia ritenute ingiustificatamente a rischio: \u201cUna scelta improvvida e inaccettabile che sta danneggiando enormemente le nostre aziende \u2013 sostiene Caner \u2013 e alla quale dobbiamo reagire, in primis il Governo nazionale, inducendo queste multinazionali a riconoscere le reali condizioni dei nostri territori che non sono e non saranno mai dei lazzaretti, come queste assurde decisioni lasciano falsamente intendere. E chiss\u00e0 che questa non sia l\u2019occasione per fare davvero squadra, sfruttando pienamente una piattaforma digitale tutta nostra: nel Veneto l\u2019abbiamo gi\u00e0 creata e si chiama DMS, Destination Management System, uno strumento che ci pu\u00f2 rendere competitivi anche nel mercato on line\u201d.<\/span><\/p>\n<p>&nbsp;<\/p>\n<hr \/>\n<h3><\/h3>\n<blockquote>\n<h3>ASCA ALLARGA LO SMART WORKING<\/h3>\n<\/blockquote>\n<p><a class=\"dt-pswp-item\" href=\"https:\/\/www.radiopiu.net\/wordpress\/wp-content\/uploads\/2020\/03\/SMART-WORKING.jpg\" data-dt-img-description=\"\" data-large_image_width=\"1198\" data-large_image_height=\"844\"><img loading=\"lazy\" decoding=\"async\" class=\"size-medium wp-image-120941 alignleft\" src=\"https:\/\/www.radiopiu.net\/wordpress\/wp-content\/uploads\/2020\/03\/SMART-WORKING-300x211.jpg\" alt=\"\" width=\"300\" height=\"211\" srcset=\"https:\/\/www.radiopiu.net\/wordpress\/wp-content\/uploads\/2020\/03\/SMART-WORKING-300x211.jpg 300w, https:\/\/www.radiopiu.net\/wordpress\/wp-content\/uploads\/2020\/03\/SMART-WORKING-1024x721.jpg 1024w, https:\/\/www.radiopiu.net\/wordpress\/wp-content\/uploads\/2020\/03\/SMART-WORKING-768x541.jpg 768w, https:\/\/www.radiopiu.net\/wordpress\/wp-content\/uploads\/2020\/03\/SMART-WORKING.jpg 1198w\" sizes=\"auto, (max-width: 300px) 100vw, 300px\" \/><\/a><strong>AGORDO<\/strong> Lo smart working \u00e8 pronto per ASCA. Lo annuncia il l&#8217;amministratore unico dell&#8217;azienda Mariachiara Santin con un comunicato che pubblichiamo.<\/p>\n<p class=\"gmail-western\" align=\"left\"><em><span style=\"color: #444444;\"><span style=\"font-family: Arial, sans-serif;\"><span lang=\"it-IT\">Asca (azienda sanitaria consortile agordina) \u00e8 pronta allo smart working perch\u00e9 lo ha messo in atto da<\/span><\/span><\/span><\/em><em><span style=\"color: #222222;\"><span style=\"font-family: Arial, sans-serif;\"><span lang=\"it-IT\">\u00a0un anno\u00a0<\/span><\/span><\/span><\/em><em><span style=\"color: #222222;\"><span style=\"font-family: Arial, sans-serif;\"><span lang=\"it-IT\">ed ora esso\u00a0<\/span><\/span><\/span><\/em><em><span style=\"color: #222222;\"><span style=\"font-family: Arial, sans-serif;\"><span lang=\"it-IT\">diventa una risorsa immediatamente spendibile per tutti i collaboratori che non lavorano direttamente con l\u2019anziano. <\/span><\/span><\/span><\/em><em><span style=\"color: #222222;\"><span style=\"font-family: Arial, sans-serif;\"><span lang=\"it-IT\">I collaboratori di Asca sono in larghissima misura i \u201cprofessionisti della cura\u201d dei quali in questi giorni sentiamo parlare ininterrottamente e, nell\u2019Azienda Agordina, stanno dimostrando professionalit\u00e0 e umanit\u00e0 garantendo la partecipazione e la presenza, utilizzando ancor pi\u00f9 le nuove tecnologie\u00a0<\/span><\/span><\/span><\/em><em><span style=\"color: #222222;\"><span style=\"font-family: Arial, sans-serif;\"><span lang=\"it-IT\">e<\/span><\/span><\/span><\/em><em><span style=\"color: #222222;\"><span style=\"font-family: Arial, sans-serif;\"><span lang=\"it-IT\">\u00a0andando ben oltre quello che la stessa Direzione richiede, fino a far sfumare il loro ruolo in quello del volontario che, purtroppo, in questo periodo, non pu\u00f2 accedere alla residenza.<\/span><\/span><\/span><\/em><em><span style=\"color: #444444;\"><span style=\"font-family: Arial, sans-serif;\"><span lang=\"it-IT\"><br \/>\n<\/span><\/span><\/span><\/em><em><span style=\"color: #222222;\"><span style=\"font-family: Arial, sans-serif;\"><span lang=\"it-IT\">Ci sono per\u00f2 altri professionisti che,\u00a0<\/span><\/span><\/span><\/em><em><span style=\"color: #222222;\"><span style=\"font-family: Arial, sans-serif;\"><span lang=\"it-IT\">pur\u00a0<\/span><\/span><\/span><\/em><em><span style=\"color: #222222;\"><span style=\"font-family: Arial, sans-serif;\"><span lang=\"it-IT\">con ruoli diversi,\u00a0<\/span><\/span><\/span><\/em><em><span style=\"color: #222222;\"><span style=\"font-family: Arial, sans-serif;\"><span lang=\"it-IT\">da marted\u00ec 9 marzo si faranno\u00a0<\/span><\/span><\/span><\/em><em><span style=\"color: #222222;\"><span style=\"font-family: Arial, sans-serif;\"><span lang=\"it-IT\">carico di anziani, operatori, famiglie, territori, servizi amministrativi\u00a0<\/span><\/span><\/span><\/em><em><span style=\"color: #222222;\"><span style=\"font-family: Arial, sans-serif;\"><span lang=\"it-IT\">e<\/span><\/span><\/span><\/em><em><span style=\"color: #222222;\"><span style=\"font-family: Arial, sans-serif;\"><span lang=\"it-IT\"> progetti innovativi da casa.\u00a0<\/span><\/span><\/span><\/em><em><span style=\"color: #222222;\"><span style=\"font-family: Arial, sans-serif;\"><span lang=\"it-IT\">Una soluzione che ha subito un\u2019accelerazione sia in seguito alla\u00a0<\/span><\/span><\/span><\/em><em><span style=\"color: #222222;\"><span style=\"font-family: Arial, sans-serif;\"><span lang=\"it-IT\">specificit\u00e0 della situazione\u00a0<\/span><\/span><\/span><\/em><em><span style=\"color: #222222;\"><span style=\"font-family: Arial, sans-serif;\"><span lang=\"it-IT\">sia perch\u00e9\u00a0<\/span><\/span><\/span><\/em><em><span style=\"color: #222222;\"><span style=\"font-family: Arial, sans-serif;\"><span lang=\"it-IT\">\u00e8 opportun<\/span><\/span><\/span><\/em><em><span style=\"color: #222222;\"><span style=\"font-family: Arial, sans-serif;\"><span lang=\"it-IT\">a\u00a0<\/span><\/span><\/span><\/em><em><span style=\"color: #222222;\"><span style=\"font-family: Arial, sans-serif;\"><span lang=\"it-IT\">per seguire le indicazioni del Ministero del\u00a0<\/span><\/span><\/span><\/em><em><span style=\"color: #222222;\"><span style=\"font-family: Arial, sans-serif;\"><span lang=\"it-IT\">L<\/span><\/span><\/span><\/em><em><span style=\"color: #222222;\"><span style=\"font-family: Arial, sans-serif;\"><span lang=\"it-IT\">avoro, ma\u00a0<\/span><\/span><\/span><\/em><em><span style=\"color: #222222;\"><span style=\"font-family: Arial, sans-serif;\"><span lang=\"it-IT\">essa\u00a0<\/span><\/span><\/span><\/em><em><span style=\"color: #222222;\"><span style=\"font-family: Arial, sans-serif;\"><span lang=\"it-IT\">\u00e8 realmente possibile solo perch\u00e9 gi\u00e0 sperimentat<\/span><\/span><\/span><\/em><em><span style=\"color: #222222;\"><span style=\"font-family: Arial, sans-serif;\"><span lang=\"it-IT\">a<\/span><\/span><\/span><\/em><em><span style=\"color: #222222;\"><span style=\"font-family: Arial, sans-serif;\"><span lang=\"it-IT\">. <\/span><\/span><\/span><\/em><em><span style=\"color: #222222;\"><span style=\"font-family: Arial, sans-serif;\"><span lang=\"it-IT\">Per mettere in atto\u00a0<\/span><\/span><\/span><\/em><em><span style=\"color: #222222;\"><span style=\"font-family: Arial, sans-serif;\"><span lang=\"it-IT\">tecnicamente\u00a0<\/span><\/span><\/span><\/em><em><span style=\"color: #222222;\"><span style=\"font-family: Arial, sans-serif;\"><span lang=\"it-IT\">lo\u00a0<\/span><\/span><\/span><\/em><em><span style=\"color: #222222;\"><span style=\"font-family: Arial, sans-serif;\"><span lang=\"it-IT\">s<\/span><\/span><\/span><\/em><em><span style=\"color: #222222;\"><span style=\"font-family: Arial, sans-serif;\"><span lang=\"it-IT\">mart working il passaggio semplice e veloce:\u00a0<\/span><\/span><\/span><\/em><em><span style=\"color: #222222;\"><span style=\"font-family: Arial, sans-serif;\"><span lang=\"it-IT\">e Asca lo ha fatto dotando gli operatori di un pc portatile e collegandolo al server dell\u2019Azien<\/span><\/span><\/span><\/em><em><span style=\"color: #222222;\"><span style=\"font-family: Arial, sans-serif;\"><span lang=\"it-IT\">d<\/span><\/span><\/span><\/em><em><span style=\"color: #222222;\"><span style=\"font-family: Arial, sans-serif;\"><span lang=\"it-IT\">a. Ci\u00f2 che \u00e8 nuovo\u00a0<\/span><\/span><\/span><\/em><em><span style=\"color: #222222;\"><span style=\"font-family: Arial, sans-serif;\"><span lang=\"it-IT\">\u00e8 un\u00a0<\/span><\/span><\/span><\/em><em><span style=\"color: #222222;\"><span style=\"font-family: Arial, sans-serif;\"><span lang=\"it-IT\">passaggio culturale:\u00a0<\/span><\/span><\/span><\/em><em><span style=\"color: #222222;\"><span style=\"font-family: Arial, sans-serif;\"><span lang=\"it-IT\">ed esso\u00a0<\/span><\/span><\/span><\/em><em><span style=\"color: #222222;\"><span style=\"font-family: Arial, sans-serif;\"><span lang=\"it-IT\">richiede tempo perch\u00e9 \u00e8 necessario andare al di l\u00e0 della logica della prestazione e focalizzarsi sul risultato in un rapporto di fiducia con i propri collaboratori e fra colleghi che non prescinde dai controlli del tempo dedicato al lavoro. <\/span><\/span><\/span><\/em><em><span style=\"color: #222222;\"><span style=\"font-family: Arial, sans-serif;\"><span lang=\"it-IT\">Per questo averlo gi\u00e0 sperimentato da un anno \u2013<\/span><\/span><\/span><\/em><em><span style=\"color: #222222;\"><span style=\"font-family: Arial, sans-serif;\"><span lang=\"it-IT\">\u00a0\u00e8 il caso per esempio di una figura amministrativa di vertice &#8211;\u00a0<\/span><\/span><\/span><\/em><em><span style=\"color: #222222;\"><span style=\"font-family: Arial, sans-serif;\"><span lang=\"it-IT\">ha facilitato la decisione presa\u00a0<\/span><\/span><\/span><\/em><em><span style=\"color: #222222;\"><span style=\"font-family: Arial, sans-serif;\"><span lang=\"it-IT\">dai vertici aziendali. E cos\u00ec da dopodomani, cio\u00e8 da\u00a0<\/span><\/span><\/span><\/em><em><span style=\"color: #222222;\"><span style=\"font-family: Arial, sans-serif;\"><span lang=\"it-IT\">marted\u00ec 9, gli uffici di Asca saranno spostati in domicili diversi,\u00a0<\/span><\/span><\/span><\/em><em><span style=\"color: #222222;\"><span style=\"font-family: Arial, sans-serif;\"><span lang=\"it-IT\">cio\u00e8 a casa dei singoli professionisti, ed\u00a0<\/span><\/span><\/span><\/em><em><span style=\"color: #222222;\"><span style=\"font-family: Arial, sans-serif;\"><span lang=\"it-IT\">\u201caperti\u201d come sempre a chi telefona, scrive, manda e<\/span><\/span><\/span><\/em><em><span style=\"color: #222222;\"><span style=\"font-family: Arial, sans-serif;\"><span lang=\"it-IT\">&#8211;<\/span><\/span><\/span><\/em><em><span style=\"color: #222222;\"><span style=\"font-family: Arial, sans-serif;\"><span lang=\"it-IT\">mail.\u00a0<\/span><\/span><\/span><\/em><em><span style=\"color: #222222;\"><span style=\"font-family: Arial, sans-serif;\"><span lang=\"it-IT\">A raccogliere i bisogni del territorio continueranno ad essere\u00a0<\/span><\/span><\/span><\/em><em><span style=\"color: #222222;\"><span style=\"font-family: Arial, sans-serif;\"><span lang=\"it-IT\">gli assistenti sociali Stefano Masini, Elena Palua e Giulia Mondin che si fanno carico di tutti i\u00a0<\/span><\/span><\/span><\/em><em><span style=\"color: #222222;\"><span style=\"font-family: Arial, sans-serif;\"><span lang=\"it-IT\">Comuni dell\u2019Agordino\u00a0<\/span><\/span><\/span><\/em><em><span style=\"color: #222222;\"><span style=\"font-family: Arial, sans-serif;\"><span lang=\"it-IT\">rispondendo a<\/span><\/span><\/span><\/em><em><span style=\"color: #222222;\"><span style=\"font-family: Arial, sans-serif;\"><span lang=\"it-IT\">lle richieste specifiche dei\u00a0<\/span><\/span><\/span><\/em><em><span style=\"color: #222222;\"><span style=\"font-family: Arial, sans-serif;\"><span lang=\"it-IT\">cittadini ed effettu<\/span><\/span><\/span><\/em><em><span style=\"color: #222222;\"><span style=\"font-family: Arial, sans-serif;\"><span lang=\"it-IT\">ando anche, se necessarie,\u00a0<\/span><\/span><\/span><\/em><em><span style=\"color: #222222;\"><span style=\"font-family: Arial, sans-serif;\"><span lang=\"it-IT\">le visite domiciliari secondo tutte le indicazioni sanitarie.\u00a0<\/span><\/span><\/span><\/em><\/p>\n<hr \/>\n<p>&nbsp;<\/p>\n<blockquote>\n<h3>DALLE 5.43 DI IERI MATTINA LA TERRA NON TREMA PIU&#8217; NEL FELTRINO. FINE DELLO SCIAME SISMICO?<\/h3>\n<\/blockquote>\n<p><a class=\"dt-pswp-item\" href=\"https:\/\/www.radiopiu.net\/wordpress\/wp-content\/uploads\/2020\/03\/graph-27783_960_720.png\" data-dt-img-description=\"\" data-large_image_width=\"720\" data-large_image_height=\"720\"><img loading=\"lazy\" decoding=\"async\" class=\" wp-image-121001 alignleft\" src=\"https:\/\/www.radiopiu.net\/wordpress\/wp-content\/uploads\/2020\/03\/graph-27783_960_720-300x300.png\" alt=\"\" width=\"170\" height=\"170\" srcset=\"https:\/\/www.radiopiu.net\/wordpress\/wp-content\/uploads\/2020\/03\/graph-27783_960_720-300x300.png 300w, https:\/\/www.radiopiu.net\/wordpress\/wp-content\/uploads\/2020\/03\/graph-27783_960_720-150x150.png 150w, https:\/\/www.radiopiu.net\/wordpress\/wp-content\/uploads\/2020\/03\/graph-27783_960_720.png 720w\" sizes=\"auto, (max-width: 170px) 100vw, 170px\" \/><\/a><strong>PEDAVENA<\/strong> Da ieri mattina alle 5.43\u00a0 la terra non trema pi\u00f9 nel feltrino (monte Avena). Tregua o fine dello sciame sismico? Di seguito ecco quanto accaduto da giovedi ser (c&#8217;erano state gi\u00f9 due scosse al mattino una di 2,9 di magnitufo) a sabato, l&#8217;elenco di tutte le scosse registrate dall&#8217;Istituto IGV:<br \/>\nDi seguito giorno, ora e magnituo<\/p>\n<p><strong>GIOVEDI<\/strong> 20,46 &#8211; 1,3 PEDAVENA, <strong>VENERDI<\/strong> 14,18-1,7 PEDAVENA, 19,13-1,3 PEDAVENA, 20,21-2,8 PEDAVENA, 20,26-1,8 PEDAVENA, 20,44-1,7 SOVRAMONTE, 21.04-1,3 PEDAVENA, 21.20-1,3 PEDAVENA, 21.42-1,4 PEDAVENA, 22.17-1,9 PEDAVENA, 22.19 -2,1 PEDAVENA, 23.12-1,3\u00a0 <strong>SABATO<\/strong> SOVRAMONTE, \u00a03.54-1,7 SOVRAMONTE, 5.43 1,4 SOVRAMONTE.<\/p>\n<p>&nbsp;<\/p>\n<hr \/>\n<p>&nbsp;<\/p>\n<p>&nbsp;<\/p>\n<blockquote>\n<h2><a class=\"dt-pswp-item\" href=\"https:\/\/www.radiopiu.net\/wordpress\/wp-content\/uploads\/2019\/07\/consiglio-rocca-4.jpeg\" data-dt-img-description=\"\" data-large_image_width=\"1600\" data-large_image_height=\"901\"><img loading=\"lazy\" decoding=\"async\" class=\"wp-image-92227 alignleft\" src=\"https:\/\/www.radiopiu.net\/wordpress\/wp-content\/uploads\/2019\/07\/consiglio-rocca-4-300x169.jpeg\" alt=\"\" width=\"170\" height=\"96\" srcset=\"https:\/\/www.radiopiu.net\/wordpress\/wp-content\/uploads\/2019\/07\/consiglio-rocca-4-300x169.jpeg 300w, https:\/\/www.radiopiu.net\/wordpress\/wp-content\/uploads\/2019\/07\/consiglio-rocca-4-768x432.jpeg 768w, https:\/\/www.radiopiu.net\/wordpress\/wp-content\/uploads\/2019\/07\/consiglio-rocca-4-1024x577.jpeg 1024w, https:\/\/www.radiopiu.net\/wordpress\/wp-content\/uploads\/2019\/07\/consiglio-rocca-4.jpeg 1600w\" sizes=\"auto, (max-width: 170px) 100vw, 170px\" \/><\/a><\/h2>\n<h2>QUESTA SERA A ROCCA PIETORE CONSIGLIO COMUNALE A PORTE CHIUSE, LA IRACI BORGIA ABBANDONA DE BERNARDIN<\/h2>\n<\/blockquote>\n<p>&nbsp;<\/p>\n<audio class=\"wp-audio-shortcode\" id=\"audio-121041-3\" preload=\"none\" style=\"width: 100%;\" controls=\"controls\"><source type=\"audio\/mpeg\" src=\"https:\/\/www.radiopiu.net\/wordpress\/wp-content\/uploads\/2020\/03\/consiglio-rocca.mp3?_=3\" \/><a href=\"https:\/\/www.radiopiu.net\/wordpress\/wp-content\/uploads\/2020\/03\/consiglio-rocca.mp3\">https:\/\/www.radiopiu.net\/wordpress\/wp-content\/uploads\/2020\/03\/consiglio-rocca.mp3<\/a><\/audio>\n<p><strong>DI GIANNI SAN TOMASO<\/strong><\/p>\n<audio class=\"wp-audio-shortcode\" id=\"audio-121041-4\" preload=\"none\" style=\"width: 100%;\" controls=\"controls\"><source type=\"audio\/mpeg\" src=\"https:\/\/www.radiopiu.net\/wordpress\/wp-content\/uploads\/2020\/03\/giani-rocca.mp3?_=4\" \/><a href=\"https:\/\/www.radiopiu.net\/wordpress\/wp-content\/uploads\/2020\/03\/giani-rocca.mp3\">https:\/\/www.radiopiu.net\/wordpress\/wp-content\/uploads\/2020\/03\/giani-rocca.mp3<\/a><\/audio>\n<p>&nbsp;<\/p>\n<p>&nbsp;<\/p>\n<hr \/>\n<p>&nbsp;<\/p>\n<p>&nbsp;<\/p>\n<h3><a class=\"dt-pswp-item\" href=\"https:\/\/www.radiopiu.net\/wordpress\/wp-content\/uploads\/2016\/01\/CENCENIGHE.jpg\" data-dt-img-description=\"\" data-large_image_width=\"600\" data-large_image_height=\"600\"><img loading=\"lazy\" decoding=\"async\" class=\"wp-image-15461 alignleft\" src=\"https:\/\/www.radiopiu.net\/wordpress\/wp-content\/uploads\/2016\/01\/CENCENIGHE-300x300.jpg\" alt=\"\" width=\"213\" height=\"213\" \/><\/a><\/h3>\n<h3><\/h3>\n<h3>OGGI CONSIGLIO COMUNALE, C&#8217;E&#8217; LA GARA PER LA DISTRIBUZIONE DEL GAS<\/h3>\n<p>&nbsp;<\/p>\n<p>&nbsp;<\/p>\n<p>&nbsp;<\/p>\n<p><strong>CENCENIGHE<\/strong><\/p>\n<p><strong>DI GIANNI SANTOMASO<\/strong><\/p>\n<audio class=\"wp-audio-shortcode\" id=\"audio-121041-5\" preload=\"none\" style=\"width: 100%;\" controls=\"controls\"><source type=\"audio\/mpeg\" src=\"https:\/\/www.radiopiu.net\/wordpress\/wp-content\/uploads\/2020\/03\/consiglio-cencenighe.mp3?_=5\" \/><a href=\"https:\/\/www.radiopiu.net\/wordpress\/wp-content\/uploads\/2020\/03\/consiglio-cencenighe.mp3\">https:\/\/www.radiopiu.net\/wordpress\/wp-content\/uploads\/2020\/03\/consiglio-cencenighe.mp3<\/a><\/audio>\n<p>&nbsp;<\/p>\n<p>&nbsp;<\/p>\n<hr \/>\n<blockquote>\n<h3><\/h3>\n<h3>DOMANI CONSIGLIO COMUNALE A TAIBON, MERCOLEDI A RIVAMONTE<\/h3>\n<\/blockquote>\n<p>&nbsp;<\/p>\n<blockquote>\n<h3><a class=\"dt-pswp-item\" href=\"https:\/\/www.radiopiu.net\/wordpress\/wp-content\/uploads\/2019\/05\/TAIBON-SILVIA-TORMEN.jpeg\" data-dt-img-description=\"\" data-large_image_width=\"1062\" data-large_image_height=\"1600\"><img loading=\"lazy\" decoding=\"async\" class=\"wp-image-86482 alignleft\" src=\"https:\/\/www.radiopiu.net\/wordpress\/wp-content\/uploads\/2019\/05\/TAIBON-SILVIA-TORMEN-199x300.jpeg\" alt=\"\" width=\"117\" height=\"176\" srcset=\"https:\/\/www.radiopiu.net\/wordpress\/wp-content\/uploads\/2019\/05\/TAIBON-SILVIA-TORMEN-199x300.jpeg 199w, https:\/\/www.radiopiu.net\/wordpress\/wp-content\/uploads\/2019\/05\/TAIBON-SILVIA-TORMEN-768x1157.jpeg 768w, https:\/\/www.radiopiu.net\/wordpress\/wp-content\/uploads\/2019\/05\/TAIBON-SILVIA-TORMEN-680x1024.jpeg 680w, https:\/\/www.radiopiu.net\/wordpress\/wp-content\/uploads\/2019\/05\/TAIBON-SILVIA-TORMEN.jpeg 1062w\" sizes=\"auto, (max-width: 117px) 100vw, 117px\" \/><\/a><\/h3>\n<p>DI GIANNI SANTOMASO<\/p><\/blockquote>\n<p>&nbsp;<\/p>\n<audio class=\"wp-audio-shortcode\" id=\"audio-121041-6\" preload=\"none\" style=\"width: 100%;\" controls=\"controls\"><source type=\"audio\/mpeg\" src=\"https:\/\/www.radiopiu.net\/wordpress\/wp-content\/uploads\/2020\/03\/consiglio-gianni-taibon.mp3?_=6\" \/><a href=\"https:\/\/www.radiopiu.net\/wordpress\/wp-content\/uploads\/2020\/03\/consiglio-gianni-taibon.mp3\">https:\/\/www.radiopiu.net\/wordpress\/wp-content\/uploads\/2020\/03\/consiglio-gianni-taibon.mp3<\/a><\/audio>\n<p>&nbsp;<\/p>\n<hr \/>\n<p>&nbsp;<\/p>\n<p>&nbsp;<\/p>\n<blockquote>\n<h3><a class=\"dt-pswp-item\" href=\"https:\/\/www.radiopiu.net\/wordpress\/wp-content\/uploads\/2019\/07\/1-AGORDO-10-8-2018-3.jpg\" data-dt-img-description=\"\" data-large_image_width=\"1024\" data-large_image_height=\"683\"><img loading=\"lazy\" decoding=\"async\" class=\"size-medium wp-image-92180 alignleft\" src=\"https:\/\/www.radiopiu.net\/wordpress\/wp-content\/uploads\/2019\/07\/1-AGORDO-10-8-2018-3-300x200.jpg\" alt=\"\" width=\"300\" height=\"200\" srcset=\"https:\/\/www.radiopiu.net\/wordpress\/wp-content\/uploads\/2019\/07\/1-AGORDO-10-8-2018-3-300x200.jpg 300w, https:\/\/www.radiopiu.net\/wordpress\/wp-content\/uploads\/2019\/07\/1-AGORDO-10-8-2018-3-768x512.jpg 768w, https:\/\/www.radiopiu.net\/wordpress\/wp-content\/uploads\/2019\/07\/1-AGORDO-10-8-2018-3.jpg 1024w\" sizes=\"auto, (max-width: 300px) 100vw, 300px\" \/><\/a>DA OGGI VIA AI LAVORI IN PIAZZA AD AGORDO, COME CAMBIA IL SERVIZIO TRASPORTI<\/h3>\n<\/blockquote>\n<p>&nbsp;<\/p>\n<p>QUATTRO SETTIMANE SENZA AUTOBUS IN PIAZZA LIBERTA&#8217;<\/p>\n<p><strong>DI GIANNI SANTOMASO<\/strong><\/p>\n<audio class=\"wp-audio-shortcode\" id=\"audio-121041-7\" preload=\"none\" style=\"width: 100%;\" controls=\"controls\"><source type=\"audio\/mpeg\" src=\"https:\/\/www.radiopiu.net\/wordpress\/wp-content\/uploads\/2020\/03\/gianni-chiusura.mp3?_=7\" \/><a href=\"https:\/\/www.radiopiu.net\/wordpress\/wp-content\/uploads\/2020\/03\/gianni-chiusura.mp3\">https:\/\/www.radiopiu.net\/wordpress\/wp-content\/uploads\/2020\/03\/gianni-chiusura.mp3<\/a><\/audio>\n<p>&nbsp;<\/p>\n<hr \/>\n<blockquote>\n<h3><\/h3>\n<h3>LA LEGA NORD BELLUNESE IN RISPOSTA ALLA LETTERA DEL GRUPPO BELLUNO, SVILUPPO FUTURO<\/h3>\n<\/blockquote>\n<p>degli Onorevoli Paolo Saviane e Mirco Badole<\/p>\n<p><strong>BELLUNO<\/strong> In risposta alle richieste poste nei giorni scorsi alla comunit\u00e0 politica e istituzionale bellunese dal gruppo \u2018Belluno, Sviluppo e Futuro\u2019 in merito alla attuale situazione sanitaria ed economica, quali rappresentanti della Lega, ci sentiamo di render noto quanto, il movimento di cui facciamo parte, sia stato in queste settimane attivo e propositivo in tutti i luoghi ove \u00e8 rappresentato. L\u2019atteggiamento tenuto dalla Lega sia a livello nazionale che regionale e quindi locale \u00e8 quello di una forza che ha voluto produrre delle proposte curate, tenendo sicuramente conto dell\u2019aspetto sanitario per il quale saranno gli esperti in materia a definire le migliori strategie per il paese intero. Queste proposte puntuali vanno nella direzione di un rilancio economico dell\u2019Italia, del Veneto e della Provincia di Belluno. La priorit\u00e0 di aiutare le categorie del settore turistico, del settore alberghiero passando per quello della ristorazione e dell\u2019intrattenimento senza dimenticare il tessuto produttivo delle nostre aziende e imprese \u00e8 una necessit\u00e0 che si traduce non a caso nella richiesta dell\u2019istituzione di una ZES (zona speciale economica) per la nostra provincia. Questo perch\u00e9 siamo ben consapevoli di come le nostre imprese bellunesi, grazie al loro sguardo globale, stiano soffrendo di questo \u2018blocco\u2019 dovuto al Covid-19 e per questo riteniamo sia urgente intervenire, a stretto rapporto con le categorie di settore, per fare fronte comune all\u2019emergenza per mezzo di una defiscalizzazione. La Lega \u2013 Salvini Premier ha infatti subito elaborato una serie di proposte da condividere a livello parlamentare quali una cedolare secca al 20% per gli immobili commerciali nell\u2019anno 2020 piuttosto che la sospensione delle rate per la rottamazione e simili adempimenti imminenti. Crediamo fortemente in queste proposte che riteniamo possano essere una seria e concretamente attuabile risposta alla crisi sanitaria e economica che ci stiamo trovando ad affrontare.<\/p>\n<h3><\/h3>\n<h3><\/h3>\n<hr \/>\n<h3><\/h3>\n<blockquote>\n<h3 align=\"JUSTIFY\"><span style=\"font-family: Arial, sans-serif;\"><span style=\"font-size: small;\">APPALTI PUBBLICI A BELLUNO &#8211; Sempre troppo tardi!<\/span><\/span><\/h3>\n<\/blockquote>\n<p align=\"JUSTIFY\">Intervento di Franco Roccon per Civilt\u00e0 Bellunese<\/p>\n<p align=\"JUSTIFY\"><strong>BELLUNO <\/strong><span style=\"font-family: Arial, sans-serif;\"><span style=\"font-size: small;\">Apprendiamo con piacere che finalmente il sindaco Massaro, con 15 mesi di ritardo, si \u00e8 accorto delle imprese bellunesi e dell\u2019elenco insito nella legge 25\/2014 detenuto dalla Provincia. <\/span><\/span><span style=\"font-family: Arial, sans-serif;\"><span style=\"font-size: small;\">Glielo abbiamo detto in tutte le salse nel novembre\/ dicembre 2018 l\u2019importanza di quest\u2019elenco, allorch\u00e9 approvava la convenzione con la Provincia di Vicenza per la gestione degli appalti pubblici inerenti la rigenerazione urbana, di tenere in considerazione le disposizioni della legge 25\/14 oltre ad eliminare dalla convenzione la gestione delle gare con il massimo ribasso. La sua miopia ed impreparazione ha fatto si che tutte le gare sono peraltro uscite senza il coinvolgimento diretto delle imprese bellunesi e sette su otto con il massimo ribasso. <\/span><\/span><span style=\"font-family: Arial, sans-serif;\"><span style=\"font-size: small;\">Ora, dopo oltre un anno la prima cosa \u00e8 riuscito a stabilirla nero su bianco con una delibera; aspettiamo di vedere anche le tassative indicazioni alla stazione appaltante vicentina di non emettere bandi al massimo ribasso che pregiudicano, sempre, la qualit\u00e0 del lavoro e lo strozzinaggio delle offerte. <\/span><\/span><span style=\"font-family: Arial, sans-serif;\"><span style=\"font-size: small;\">Questo ritardo nel recepire le nostre indicazioni ha comunque fatto perdere l\u2019opportunit\u00e0 a delle imprese bellunesi di aggiudicarsi le gare della rigenerazione urbana il cui importo complessivo viaggiava sui 35 milioni di euro. <\/span><\/span><span style=\"font-family: Arial, sans-serif;\"><span style=\"font-size: small;\">E\u2019 evidente che non \u00e8 merito del sindaco Massaro se le imprese bellunesi possono salvare dei posti di lavoro visto lo stato confusionale nell\u2019affrontare un tema tanto delicato ed importante come i lavori pubblici. A supporto di ci\u00f2, rammentiamo che, solo la scorsa settimana in Consiglio Comunale era arrivata una delibera di convenzione con la Provincia di Belluno poi ritirata.<\/span><\/span><\/p>\n<hr \/>\n<p>&nbsp;<\/p>\n<p>&nbsp;<\/p>\n<blockquote>\n<h3>CONCORSO MUSICALE CITTA&#8217; DI BELLUNO: RINVIATE LE ESIBIZIONI<\/h3>\n<\/blockquote>\n<p class=\"p1\"><span class=\"s1\"><strong><a class=\"dt-pswp-item\" href=\"https:\/\/www.radiopiu.net\/wordpress\/wp-content\/uploads\/2020\/03\/CONCORSO-MUSICALE-BELLUNO.jpeg\" data-dt-img-description=\"\" data-large_image_width=\"293\" data-large_image_height=\"172\"><img loading=\"lazy\" decoding=\"async\" class=\"size-full wp-image-120959 alignleft\" src=\"https:\/\/www.radiopiu.net\/wordpress\/wp-content\/uploads\/2020\/03\/CONCORSO-MUSICALE-BELLUNO.jpeg\" alt=\"\" width=\"293\" height=\"172\" \/><\/a>BELLUNO<\/strong> Rinviati a data da destinarsi le audizioni e i concerti finali della terza edizione del Concorso musicale Citt\u00e0 di Belluno: dopo la decisione di far slittare le audizioni delle categorie dei piccoli talenti, delle scuole musicali di primo grado a indirizzo musicale e i licei musicali previste in questi giorni, nella serata di ieri \u00e8 arrivata identica scelta anche per i quattro concerti finali e per le audizioni di tutte le categorie in gara, ad eccezione di quelle relative al concorso internazionale di canto lirico.<\/span><\/p>\n<p class=\"p1\"><span class=\"s1\">\u201c<em>Siamo arrivati a questa scelta dopo la pubblicazione delle ultime norme nazionali, che interessano direttamente eventi come il nostro. &#8211;<span class=\"Apple-converted-space\">\u00a0 <\/span>commenta la presidente del Comitato Gocce di Sole, Manuela Selvestrel, organizzatrice dell&#8217;evento con il Comune di Belluno e la Fondazione Teatri delle Dolomiti, in collaborazione con l\u2019associazione Martina Bonavera e il Club Inner Wheel di Belluno \u2013 \u00c8 stata una decisione impegnativa, sia per le ricadute che ha sugli oltre 500 iscritti che sulla macchina organizzativa e sui volontari, ma speriamo che questa emergenza possa presto rientrare cos\u00ec da poter organizzare il prima possibile il recupero\u201d<\/em>.<\/span><\/p>\n<p class=\"p1\"><span class=\"s1\">Di tutto il fitto calendario del Concorso Citt\u00e0 di Belluno, come anticipato resta fissato un solo appuntamento, quello delle audizioni per il concorso internazionale, in programma il 19 e 20 marzo: \u201c<em>Le esibizioni, che interesseranno una quindicina di artisti, si terranno esclusivamente a porte chiuse. Fisseremo degli orari precisi per le esibizioni, cos\u00ec che all&#8217;interno della sala avremo solamente l&#8217;artista in gara e la giuria, e faremo rispettare tutte le indicazioni previste dal decreto, a cominciare dal metro di distanza tra le persone. &#8211; conclude Selvestrel \u2013 La giuria poi individuer\u00e0 i cinque finalisti che verranno ricontattati, insieme a<\/em><\/span><\/p>\n<p>&nbsp;<\/p>\n<hr \/>\n<p>&nbsp;<\/p>\n<p>&nbsp;<\/p>\n<p>&nbsp;<\/p>\n<blockquote class=\"wp-embedded-content\" data-secret=\"KDuzyYUIVo\"><p><a href=\"https:\/\/www.radiopiu.net\/wordpress\/di-fiorello-zangrando-nel-1981-il-libro-un-saluto-dal-cadore-di-renato-bona\/\">\u00a0DI FIORELLO ZANGRANDO NEL 1981 IL LIBRO \u201cUN SALUTO DAL CADORE\u201d di RENATO BONA<\/a><\/p><\/blockquote>\n<p><iframe loading=\"lazy\" title=\"&#8220;\u00a0DI FIORELLO ZANGRANDO NEL 1981 IL LIBRO \u201cUN SALUTO DAL CADORE\u201d di RENATO BONA&#8221; &#8212; Radio Pi\u00f9\" class=\"wp-embedded-content\" sandbox=\"allow-scripts\" security=\"restricted\" style=\"position: absolute; clip: rect(1px, 1px, 1px, 1px);\" src=\"https:\/\/www.radiopiu.net\/wordpress\/di-fiorello-zangrando-nel-1981-il-libro-un-saluto-dal-cadore-di-renato-bona\/embed\/#?secret=KDuzyYUIVo\" data-secret=\"KDuzyYUIVo\" width=\"600\" height=\"338\" frameborder=\"0\" marginwidth=\"0\" marginheight=\"0\" scrolling=\"no\"><\/iframe><\/p>\n<p>&nbsp;<\/p>\n<p>&nbsp;<\/p>\n<hr \/>\n<p>&nbsp;<\/p>\n<p><strong>AGORDO<\/strong> Rinviata l&#8217;assemblea dell&#8217;Auser Circolo El Broi, era in programma per sabato 14 marzo. In seguito verr\u00e0 decisa la nuova data<\/p>\n<p><strong>BELLUNO<\/strong> \u00a0Annullata l&#8217;edizione numero 25 della \u201cGrande festa degli ex lavoratori in Libia\u201d. La festa \u00e8 stata riprogrammata per domenica 15 novembre 2020.<\/p>\n<p><strong>CANALE D&#8217;AGORDO<\/strong> &#8220;Oltre il confine&#8221;, con Luciana di Mauro (in previsione per la prossima settimana presso la Casa della Giovent\u00f9 di Caviola) \u00e8 stata rinviata a data da destinarsi.<\/p>\n<p><strong>LONGARONE<\/strong> Nuove date e rinvii: posticipata Agrimont nei giorni 25-26 aprile, 1-2-3 maggio; rinviata al 22-23-24 maggio l&#8217;evento Caccia Pesca e Natura.<\/p>\n<p><strong>BELLUNO<\/strong> Luiss Business School rende noto che l&#8217;avvio delle attivit\u00e0 didattiche dell&#8217;Hub Veneto delle Dolomiti, inizialmente previsto per il prossimo 13 marzo, \u00e8 posticipato al 17 aprile 2020.<\/p>\n<p><strong>BELLUNO<\/strong>\u00a0 La compagnia di ballo dello spettacolo OPEN di Daniel Ezralow, ha deciso di annullare la tourn\u00e9e Tour in Europa. Pertanto lo spettacolo previsto, all\u2019interno della rassegna BellunoDanza, per domenica 15 marzo\u00a0 al Teatro Comunale di Belluno \u00e8 stato annullato.<\/p>\n<p>&nbsp;<\/p>\n<p>&nbsp;<\/p>\n<hr \/>\n<p>&nbsp;<\/p>\n<blockquote class=\"wp-embedded-content\" data-secret=\"T4pJiTXKCn\"><p><a href=\"https:\/\/www.radiopiu.net\/wordpress\/rassegna-stampa-di-gianni-santomaso\/\">Rassegna stampa da l&#8217;amico del popolo &#8211; di Gianni Santomaso<\/a><\/p><\/blockquote>\n<p><iframe loading=\"lazy\" title=\"&#8220;Rassegna stampa da l&#8217;amico del popolo &#8211; di Gianni Santomaso&#8221; &#8212; Radio Pi\u00f9\" class=\"wp-embedded-content\" sandbox=\"allow-scripts\" security=\"restricted\" style=\"position: absolute; clip: rect(1px, 1px, 1px, 1px);\" src=\"https:\/\/www.radiopiu.net\/wordpress\/rassegna-stampa-di-gianni-santomaso\/embed\/#?secret=T4pJiTXKCn\" data-secret=\"T4pJiTXKCn\" width=\"600\" height=\"338\" frameborder=\"0\" marginwidth=\"0\" marginheight=\"0\" scrolling=\"no\"><\/iframe><\/p>\n<p>&nbsp;<\/p>\n<p>&nbsp;<\/p>\n<blockquote class=\"wp-embedded-content\" data-secret=\"uWaondGmrW\"><p><a href=\"https:\/\/www.radiopiu.net\/wordpress\/sis\/\">SETTIMA  PUNTATA, SIMONE GARAVANA, DUE ANNI  PER SCOPRIRE IL MONDO<\/a><\/p><\/blockquote>\n<p><iframe loading=\"lazy\" title=\"&#8220;SETTIMA  PUNTATA, SIMONE GARAVANA, DUE ANNI  PER SCOPRIRE IL MONDO&#8221; &#8212; Radio Pi\u00f9\" class=\"wp-embedded-content\" sandbox=\"allow-scripts\" security=\"restricted\" style=\"position: absolute; clip: rect(1px, 1px, 1px, 1px);\" src=\"https:\/\/www.radiopiu.net\/wordpress\/sis\/embed\/#?secret=uWaondGmrW\" data-secret=\"uWaondGmrW\" width=\"600\" height=\"338\" frameborder=\"0\" marginwidth=\"0\" marginheight=\"0\" scrolling=\"no\"><\/iframe><\/p>\n<p>&nbsp;<\/p>\n<hr \/>\n<p>&nbsp;<\/p>\n<p>&nbsp;<\/p>\n<blockquote class=\"wp-embedded-content\" data-secret=\"QywulzI3Ui\"><p><a href=\"https:\/\/www.radiopiu.net\/wordpress\/pa-tre-ve-zona-rossa-a-rischio-il-5-delleconomia-nazionale\/\">PA. TRE. VE  ZONA ROSSA ? A RISCHIO IL 5% DELL\u2019ECONOMIA NAZIONALE<\/a><\/p><\/blockquote>\n<p><iframe loading=\"lazy\" title=\"&#8220;PA. TRE. VE  ZONA ROSSA ? A RISCHIO IL 5% DELL\u2019ECONOMIA NAZIONALE&#8221; &#8212; Radio Pi\u00f9\" class=\"wp-embedded-content\" sandbox=\"allow-scripts\" security=\"restricted\" style=\"position: absolute; clip: rect(1px, 1px, 1px, 1px);\" src=\"https:\/\/www.radiopiu.net\/wordpress\/pa-tre-ve-zona-rossa-a-rischio-il-5-delleconomia-nazionale\/embed\/#?secret=QywulzI3Ui\" data-secret=\"QywulzI3Ui\" width=\"600\" height=\"338\" frameborder=\"0\" marginwidth=\"0\" marginheight=\"0\" scrolling=\"no\"><\/iframe><\/p>\n<p>&nbsp;<\/p>\n<p>&nbsp;<\/p>\n<blockquote class=\"wp-embedded-content\" data-secret=\"dF2mLZCC4B\"><p><a href=\"https:\/\/www.radiopiu.net\/wordpress\/tra-reddito-di-cittadinanza-e-quota-100-spendiamo-il-64-in-piu-della-misura-anticrisi\/\">TRA  REDDITO DI CITTADINANZA E \u201cQUOTA 100\u201d SPENDIAMO IL 64% IN PIU\u2019 DELLA MISURA ANTICRISI<\/a><\/p><\/blockquote>\n<p><iframe loading=\"lazy\" title=\"&#8220;TRA  REDDITO DI CITTADINANZA E \u201cQUOTA 100\u201d SPENDIAMO IL 64% IN PIU\u2019 DELLA MISURA ANTICRISI&#8221; &#8212; Radio Pi\u00f9\" class=\"wp-embedded-content\" sandbox=\"allow-scripts\" security=\"restricted\" style=\"position: absolute; clip: rect(1px, 1px, 1px, 1px);\" src=\"https:\/\/www.radiopiu.net\/wordpress\/tra-reddito-di-cittadinanza-e-quota-100-spendiamo-il-64-in-piu-della-misura-anticrisi\/embed\/#?secret=dF2mLZCC4B\" data-secret=\"dF2mLZCC4B\" width=\"600\" height=\"338\" frameborder=\"0\" marginwidth=\"0\" marginheight=\"0\" scrolling=\"no\"><\/iframe><\/p>\n<p>&nbsp;<\/p>\n<hr \/>\n<p>&nbsp;<\/p>\n<p><a class=\"dt-pswp-item pspw-wrap-ready\" href=\"https:\/\/www.radiopiu.net\/wordpress\/wp-content\/uploads\/2018\/09\/viabilita.jpeg\" data-dt-img-description=\"\" data-large_image_width=\"800\" data-large_image_height=\"100\"><img loading=\"lazy\" decoding=\"async\" class=\"wp-image-61954 size-full aligncenter\" src=\"https:\/\/www.radiopiu.net\/wordpress\/wp-content\/uploads\/2018\/09\/viabilita.jpeg\" sizes=\"auto, (max-width: 800px) 100vw, 800px\" srcset=\"https:\/\/www.radiopiu.net\/wordpress\/wp-content\/uploads\/2018\/09\/viabilita.jpeg 800w, https:\/\/www.radiopiu.net\/wordpress\/wp-content\/uploads\/2018\/09\/viabilita-300x38.jpeg 300w, https:\/\/www.radiopiu.net\/wordpress\/wp-content\/uploads\/2018\/09\/viabilita-768x96.jpeg 768w\" alt=\"\" width=\"800\" height=\"100\" \/><\/a><\/p>\n<p>&nbsp;<\/p>\n<p><strong>SP 10 ALANO<\/strong> DA LUNEDI AL 30 APRILE INTERDIZIONE TOTALE AL TRANSITO DELLA SP 10 DI ALANO DI PIAVE AL FM 6 PER REALIZZAZIONE PROTEZIONI LATERALI<\/p>\n<p><strong>FELTRE COMUNALE DI VIA PARADISO<\/strong> Fino al\u00a0 31 Marzo 2020 (incluso festivi) in via Paradiso (tratto fronte il civico n\u00b0 14). Per lavori di: &#8220;Manutenzione all&#8217;edificio sito in via Paradiso n\u00b0 14\u201d &#8211; l\u2019istituzione, dei seguenti obblighi, divieti e limitazioni: Divieto di transito per tutti i veicoli e motocicli ; Divieto di sosta con rimozione<\/p>\n<p><strong>48 delle DOLOMITI localita&#8217; LIVINE&#8217;\u00a0<\/strong>\u00a0 Fino al 13 marzo senso unico per lavori di esboschi anche festivi e prefestiv<\/p>\n<p><strong>SP 251 VAL DI ZOLDO E VAL CELLINA<\/strong> Fino\u00a0 al 13 marzo sabato e domenica esclusi, senso unico alternato da impianto semaforico per lavori di ripristino reti di protezione sui versanti.<\/p>\n<p><strong>SR 203 AGORDINA LOCALITA&#8217; FORAN<\/strong> COMUNE DI LIVINALLONGO,FINO AL 2 APRILE (SABATO E DOMENICA ESCLUSI) SENSO UNICO ALTERNATO PER LAVORI DI ESBOSCO<\/p>\n<p>&nbsp;<\/p>\n<p>&nbsp;<\/p>\n<p><a class=\"dt-pswp-item\" href=\"https:\/\/www.radiopiu.net\/wordpress\/wp-content\/uploads\/2018\/09\/sport.jpg\" data-dt-img-description=\"\" data-large_image_width=\"800\" data-large_image_height=\"100\"><img loading=\"lazy\" decoding=\"async\" class=\"aligncenter wp-image-60761 size-full\" src=\"https:\/\/www.radiopiu.net\/wordpress\/wp-content\/uploads\/2018\/09\/sport.jpg\" alt=\"\" width=\"800\" height=\"100\" srcset=\"https:\/\/www.radiopiu.net\/wordpress\/wp-content\/uploads\/2018\/09\/sport.jpg 800w, https:\/\/www.radiopiu.net\/wordpress\/wp-content\/uploads\/2018\/09\/sport-300x38.jpg 300w, https:\/\/www.radiopiu.net\/wordpress\/wp-content\/uploads\/2018\/09\/sport-768x96.jpg 768w\" sizes=\"auto, (max-width: 800px) 100vw, 800px\" \/><\/a><\/p>\n<blockquote>\n<h3><\/h3>\n<h3>QUARTI DI FINALE IHL: IL MERANO VINCE E PORTA SUL 2-1 LA SERIE CON LE CIVETTE<\/h3>\n<\/blockquote>\n<p class=\"p1\"><span class=\"s1\"><a class=\"dt-pswp-item\" href=\"https:\/\/www.radiopiu.net\/wordpress\/wp-content\/uploads\/2018\/12\/HOCKEY-BBB.jpg\" data-dt-img-description=\"\" data-large_image_width=\"1920\" data-large_image_height=\"1200\"><img loading=\"lazy\" decoding=\"async\" class=\"size-medium wp-image-70532 alignleft\" src=\"https:\/\/www.radiopiu.net\/wordpress\/wp-content\/uploads\/2018\/12\/HOCKEY-BBB-300x188.jpg\" alt=\"\" width=\"300\" height=\"188\" srcset=\"https:\/\/www.radiopiu.net\/wordpress\/wp-content\/uploads\/2018\/12\/HOCKEY-BBB-300x188.jpg 300w, https:\/\/www.radiopiu.net\/wordpress\/wp-content\/uploads\/2018\/12\/HOCKEY-BBB-768x480.jpg 768w, https:\/\/www.radiopiu.net\/wordpress\/wp-content\/uploads\/2018\/12\/HOCKEY-BBB-1024x640.jpg 1024w, https:\/\/www.radiopiu.net\/wordpress\/wp-content\/uploads\/2018\/12\/HOCKEY-BBB.jpg 1920w\" sizes=\"auto, (max-width: 300px) 100vw, 300px\" \/><\/a>MERANO &#8211; ALLEGHE 4-2<\/span><\/p>\n<p class=\"p1\"><span class=\"s1\">PARZIALI: 2-0, 0-0, 2-2<\/span><\/p>\n<p class=\"p1\"><span class=\"s1\">GOL: pt. 7\u201925\u201d Kobler, 18\u201904\u201d Radin. tt. 1\u201956\u201d Nardi, 5\u201922\u201d Da Tos, 9\u201920\u201d N. Soppelsa, 15\u201927\u201d Carpino<\/span><\/p>\n<p class=\"p1\"><span class=\"s1\"><strong>MERANO<\/strong> Che beffa per l\u2019Alleghe. La squadra di Matikainen gioca una delle migliori partite della stagione ma perde contro un Merano che sfrutta le grandi occasioni della partita. Gli altoatesini portano la serie sul 2 a 1 e domani sera si giocher\u00e0 gara 4 al De Toni, una partita che vale una stagione per i biancorossi. <\/span><\/p>\n<p class=\"p1\"><span class=\"s1\">Le squadre lottano su ogni disco e la partita si vivacizza subito. Altoatesini che provano a spingere ma Scola non si fa sorprendere. De Toni prova a rispondere per le civette ma il Merano si porta in vantaggio subito dopo. Azione insistita dei padroni di casa e Kobler che trova un tiro dalla distanza che il portiere agordino non vede partire. Sembrano indiavolati i meranesi che continuano a spingere ma l\u2019Alleghe si difende con ordine. A fine primo tempo il raddoppi del Merano. Ganz finisce in panca puniti e nel giro di pochi istanti Radin trova la rete. Nel secondo tempo gli agordini sembrano agguerriti ma Tragust si supera e nega il gol che avrebbe accorciato le distanze. In 4 contro 5 l\u2019Alleghe ci riprova di nuovo con Huovinen che si divora l\u2019impossibile. Le squadre giocano a viso aperto e danno spettacolo con i portieri costretti agli straordinari per difendere i pali. La squadra di Matikainen ce la mette tutta ma al momento della conclusione non riesce a centrare i pali. Nel terzo periodo di gioco le civette partono bene ma alla prima disattenzione difensiva il Merano va a colpo sicuro con Nardi che capitalizza il match. Risponde l\u2019Alleghe che accorcia le distanze con una splendida azione che termina con un tiro di Da Tos e il disco che termina la sua corsa in fondo al sacco. Padroni di casa che accusano il colpo e ospiti che trovano la seconda marcatura. Ci pensa Nicola Soppelsa a battere Tragust con un polsino velenoso dalla linea blu. Le squadre giocano alla pari ma il Merano trova il poker con Carpino. Ultimi minuti concitati con gli agordini che ce la mettono tutta ma non riescono ad accorciare. <\/span><\/p>\n<p>&nbsp;<\/p>\n<hr \/>\n<p class=\"p1\"><span class=\"s1\">\u00a0<\/span><\/p>\n<blockquote>\n<h3 class=\"p1\"><span class=\"s1\">SOSPENSIONE DELL\u2019ATTIVITA\u2019 PER LA FISI VENETO<\/span><\/h3>\n<\/blockquote>\n<p class=\"p1\"><span class=\"s1\">Con un comunicato stampa la FISI del Veneto ha deciso di sospendere tutta l\u2019attivit\u00e0 delle squadre del Comitato Veneto di tutte le discipline. Questo dopo il DPCM di ieri. La federazione invita gli sci club a attenersi alle disposizioni ministeriali in materia di gare ed allenamenti.<\/span><\/p>\n<p>&nbsp;<\/p>\n<hr \/>\n<p>&nbsp;<\/p>\n<blockquote>\n<h3>C&#8217;E&#8217; L&#8217;AUTORIZZAZIONE: 25 E 26 APRILE I DUE GIORNI DEL RALLY BELLUNESE<\/h3>\n<\/blockquote>\n<p><strong><a class=\"dt-pswp-item\" href=\"https:\/\/www.radiopiu.net\/wordpress\/wp-content\/uploads\/2020\/03\/IMG_1632-scaled.jpg\" data-dt-img-description=\"\" data-large_image_width=\"2560\" data-large_image_height=\"1707\"><img loading=\"lazy\" decoding=\"async\" class=\"size-medium wp-image-120845 alignleft\" src=\"https:\/\/www.radiopiu.net\/wordpress\/wp-content\/uploads\/2020\/03\/IMG_1632-300x200.jpg\" alt=\"\" width=\"300\" height=\"200\" srcset=\"https:\/\/www.radiopiu.net\/wordpress\/wp-content\/uploads\/2020\/03\/IMG_1632-300x200.jpg 300w, https:\/\/www.radiopiu.net\/wordpress\/wp-content\/uploads\/2020\/03\/IMG_1632-1024x683.jpg 1024w, https:\/\/www.radiopiu.net\/wordpress\/wp-content\/uploads\/2020\/03\/IMG_1632-768x512.jpg 768w, https:\/\/www.radiopiu.net\/wordpress\/wp-content\/uploads\/2020\/03\/IMG_1632-1536x1024.jpg 1536w, https:\/\/www.radiopiu.net\/wordpress\/wp-content\/uploads\/2020\/03\/IMG_1632-2048x1365.jpg 2048w\" sizes=\"auto, (max-width: 300px) 100vw, 300px\" \/><\/a><\/strong><\/p>\n<p>&nbsp;<\/p>\n<p>&nbsp;<\/p>\n<p>&nbsp;<\/p>\n<p><strong>BELLU<\/strong><strong>NO<\/strong><\/p>\n<p><strong>DI ROBERTO BONA\u00a0<\/strong><\/p>\n<audio class=\"wp-audio-shortcode\" id=\"audio-121041-8\" preload=\"none\" style=\"width: 100%;\" controls=\"controls\"><source type=\"audio\/mpeg\" src=\"https:\/\/www.radiopiu.net\/wordpress\/wp-content\/uploads\/2020\/03\/bona.mp3?_=8\" \/><a href=\"https:\/\/www.radiopiu.net\/wordpress\/wp-content\/uploads\/2020\/03\/bona.mp3\">https:\/\/www.radiopiu.net\/wordpress\/wp-content\/uploads\/2020\/03\/bona.mp3<\/a><\/audio>\n<p>&nbsp;<\/p>\n<p>&nbsp;<\/p>\n<p>&nbsp;<\/p>\n<p><b><a class=\"dt-pswp-item\" href=\"https:\/\/www.radiopiu.net\/wordpress\/wp-content\/uploads\/2018\/09\/WhatsApp-Image-2018-09-20-at-16.04.06.jpeg\" data-dt-img-description=\"\" data-large_image_width=\"800\" data-large_image_height=\"100\"><img loading=\"lazy\" decoding=\"async\" class=\"aligncenter wp-image-61378 size-full\" src=\"https:\/\/www.radiopiu.net\/wordpress\/wp-content\/uploads\/2018\/09\/WhatsApp-Image-2018-09-20-at-16.04.06.jpeg\" alt=\"\" width=\"800\" height=\"100\" srcset=\"https:\/\/www.radiopiu.net\/wordpress\/wp-content\/uploads\/2018\/09\/WhatsApp-Image-2018-09-20-at-16.04.06.jpeg 800w, https:\/\/www.radiopiu.net\/wordpress\/wp-content\/uploads\/2018\/09\/WhatsApp-Image-2018-09-20-at-16.04.06-300x38.jpeg 300w, https:\/\/www.radiopiu.net\/wordpress\/wp-content\/uploads\/2018\/09\/WhatsApp-Image-2018-09-20-at-16.04.06-768x96.jpeg 768w\" sizes=\"auto, (max-width: 800px) 100vw, 800px\" \/><\/a><\/b><\/p>\n<p>&nbsp;<\/p>\n<p><center><b>Lunedi 9<\/b><\/center><b>Tempo atteso: <\/b>Inizialmente poco o parzialmente nuvoloso specie nelle prime ore, tendente a divenire molto nuvoloso nel corso della mattinata con lieve peggioramento del tempo, specie da met\u00e0 giornata, quando il cielo sar\u00e0 anche coperto.<br \/>\n<b>Precipitazioni: <\/b>Probabilit\u00e0 medio alta (50-75%) di deboli precipitazioni sparse, specie dalle ore centrali, nevose oltre i 700\/1000 m. Probabilit\u00e0 in diminuzione dal tardo pomeriggio\/sera fino a diventare nulla (0%).<br \/>\n<b>Temperature: <\/b>In leggero aumento le minime, stazionarie o in lieve calo le massime. Su Prealpi a 1500 m min -4\u00b0C max 0\u00b0C, a 2000 m min -7\u00b0C max -3\u00b0C. Su Dolomiti a 2000 m min -7\u00b0C max -3\u00b0C, a 3000 m min -12\u00b0C max -8\u00b0C.<br \/>\n<b>Venti: <\/b>Nelle valli deboli di direzione variabile, in quota in prevalenza moderati e anche qui di direzione variabile, con temporanei rinforzi nella notte, a 10-30 km\/h sia a 2000 che a 3000 m.<\/p>\n<hr \/>\n<p><center><b>Martedi 10<\/b><\/center><b>Tempo atteso: <\/b>Tempo in prevalenza soleggiato soprattutto sulle Prealpi; sulle Dolomiti presenza di maggiore variabilit\u00e0, con cielo generalmente nuvoloso a tratti molto nuvoloso, con qualche locale e debolissima precipitazione.<br \/>\n<b>Precipitazioni: <\/b>Sulle Prealpi generalmente assenti salvo qualche debole precipitazione, eventualmente nevosa oltre i 1200-1500 m. Sulle Dolomiti maggiore probabilit\u00e0 di precipitazioni, fino a medio bassa (25-50%), che saranno tuttavia piuttosto deboli, sparse e di breve durata.<br \/>\n<b>Temperature: <\/b>In lieve o contenuta diminuzione le minime, con valori prossimi o lievemente inferiori alle medie stagionali, massime in lieve o contenuto aumento sulle Prealpi, in prevalenza stazionarie sulle Dolomiti, su valori prossimi alla norma. Su Prealpi a 1500 m min -5\u00b0C max 2\u00b0C, a 2000 m min -8\u00b0C max -1\u00b0C. Su Dolomiti a 2000 m min -8\u00b0C max -3\u00b0C, a 3000 m min -13\u00b0C max -8\u00b0C.<br \/>\n<b>Venti: <\/b>Nelle valli deboli di direzione variabile; in quota in genere moderati, con rinforzi oltre i 2600 m specie nella seconda parte della giornata, fino a divenire tesi\/forti da nord-ovest, a 15-25 km\/h a 2000 m, 20-45 km\/h a 3000 m.<\/p>\n<hr \/>\n<p><center><b>Mercoledi 11<\/b><\/center>Tempo ben soleggiato con temperature in sensibile aumento, specie in alta montagna, con valori ben superiori alla norma, di stampo tipicamente primaverile e con un&#8217;importante escursione termica giornaliera nelle valli. Venti in quota in parziale attenuazione.<\/p>\n<hr \/>\n<p><center><b>Giovedi 12<\/b><\/center>Tempo soleggiato e piuttosto mite per il periodo a tutte le quote, con temperature in ulteriore lieve o contenuto aumento. Venti in quota moderati da ovest. Previsore: M.Padoan<\/p>\n","protected":false},"excerpt":{"rendered":"<p>PER RICEVERE QUESTO NOTIZIARIO DIRETTAMENTE SUL TUO CELLULARE ISCRIVITI AL CANALE TELEGRAM &#8220;RADIO PIU\u00a0 INFORMAZIONE &nbsp; RASSEGNA STAMPA LOCALE, DIRETTA STUDIO1 RADIO PIU di MIRKO MEZZACASA Direttiva della Regikne Veneto relativa agli spostamenti nelle zone interessate dei propri dipendenti &nbsp; &nbsp; CORONAVIRUS, LA SETTIMANA DECISIVA E SECONDO GLI ESPERTI IL 60% DELLA POPOLAZIONE E&#8217; A&hellip;<\/p>\n","protected":false},"author":1,"featured_media":121044,"comment_status":"closed","ping_status":"closed","sticky":false,"template":"","format":"standard","meta":{"_monsterinsights_skip_tracking":false,"_monsterinsights_sitenote_active":false,"_monsterinsights_sitenote_note":"","_monsterinsights_sitenote_category":0,"footnotes":""},"categories":[86,49],"tags":[],"class_list":["post-121041","post","type-post","status-publish","format-standard","has-post-thumbnail","hentry","category-gr","category-news-18","category-86","category-49","description-off"],"img_url":"https:\/\/www.radiopiu.net\/wordpress\/wp-content\/uploads\/2020\/03\/ea5bfe77-1a9e-496b-8c07-8d1164a69597.jpg","_links":{"self":[{"href":"https:\/\/www.radiopiu.net\/wordpress\/wp-json\/wp\/v2\/posts\/121041","targetHints":{"allow":["GET"]}}],"collection":[{"href":"https:\/\/www.radiopiu.net\/wordpress\/wp-json\/wp\/v2\/posts"}],"about":[{"href":"https:\/\/www.radiopiu.net\/wordpress\/wp-json\/wp\/v2\/types\/post"}],"author":[{"embeddable":true,"href":"https:\/\/www.radiopiu.net\/wordpress\/wp-json\/wp\/v2\/users\/1"}],"replies":[{"embeddable":true,"href":"https:\/\/www.radiopiu.net\/wordpress\/wp-json\/wp\/v2\/comments?post=121041"}],"version-history":[{"count":0,"href":"https:\/\/www.radiopiu.net\/wordpress\/wp-json\/wp\/v2\/posts\/121041\/revisions"}],"wp:featuredmedia":[{"embeddable":true,"href":"https:\/\/www.radiopiu.net\/wordpress\/wp-json\/wp\/v2\/media\/121044"}],"wp:attachment":[{"href":"https:\/\/www.radiopiu.net\/wordpress\/wp-json\/wp\/v2\/media?parent=121041"}],"wp:term":[{"taxonomy":"category","embeddable":true,"href":"https:\/\/www.radiopiu.net\/wordpress\/wp-json\/wp\/v2\/categories?post=121041"},{"taxonomy":"post_tag","embeddable":true,"href":"https:\/\/www.radiopiu.net\/wordpress\/wp-json\/wp\/v2\/tags?post=121041"}],"curies":[{"name":"wp","href":"https:\/\/api.w.org\/{rel}","templated":true}]}}