{"id":121095,"date":"2020-03-08T20:12:35","date_gmt":"2020-03-08T19:12:35","guid":{"rendered":"https:\/\/www.radiopiu.net\/wordpress\/?p=121095"},"modified":"2020-03-08T20:14:40","modified_gmt":"2020-03-08T19:14:40","slug":"la-risposta-del-sindaco","status":"publish","type":"post","link":"https:\/\/www.radiopiu.net\/wordpress\/la-risposta-del-sindaco\/","title":{"rendered":"LA RISPOSTA DEL SINDACO GRONES AI CONSIGLIERI DI MINORANZA"},"content":{"rendered":"<blockquote>\n<h3>La risposta ai tre consiglieri di minoranza a Livinallongo non si \u00e8 fatta attendere. Ai dubbi della mattina gi\u00e0 nel pomeriggio l&#8217;intervento di Leandro Grones.<\/h3>\n<\/blockquote>\n<p>&nbsp;<\/p>\n<p><strong>LIVINALLONGO<\/strong> Manifesto ovviamente la piena condivisione mia e dell\u2019Amministrazione Comunale tutta rispetto alle preoccupazioni relative alla possibile espansione del virus COVID-19.\u00a0\u00a0In questa fase particolarmente delicata siamo chiamati ad informare tutti i soggetti coinvolti delle decisioni che vengono assunte dalle Autorit\u00e0 Statali e Regionali, cui compete l\u2019adozione dei provvedimenti in materia. L\u2019Organizzazione Mondiale della Sanit\u00e0 ha dichiarato gi\u00e0 a fine gennaio l\u2019epidemia da COVID-19, meglio conosciuta come coronavirus, un\u2019emergenza di sanit\u00e0 pubblica di rilevanza internazionale e il Governo stesso ha dichiarato lo stato di emergenza a livello nazionale fino a tutto il mese di luglio.\u00a0\u00a0 \u00c8 evidente che l\u2019evolversi della situazione epidemiologica, stante proprio la particolare rapidit\u00e0 diffusiva dell\u2019epidemia, coincidente con l\u2019aumento dei casi a livello nazionale, sta determinando un continuo mutamento della situazione e quindi anche dei provvedimenti del Governo.\u00a0\u00a0Da ultimo il DPCM firmato questa notte dal Presidente Conte, al quale ci dobbiamo attenere, che decreta tutte le misure urgenti in ben 23 provincie del centro-nord Italia, elenco che esclude Belluno e le vicine Provincie Autonome. Il provvedimento indica altres\u00ec puntualmente le misure cogenti che ci riguardano pi\u00f9 da vicino. Ad oggi non vi sono sul territorio comunale casi o accertamenti in corso riguardanti casi di COVID-19.\u00a0 \u00a0Sono in costante contatto con le competenti Autorit\u00e0 istituzionali e Sanitarie, al fine di garantire l\u2019attuazione delle misure previste atte a salvaguardare la salute pubblica, comprese le misure operative dettate dal capo della Protezione Civile Borrelli che prevedono l\u2019apertura del COC nel caso venissero riscontratati casi di positivit\u00e0 al virus sul territorio comunale. Ma sono altres\u00ec in contatto con i colleghi delle localit\u00e0 turistiche contermini per tutte le valutazioni che la situazione in veloce evoluzione richiede alla quale stiamo tutti dedicando la massima attenzione. Occorre uno sforzo da parte di tutti per rispettare le norme contenute nei provvedimenti richiamati, ma anche nei cartelli informativi, per contenere il diffondersi del virus come quello di evitare luoghi affollati, mantenere almeno 1 metro di distanza, evitare il contatto fisico come ad esempio non darsi la mano, lavarsi spesso e bene le mani, evitare di toccare occhi, naso e bocca con le mani, proteggere da contatti le persone pi\u00f9 deboli o con particolari patologie.<\/p>\n<p>STAMANE LE DOMANDE AL PRIMO CITTADINO<\/p>\n<blockquote class=\"wp-embedded-content\" data-secret=\"9itr5RrZXt\"><p><a href=\"https:\/\/www.radiopiu.net\/wordpress\/lopposizione-al-sindaco-grones-adotti-le-giuste-misure-per-la-salvaguardia-della-popolazione\/\">L&#8217;OPPOSIZIONE AL SINDACO GRONES &#8220;ADOTTI LE GIUSTE MISURE PER LA SALVAGUARDIA DELLA POPOLAZIONE&#8221;<\/a><\/p><\/blockquote>\n<p><iframe loading=\"lazy\" title=\"&#8220;L&#8217;OPPOSIZIONE AL SINDACO GRONES &#8220;ADOTTI LE GIUSTE MISURE PER LA SALVAGUARDIA DELLA POPOLAZIONE&#8221;&#8221; &#8212; Radio Pi\u00f9\" class=\"wp-embedded-content\" sandbox=\"allow-scripts\" security=\"restricted\" style=\"position: absolute; clip: rect(1px, 1px, 1px, 1px);\" src=\"https:\/\/www.radiopiu.net\/wordpress\/lopposizione-al-sindaco-grones-adotti-le-giuste-misure-per-la-salvaguardia-della-popolazione\/embed\/#?secret=9itr5RrZXt\" data-secret=\"9itr5RrZXt\" width=\"600\" height=\"338\" frameborder=\"0\" marginwidth=\"0\" marginheight=\"0\" scrolling=\"no\"><\/iframe><\/p>\n","protected":false},"excerpt":{"rendered":"<p>La risposta ai tre consiglieri di minoranza a Livinallongo non si \u00e8 fatta attendere. Ai dubbi della mattina gi\u00e0 nel pomeriggio l&#8217;intervento di Leandro Grones. &nbsp; LIVINALLONGO Manifesto ovviamente la piena condivisione mia e dell\u2019Amministrazione Comunale tutta rispetto alle preoccupazioni relative alla possibile espansione del virus COVID-19.\u00a0\u00a0In questa fase particolarmente delicata siamo chiamati ad informare&hellip;<\/p>\n","protected":false},"author":1,"featured_media":0,"comment_status":"closed","ping_status":"closed","sticky":false,"template":"","format":"standard","meta":{"_monsterinsights_skip_tracking":false,"_monsterinsights_sitenote_active":false,"_monsterinsights_sitenote_note":"","_monsterinsights_sitenote_category":0,"footnotes":""},"categories":[49],"tags":[],"class_list":["post-121095","post","type-post","status-publish","format-standard","hentry","category-news-18","category-49","description-off"],"img_url":false,"_links":{"self":[{"href":"https:\/\/www.radiopiu.net\/wordpress\/wp-json\/wp\/v2\/posts\/121095","targetHints":{"allow":["GET"]}}],"collection":[{"href":"https:\/\/www.radiopiu.net\/wordpress\/wp-json\/wp\/v2\/posts"}],"about":[{"href":"https:\/\/www.radiopiu.net\/wordpress\/wp-json\/wp\/v2\/types\/post"}],"author":[{"embeddable":true,"href":"https:\/\/www.radiopiu.net\/wordpress\/wp-json\/wp\/v2\/users\/1"}],"replies":[{"embeddable":true,"href":"https:\/\/www.radiopiu.net\/wordpress\/wp-json\/wp\/v2\/comments?post=121095"}],"version-history":[{"count":0,"href":"https:\/\/www.radiopiu.net\/wordpress\/wp-json\/wp\/v2\/posts\/121095\/revisions"}],"wp:attachment":[{"href":"https:\/\/www.radiopiu.net\/wordpress\/wp-json\/wp\/v2\/media?parent=121095"}],"wp:term":[{"taxonomy":"category","embeddable":true,"href":"https:\/\/www.radiopiu.net\/wordpress\/wp-json\/wp\/v2\/categories?post=121095"},{"taxonomy":"post_tag","embeddable":true,"href":"https:\/\/www.radiopiu.net\/wordpress\/wp-json\/wp\/v2\/tags?post=121095"}],"curies":[{"name":"wp","href":"https:\/\/api.w.org\/{rel}","templated":true}]}}