{"id":121191,"date":"2020-03-09T14:38:16","date_gmt":"2020-03-09T13:38:16","guid":{"rendered":"https:\/\/www.radiopiu.net\/wordpress\/?p=121191"},"modified":"2020-03-09T14:38:05","modified_gmt":"2020-03-09T13:38:05","slug":"un-attoasdasaa","status":"publish","type":"post","link":"https:\/\/www.radiopiu.net\/wordpress\/un-attoasdasaa\/","title":{"rendered":"UN ATTO DI RESPONSABILITA&#8217; DAL DOLOMITI SUPERSKI, IMPIANTI CHIUSI E  STAGIONE FINITA DOMANI ULTIMO GIORNO SUGLI SCI"},"content":{"rendered":"<p><a class=\"dt-pswp-item\" href=\"https:\/\/www.radiopiu.net\/wordpress\/wp-content\/uploads\/2020\/03\/72678381_10156614132927304_5656162480733290496_o.jpg\" data-dt-img-description=\"\" data-large_image_width=\"1656\" data-large_image_height=\"630\"><img loading=\"lazy\" decoding=\"async\" class=\" wp-image-121192 alignleft\" src=\"https:\/\/www.radiopiu.net\/wordpress\/wp-content\/uploads\/2020\/03\/72678381_10156614132927304_5656162480733290496_o-300x114.jpg\" alt=\"\" width=\"371\" height=\"141\" srcset=\"https:\/\/www.radiopiu.net\/wordpress\/wp-content\/uploads\/2020\/03\/72678381_10156614132927304_5656162480733290496_o-300x114.jpg 300w, https:\/\/www.radiopiu.net\/wordpress\/wp-content\/uploads\/2020\/03\/72678381_10156614132927304_5656162480733290496_o-1024x390.jpg 1024w, https:\/\/www.radiopiu.net\/wordpress\/wp-content\/uploads\/2020\/03\/72678381_10156614132927304_5656162480733290496_o-768x292.jpg 768w, https:\/\/www.radiopiu.net\/wordpress\/wp-content\/uploads\/2020\/03\/72678381_10156614132927304_5656162480733290496_o-1536x584.jpg 1536w, https:\/\/www.radiopiu.net\/wordpress\/wp-content\/uploads\/2020\/03\/72678381_10156614132927304_5656162480733290496_o.jpg 1656w\" sizes=\"auto, (max-width: 371px) 100vw, 371px\" \/><\/a>ll comprensorio di Dolomiti Superski ha dovuto arrendersi al Corona Virus e annuncia la chiusura degli impianti per domani 10\/03\/2020.\u00a0 <em>\u201c<strong>Dolomiti Superski<\/strong> <\/em><strong><em>in maniera autoresponsabile\u00a0 ha deciso\u00a0 la chiusura anticipata della stagione sciistica<\/em><\/strong><em>\u00a0in corso\u00a0<\/em><strong><em>di comune accordo con le associazioni degli albergatori<\/em><\/strong><em>\u00a0dei territori interessati<\/em><strong><em>\u00a0ed in coordinamento con le Autorit\u00e0 politiche<\/em><\/strong><em>\u201c. <\/em>Una decisione presa\u00a0<em>\u201c<\/em><strong><em>in considerazione del rapido propagarsi del coronavirus nel territorio italiano <\/em><\/strong><strong><em>e dei potenziali rischi<\/em><\/strong><em> di turisti, personale e popolazione locale in tutte le aree sciistiche servite dai suoi impianti di risalita ed al fine di preservare prima di tutto la salute e la tranquillit\u00e0 di chi abita questi territori, di chi vi lavora e di chi vi soggiorna\u201d. Nel comunicato non ci sono riferimenti a Cortina d&#8217;Ampezzo.\u00a0\u00a0<\/em><\/p>\n<p>&nbsp;<\/p>\n<p><span style=\"color: #ff0000;\">IL COMUNICATO UFFICIALE DEL DOLOMITI SUPERSKI<\/span><\/p>\n<section id=\"pageHeading\" class=\"page-heading text-center \">\n<div class=\"container\">\n<h2 class=\"h4 text-grey\">CON RAMMARICO DOBBIAMO COMUNICARVI LA CHIUSURA ANTICIPATA DELLA STAGIONE A CAUSA DEL CORONAVIRUS<\/h2>\n<div class=\"page-heading__intro\">\n<div class=\"container-narrow\">\n<div class=\"intro-text text-grey wysiwyg\">\n<p>Dolomiti Superski, con le sue Valli, Plan de Corones, Alta Badia, Val Gardena \/ Alpe di Siusi, Val di Fassa \/Carezza, Arabba \/ Marmolada, \u00a03 Cime Dolomiti, Val di Fiemme \/ Obereggen, San Martino di Castrozza Passo Rolle, Rio Pusteria &#8211; Bressanone, Alpe Lusia \/ San Pellegrino, Civetta, di comune accordo con le associazioni degli albergatori dei territori interessati ed in coordinamento con le Autorit\u00e0 politiche, ha deciso in maniera autoresponsabile la chiusura anticipata della stagione sciistica in corso. Questo in considerazione del rapido propagarsi del coronavirus nel territorio italiano e dei potenziali rischi di turisti, personale e popolazione locale in tutte le aree sciistiche servite dai suoi impianti di risalita ed al fine di preservare prima di tutto la salute e la tranquillit\u00e0 di chi abita questi territori, di chi vi lavora e di chi vi soggiorna. La chiusura avverr\u00e0 domani, marted\u00ec 10 marzo 2020, al termine della giornata, al fine di permettere un ordinato rientro dei turisti attualmente ospitati. Siamo estremamente dispiaciuti, di dover prendere questa decisione di carattere assolutamente eccezionale, ma riteniamo che questo passo sia di fondamentale importanza per arginare per quanto possibile anche nei nostri territori ad altissima densit\u00e0 turistica, il rapido propagarsi del Corona virus. Ringraziamo tutti gli sciatori che abbiamo ospitato nelle nostre aree sciistiche durante questa stagione e ci auguriamo di poterli salutare presto nuovamente quali graditi ospiti delle Dolomiti. RIMBORSI DI SEGUITO TROVATE LE INFORMAZIONI RELATIVE AI RIMBORSI: <strong>Plurigiornalieri in corso di validit\u00e0:<\/strong> vengono rimborsati per le giornate non ancora utilizzate. Vi preghiamo di recarvi presso un nostro punto vendita muniti con lo skipass.\u00a0 In caso di acquisto online vi invitiamo a mandare una mail con il voucher di acquisto a info@dolomitisuperski.com <strong>Stagionali:<\/strong> seguiranno informazioni dettagliate a riguardo <strong>Superski Family:<\/strong> seguiranno informazioni dettagliate a riguardo<\/p>\n<\/div>\n<\/div>\n<\/div>\n<\/div>\n<\/section>\n<p>&nbsp;<\/p>\n<h3><\/h3>\n<p><strong>COMUNICATO DEL DIRETTIVO CONSORZIO TURISTICO MARMOLADA<\/strong><br \/>\nA seguito della pubblicazione del DPCM del 8 marzo, considerato lo stato di zona non rossa che ancora ci contraddistingue, per senso di responsabilit\u00e0 e solidariet\u00e0, la destinazione turistica Marmolada chiuder\u00e0 per quanto concerne la stagione invernale, sabato 14 marzo. Questo per consentire ad eventuali ospiti in loco che hanno voli prenotati di poter rientrare come previsto, salvo non decidano di farlo prima. Gi\u00e0 da domani come comunicato da Dolomitisuperski gli impianti non saranno pi\u00f9 in esercizio. La decisione \u00e8 stata presa in accordo, nell\u2019ottica di salvaguardia del territorio, rispetto alla difficile situazione presente a livello Nazionale,<br \/>\nVogliamo ringraziare tutti gli Ospiti che ci hanno scelto come meta per le loro vacanze invernali&#8230; alla prossima estate<\/p>\n<p>&nbsp;<\/p>\n","protected":false},"excerpt":{"rendered":"<p>ll comprensorio di Dolomiti Superski ha dovuto arrendersi al Corona Virus e annuncia la chiusura degli impianti per domani 10\/03\/2020.\u00a0 \u201cDolomiti Superski in maniera autoresponsabile\u00a0 ha deciso\u00a0 la chiusura anticipata della stagione sciistica\u00a0in corso\u00a0di comune accordo con le associazioni degli albergatori\u00a0dei territori interessati\u00a0ed in coordinamento con le Autorit\u00e0 politiche\u201c. Una decisione presa\u00a0\u201cin considerazione del rapido&hellip;<\/p>\n","protected":false},"author":1,"featured_media":121192,"comment_status":"closed","ping_status":"closed","sticky":false,"template":"","format":"standard","meta":{"_monsterinsights_skip_tracking":false,"_monsterinsights_sitenote_active":false,"_monsterinsights_sitenote_note":"","_monsterinsights_sitenote_category":0,"footnotes":""},"categories":[1,51,49],"tags":[],"class_list":["post-121191","post","type-post","status-publish","format-standard","has-post-thumbnail","hentry","category-senza-categoria","category-evidenza-top","category-news-18","category-1","category-51","category-49","description-off"],"img_url":"https:\/\/www.radiopiu.net\/wordpress\/wp-content\/uploads\/2020\/03\/72678381_10156614132927304_5656162480733290496_o.jpg","_links":{"self":[{"href":"https:\/\/www.radiopiu.net\/wordpress\/wp-json\/wp\/v2\/posts\/121191","targetHints":{"allow":["GET"]}}],"collection":[{"href":"https:\/\/www.radiopiu.net\/wordpress\/wp-json\/wp\/v2\/posts"}],"about":[{"href":"https:\/\/www.radiopiu.net\/wordpress\/wp-json\/wp\/v2\/types\/post"}],"author":[{"embeddable":true,"href":"https:\/\/www.radiopiu.net\/wordpress\/wp-json\/wp\/v2\/users\/1"}],"replies":[{"embeddable":true,"href":"https:\/\/www.radiopiu.net\/wordpress\/wp-json\/wp\/v2\/comments?post=121191"}],"version-history":[{"count":0,"href":"https:\/\/www.radiopiu.net\/wordpress\/wp-json\/wp\/v2\/posts\/121191\/revisions"}],"wp:featuredmedia":[{"embeddable":true,"href":"https:\/\/www.radiopiu.net\/wordpress\/wp-json\/wp\/v2\/media\/121192"}],"wp:attachment":[{"href":"https:\/\/www.radiopiu.net\/wordpress\/wp-json\/wp\/v2\/media?parent=121191"}],"wp:term":[{"taxonomy":"category","embeddable":true,"href":"https:\/\/www.radiopiu.net\/wordpress\/wp-json\/wp\/v2\/categories?post=121191"},{"taxonomy":"post_tag","embeddable":true,"href":"https:\/\/www.radiopiu.net\/wordpress\/wp-json\/wp\/v2\/tags?post=121191"}],"curies":[{"name":"wp","href":"https:\/\/api.w.org\/{rel}","templated":true}]}}