{"id":121193,"date":"2020-03-09T12:57:37","date_gmt":"2020-03-09T11:57:37","guid":{"rendered":"https:\/\/www.radiopiu.net\/wordpress\/?p=121193"},"modified":"2020-03-09T12:57:37","modified_gmt":"2020-03-09T11:57:37","slug":"la-fisi-sospende-da-oggi-tutta-lattivita-sportiva-di-ogni-ordine-e-grado","status":"publish","type":"post","link":"https:\/\/www.radiopiu.net\/wordpress\/la-fisi-sospende-da-oggi-tutta-lattivita-sportiva-di-ogni-ordine-e-grado\/","title":{"rendered":"La Fisi sospende da oggi tutta l\u2019attivit\u00e0 sportiva di ogni ordine e grado"},"content":{"rendered":"<header class=\"entry-header\">\n<h1 class=\"entry-title\">FONTE, SITO UFFICIALE FISI<\/h1>\n<\/header>\n<div class=\"entry-content\">\n<p>A seguito della pubblicazione del decreto del Presidente del Consiglio dell\u20198 marzo scorso, che prevede ulteriori misure contenitive e restrittive da applicarsi su tutto il territorio nazionale,\u00a0<strong>la Federazione Italiana Sport Invernali ha deciso di sospendere da oggi, 9 marzo 2020, ogni attivit\u00e0 sportiva per tutte le discipline federali in ogni ordine e grado.\u00a0<\/strong><strong>Sono quindi annullati allenamenti, gare e trasferte di atleti, staff tecnici e medici di qualsiasi livello. Non sono autorizzati ulteriori spostamenti dei mezzi federali. <\/strong>Restano ancora in attivit\u00e0 i soli atleti che si trovano gi\u00e0 sui siti di gara di Coppa del mondo e dei Mondiali junior e quelli che sono in lizza per la conquista di una coppa generale o di specialit\u00e0 o per un posto significativo nella classifica finale. Nello specifico: la squadra femminile di sci alpino che sar\u00e0 ad Aare per le tre gare di gioved\u00ec, venerd\u00ec e sabato e quella maschile che garegger\u00e0 nel week-end a Kranjska Gora; gli atleti che si trovano gi\u00e0 a Narvik per i Mondiali junior di sci alpino; la squadra di salto femminile, che si trova gi\u00e0 nel Nord Europa e completer\u00e0 le gare di Trondheim; la squadra di biathlon che completer\u00e0 le tappe di Kontiolahti e Oslo; Federico Pellegrino per il fondo che prender\u00e0 parte alle tappe di Coppa del mondo di Quebec e Minneapolis; gli snowboardcrosser che gareggeranno a Veysonnaz nel prossimo week-end e Simone Origone che prender\u00e0 parte alle gare di Formigal e Andorra per la Coppa del mondo di sci velocit\u00e0. \u201cNon \u00e8 stata certo una decisione facile da prendere \u2013 ha detto il Presidente FISI, Flavio Roda \u2013 ma \u00e8 una scelta necessaria per la tutela della salute di atleti e tecnici in questo momento di grande espansione del Covid \u2013 19. Si tratta di una scelta responsabile che la Federazione assume, che probabilmente potr\u00e0 risultare penalizzante per molti atleti, soprattutto i pi\u00f9 giovani, ma che mi auguro possa permetterci di ripartire al pi\u00f9 presto, appena superata la fase dell\u2019emergenza sanitaria\u201d.<br \/>\n\u201cStiamo anche valutando compensazioni economiche per coloro che si sono esposti per l\u2019organizzazione di gare o altre situazioni particolari. In questo momento pensare alla tutela della salute \u00e8 il fattore pi\u00f9 importante\u201d.<\/p>\n<\/div>\n","protected":false},"excerpt":{"rendered":"<p>FONTE, SITO UFFICIALE FISI A seguito della pubblicazione del decreto del Presidente del Consiglio dell\u20198 marzo scorso, che prevede ulteriori misure contenitive e restrittive da applicarsi su tutto il territorio nazionale,\u00a0la Federazione Italiana Sport Invernali ha deciso di sospendere da oggi, 9 marzo 2020, ogni attivit\u00e0 sportiva per tutte le discipline federali in ogni ordine&hellip;<\/p>\n","protected":false},"author":1,"featured_media":121194,"comment_status":"closed","ping_status":"closed","sticky":false,"template":"","format":"standard","meta":{"_monsterinsights_skip_tracking":false,"_monsterinsights_sitenote_active":false,"_monsterinsights_sitenote_note":"","_monsterinsights_sitenote_category":0,"footnotes":""},"categories":[51,49],"tags":[],"class_list":["post-121193","post","type-post","status-publish","format-standard","has-post-thumbnail","hentry","category-evidenza-top","category-news-18","category-51","category-49","description-off"],"img_url":"https:\/\/www.radiopiu.net\/wordpress\/wp-content\/uploads\/2020\/03\/FISI.png","_links":{"self":[{"href":"https:\/\/www.radiopiu.net\/wordpress\/wp-json\/wp\/v2\/posts\/121193","targetHints":{"allow":["GET"]}}],"collection":[{"href":"https:\/\/www.radiopiu.net\/wordpress\/wp-json\/wp\/v2\/posts"}],"about":[{"href":"https:\/\/www.radiopiu.net\/wordpress\/wp-json\/wp\/v2\/types\/post"}],"author":[{"embeddable":true,"href":"https:\/\/www.radiopiu.net\/wordpress\/wp-json\/wp\/v2\/users\/1"}],"replies":[{"embeddable":true,"href":"https:\/\/www.radiopiu.net\/wordpress\/wp-json\/wp\/v2\/comments?post=121193"}],"version-history":[{"count":0,"href":"https:\/\/www.radiopiu.net\/wordpress\/wp-json\/wp\/v2\/posts\/121193\/revisions"}],"wp:featuredmedia":[{"embeddable":true,"href":"https:\/\/www.radiopiu.net\/wordpress\/wp-json\/wp\/v2\/media\/121194"}],"wp:attachment":[{"href":"https:\/\/www.radiopiu.net\/wordpress\/wp-json\/wp\/v2\/media?parent=121193"}],"wp:term":[{"taxonomy":"category","embeddable":true,"href":"https:\/\/www.radiopiu.net\/wordpress\/wp-json\/wp\/v2\/categories?post=121193"},{"taxonomy":"post_tag","embeddable":true,"href":"https:\/\/www.radiopiu.net\/wordpress\/wp-json\/wp\/v2\/tags?post=121193"}],"curies":[{"name":"wp","href":"https:\/\/api.w.org\/{rel}","templated":true}]}}