{"id":121209,"date":"2020-03-09T14:13:19","date_gmt":"2020-03-09T13:13:19","guid":{"rendered":"https:\/\/www.radiopiu.net\/wordpress\/?p=121209"},"modified":"2020-03-09T15:21:51","modified_gmt":"2020-03-09T14:21:51","slug":"appello-congiunto-padrin-massaro","status":"publish","type":"post","link":"https:\/\/www.radiopiu.net\/wordpress\/appello-congiunto-padrin-massaro\/","title":{"rendered":"APPELLO CONGIUNTO PADRIN-MASSARO"},"content":{"rendered":"<p><em><strong>JACOPO MASSARO<\/strong>: &#8220;A nome dei tanti colleghi Sindaci che oggi ci hanno chiamati, il Presidente della Provincia di Belluno Roberto Padrin ed io vi chiediamo di prendere molto sul serio la minaccia da coronavirus. La situazione in tutto il Paese \u00e8 seria: il problema pi\u00f9 grande \u00e8 che si rischia che i posti letto, i Medici e gli Infermieri non siano sufficienti a curare tutti gli ammalati. La Lombardia ci sta insegnando che pu\u00f2 accadere. Questo non vuol dire che bisogna farsi prendere dal panico e<span class=\"text_exposed_show\"> assumere comportamenti ridicoli, come svuotare i supermercati o fare i migranti in fuga verso sud, ma significa che dobbiamo reagire con forza e con attenzione. Non facciamoci scippare le nostre vite, ma adeguiamole, in queste settimane, ai comportamenti che ci sono richiesti. <\/span>L&#8217;economia \u00e8 in grave crisi e siamo preoccupatissimi; per questo siamo in contatto con Regione e Governo. Tuttavia, deve essere chiaro che questo disastro economico assumer\u00e0 dimensioni ben maggiori se non fermiamo la diffusione del virus, che sta iniziando la sua fase di crescita esponenziale. La diffusione pu\u00f2 essere rallentata esclusivamente attraverso il comportamento di ciascuno di noi. Fermiamoci un minuto a riflettere e facciamo tutto quello che ci \u00e8 stato (e ci sar\u00e0) richiesto. Non \u00e8 il momento di discutere le regole, ma di applicarle per il bene nostro, dei nostri cari e della nostra Comunit\u00e0, perch\u00e9 nessuno deve essere lasciato indietro e ciascuno di noi merita di poter avere le cure di cui ha bisogno. Un grande ringraziamento a tutto il personale sanitario e a tutti i volontari che in questo momento, in tutto il Paese, sono in prima linea per la nostra vita. Ne abbiamo superate tante e supereremo anche questa&#8221;.<\/em><\/p>\n<p>&nbsp;<\/p>\n<div id=\"fb-root\"><\/div>\n<p><script async=\"1\" defer=\"1\" crossorigin=\"anonymous\" src=\"https:\/\/connect.facebook.net\/it_IT\/sdk.js#xfbml=1&amp;version=v6.0\"><\/script><\/p>\n<div class=\"fb-video\" data-href=\"https:\/\/www.facebook.com\/massarosindaco\/videos\/240155687025602\/\" data-width=\"1200\">\n<blockquote cite=\"https:\/\/www.facebook.com\/massarosindaco\/videos\/240155687025602\/\" class=\"fb-xfbml-parse-ignore\"><p><a href=\"https:\/\/www.facebook.com\/massarosindaco\/videos\/240155687025602\/\">Coronavirus:  Appello Sindaco e Presidente della Provincia<\/a><\/p>\n<p>A nome dei tanti colleghi Sindaci che oggi ci hanno chiamati, il Presidente della Provincia di Belluno Roberto Padrin ed io vi chiediamo di prendere molto sul serio la minaccia da coronavirus. La situazione in tutto il Paese \u00e8 seria: il problema pi\u00f9 grande \u00e8 che si rischia che i posti letto, i Medici e gli Infermieri non siano sufficienti a curare tutti gli ammalati. La Lombardia ci sta insegnando che pu\u00f2 accadere.Questo non vuol dire che bisogna farsi prendere dal panico e assumere comportamenti ridicoli, come svuotare i supermercati o fare i migranti in fuga verso sud, ma significa che dobbiamo reagire con forza e con attenzione.Non facciamoci scippare le nostre vite, ma adeguiamole, in queste settimane, ai comportamenti che ci sono richiesti. L&#039;economia \u00e8 in grave crisi e siamo preoccupatissimi; per questo siamo in contatto con Regione e Governo. Tuttavia, deve essere chiaro che questo disastro economico assumer\u00e0 dimensioni ben maggiori se non fermiamo la diffusione del virus, che sta iniziando la sua fase di crescita esponenziale.La diffusione pu\u00f2 essere rallentata esclusivamente attraverso il comportamento di ciascuno di noi.Fermiamoci un minuto a riflettere e facciamo tutto quello che ci \u00e8 stato (e ci sar\u00e0) richiesto. Non \u00e8 il momento di discutere le regole, ma di applicarle per il bene nostro, dei nostri cari e della nostra Comunit\u00e0, perch\u00e9 nessuno deve essere lasciato indietro e ciascuno di noi merita di poter avere le cure di cui ha bisogno.Un grande ringraziamento a tutto il personale sanitario e a tutti i volontari che in questo momento, in tutto il Paese, sono in prima linea per la nostra vita.Ne abbiamo superate tante e supereremo anche questa.A presto, Jacopo Massaro<\/p>\n<p>Pubblicato da <a href=\"https:\/\/www.facebook.com\/massarosindaco\/\">Jacopo Massaro Sindaco di Belluno<\/a> su Luned\u00ec 9 marzo 2020<\/p><\/blockquote>\n<\/div>\n<p>&nbsp;<\/p>\n<p>&nbsp;<\/p>\n<p>&nbsp;<\/p>\n<p>&nbsp;<\/p>\n","protected":false},"excerpt":{"rendered":"<p>JACOPO MASSARO: &#8220;A nome dei tanti colleghi Sindaci che oggi ci hanno chiamati, il Presidente della Provincia di Belluno Roberto Padrin ed io vi chiediamo di prendere molto sul serio la minaccia da coronavirus. La situazione in tutto il Paese \u00e8 seria: il problema pi\u00f9 grande \u00e8 che si rischia che i posti letto, i&hellip;<\/p>\n","protected":false},"author":1,"featured_media":121070,"comment_status":"closed","ping_status":"closed","sticky":false,"template":"","format":"standard","meta":{"_monsterinsights_skip_tracking":false,"_monsterinsights_sitenote_active":false,"_monsterinsights_sitenote_note":"","_monsterinsights_sitenote_category":0,"footnotes":""},"categories":[51,49],"tags":[],"class_list":["post-121209","post","type-post","status-publish","format-standard","has-post-thumbnail","hentry","category-evidenza-top","category-news-18","category-51","category-49","description-off"],"img_url":"https:\/\/www.radiopiu.net\/wordpress\/wp-content\/uploads\/2020\/03\/JACOPO-MASSARO.jpg","_links":{"self":[{"href":"https:\/\/www.radiopiu.net\/wordpress\/wp-json\/wp\/v2\/posts\/121209","targetHints":{"allow":["GET"]}}],"collection":[{"href":"https:\/\/www.radiopiu.net\/wordpress\/wp-json\/wp\/v2\/posts"}],"about":[{"href":"https:\/\/www.radiopiu.net\/wordpress\/wp-json\/wp\/v2\/types\/post"}],"author":[{"embeddable":true,"href":"https:\/\/www.radiopiu.net\/wordpress\/wp-json\/wp\/v2\/users\/1"}],"replies":[{"embeddable":true,"href":"https:\/\/www.radiopiu.net\/wordpress\/wp-json\/wp\/v2\/comments?post=121209"}],"version-history":[{"count":0,"href":"https:\/\/www.radiopiu.net\/wordpress\/wp-json\/wp\/v2\/posts\/121209\/revisions"}],"wp:featuredmedia":[{"embeddable":true,"href":"https:\/\/www.radiopiu.net\/wordpress\/wp-json\/wp\/v2\/media\/121070"}],"wp:attachment":[{"href":"https:\/\/www.radiopiu.net\/wordpress\/wp-json\/wp\/v2\/media?parent=121209"}],"wp:term":[{"taxonomy":"category","embeddable":true,"href":"https:\/\/www.radiopiu.net\/wordpress\/wp-json\/wp\/v2\/categories?post=121209"},{"taxonomy":"post_tag","embeddable":true,"href":"https:\/\/www.radiopiu.net\/wordpress\/wp-json\/wp\/v2\/tags?post=121209"}],"curies":[{"name":"wp","href":"https:\/\/api.w.org\/{rel}","templated":true}]}}