{"id":121212,"date":"2020-03-09T14:18:34","date_gmt":"2020-03-09T13:18:34","guid":{"rendered":"https:\/\/www.radiopiu.net\/wordpress\/?p=121212"},"modified":"2020-03-09T14:18:34","modified_gmt":"2020-03-09T13:18:34","slug":"appello-dalla-lista-civica-per-agordo-del-sindaco-roberto-chissale","status":"publish","type":"post","link":"https:\/\/www.radiopiu.net\/wordpress\/appello-dalla-lista-civica-per-agordo-del-sindaco-roberto-chissale\/","title":{"rendered":"APPELLO DALLA LISTA CIVICA PER AGORDO, DEL SINDACO ROBERTO CHISSALE&#8217;"},"content":{"rendered":"<p><strong>AGORDO<\/strong> L&#8217;amministrazione comunale invita TUTTA LA CITTADINANZA alla collaborazione in questo delicato momento. Tuteliamo noi stessi e gli altri rispettando le disposizioni governative e le norme igienico-sanitarie indicate. L&#8217;invito \u00e8 rivolto soprattutto ai giovani, che DEVONO CONTRIBUIRE, con il loro senso civico, a tutelare anche le fasce di popolazione pi\u00f9 debole. \u00c8 importante capire che se ci ammaliamo in tanti il sistema sanitario non potr\u00e0 assisterci tutti! Collaboriamo con un atteggiamento serio e responsabile e andr\u00e0 tutto per il meglio!<\/p>\n<p><a class=\"dt-pswp-item\" href=\"https:\/\/www.radiopiu.net\/wordpress\/wp-content\/uploads\/2020\/03\/47817f3b-a511-4c4d-8bf5-081d3c3fcce1.jpg\" data-dt-img-description=\"\" data-large_image_width=\"1002\" data-large_image_height=\"1600\"><img loading=\"lazy\" decoding=\"async\" class=\"alignnone wp-image-121213 size-large\" src=\"https:\/\/www.radiopiu.net\/wordpress\/wp-content\/uploads\/2020\/03\/47817f3b-a511-4c4d-8bf5-081d3c3fcce1-641x1024.jpg\" alt=\"\" width=\"641\" height=\"1024\" srcset=\"https:\/\/www.radiopiu.net\/wordpress\/wp-content\/uploads\/2020\/03\/47817f3b-a511-4c4d-8bf5-081d3c3fcce1-641x1024.jpg 641w, https:\/\/www.radiopiu.net\/wordpress\/wp-content\/uploads\/2020\/03\/47817f3b-a511-4c4d-8bf5-081d3c3fcce1-188x300.jpg 188w, https:\/\/www.radiopiu.net\/wordpress\/wp-content\/uploads\/2020\/03\/47817f3b-a511-4c4d-8bf5-081d3c3fcce1-768x1226.jpg 768w, https:\/\/www.radiopiu.net\/wordpress\/wp-content\/uploads\/2020\/03\/47817f3b-a511-4c4d-8bf5-081d3c3fcce1-962x1536.jpg 962w, https:\/\/www.radiopiu.net\/wordpress\/wp-content\/uploads\/2020\/03\/47817f3b-a511-4c4d-8bf5-081d3c3fcce1.jpg 1002w\" sizes=\"auto, (max-width: 641px) 100vw, 641px\" \/><\/a><\/p>\n","protected":false},"excerpt":{"rendered":"<p>AGORDO L&#8217;amministrazione comunale invita TUTTA LA CITTADINANZA alla collaborazione in questo delicato momento. Tuteliamo noi stessi e gli altri rispettando le disposizioni governative e le norme igienico-sanitarie indicate. L&#8217;invito \u00e8 rivolto soprattutto ai giovani, che DEVONO CONTRIBUIRE, con il loro senso civico, a tutelare anche le fasce di popolazione pi\u00f9 debole. \u00c8 importante capire che&hellip;<\/p>\n","protected":false},"author":1,"featured_media":121214,"comment_status":"closed","ping_status":"closed","sticky":false,"template":"","format":"standard","meta":{"_monsterinsights_skip_tracking":false,"_monsterinsights_sitenote_active":false,"_monsterinsights_sitenote_note":"","_monsterinsights_sitenote_category":0,"footnotes":""},"categories":[49],"tags":[],"class_list":["post-121212","post","type-post","status-publish","format-standard","has-post-thumbnail","hentry","category-news-18","category-49","description-off"],"img_url":"https:\/\/www.radiopiu.net\/wordpress\/wp-content\/uploads\/2020\/03\/57345135_2436042849761130_4843271986467569664_n.jpg","_links":{"self":[{"href":"https:\/\/www.radiopiu.net\/wordpress\/wp-json\/wp\/v2\/posts\/121212","targetHints":{"allow":["GET"]}}],"collection":[{"href":"https:\/\/www.radiopiu.net\/wordpress\/wp-json\/wp\/v2\/posts"}],"about":[{"href":"https:\/\/www.radiopiu.net\/wordpress\/wp-json\/wp\/v2\/types\/post"}],"author":[{"embeddable":true,"href":"https:\/\/www.radiopiu.net\/wordpress\/wp-json\/wp\/v2\/users\/1"}],"replies":[{"embeddable":true,"href":"https:\/\/www.radiopiu.net\/wordpress\/wp-json\/wp\/v2\/comments?post=121212"}],"version-history":[{"count":0,"href":"https:\/\/www.radiopiu.net\/wordpress\/wp-json\/wp\/v2\/posts\/121212\/revisions"}],"wp:featuredmedia":[{"embeddable":true,"href":"https:\/\/www.radiopiu.net\/wordpress\/wp-json\/wp\/v2\/media\/121214"}],"wp:attachment":[{"href":"https:\/\/www.radiopiu.net\/wordpress\/wp-json\/wp\/v2\/media?parent=121212"}],"wp:term":[{"taxonomy":"category","embeddable":true,"href":"https:\/\/www.radiopiu.net\/wordpress\/wp-json\/wp\/v2\/categories?post=121212"},{"taxonomy":"post_tag","embeddable":true,"href":"https:\/\/www.radiopiu.net\/wordpress\/wp-json\/wp\/v2\/tags?post=121212"}],"curies":[{"name":"wp","href":"https:\/\/api.w.org\/{rel}","templated":true}]}}