{"id":121216,"date":"2020-03-09T15:01:16","date_gmt":"2020-03-09T14:01:16","guid":{"rendered":"https:\/\/www.radiopiu.net\/wordpress\/?p=121216"},"modified":"2020-03-09T15:02:14","modified_gmt":"2020-03-09T14:02:14","slug":"121216-2","status":"publish","type":"post","link":"https:\/\/www.radiopiu.net\/wordpress\/121216-2\/","title":{"rendered":"Hockey, annullati i playoff dell\u2019Italian Hockey League"},"content":{"rendered":"<p><strong>FONTE SITO FISG<\/strong><\/p>\n<p><a class=\"dt-pswp-item\" href=\"https:\/\/www.radiopiu.net\/wordpress\/wp-content\/uploads\/2020\/03\/FISG_scuro_1.jpg\" data-dt-img-description=\"\" data-large_image_width=\"1170\" data-large_image_height=\"640\"><img loading=\"lazy\" decoding=\"async\" class=\"size-medium wp-image-121219 alignleft\" src=\"https:\/\/www.radiopiu.net\/wordpress\/wp-content\/uploads\/2020\/03\/FISG_scuro_1-300x164.jpg\" alt=\"\" width=\"300\" height=\"164\" srcset=\"https:\/\/www.radiopiu.net\/wordpress\/wp-content\/uploads\/2020\/03\/FISG_scuro_1-300x164.jpg 300w, https:\/\/www.radiopiu.net\/wordpress\/wp-content\/uploads\/2020\/03\/FISG_scuro_1-1024x560.jpg 1024w, https:\/\/www.radiopiu.net\/wordpress\/wp-content\/uploads\/2020\/03\/FISG_scuro_1-768x420.jpg 768w, https:\/\/www.radiopiu.net\/wordpress\/wp-content\/uploads\/2020\/03\/FISG_scuro_1.jpg 1170w\" sizes=\"auto, (max-width: 300px) 100vw, 300px\" \/><\/a>Il Presidente Andrea Gios, a nome della Federazione Italiana Sport del Ghiaccio, comunica la decisione assunta di concerto con le squadre di annullare, a partire da oggi, i playoff attualmente in corso dell\u2019Italian Hockey League. Non verranno dunque disputate le partite gi\u00e0 inserite in calendario e la stagione sar\u00e0 da considerarsi conclusa senza l\u2019assegnazione del titolo tricolore. La scelta, arrivata dopo un costante confronto tra le parti e di comune accordo con tutte le societ\u00e0 sportive coinvolte, recepisce i dettami e le indicazioni contenuti nei decreti ministeriali emessi nelle ultime 48 ore e, soprattutto, mira al contenimento della diffusione del virus COVID 19 ed alla tutela dell\u2019intero movimento hockeistico nazionale.<\/p>\n<p>La FISG e le societ\u00e0 hanno valutato, prima di arrivare a questa decisione, l\u2019opportunit\u00e0 di una temporanea sospensione del campionato con relativo rinvio e recupero delle partite a data da destinarsi. Tuttavia, l\u2019incertezza legata all\u2019evoluzione e agli sviluppi del Coronavirus nelle prossime settimane, insieme all\u2019impossibilit\u00e0 di mantenere a lungo aperti gli impianti e le piste di ghiaccio senza alcuna attivit\u00e0 in programma, hanno suggerito di procedere con l\u2019annullamento della competizione. A differenza della grande maggioranza delle altre discipline, l\u2019hockey infatti, per il suo svolgimento, prevede il mantenimento costante e regolare di una pista di ghiaccio: riuscire a tenerle aperte e funzionanti ben oltre il calendario gi\u00e0 in programma avrebbe richiesto un impegno eccessivamente oneroso per i gestori degli impianti e per le societ\u00e0, a maggior ragione se private dell\u2019incasso derivante dalla vendita dei biglietti essendo costrette a giocare a \u201cporte chiuse\u201d.<\/p>\n<p>\u201c<em>E\u2019 una decisione sofferta ma necessaria<\/em>\u00a0\u2013 le parole del presidente FISG Andrea Gios -.\u00a0<em>Ringrazio tutte le societ\u00e0, con le quali mi sono interfacciato costantemente in questi ultimi giorni, e in particolare il coordinatore del campionato Walter Andriolo. La scelta di annullare i playoff di IHL non \u00e8 stata facile. Tuttavia avevamo il dovere e la responsabilit\u00e0 di difendere e salvaguardare la salute pubblica e, al tempo stesso, la necessit\u00e0 di non minare gli equilibri finanziari delle societ\u00e0 sportive. La coesione e l\u2019unit\u00e0 di intenti messa in mostra dall\u2019hockey italiano in questo momento di difficolt\u00e0 mi porta a ritenere che vinceremo anche questa battaglia e che torneremo, insieme, a gioire e godere della bellezza di questo meraviglioso sport<\/em>\u201c.<\/p>\n","protected":false},"excerpt":{"rendered":"<p>FONTE SITO FISG Il Presidente Andrea Gios, a nome della Federazione Italiana Sport del Ghiaccio, comunica la decisione assunta di concerto con le squadre di annullare, a partire da oggi, i playoff attualmente in corso dell\u2019Italian Hockey League. Non verranno dunque disputate le partite gi\u00e0 inserite in calendario e la stagione sar\u00e0 da considerarsi conclusa&hellip;<\/p>\n","protected":false},"author":1,"featured_media":59185,"comment_status":"closed","ping_status":"closed","sticky":false,"template":"","format":"standard","meta":{"_monsterinsights_skip_tracking":false,"_monsterinsights_sitenote_active":false,"_monsterinsights_sitenote_note":"","_monsterinsights_sitenote_category":0,"footnotes":""},"categories":[49],"tags":[],"class_list":["post-121216","post","type-post","status-publish","format-standard","has-post-thumbnail","hentry","category-news-18","category-49","description-off"],"img_url":"https:\/\/www.radiopiu.net\/wordpress\/wp-content\/uploads\/2018\/08\/hockey-team-3311629_1280.jpg","_links":{"self":[{"href":"https:\/\/www.radiopiu.net\/wordpress\/wp-json\/wp\/v2\/posts\/121216","targetHints":{"allow":["GET"]}}],"collection":[{"href":"https:\/\/www.radiopiu.net\/wordpress\/wp-json\/wp\/v2\/posts"}],"about":[{"href":"https:\/\/www.radiopiu.net\/wordpress\/wp-json\/wp\/v2\/types\/post"}],"author":[{"embeddable":true,"href":"https:\/\/www.radiopiu.net\/wordpress\/wp-json\/wp\/v2\/users\/1"}],"replies":[{"embeddable":true,"href":"https:\/\/www.radiopiu.net\/wordpress\/wp-json\/wp\/v2\/comments?post=121216"}],"version-history":[{"count":0,"href":"https:\/\/www.radiopiu.net\/wordpress\/wp-json\/wp\/v2\/posts\/121216\/revisions"}],"wp:featuredmedia":[{"embeddable":true,"href":"https:\/\/www.radiopiu.net\/wordpress\/wp-json\/wp\/v2\/media\/59185"}],"wp:attachment":[{"href":"https:\/\/www.radiopiu.net\/wordpress\/wp-json\/wp\/v2\/media?parent=121216"}],"wp:term":[{"taxonomy":"category","embeddable":true,"href":"https:\/\/www.radiopiu.net\/wordpress\/wp-json\/wp\/v2\/categories?post=121216"},{"taxonomy":"post_tag","embeddable":true,"href":"https:\/\/www.radiopiu.net\/wordpress\/wp-json\/wp\/v2\/tags?post=121216"}],"curies":[{"name":"wp","href":"https:\/\/api.w.org\/{rel}","templated":true}]}}