{"id":121222,"date":"2020-03-10T05:44:09","date_gmt":"2020-03-10T04:44:09","guid":{"rendered":"https:\/\/www.radiopiu.net\/wordpress\/?p=121222"},"modified":"2020-03-10T11:02:47","modified_gmt":"2020-03-10T10:02:47","slug":"giornale-radiopiu-10-marzo-2020-direttore-mirko-mezzacasa","status":"publish","type":"post","link":"https:\/\/www.radiopiu.net\/wordpress\/giornale-radiopiu-10-marzo-2020-direttore-mirko-mezzacasa\/","title":{"rendered":"GIORNALE RADIOPIU 10 MARZO 2020 direttore MIRKO MEZZACASA"},"content":{"rendered":"<h3><strong>PER RICEVERE QUESTO NOTIZIARIO DIRETTAMENTE SUL TUO CELLULARE ISCRIVITI AL CANALE <span style=\"color: #0000ff;\">TELEGRAM <\/span><\/strong><strong>&#8220;<span style=\"color: #ff0000;\">RADIO PIU\u00a0 INFORMAZIONE<\/span><\/strong><\/h3>\n<hr \/>\n<p><strong>203 agordina LOCALITA&#8217; CANDATEN DA OGGI AL 30 APRILE RIDUZIONE DELLA CARREGGIATA CON LIMITAZIONE DELLA VELOCITA&#8217; A 40 CHILOMETRI ORARI PER CONSOLIDAMENTO CORPO STRADALE<\/strong><\/p>\n<h3><\/h3>\n<hr \/>\n<p>&nbsp;<\/p>\n<blockquote class=\"wp-embedded-content\" data-secret=\"yNAwiq0u0X\"><p><a href=\"https:\/\/www.radiopiu.net\/wordpress\/i-nostri-alpini-sempre-in-prima-linea\/\">I NOSTRI ALPINI SEMPRE IN PRIMA LINEA<\/a><\/p><\/blockquote>\n<p><iframe loading=\"lazy\" title=\"&#8220;I NOSTRI ALPINI SEMPRE IN PRIMA LINEA&#8221; &#8212; Radio Pi\u00f9\" class=\"wp-embedded-content\" sandbox=\"allow-scripts\" security=\"restricted\" style=\"position: absolute; clip: rect(1px, 1px, 1px, 1px);\" src=\"https:\/\/www.radiopiu.net\/wordpress\/i-nostri-alpini-sempre-in-prima-linea\/embed\/#?secret=yNAwiq0u0X\" data-secret=\"yNAwiq0u0X\" width=\"600\" height=\"338\" frameborder=\"0\" marginwidth=\"0\" marginheight=\"0\" scrolling=\"no\"><\/iframe><\/p>\n<p>&nbsp;<\/p>\n<hr \/>\n<p>&nbsp;<\/p>\n<p>&nbsp;<\/p>\n<p>&nbsp;<\/p>\n<div class=\"page-title-head hgroup\">\n<blockquote>\n<h3>IL NUOVO DPCM DETTA LE REGOLE UGUALI PER TUTTA ITALIA<\/h3>\n<p>Il Presidente del Consiglio Giuseppe Conte con una conferenza stampa alle 21:35 ha dichiarato l&#8217;uscita del nuovo DPCM. Le regole saranno uguali per tutta Italia. &#8220;Non c&#8217;\u00e8 tempo &#8211; ha dichiarato Conte &#8211; le nostre abitudini vanno cambiate per il bene dei nostri cari. L&#8217;Italia diventa zona protetta.&#8221; Tra le decisioni anche le scuole chiuse fino al 4 aprile<\/p>\n<p><strong>IL VIDEO DELLA CONFERENZA STAMPA DEL PRESIDENTE DEL CONSIGLIO<\/strong><\/p>\n<p>&nbsp;<\/p>\n<p><strong>IL NUOVO DPCM DEL 9 MARZO 2020<\/strong><\/p>\n<div class=\"su-document su-u-responsive-media-yes\"><iframe loading=\"lazy\" src=\"\/\/docs.google.com\/viewer?embedded=true&url=https:\/\/www.radiopiu.net\/wordpress\/wp-content\/uploads\/2020\/03\/CORONAVIRUS.-ORDINANZA-648.pdf\" width=\"600\" height=\"800\" class=\"su-document\" title=\"Decreto\"><\/iframe><\/div>\n<h3><\/h3>\n<\/blockquote>\n<\/div>\n<div class=\"page-title-head hgroup\">\n<blockquote>\n<hr \/>\n<h3 class=\"entry-title\">ATTIVA UNA LINEA TELEFONICA ESCLUSIVAMENTE LEGATA ALL\u2019EMERGENZA CORONAVIRUS<\/h3>\n<\/blockquote>\n<\/div>\n<div class=\"page-title-breadcrumbs\">\n<p class=\"p1\"><span class=\"s1\">In relazione all\u2019emergenza legata alla diffusione del virus COVID \u2013 19, si comunica che, a partire da oggi, la Prefettura di Belluno ha attivato l\u2019utenza telefonica dedicata 0437\/952465 cui i cittadini potranno rivolgersi per informazioni attinenti all\u2019attuazione del Decreto del Presidente del Consiglio dei Ministri dell\u20198 marzo 2020. <\/span><span class=\"s1\">Il servizio \u00e8 attivo dal luned\u00ec al venerd\u00ec, dalle ore 8 alle ore 13.00 e dalle 14 alle 20. <\/span><span class=\"s1\">Al di fuori dei suddetti orari, cos\u00ec come per ogni ulteriore esigenza, la Prefettura \u00e8 raggiungibile al numero 0437\/952499, attivo 24 ore su 24, festivi inclusi.<\/span><\/p>\n<p>&nbsp;<\/p>\n<hr \/>\n<\/div>\n<p>&nbsp;<\/p>\n<blockquote>\n<h3>SENSI E CONTROSENSI, ORA NON C&#8217;E&#8217; PIU&#8217; TEMPO<\/h3>\n<\/blockquote>\n<p>L&#8217;Italia chiude per coronavirus tra pericolo rosso-arancione. Ognuno a casa sua, ma non gli autisti che dovranno spostare le merci, nemmeno i lavoratori siano essi dell&#8217;epicentro della &#8220;crisi&#8221; se ancora di epicentro si pu\u00f2 parlare, o di zone periferiche, perch\u00e9 l&#8217;Italia che lavora va avanti imperterrita tanto nelle piccole aziende che nella grande industria, quella degli assembramenti quotidiani dove il tampone \u00e8 un optional e l&#8217;auto quarantena una scelta di chi al mattino si alza e infila il termometro, se i sintomi bussano alla porta o il brivido percorre la spina dorsale. Il Veneto trema perch\u00e9 il virus non colpisce solo gli anziani alla faccia di chi per giorni ha continuato a predicare &#8220;\u00e8 solo un&#8217;influenza&#8221; e oggi scende dal pulpito e si lava le mani ad ogni occasione. Ieri sera il Premier ha preso la decisione stile Cina, con la differenza che i cinesi sono stati molto pi\u00f9 veloci e i risultati si sono visti: &#8220;Vietati gli spostamenti che non siano per lavoro o per salute. ora tutti a casa&#8221;. L&#8217;economia bellunese ha il fiato corto, si fermano gli impianti sciistici anche quelli di Cortina, perch\u00e9 lass\u00f9 volevano comunque continuare ma anche sotto alla Tofana da oggi le pulegge non girano pi\u00f9. Dai locali del bellunesi il grido di allarme &#8220;Qui finisce che chiudiamo tutti se non arrivano aiuti&#8221;, a Taibon Maurizio Farenzena prende una decisione che fa onore e tocca il portafoglio in modo concreto &#8220;Da oggi Giornale e Caff\u00e8 Dersut chiuso per 15 giorni dalle 13, prima la salute dei clienti e dei miei dipendenti&#8221;, dice l&#8217;imprenditore agordino. Negli ospedali bellunesi si teme il collasso cos\u00ec come nel resto del paese, ieri due ricoveri in terapia intensiva e si teme che la causa sia il Covid 19. Aumentano i tamponi positivi cos\u00ec come i residenti in isolamento domiciliare e sono ore di attesa per l&#8217;esito di quasi un centinaio di tamponi, solo ieri 77 in pi\u00f9 del giorno prima. Tra l&#8217;altro non c&#8217;\u00e8 solo il Coronavirus a preoccupare chi opera nella sanit\u00e0,\u00a0 al San Martino \u00e8 stato salvato un bambino di 7 anni da meningite batterica, i sintomi febbre alta a male al collo. A Baldenich in carcere sale la temperatura, ieri le prime rumorose proteste ma non violente, anche nell&#8217;affollata sezione maschile,\u00a0 ma la direttrice afferma che i numeri rientrano nella capienza complessiva della struttura, Anche per lo sport il danno \u00e8 incalcolabile, la Fisi annulla tutti gli eventi, la Federazione Sport del Ghiaccio interrompe il campionato IHL, quest&#8217;anno il titolo non sar\u00e0 assegnato, ci meravigliamo che non sia stata presa la stessa decisione anche per il campionato AHL che potrebbe portare il virus dentro e fuori i confini italiani anche se in certi stadi di tutto si pu\u00f2 parlare ma non certo di assembramento in considerazione delle statistiche stagionali sulla presenza del pubblico pagante, probabilmente strane forze hanno la meglio sul buonsenso,\u00a0 tra sensi e controsensi. Anche questo rientra nella norma se si pensa che ieri mentre il Dolomitisuperski era pronto a chiudere tutti gli impianti, altrove si \u00e8 assistito ad un braccio di ferro di chi davanti alla salute degli altri c&#8217;ha messo gli interessi personali.\u00a0 (mm)<\/p>\n<p>&nbsp;<\/p>\n<p>&nbsp;<\/p>\n<hr \/>\n<p>&nbsp;<\/p>\n<p>&nbsp;<\/p>\n<p>&nbsp;<\/p>\n<blockquote class=\"wp-embedded-content\" data-secret=\"SiAGqkVJzu\"><p><a href=\"https:\/\/www.radiopiu.net\/wordpress\/chiarimenti-al-nuovo-decreto-ministeriale\/\">CHIARIMENTI AL NUOVO DECRETO MINISTERIALE<\/a><\/p><\/blockquote>\n<p><iframe loading=\"lazy\" title=\"&#8220;CHIARIMENTI AL NUOVO DECRETO MINISTERIALE&#8221; &#8212; Radio Pi\u00f9\" class=\"wp-embedded-content\" sandbox=\"allow-scripts\" security=\"restricted\" style=\"position: absolute; clip: rect(1px, 1px, 1px, 1px);\" src=\"https:\/\/www.radiopiu.net\/wordpress\/chiarimenti-al-nuovo-decreto-ministeriale\/embed\/#?secret=SiAGqkVJzu\" data-secret=\"SiAGqkVJzu\" width=\"600\" height=\"338\" frameborder=\"0\" marginwidth=\"0\" marginheight=\"0\" scrolling=\"no\"><\/iframe><\/p>\n<p>&nbsp;<\/p>\n<hr \/>\n<p>&nbsp;<\/p>\n<p>&nbsp;<\/p>\n<p>&nbsp;<\/p>\n<blockquote>\n<h3>INIZIATI IERI I\u00a0 LAVORI IN PIAZZA LIBERTA&#8217;<\/h3>\n<\/blockquote>\n<p><strong>DI GIANNI SANTOMASO<\/strong><\/p>\n<audio class=\"wp-audio-shortcode\" id=\"audio-121222-1\" preload=\"none\" style=\"width: 100%;\" controls=\"controls\"><source type=\"audio\/mpeg\" src=\"https:\/\/www.radiopiu.net\/wordpress\/wp-content\/uploads\/2020\/03\/GIANNI-AGORDO.mp3?_=1\" \/><a href=\"https:\/\/www.radiopiu.net\/wordpress\/wp-content\/uploads\/2020\/03\/GIANNI-AGORDO.mp3\">https:\/\/www.radiopiu.net\/wordpress\/wp-content\/uploads\/2020\/03\/GIANNI-AGORDO.mp3<\/a><\/audio>\n<p>&nbsp;<\/p>\n<p><strong>AGORDO<\/strong> Con puntualit\u00e0 sono iniziati i lavori per il rifacimento della piazza. Da oggi via la cantiere. Ne parliamo con l&#8217;assessore Claudio Sito<\/p>\n<div id=\"fb-root\"><\/div>\n<p><script async=\"1\" defer=\"1\" crossorigin=\"anonymous\" src=\"https:\/\/connect.facebook.net\/it_IT\/sdk.js#xfbml=1&amp;version=v6.0\"><\/script><\/p>\n<div class=\"fb-video\" data-href=\"https:\/\/www.facebook.com\/Mirkomezziano\/videos\/2612875485661888\/\" data-width=\"1200\">\n<blockquote cite=\"https:\/\/www.facebook.com\/Mirkomezziano\/videos\/2612875485661888\/\" class=\"fb-xfbml-parse-ignore\"><p><a href=\"https:\/\/www.facebook.com\/Mirkomezziano\/videos\/2612875485661888\/\"><\/a><\/p>\n<p>Pubblicato da <a href=\"https:\/\/www.facebook.com\/Mirkomezziano\">Mezzacasa Mirkobis Mirko<\/a> su Luned\u00ec 9 marzo 2020<\/p><\/blockquote>\n<\/div>\n<p>&nbsp;<\/p>\n<hr \/>\n<blockquote>\n<h3><\/h3>\n<h3>ATTACCO AL BANCOMAT&#8230; SE NE VANNO A MANI VUOTE GRAZIE ALL&#8217;ALLARME LANCIATO DA UN RESIDENTE<\/h3>\n<\/blockquote>\n<p><a class=\"dt-pswp-item\" href=\"https:\/\/www.radiopiu.net\/wordpress\/wp-content\/uploads\/2020\/03\/0dcd7f8b-7146-4615-b0e3-93348c982103.jpg\" data-dt-img-description=\"\" data-large_image_width=\"800\" data-large_image_height=\"388\"><img loading=\"lazy\" decoding=\"async\" class=\" wp-image-121188 alignleft\" src=\"https:\/\/www.radiopiu.net\/wordpress\/wp-content\/uploads\/2020\/03\/0dcd7f8b-7146-4615-b0e3-93348c982103-300x146.jpg\" alt=\"\" width=\"226\" height=\"110\" srcset=\"https:\/\/www.radiopiu.net\/wordpress\/wp-content\/uploads\/2020\/03\/0dcd7f8b-7146-4615-b0e3-93348c982103-300x146.jpg 300w, https:\/\/www.radiopiu.net\/wordpress\/wp-content\/uploads\/2020\/03\/0dcd7f8b-7146-4615-b0e3-93348c982103-768x372.jpg 768w, https:\/\/www.radiopiu.net\/wordpress\/wp-content\/uploads\/2020\/03\/0dcd7f8b-7146-4615-b0e3-93348c982103.jpg 800w\" sizes=\"auto, (max-width: 226px) 100vw, 226px\" \/><\/a><strong>LORENZAGO<\/strong> Hanno raggiunto Lorenzago di Cadore per poi tentare di\u00a0 scardinare il bancomat, poco prima &#8211; probabilmente gli stessi &#8211; erano entrati nella sede degli alpini rubando gli attrezzi per completare l&#8217;operazione davanti all&#8217;apparecchio Atm gestito dalla Euronet 360 Finance con sede legale a Milano. Un residente ha dato l&#8217;allarme e hanno dovuto desistere andandosene a mani vuote. Indagano i Carabinieri.<\/p>\n<p>&nbsp;<\/p>\n<p>&nbsp;<\/p>\n<hr \/>\n<h3><\/h3>\n<p>&nbsp;<\/p>\n<blockquote>\n<h3>VERGOGNOSA SCRITTA ANTISEMITA A LONGANO<\/h3>\n<p>di DAMIANO TORMEN<\/p><\/blockquote>\n<p>&nbsp;<\/p>\n<audio class=\"wp-audio-shortcode\" id=\"audio-121222-2\" preload=\"none\" style=\"width: 100%;\" controls=\"controls\"><source type=\"audio\/mpeg\" src=\"https:\/\/www.radiopiu.net\/wordpress\/wp-content\/uploads\/2020\/03\/damiano-longano.mp3?_=2\" \/><a href=\"https:\/\/www.radiopiu.net\/wordpress\/wp-content\/uploads\/2020\/03\/damiano-longano.mp3\">https:\/\/www.radiopiu.net\/wordpress\/wp-content\/uploads\/2020\/03\/damiano-longano.mp3<\/a><\/audio>\n<p><a class=\"dt-pswp-item\" href=\"https:\/\/www.radiopiu.net\/wordpress\/wp-content\/uploads\/2020\/03\/IMG-20200309-WA0010-1024x754-1.jpg\" data-dt-img-description=\"\" data-large_image_width=\"1024\" data-large_image_height=\"754\"><img loading=\"lazy\" decoding=\"async\" class=\"size-medium wp-image-121298 alignleft\" src=\"https:\/\/www.radiopiu.net\/wordpress\/wp-content\/uploads\/2020\/03\/IMG-20200309-WA0010-1024x754-1-300x221.jpg\" alt=\"\" width=\"300\" height=\"221\" srcset=\"https:\/\/www.radiopiu.net\/wordpress\/wp-content\/uploads\/2020\/03\/IMG-20200309-WA0010-1024x754-1-300x221.jpg 300w, https:\/\/www.radiopiu.net\/wordpress\/wp-content\/uploads\/2020\/03\/IMG-20200309-WA0010-1024x754-1-768x566.jpg 768w, https:\/\/www.radiopiu.net\/wordpress\/wp-content\/uploads\/2020\/03\/IMG-20200309-WA0010-1024x754-1.jpg 1024w\" sizes=\"auto, (max-width: 300px) 100vw, 300px\" \/><\/a><\/p>\n<p><strong>SEDICO .<\/strong> La denuncia arriva dall\u2019assessore Sebastiano Casoni. <em>\u201d.\u201cCon questo gesto non solo sono state colpite delle persone, a cui va la mia vicinanza, ma \u00e8 stata offesa un\u2019intera comunit\u00e0.<\/em><em>\u00a0Ci aspetta una \u2018battaglia\u2019 culturale per far fronte al dilagare di queste nefandezze. E la faremo\u201d.<\/em><\/p>\n<p>&nbsp;<\/p>\n<p>&nbsp;<\/p>\n<p>&nbsp;<\/p>\n<p>&nbsp;<\/p>\n<p>&nbsp;<\/p>\n<p>&nbsp;<\/p>\n<hr \/>\n<p>&nbsp;<\/p>\n<p>&nbsp;<\/p>\n<blockquote>\n<h3>ULSS 1 AGGIORNAMENTO DEL 9 MARZO, in aumento ricoveri e tamponi positivi<\/h3>\n<\/blockquote>\n<p><strong>BELLUNO<\/strong> Aumentano i ricoveri raggiungendo la doppia cifra, 4 in pi\u00f9 rispetto a domenica\u00a0 (tra i ricoverati ci sono due casi sospetti COVID 19 ricoverati\u00a0 in terapia intensiva, uno a Belluno e uno Feltre,\u00a0 ultrasettantenni e con patologie pregresse, in attesa di esito del tampone). In aumento anche i residenti in isolamento domiciliare fiduciario con sorveglianza attiva (+35) ed i tamponi con esito positivo (+5, poich\u00e9 uno ripetuto a distanza ). Oltre 360 i tamponi con esito negativo, ben 101 nelle ultime 24 ore, 91 sono ancora in attesa d&#8217;esito (+77).<\/p>\n<p>&nbsp;<\/p>\n<div class=\"su-document su-u-responsive-media-yes\"><iframe loading=\"lazy\" src=\"\/\/docs.google.com\/viewer?embedded=true&url=https:\/\/www.radiopiu.net\/wordpress\/wp-content\/uploads\/2020\/03\/UlssDolomiti_covid19_aggiornamento_9_marzo_20-1.pdf\" width=\"600\" height=\"800\" class=\"su-document\" title=\"Decreto\"><\/iframe><\/div>\n<p>&nbsp;<\/p>\n<hr \/>\n<blockquote>\n<h3 class=\"entry-title\">AGGIORNAMENTI ORGANIZZATIVI ULSS 1 DOLOMITI DEL 9 MARZO 2020. LA SITUAZIONE DEI SERVIZI RIMANE INVARIATA<\/h3>\n<\/blockquote>\n<p class=\"p1\"><span class=\"s1\"><b class=\"photoswipe-wrapper\"><a class=\"dt-pswp-item pspw-wrap-ready\" href=\"https:\/\/i1.wp.com\/www.radiopiu.net\/wordpress\/wp-content\/uploads\/2020\/03\/ULSS-1-DOLOMITI-LOGO.jpg?ssl=1\" data-dt-img-description=\"\" data-large_image_width=\"298\" data-large_image_height=\"219\"><img loading=\"lazy\" decoding=\"async\" class=\"size-full wp-image-121256 alignleft\" src=\"https:\/\/i1.wp.com\/www.radiopiu.net\/wordpress\/wp-content\/uploads\/2020\/03\/ULSS-1-DOLOMITI-LOGO.jpg?resize=298%2C219&amp;ssl=1\" alt=\"\" width=\"298\" height=\"219\" \/><\/a>BELLUNO<\/b>\u00a0La situazione dei servizi in Ulss Dolomiti \u00e8 in evoluzione, in base all\u2019esito dei tamponi eseguiti sul personale sanitario e in attesa della pubblicazione del Decreto Legge che consentir\u00e0 la riammissione in servizio dei sanitari risultati negati al tampone. verr\u00e0 adottato un modello di sorveglianza, che garantisca da un lato il massimo della sicurezza per gli operatori sanitari e dall\u2019altro consenta la continuit\u00e0 delle prestazioni sanitarie.<span class=\"Apple-converted-space\">\u00a0\u00a0<\/span>Alle ore 16.00 del 9 marzo 2020 la situazione dei servizi offerti \u00e8 invariata rispetto a quanto comunicato domenica. In seguito alle indagini epidemiologiche per la ricostruzione dei contatti stretti di alcuni casi positivi e all\u2019esito dei tamponi effettuati tra il personale dipendente, le attivit\u00e0 dell\u2019Ulss Dolomiti sono cos\u00ec state rimodulate fino a nuova rivalutazione delle Direzioni mediche in accordo con il Dipartimento di Prevenzione e la Direzione Aziendale:<\/span><\/p>\n<p class=\"p1\"><span class=\"s1\"><b>OSPEDALE DI AGORDO<\/b><\/span><\/p>\n<p class=\"p1\"><span class=\"s1\">Sospensione dei ricoveri dal territorio o da altre strutture sanitarie per la Medicina\/Lungodegenza\/Ospedale di Comunit\u00e0, sospensione della attivit\u00e0 ambulatoriale della Medicina, sospensione della attivit\u00e0 chirurgica \u2013chirurgia generale e ortopedia. La sospensione temporanea sopra riportato prevede che i ricoveri e le prestazioni urgenti vengano garantiti dagli altri ospedali dell\u2019Azienda. Tutte le altre attivit\u00e0 proseguono e vengono erogate applicando la normativa vigentei.<\/span><\/p>\n<p class=\"p1\"><span class=\"s1\"><b>OSPEDALE DI FELTRE<\/b><\/span><\/p>\n<p class=\"p1\"><span class=\"s1\">Sospensione temporanea dei ricoveri in GERIATRIA, sospensione temporanea degli interventi in elezione del Dipartimenti Chirurgico. Sono garantite le urgenze. Tutte le altre attivit\u00e0 dell\u2019ospedale di Feltre proseguono, con gli accorgimenti preventivi disciplinati dalla normativa.\u00a0<\/span><\/p>\n<p class=\"p1\"><span class=\"s1\">Sono state rafforzate le misure di limitazione dell\u2019accesso all\u2019ospedale da parte degli accompagnatori e dei visitatori per tutte le unit\u00e0 operative, salvo situazioni specifiche valutate dal personale sanitario preposto.<\/p>\n<p><\/span><\/p>\n<p class=\"p1\"><span class=\"s1\"><b>UNITA\u2019 di OFFERTA SEMIRESIDENZIALI SOCIO SANITARIE e SOCIALI (centri diurni, etc)<\/b><\/span><\/p>\n<p class=\"p1\"><span class=\"s1\">In linea con le misure adottate a livello nazionale per il contenimento della diffusione del SARS- CoV-2 (Coronavirus), la Regione del Veneto ha disposto la chiusura dal 9 al 15 marzo delle unit\u00e0 di offerta semiresidenziale sociosanitarie e sociali, comprese quelle per anziani, persone con disabilit\u00e0, minori, persone con dipendenza e con problemi di salute mentale.<\/span><\/p>\n<p class=\"p1\"><span class=\"s1\"><b>ULSS DOLOMITI \u2013 altri servizi<\/b><\/span><\/p>\n<p class=\"p1\"><span class=\"s1\">Tutte le attivit\u00e0 degli altri ospedali e servizi dell\u2019Ulss Dolomiti proseguono e vengono erogate applicando la normativa vigente come ad esempio la distanza droplet e il divieto per gli accompagnatori di accedere alle camere dei pazienti di permanere nelle sale di attesa dei dipartimenti emergenze e accettazione dei Pronto Soccorso, salve specifiche diverse indicazioni del personale sanitario preposto.<\/span><\/p>\n<p class=\"p1\"><span class=\"s1\">Nei Centri Prelievi personale dedicato regola l\u2019afflusso nelle sale di attesa per evitare sovraffollamenti.<\/span><\/p>\n<p class=\"p2\"><span class=\"s1\"><b>AMPLIAMENTO ORARIO NUMERO DEDICATO<\/b><\/span><\/p>\n<p class=\"p1\"><span class=\"s1\">Il numero aziendale dedicato per le informazioni sul Covid-19 : 0437\/514343 sar\u00e0 attivo tutti i giorni dalle 8.00 alle 20.00. Si affianca al numero nazionale 1500 e al numero verde regionale <b>800 462 340.<\/b><\/span><\/p>\n<p>&nbsp;<\/p>\n<hr \/>\n<p>&nbsp;<\/p>\n<blockquote>\n<h3><\/h3>\n<h3>L&#8217;INTERVENTO SERALE DEL PRESIDENTE LUCA ZAIA<\/h3>\n<\/blockquote>\n<p><strong><a class=\"dt-pswp-item\" href=\"https:\/\/www.radiopiu.net\/wordpress\/wp-content\/uploads\/2020\/03\/85245797_1397572073778037_4142081724576169984_n.jpg\" data-dt-img-description=\"\" data-large_image_width=\"585\" data-large_image_height=\"272\"><img loading=\"lazy\" decoding=\"async\" class=\" wp-image-121293 alignleft\" src=\"https:\/\/www.radiopiu.net\/wordpress\/wp-content\/uploads\/2020\/03\/85245797_1397572073778037_4142081724576169984_n-300x139.jpg\" alt=\"\" width=\"149\" height=\"69\" srcset=\"https:\/\/www.radiopiu.net\/wordpress\/wp-content\/uploads\/2020\/03\/85245797_1397572073778037_4142081724576169984_n-300x139.jpg 300w, https:\/\/www.radiopiu.net\/wordpress\/wp-content\/uploads\/2020\/03\/85245797_1397572073778037_4142081724576169984_n.jpg 585w\" sizes=\"auto, (max-width: 149px) 100vw, 149px\" \/><\/a>VENEZIA<\/strong>\u00a0 &#8220;Ben venga questa misura delGoverno, che ho sempre auspicato in tempi non sospetti. Il criterio di lotta ad un virus sarebbe insostenibile con restrizioni a macchia di leopardo, coma fatto finora&#8221;. Lo dice all\u2019ANSA il governatore Luca Zaia, commentando i nuovi provvedimenti validi in tutt\u2019Italia per contrastare il Coronavirus. \u201cI virus &#8211; aggiunge &#8211; non conoscono confini territoriali e abbiamo l\u2019obbligo di difendere la salute dei cittadini&#8221;. Per Zaia di fronte ad un virus per il quale non esiste vaccino &#8220;\u00e8 fondamentale applicare la politica del contenimento. L\u2019esperienza della quarantena di Vo\u2019 dimostra scientificamente che i casi positivi crollano conl`isolamento fiduciario&#8221;. Adesso, prosegue il governatore del Veneto &#8220;\u00e8 cruciale l\u2019impegno di tutti perch\u00e8 la prima cura al virus siamo noi cittadini. Se ci sar\u00e0 un buon lavoro di squadra nel rispetto nelle regole, avremo come effetto il rallentamento del contagio e la fine di questa emergenza in tempi ragionevoli&#8221;. Infine, per Zaia &#8220;\u00e8 fondamentale che sia riconosciuto questo sacrificio anche al mondo delle imprese, riconoscendo i danni a partire dai primi stanziamenti previsti&#8221;.<\/p>\n<p>&nbsp;<\/p>\n<hr \/>\n<p>&nbsp;<\/p>\n<p>&nbsp;<\/p>\n<blockquote>\n<h3>DIRETTA ZAIA: LA SANITA&#8217; VENETA FUNZIONA<\/h3>\n<\/blockquote>\n<div id=\"fb-root\"><\/div>\n<p><script async=\"1\" defer=\"1\" crossorigin=\"anonymous\" src=\"https:\/\/connect.facebook.net\/it_IT\/sdk.js#xfbml=1&amp;version=v6.0\"><\/script><\/p>\n<div class=\"fb-video\" data-href=\"https:\/\/www.facebook.com\/zaiaufficiale\/videos\/837063003388579\/\" data-width=\"1200\">\n<blockquote cite=\"https:\/\/www.facebook.com\/zaiaufficiale\/videos\/837063003388579\/\" class=\"fb-xfbml-parse-ignore\"><p><a href=\"https:\/\/www.facebook.com\/zaiaufficiale\/videos\/837063003388579\/\"><\/a><\/p>\n<p>\u203c\ufe0f #CORONAVIRUS \/ IN DIRETTA TUTTI GLI AGGIORNAMENTI \u203c\ufe0f<\/p>\n<p>Pubblicato da <a href=\"https:\/\/www.facebook.com\/zaiaufficiale\/\">Luca Zaia<\/a> su Luned\u00ec 9 marzo 2020<\/p><\/blockquote>\n<\/div>\n<p>&nbsp;<\/p>\n<hr \/>\n<p>&nbsp;<\/p>\n<blockquote>\n<h3>APPELLO CONGIUNTO PADRIN-MASSARO<\/h3>\n<\/blockquote>\n<p><em><strong>JACOPO MASSARO<\/strong>: &#8220;A nome dei tanti colleghi Sindaci che oggi ci hanno chiamati, il Presidente della Provincia di Belluno Roberto Padrin ed io vi chiediamo di prendere molto sul serio la minaccia da coronavirus. La situazione in tutto il Paese \u00e8 seria: il problema pi\u00f9 grande \u00e8 che si rischia che i posti letto, i Medici e gli Infermieri non siano sufficienti a curare tutti gli ammalati. Fermiamoci un minuto a riflettere e facciamo tutto quello che ci \u00e8 stato (e ci sar\u00e0) richiesto. Non \u00e8 il momento di discutere le regole, ma di applicarle per il bene nostro, dei nostri cari e della nostra Comunit\u00e0, perch\u00e9 nessuno deve essere lasciato indietro e ciascuno di noi merita di poter avere le cure di cui ha bisogno&#8221;. <\/em><\/p>\n<p>&nbsp;<\/p>\n<div id=\"fb-root\"><\/div>\n<p><script async=\"1\" defer=\"1\" crossorigin=\"anonymous\" src=\"https:\/\/connect.facebook.net\/it_IT\/sdk.js#xfbml=1&amp;version=v6.0\"><\/script><\/p>\n<div class=\"fb-video\" data-href=\"https:\/\/www.facebook.com\/massarosindaco\/videos\/240155687025602\/\" data-width=\"1200\">\n<blockquote cite=\"https:\/\/www.facebook.com\/massarosindaco\/videos\/240155687025602\/\" class=\"fb-xfbml-parse-ignore\"><p><a href=\"https:\/\/www.facebook.com\/massarosindaco\/videos\/240155687025602\/\">Coronavirus:  Appello Sindaco e Presidente della Provincia<\/a><\/p>\n<p>A nome dei tanti colleghi Sindaci che oggi ci hanno chiamati, il Presidente della Provincia di Belluno Roberto Padrin ed io vi chiediamo di prendere molto sul serio la minaccia da coronavirus. La situazione in tutto il Paese \u00e8 seria: il problema pi\u00f9 grande \u00e8 che si rischia che i posti letto, i Medici e gli Infermieri non siano sufficienti a curare tutti gli ammalati. La Lombardia ci sta insegnando che pu\u00f2 accadere.Questo non vuol dire che bisogna farsi prendere dal panico e assumere comportamenti ridicoli, come svuotare i supermercati o fare i migranti in fuga verso sud, ma significa che dobbiamo reagire con forza e con attenzione.Non facciamoci scippare le nostre vite, ma adeguiamole, in queste settimane, ai comportamenti che ci sono richiesti. L&#039;economia \u00e8 in grave crisi e siamo preoccupatissimi; per questo siamo in contatto con Regione e Governo. Tuttavia, deve essere chiaro che questo disastro economico assumer\u00e0 dimensioni ben maggiori se non fermiamo la diffusione del virus, che sta iniziando la sua fase di crescita esponenziale.La diffusione pu\u00f2 essere rallentata esclusivamente attraverso il comportamento di ciascuno di noi.Fermiamoci un minuto a riflettere e facciamo tutto quello che ci \u00e8 stato (e ci sar\u00e0) richiesto. Non \u00e8 il momento di discutere le regole, ma di applicarle per il bene nostro, dei nostri cari e della nostra Comunit\u00e0, perch\u00e9 nessuno deve essere lasciato indietro e ciascuno di noi merita di poter avere le cure di cui ha bisogno.Un grande ringraziamento a tutto il personale sanitario e a tutti i volontari che in questo momento, in tutto il Paese, sono in prima linea per la nostra vita.Ne abbiamo superate tante e supereremo anche questa.A presto, Jacopo Massaro<\/p>\n<p>Pubblicato da <a href=\"https:\/\/www.facebook.com\/massarosindaco\/\">Jacopo Massaro Sindaco di Belluno<\/a> su Luned\u00ec 9 marzo 2020<\/p><\/blockquote>\n<\/div>\n<p>&nbsp;<\/p>\n<p>&nbsp;<\/p>\n<hr \/>\n<blockquote>\n<h3 class=\"entry-title\">AGGIORNAMENTO CORONAVIRUS CON L\u2019ASSESSORE ALLA PROTEZIONE CIVILE GIANPAOLO BOTTACIN<\/h3>\n<\/blockquote>\n<p><strong>VENEZIA<\/strong> Situazione complicata dice l\u2019assessore veneto, il 5 per cento ha bisogno di cure di terapia intensiva. L\u2019ammalarsi contemporaneamente potrebbe mandare in tilt il sistema sanitario nazionale. In Veneto allo studio l\u2019attivazione di nuovi posti di terapia intensiva per numeri mai visti nella storia.<\/p>\n<p><strong>GIANPAOLO BOTTACIN VIDEO.<\/strong><\/p>\n<p><iframe loading=\"lazy\" title=\"WhatsApp Video 2020 03 09 at 17 30 10\" width=\"1200\" height=\"675\" src=\"https:\/\/www.youtube.com\/embed\/Atw-VqUJBrI?feature=oembed\" frameborder=\"0\" allow=\"accelerometer; autoplay; encrypted-media; gyroscope; picture-in-picture\" allowfullscreen><\/iframe><\/p>\n<p>&nbsp;<\/p>\n<hr \/>\n<p>&nbsp;<\/p>\n<blockquote>\n<h3>L&#8217;APPELLO DEL GRUPPO DEL SINDACO ROBERTO CHISSALE&#8217;<\/h3>\n<\/blockquote>\n<p><strong>AGORDO<\/strong>\u00a0L\u2019amministrazione comunale invita TUTTA LA CITTADINANZA alla collaborazione in questo delicato momento. Tuteliamo noi stessi e gli altri rispettando le disposizioni governative e le norme igienico-sanitarie indicate. L\u2019invito \u00e8 rivolto soprattutto ai giovani, che DEVONO CONTRIBUIRE, con il loro senso civico, a tutelare anche le fasce di popolazione pi\u00f9 debole. \u00c8 importante capire che se ci ammaliamo in tanti il sistema sanitario non potr\u00e0 assisterci tutti! Collaboriamo con un atteggiamento serio e responsabile e andr\u00e0 tutto per il meglio!<\/p>\n<blockquote class=\"wp-embedded-content\" data-secret=\"MJ3lTP5Lkn\"><p><a href=\"https:\/\/www.radiopiu.net\/wordpress\/appello-dalla-lista-civica-per-agordo-del-sindaco-roberto-chissale\/\">APPELLO DALLA LISTA CIVICA PER AGORDO, DEL SINDACO ROBERTO CHISSALE&#8217;<\/a><\/p><\/blockquote>\n<p><iframe loading=\"lazy\" title=\"&#8220;APPELLO DALLA LISTA CIVICA PER AGORDO, DEL SINDACO ROBERTO CHISSALE&#8217;&#8221; &#8212; Radio Pi\u00f9\" class=\"wp-embedded-content\" sandbox=\"allow-scripts\" security=\"restricted\" style=\"position: absolute; clip: rect(1px, 1px, 1px, 1px);\" src=\"https:\/\/www.radiopiu.net\/wordpress\/appello-dalla-lista-civica-per-agordo-del-sindaco-roberto-chissale\/embed\/#?secret=MJ3lTP5Lkn\" data-secret=\"MJ3lTP5Lkn\" width=\"600\" height=\"338\" frameborder=\"0\" marginwidth=\"0\" marginheight=\"0\" scrolling=\"no\"><\/iframe><\/p>\n<p>&nbsp;<\/p>\n<p>&nbsp;<\/p>\n<hr \/>\n<h3><\/h3>\n<div class=\"page-title-head hgroup\">\n<blockquote>\n<h3 class=\"entry-title\">IL MINISTRO AGLI AFFARI REGIONALI FRANCESCO BOCCIA: DA OGGI CHIUSI GLI IMPIANTI SCIISTICI<\/h3>\n<\/blockquote>\n<\/div>\n<div class=\"page-title-breadcrumbs\">\n<p><strong>ROMA<\/strong> Il Ministro degli Affari Regionali Francesco Boccia in conferenza stampa alla Protezione Civile ha dichiarato: \u201cAbbiamo deciso di chiudere tutti gli impianti sciistici del Paese da questa\u00a0 mattina con un\u2019ordinanza di Protezione civile\u201d<\/p>\n<p><strong>IL VIDEO DELLA DICHIARAZIONE<\/strong><\/p>\n<\/div>\n<div style=\"width: 848px;\" class=\"wp-video\"><video class=\"wp-video-shortcode\" id=\"video-121222-1\" width=\"848\" height=\"480\" preload=\"metadata\" controls=\"controls\"><source type=\"video\/mp4\" src=\"https:\/\/www.radiopiu.net\/wordpress\/wp-content\/uploads\/2020\/03\/BOCCIA-CHIUSURA-IMPIANTI-SCI.mp4?_=1\" \/><a href=\"https:\/\/www.radiopiu.net\/wordpress\/wp-content\/uploads\/2020\/03\/BOCCIA-CHIUSURA-IMPIANTI-SCI.mp4\">https:\/\/www.radiopiu.net\/wordpress\/wp-content\/uploads\/2020\/03\/BOCCIA-CHIUSURA-IMPIANTI-SCI.mp4<\/a><\/video><\/div>\n<p>&nbsp;<\/p>\n<hr \/>\n<p>&nbsp;<\/p>\n<p><strong>IERI PRIMA DELLA DECISIONE DEL MINISTRO BOCCIA IL DOLOMITISUPERSKI AVEVA DECISO (ECCETTO CORTINA) DI CHIUDERE CON LA GIORNATA ODIERNA, ANZI DOMANI. OGGI ERANO IN PROGRAMMA LE ULTIME SCIATE. DAL\u00a0 MONTE AVENA NESSUNO AVEVA ACCENNATO A CHIUSURE, TANTOMENO\u00a0 IN\u00a0 NEVEGAL, SOPRATTUTTO\u00a0 DOPO GLI ASSEMBRAMENTI DELLA SCORSA DOMENICA IN BARBA A QUALSIASI LOGICA DI PREVENZIONE. IL DIKTAT DI BOCCIA HA MESSO DECISAMENTE ORDINE.<\/strong><\/p>\n<blockquote>\n<h3>UN ATTO DI RESPONSABILITA&#8217; DAL DOLOMITI SUPERSKI, IMPIANTI CHIUSI E STAGIONE FINITA<\/h3>\n<\/blockquote>\n<p><a class=\"dt-pswp-item\" href=\"https:\/\/www.radiopiu.net\/wordpress\/wp-content\/uploads\/2020\/03\/72678381_10156614132927304_5656162480733290496_o.jpg\" data-dt-img-description=\"\" data-large_image_width=\"1656\" data-large_image_height=\"630\"><img loading=\"lazy\" decoding=\"async\" class=\" wp-image-121192 alignleft\" src=\"https:\/\/www.radiopiu.net\/wordpress\/wp-content\/uploads\/2020\/03\/72678381_10156614132927304_5656162480733290496_o-300x114.jpg\" alt=\"\" width=\"237\" height=\"90\" srcset=\"https:\/\/www.radiopiu.net\/wordpress\/wp-content\/uploads\/2020\/03\/72678381_10156614132927304_5656162480733290496_o-300x114.jpg 300w, https:\/\/www.radiopiu.net\/wordpress\/wp-content\/uploads\/2020\/03\/72678381_10156614132927304_5656162480733290496_o-1024x390.jpg 1024w, https:\/\/www.radiopiu.net\/wordpress\/wp-content\/uploads\/2020\/03\/72678381_10156614132927304_5656162480733290496_o-768x292.jpg 768w, https:\/\/www.radiopiu.net\/wordpress\/wp-content\/uploads\/2020\/03\/72678381_10156614132927304_5656162480733290496_o-1536x584.jpg 1536w, https:\/\/www.radiopiu.net\/wordpress\/wp-content\/uploads\/2020\/03\/72678381_10156614132927304_5656162480733290496_o.jpg 1656w\" sizes=\"auto, (max-width: 237px) 100vw, 237px\" \/><\/a>ll comprensorio di Dolomiti Superski ha dovuto arrendersi al Corona Virus e annunciare la chiusura degli impiantii. <em>\u201cDolomiti Superski <\/em><em>in maniera autoresponsabile\u00a0 ha deciso\u00a0 la chiusura anticipata della stagione sciistica<\/em><em>\u00a0in corso\u00a0<\/em><em>di comune accordo con le associazioni degli albergatori<\/em><em>\u00a0dei territori interessati<\/em><em>\u00a0ed in coordinamento con le Autorit\u00e0 politiche<\/em><em>\u201c. <\/em>Una decisione presa\u00a0<em>\u201c<\/em><em>in considerazione del rapido propagarsi del coronavirus nel territorio italiano <\/em><em>e dei potenziali rischi<\/em><em> di turisti, personale e popolazione locale in tutte le aree sciistiche servite dai suoi impianti di risalita ed al fine di preservare prima di tutto la salute e la tranquillit\u00e0 di chi abita questi territori, di chi vi lavora e di chi vi soggiorna\u201d<\/em><\/p>\n<p>&nbsp;<\/p>\n<hr \/>\n<blockquote><p>&nbsp;<\/p>\n<p><strong>DA ALLEGHE CESARE SORARU&#8217;, PRESIDENTE CONSORZIO IMPIANTI A FUNE CIVETTA<\/strong><\/p><\/blockquote>\n<audio class=\"wp-audio-shortcode\" id=\"audio-121222-3\" preload=\"none\" style=\"width: 100%;\" controls=\"controls\"><source type=\"audio\/mpeg\" src=\"https:\/\/www.radiopiu.net\/wordpress\/wp-content\/uploads\/2020\/03\/cesare-soraru-chiusura.mp3?_=3\" \/><a href=\"https:\/\/www.radiopiu.net\/wordpress\/wp-content\/uploads\/2020\/03\/cesare-soraru-chiusura.mp3\">https:\/\/www.radiopiu.net\/wordpress\/wp-content\/uploads\/2020\/03\/cesare-soraru-chiusura.mp3<\/a><\/audio>\n<p>&nbsp;<\/p>\n<hr \/>\n<p>&nbsp;<\/p>\n<p><strong>COMUNICATO DEL DIRETTIVO CONSORZIO TURISTICO MARMOLADA<\/strong><br \/>\nA seguito della pubblicazione del DPCM del 8 marzo, per senso di responsabilit\u00e0 e solidariet\u00e0, la destinazione turistica Marmolada chiuder\u00e0.\u00a0 La decisione \u00e8 stata presa in accordo, nell\u2019ottica di salvaguardia del territorio, rispetto alla difficile situazione presente a livello Nazionale, Vogliamo ringraziare tutti gli Ospiti che ci hanno scelto come meta per le loro vacanze invernali&#8230; alla prossima estate<\/p>\n<p>&nbsp;<\/p>\n<hr \/>\n<blockquote>\n<h3><\/h3>\n<h3>ARABBA CHIUDE OGGI GLI IMPIANTI,\u00a0 LA STAGIONE ALBERGHIERA SABATO 14<\/h3>\n<\/blockquote>\n<p><strong> LIVINALLONGO<\/strong> Cala il sipario sull\u2019inverno 2020 di Arabba Fodom che, in linea con quanto deciso da Dolomiti Superski di chiudere gli impianti questa sera, ha adottato lo stesso comportamento di tutela di chi abita, lavora e soggiorna nei propri territori. La localit\u00e0 e i suoi operatori turistici sposano senza alcuna titubanza le motivazioni che hanno spinto il consorzio di impiantisti a prendere questa difficile decisione\u00a0 anche in considerazione del rapido propagarsi del coronavirus nel territorio italiano e dei potenziali rischi di turisti, personale e popolazione locale in tutte le aree sciistiche servite dagli impianti di risalita.C\u2019\u00e8 l\u2019esigenza di preservare prima di tutto la salute e la tranquillit\u00e0 di chi abita in questi territori, di chi vi lavora e di chi vi soggiorna.<\/p>\n<p>&nbsp;<\/p>\n<blockquote><p><strong>CHIUSA ANCHE LA PISTA DI SCI DI FONDO A FALCADE, NE DA NOTIZIA MATTEO CAGNATI DELLO CI CLUB VAL BIOIS\u00a0<\/strong><\/p>\n<p>&nbsp;<\/p><\/blockquote>\n<hr \/>\n<h3><\/h3>\n<h2><span style=\"color: #ff0000;\">IL TONFO<\/span><\/h2>\n<h3>ANCHE IL NEVEGAL SI ADEUGA ALLE REGOLE DOPO IL PIENONE DI DOMENICA<\/h3>\n<p><strong><a class=\"dt-pswp-item\" href=\"https:\/\/www.radiopiu.net\/wordpress\/wp-content\/uploads\/2020\/03\/44104162_10156930960359459_2873848023178280960_o.jpg\" data-dt-img-description=\"\" data-large_image_width=\"2040\" data-large_image_height=\"1530\"><img loading=\"lazy\" decoding=\"async\" class=\"wp-image-121335 alignleft\" src=\"https:\/\/www.radiopiu.net\/wordpress\/wp-content\/uploads\/2020\/03\/44104162_10156930960359459_2873848023178280960_o-300x225.jpg\" alt=\"\" width=\"213\" height=\"160\" srcset=\"https:\/\/www.radiopiu.net\/wordpress\/wp-content\/uploads\/2020\/03\/44104162_10156930960359459_2873848023178280960_o-300x225.jpg 300w, https:\/\/www.radiopiu.net\/wordpress\/wp-content\/uploads\/2020\/03\/44104162_10156930960359459_2873848023178280960_o-1024x768.jpg 1024w, https:\/\/www.radiopiu.net\/wordpress\/wp-content\/uploads\/2020\/03\/44104162_10156930960359459_2873848023178280960_o-768x576.jpg 768w, https:\/\/www.radiopiu.net\/wordpress\/wp-content\/uploads\/2020\/03\/44104162_10156930960359459_2873848023178280960_o-1536x1152.jpg 1536w, https:\/\/www.radiopiu.net\/wordpress\/wp-content\/uploads\/2020\/03\/44104162_10156930960359459_2873848023178280960_o.jpg 2040w\" sizes=\"auto, (max-width: 213px) 100vw, 213px\" \/><\/a><\/strong><\/p>\n<p>&nbsp;<\/p>\n<p>&nbsp;<\/p>\n<p><strong>DI DAMIANO TORMEN<\/strong><\/p>\n<p><strong>foto ALPE DEL NEVEGAL<\/strong><\/p>\n<audio class=\"wp-audio-shortcode\" id=\"audio-121222-4\" preload=\"none\" style=\"width: 100%;\" controls=\"controls\"><source type=\"audio\/mpeg\" src=\"https:\/\/www.radiopiu.net\/wordpress\/wp-content\/uploads\/2020\/03\/damiano-nevegal.mp3?_=4\" \/><a href=\"https:\/\/www.radiopiu.net\/wordpress\/wp-content\/uploads\/2020\/03\/damiano-nevegal.mp3\">https:\/\/www.radiopiu.net\/wordpress\/wp-content\/uploads\/2020\/03\/damiano-nevegal.mp3<\/a><\/audio>\n<blockquote>\n<h2><\/h2>\n<h2><\/h2>\n<hr \/>\n<h2><\/h2>\n<h2>GIORNALE E CAFFE&#8217;. UNA SCELTA NEL RISPETTO DI CLIENTELA E PERSONALE<\/h2>\n<\/blockquote>\n<p><a class=\"dt-pswp-item\" href=\"https:\/\/www.radiopiu.net\/wordpress\/wp-content\/uploads\/2020\/03\/523273d6-8ef7-44f4-85b9-5ba60ebad11b.jpg\" data-dt-img-description=\"\" data-large_image_width=\"1024\" data-large_image_height=\"649\"><img loading=\"lazy\" decoding=\"async\" class=\"alignnone wp-image-121295 size-full\" src=\"https:\/\/www.radiopiu.net\/wordpress\/wp-content\/uploads\/2020\/03\/523273d6-8ef7-44f4-85b9-5ba60ebad11b.jpg\" alt=\"\" width=\"1024\" height=\"649\" srcset=\"https:\/\/www.radiopiu.net\/wordpress\/wp-content\/uploads\/2020\/03\/523273d6-8ef7-44f4-85b9-5ba60ebad11b.jpg 1024w, https:\/\/www.radiopiu.net\/wordpress\/wp-content\/uploads\/2020\/03\/523273d6-8ef7-44f4-85b9-5ba60ebad11b-300x190.jpg 300w, https:\/\/www.radiopiu.net\/wordpress\/wp-content\/uploads\/2020\/03\/523273d6-8ef7-44f4-85b9-5ba60ebad11b-768x487.jpg 768w\" sizes=\"auto, (max-width: 1024px) 100vw, 1024px\" \/><\/a><\/p>\n<blockquote>\n<h3><\/h3>\n<h3><\/h3>\n<hr \/>\n<h3><\/h3>\n<h3><\/h3>\n<h3>MISURE PRECAUZIONALI UFFICI AZIENDA FELTRINA PER I SERVIZI ALLA PERSONA<\/h3>\n<\/blockquote>\n<p><strong><a class=\"dt-pswp-item\" href=\"https:\/\/www.radiopiu.net\/wordpress\/wp-content\/uploads\/2019\/02\/ospedale-di-feltre.jpeg\" data-dt-img-description=\"\" data-large_image_width=\"650\" data-large_image_height=\"463\"><img loading=\"lazy\" decoding=\"async\" class=\" wp-image-76822 alignleft\" src=\"https:\/\/www.radiopiu.net\/wordpress\/wp-content\/uploads\/2019\/02\/ospedale-di-feltre-300x214.jpeg\" alt=\"\" width=\"178\" height=\"127\" srcset=\"https:\/\/www.radiopiu.net\/wordpress\/wp-content\/uploads\/2019\/02\/ospedale-di-feltre-300x214.jpeg 300w, https:\/\/www.radiopiu.net\/wordpress\/wp-content\/uploads\/2019\/02\/ospedale-di-feltre.jpeg 650w\" sizes=\"auto, (max-width: 178px) 100vw, 178px\" \/><\/a>FELTRE<\/strong> Gli uffici di Azienda Feltrina per i Servizi alla Persona situati in Piazzale Nasci 2 sono attivi. In merito all\u2019accesso agli uffici Protocollo, Servizi Sociali, Ufficio Casa, Sportello Famiglia, Sportello Home Care Premium, Ragioneria si consiglia di recarsi fisicamente solo per urgenze e, nel caso, si ricorda che si accede all\u2019interno degli uffici rigorosamente uno alla volta, mantenendo le distanze raccomandate di almeno un metro dal personale. L\u2019attesa dovr\u00e0 essere effettuata all\u2019esterno dell\u2019edificio. Si suggerisce di contattare i professionisti per telefono centralino 0439 840680 cellulare servizi sociali\/Home Care Premium 324 0733000 o a mezzo mail: protocollo@aziendafeltrina-serviziallapersona.it info@aziendafeltrina-serviziallapersona.it prima di ogni eventuale accesso anche su appuntamento gi\u00e0 concordato.<\/p>\n<p>&nbsp;<\/p>\n<hr \/>\n<h3><\/h3>\n<p>&nbsp;<\/p>\n<blockquote>\n<h3>CORONAVIRUS AVVISI IN PIU&#8217; LINGUE<\/h3>\n<\/blockquote>\n<p><strong><a class=\"dt-pswp-item\" href=\"https:\/\/www.radiopiu.net\/wordpress\/wp-content\/uploads\/2020\/03\/AVVISO-FELTRE.jpg\" data-dt-img-description=\"\" data-large_image_width=\"1080\" data-large_image_height=\"1512\"><img loading=\"lazy\" decoding=\"async\" class=\"wp-image-121233 alignleft\" src=\"https:\/\/www.radiopiu.net\/wordpress\/wp-content\/uploads\/2020\/03\/AVVISO-FELTRE-214x300.jpg\" alt=\"\" width=\"153\" height=\"214\" srcset=\"https:\/\/www.radiopiu.net\/wordpress\/wp-content\/uploads\/2020\/03\/AVVISO-FELTRE-214x300.jpg 214w, https:\/\/www.radiopiu.net\/wordpress\/wp-content\/uploads\/2020\/03\/AVVISO-FELTRE-731x1024.jpg 731w, https:\/\/www.radiopiu.net\/wordpress\/wp-content\/uploads\/2020\/03\/AVVISO-FELTRE-768x1075.jpg 768w, https:\/\/www.radiopiu.net\/wordpress\/wp-content\/uploads\/2020\/03\/AVVISO-FELTRE.jpg 1080w\" sizes=\"auto, (max-width: 153px) 100vw, 153px\" \/><\/a>FELTRE\u00a0<\/strong> In relazione alle attivit\u00e0 per il contenimento della diffusione del Coronavirus, Su iniziativa dell&#8217;assessore alle politiche sociali, giovanili e della famiglia Giorgia Li Castri, sono in corso di stampa e distribuzione gli avvisi recanti le pratiche da tenere per il contenimento del virus da destinare agli stranieri (residenti e non) nel territorio. Sono stati redatti avvisi in 11 lingue: in INGLESE, FRANCESE, SPAGNOLO, ARABO, SOMALO, BENGALESE, ALBANESE, MACEDONE, RUSSO, CINESE e RUMENO.<\/p>\n<p>&nbsp;<\/p>\n<p><strong>L&#8217;ASSESSORE GIORGIA LI CASTRI<\/strong><\/p>\n<audio class=\"wp-audio-shortcode\" id=\"audio-121222-5\" preload=\"none\" style=\"width: 100%;\" controls=\"controls\"><source type=\"audio\/mpeg\" src=\"https:\/\/www.radiopiu.net\/wordpress\/wp-content\/uploads\/2020\/03\/LI-CASTRI.mp3?_=5\" \/><a href=\"https:\/\/www.radiopiu.net\/wordpress\/wp-content\/uploads\/2020\/03\/LI-CASTRI.mp3\">https:\/\/www.radiopiu.net\/wordpress\/wp-content\/uploads\/2020\/03\/LI-CASTRI.mp3<\/a><\/audio>\n<p>&nbsp;<\/p>\n<p>&nbsp;<\/p>\n<hr \/>\n<p>&nbsp;<\/p>\n<h2><span style=\"color: #ff0000;\">L&#8217;INTERVENTO\u00a0<\/span><\/h2>\n<p><strong>di Susanna Dan_Falcade<\/strong><\/p>\n<p><em>Se all\u2019emergenza si reagisce cos\u00ec\u2026..<\/em><\/p>\n<blockquote><p><em><a class=\"dt-pswp-item\" href=\"https:\/\/www.radiopiu.net\/wordpress\/wp-content\/uploads\/2020\/03\/pp.jpg\" data-dt-img-description=\"\" data-large_image_width=\"638\" data-large_image_height=\"640\"><img loading=\"lazy\" decoding=\"async\" class=\"wp-image-121244 alignleft\" src=\"https:\/\/www.radiopiu.net\/wordpress\/wp-content\/uploads\/2020\/03\/pp-300x300.jpg\" alt=\"\" width=\"171\" height=\"171\" srcset=\"https:\/\/www.radiopiu.net\/wordpress\/wp-content\/uploads\/2020\/03\/pp-300x300.jpg 300w, https:\/\/www.radiopiu.net\/wordpress\/wp-content\/uploads\/2020\/03\/pp-150x150.jpg 150w, https:\/\/www.radiopiu.net\/wordpress\/wp-content\/uploads\/2020\/03\/pp.jpg 638w\" sizes=\"auto, (max-width: 171px) 100vw, 171px\" \/><\/a>Scuole chiuse, tribunali chiusi, reparti ospedalieri chiusi, importanti fiere cancellate o rimandate, eventi sportivi storici come la Milano-Sanremo o molto attesi come la finale della Coppa del Mondo di sci cancellati, interi paesi costretti in quarantena. E tante altre misure che condizionano pesantemente la nostra vita e la nostra economia. A che serve tutto questo? E a che servono i numeri del contagio che quotidianamente ci vengono snocciolati dalla Protezione Civile. A che servono le accorate raccomandazioni a comportamenti responsabili che ci vengono fatte non da uno qualunque dei 60 milioni di virologi italiani ma dalle massime istituzioni della Sanit\u00e0, quali l\u2019Istituto e il Consiglio Superiore della Sanit\u00e0 e avallate dall\u2019Organizzazione Mondiale della Sanit\u00e0? A che serve tutto questo se poi abbiamo assisito all\u2019assalto alle piste da sci, come se l\u2019epidemia avesse offerto un\u2019imprevista e gradita vacanza? Che importa se\u00a0 oggi contiamo\u00a0 qualche contagiato in pi\u00f9, se questo, tornato a casa, ha contagiato\u00a0 a sua volta qualcun altro, se la pressione su ospedali e personale sanitario gi\u00e0 ora insufficiente e stremato aumenter\u00e0 fino al collasso? Certo, l\u2019economia deve ripartire al pi\u00f9 presto e cos\u00ec il turismo, chi mai potrebbe negarlo? Ma proprio per questo \u00e8 necessario che ognuno faccia la sua parte, accettando civilmente, ora, limitazioni TEMPORANEE al proprio stile di vita, per evitare che si rendano necessarie misure di contrasto e contenimento dell\u2019epidemia ancora pi\u00f9 drastiche. Le scene viste in questi giorni e ampiamente riportate dai media, lungi dall\u2019essere positive per il futuro del turismo in montagna, sono a mio modesto parere un boomerang micidiale. Sar\u00e0 difficile per qualunque campagna di marketing risollevare l\u2019immagine di irresponsabilit\u00e0 che si \u00e8 data. Una dopo l\u2019altra le frontiere del mondo si stanno chiudendo agli italiani. Siamo diventati gli \u201cuntori d\u2019Europa\u201d. Riusciremo a convincere i turisti che non \u00e8 cos\u00ec, che potranno tranquillamente tornare? Proprio non lo so.<\/em><\/p><\/blockquote>\n<p>&nbsp;<\/p>\n<hr \/>\n<p>&nbsp;<\/p>\n<blockquote>\n<h3>LA CRITICA PESANTE DI IRACI BORGIA<\/h3>\n<\/blockquote>\n<p><strong>ROCCA PIETORE<\/strong> Ieri sera consiglio comunale, lungo ed interessante. In questo primo servizio di Gianni Santomaso l&#8217;uscita dal gruppo di maggioranza del consigliere Diana Iraci Borgia Mandolini oggi alle 15.10 e questa sera alle 20.10 trasmetteremo le parti salitenti delle seduta.<\/p>\n<p><strong>di GIANNI SANTOMASO<\/strong><\/p>\n<audio class=\"wp-audio-shortcode\" id=\"audio-121222-6\" preload=\"none\" style=\"width: 100%;\" controls=\"controls\"><source type=\"audio\/mpeg\" src=\"https:\/\/www.radiopiu.net\/wordpress\/wp-content\/uploads\/2020\/03\/GIANNI-ROCCA.mp3?_=6\" \/><a href=\"https:\/\/www.radiopiu.net\/wordpress\/wp-content\/uploads\/2020\/03\/GIANNI-ROCCA.mp3\">https:\/\/www.radiopiu.net\/wordpress\/wp-content\/uploads\/2020\/03\/GIANNI-ROCCA.mp3<\/a><\/audio>\n<p><a class=\"dt-pswp-item\" href=\"https:\/\/www.radiopiu.net\/wordpress\/wp-content\/uploads\/2020\/03\/44af58a5-cfee-499b-8232-e4fc07ee4c55.jpg\" data-dt-img-description=\"\" data-large_image_width=\"1599\" data-large_image_height=\"1200\"><img loading=\"lazy\" decoding=\"async\" class=\"alignnone size-medium wp-image-121307\" src=\"https:\/\/www.radiopiu.net\/wordpress\/wp-content\/uploads\/2020\/03\/44af58a5-cfee-499b-8232-e4fc07ee4c55-300x225.jpg\" alt=\"\" width=\"300\" height=\"225\" srcset=\"https:\/\/www.radiopiu.net\/wordpress\/wp-content\/uploads\/2020\/03\/44af58a5-cfee-499b-8232-e4fc07ee4c55-300x225.jpg 300w, https:\/\/www.radiopiu.net\/wordpress\/wp-content\/uploads\/2020\/03\/44af58a5-cfee-499b-8232-e4fc07ee4c55-1024x768.jpg 1024w, https:\/\/www.radiopiu.net\/wordpress\/wp-content\/uploads\/2020\/03\/44af58a5-cfee-499b-8232-e4fc07ee4c55-768x576.jpg 768w, https:\/\/www.radiopiu.net\/wordpress\/wp-content\/uploads\/2020\/03\/44af58a5-cfee-499b-8232-e4fc07ee4c55-1536x1153.jpg 1536w, https:\/\/www.radiopiu.net\/wordpress\/wp-content\/uploads\/2020\/03\/44af58a5-cfee-499b-8232-e4fc07ee4c55.jpg 1599w\" sizes=\"auto, (max-width: 300px) 100vw, 300px\" \/><\/a><a class=\"dt-pswp-item\" href=\"https:\/\/www.radiopiu.net\/wordpress\/wp-content\/uploads\/2020\/03\/148f09c5-b9cf-4c70-9fe9-93b8d679da83.jpg\" data-dt-img-description=\"\" data-large_image_width=\"1599\" data-large_image_height=\"1200\"><img loading=\"lazy\" decoding=\"async\" class=\"alignnone size-medium wp-image-121306\" src=\"https:\/\/www.radiopiu.net\/wordpress\/wp-content\/uploads\/2020\/03\/148f09c5-b9cf-4c70-9fe9-93b8d679da83-300x225.jpg\" alt=\"\" width=\"300\" height=\"225\" srcset=\"https:\/\/www.radiopiu.net\/wordpress\/wp-content\/uploads\/2020\/03\/148f09c5-b9cf-4c70-9fe9-93b8d679da83-300x225.jpg 300w, https:\/\/www.radiopiu.net\/wordpress\/wp-content\/uploads\/2020\/03\/148f09c5-b9cf-4c70-9fe9-93b8d679da83-1024x768.jpg 1024w, https:\/\/www.radiopiu.net\/wordpress\/wp-content\/uploads\/2020\/03\/148f09c5-b9cf-4c70-9fe9-93b8d679da83-768x576.jpg 768w, https:\/\/www.radiopiu.net\/wordpress\/wp-content\/uploads\/2020\/03\/148f09c5-b9cf-4c70-9fe9-93b8d679da83-1536x1153.jpg 1536w, https:\/\/www.radiopiu.net\/wordpress\/wp-content\/uploads\/2020\/03\/148f09c5-b9cf-4c70-9fe9-93b8d679da83.jpg 1599w\" sizes=\"auto, (max-width: 300px) 100vw, 300px\" \/><\/a><a class=\"dt-pswp-item\" href=\"https:\/\/www.radiopiu.net\/wordpress\/wp-content\/uploads\/2020\/03\/6badaa94-5410-466e-bb58-2691d6512b81.jpg\" data-dt-img-description=\"\" data-large_image_width=\"1599\" data-large_image_height=\"1200\"><img loading=\"lazy\" decoding=\"async\" class=\"alignnone size-medium wp-image-121305\" src=\"https:\/\/www.radiopiu.net\/wordpress\/wp-content\/uploads\/2020\/03\/6badaa94-5410-466e-bb58-2691d6512b81-300x225.jpg\" alt=\"\" width=\"300\" height=\"225\" srcset=\"https:\/\/www.radiopiu.net\/wordpress\/wp-content\/uploads\/2020\/03\/6badaa94-5410-466e-bb58-2691d6512b81-300x225.jpg 300w, https:\/\/www.radiopiu.net\/wordpress\/wp-content\/uploads\/2020\/03\/6badaa94-5410-466e-bb58-2691d6512b81-1024x768.jpg 1024w, https:\/\/www.radiopiu.net\/wordpress\/wp-content\/uploads\/2020\/03\/6badaa94-5410-466e-bb58-2691d6512b81-768x576.jpg 768w, https:\/\/www.radiopiu.net\/wordpress\/wp-content\/uploads\/2020\/03\/6badaa94-5410-466e-bb58-2691d6512b81-1536x1153.jpg 1536w, https:\/\/www.radiopiu.net\/wordpress\/wp-content\/uploads\/2020\/03\/6badaa94-5410-466e-bb58-2691d6512b81.jpg 1599w\" sizes=\"auto, (max-width: 300px) 100vw, 300px\" \/><\/a><a class=\"dt-pswp-item\" href=\"https:\/\/www.radiopiu.net\/wordpress\/wp-content\/uploads\/2020\/03\/0a95f39c-54f3-4572-98b0-06b0f04ff715.jpg\" data-dt-img-description=\"\" data-large_image_width=\"1599\" data-large_image_height=\"1200\"><img loading=\"lazy\" decoding=\"async\" class=\"alignnone size-medium wp-image-121304\" src=\"https:\/\/www.radiopiu.net\/wordpress\/wp-content\/uploads\/2020\/03\/0a95f39c-54f3-4572-98b0-06b0f04ff715-300x225.jpg\" alt=\"\" width=\"300\" height=\"225\" srcset=\"https:\/\/www.radiopiu.net\/wordpress\/wp-content\/uploads\/2020\/03\/0a95f39c-54f3-4572-98b0-06b0f04ff715-300x225.jpg 300w, https:\/\/www.radiopiu.net\/wordpress\/wp-content\/uploads\/2020\/03\/0a95f39c-54f3-4572-98b0-06b0f04ff715-1024x768.jpg 1024w, https:\/\/www.radiopiu.net\/wordpress\/wp-content\/uploads\/2020\/03\/0a95f39c-54f3-4572-98b0-06b0f04ff715-768x576.jpg 768w, https:\/\/www.radiopiu.net\/wordpress\/wp-content\/uploads\/2020\/03\/0a95f39c-54f3-4572-98b0-06b0f04ff715-1536x1153.jpg 1536w, https:\/\/www.radiopiu.net\/wordpress\/wp-content\/uploads\/2020\/03\/0a95f39c-54f3-4572-98b0-06b0f04ff715.jpg 1599w\" sizes=\"auto, (max-width: 300px) 100vw, 300px\" \/><\/a><\/p>\n<p>&nbsp;<\/p>\n<p>&nbsp;<\/p>\n<hr \/>\n<p>&nbsp;<\/p>\n<blockquote>\n<h3><a class=\"dt-pswp-item\" href=\"https:\/\/www.radiopiu.net\/wordpress\/wp-content\/uploads\/2020\/03\/download-14.jpg\" data-dt-img-description=\"\" data-large_image_width=\"225\" data-large_image_height=\"225\"><img loading=\"lazy\" decoding=\"async\" class=\"size-full wp-image-121126 alignleft\" src=\"https:\/\/www.radiopiu.net\/wordpress\/wp-content\/uploads\/2020\/03\/download-14.jpg\" alt=\"\" width=\"225\" height=\"225\" srcset=\"https:\/\/www.radiopiu.net\/wordpress\/wp-content\/uploads\/2020\/03\/download-14.jpg 225w, https:\/\/www.radiopiu.net\/wordpress\/wp-content\/uploads\/2020\/03\/download-14-150x150.jpg 150w\" sizes=\"auto, (max-width: 225px) 100vw, 225px\" \/><\/a><\/h3>\n<h3><\/h3>\n<h3>DIDATTICA A DISTANZA A CENCENIGHE, NON UN SALTO NEL BUIO<\/h3>\n<\/blockquote>\n<p><strong>DI GIANNI SANTOMASO<\/strong><\/p>\n<p>&nbsp;<\/p>\n<audio class=\"wp-audio-shortcode\" id=\"audio-121222-7\" preload=\"none\" style=\"width: 100%;\" controls=\"controls\"><source type=\"audio\/mpeg\" src=\"https:\/\/www.radiopiu.net\/wordpress\/wp-content\/uploads\/2020\/03\/GIANNI-SCUOLA.mp3?_=7\" \/><a href=\"https:\/\/www.radiopiu.net\/wordpress\/wp-content\/uploads\/2020\/03\/GIANNI-SCUOLA.mp3\">https:\/\/www.radiopiu.net\/wordpress\/wp-content\/uploads\/2020\/03\/GIANNI-SCUOLA.mp3<\/a><\/audio>\n<p>&nbsp;<\/p>\n<p>&nbsp;<\/p>\n<hr \/>\n<p>&nbsp;<\/p>\n<blockquote>\n<h3>BURATTINI: IL GRANDE AGORDINO CHE OPERO\u2019 IN EGITTO E IN POLONIA<\/h3>\n<\/blockquote>\n<p><strong>di RENATO BONA\u00a0<\/strong><\/p>\n<p><strong>AGORDO<\/strong> Ricorreva domenica 8 marzo l\u2019anniversario numero 403 della nascita di un agordino illustre: Tito Livio Burattini che \u00e8 mancato a Varsavia, in Polonia, il 17 novembre 1681. Lo ricorda una lapide commemorativa, inaugurata nel paese natale, Agordo, sulla quale \u00e8 scritto: \u201cIn questa casa l\u20198 marzo 1617 nacque Tito Livio Burattini scienziato insigne che per primo con la misura universale (Vilna 1675) oper\u00f2 con multiforme ingegno in Egitto e alla corte del Re di Polonia contribuendo con nuove e geniali scoperte (seguace di Leonardo e Galilei) al progresso della scienza e della tecnica. Mor\u00ec in Varsavia il 17 novembre 1681. Agordo 28 maggio 1983\u201d. Tito Livio Burattini, e anche Niccol\u00f2 in ricordo del nonno, \u00e8 stato inserito dagli storici Paolo Conte e Marco Perale nel libro \u201c90 profili di personaggi poco noti di una provincia da scoprire\u201d sottolineando, nel sommario delle pagine a lui dedicate che il nostro \u201ccorresse Galileo, anticip\u00f2 il metro e contribu\u00ec alla scoperta delle macchie del pianeta Venere\u201d. Abbastanza, secondo noi, perch\u00e9 sia reso onore a questo grande che merita di essere universalmente conosciuto ed apprezzato. E non \u00e8 un caso che Conte-Perale scrivano fra l\u2019altro: \u201c\u2026 Il grande merito di Tito Livio Burattini sta nell\u2019aver scritto per primo un completo trattato di metrologia nel quale i principi e i problemi erano stati individuati e descritti sulla base del metodo sperimentale. Ed \u00e8 stato pi\u00f9 che sufficiente per assegnargli un posto di rilievo tra gli scienziati del XVII secolo\u201d. Del grande Tito Livio si sono occupati anche il prof. Omero Millo nel 1981 con \u201cTito Livio Burattini, grande scienziato bellunese\u201d sul periodico \u201cDolomiti; il prof. Gianfranco Cisilino; lo storico prof. don Ferdinando Tamis; i coniugi Magda e Sigfrido Leschiutta del Politecnico di Torino pubblicando nel 1980 sul \u201cGiornale di fisica\u201d l\u2019articolo \u201cTito Livio Burattini, metrologo dimenticato del Seicento\u201d; il Circolo Aics \u201cAndrea Caffi\u201d di Belluno che con l\u2019architetto bellunese Luiberto Croce sostennero lo speciale Comitato che port\u00f2 nel maggio del 1983 all\u2019organizzazione di una serie di iniziative per celebrare il 300. anniversario della morte dello scienziato, con lo scoprimento fra l\u2019altro di una lapide nella casa natale in Piazza della Libert\u00e0 ed un\u2019altra nelle elementari, sempre ad Agordo, scuola gi\u00e0 intitolata a Burattini; ancora:Tito De Nardin e Giovanni Tomasi. C\u2019\u00e8 da dire anche che nel novembre 2001, la Comunit\u00e0 montana agordina organizz\u00f2 nella sala congressi \u201cDon F. Tamis\u201d un convegno sul tema. \u201cUn agordino nella Polonia del \u2018600: Tito Livio Burattini (1517-1681) tra scienza, politica e affari\u201d con la collaborazione del Comune, del citato \u201cAndrea Caffi\u201d e della Biblioteca archivio storico arcidiaconale di Agordo. Il tema del convegno fu sviluppato, dopo l\u2019 introduzione del prof. Claudio Mei, dal dott. Ilario Tancon: \u201cMiniere, guerre e cattedrali. L\u2019attivit\u00e0 imprenditoriale, politica e architettonica di Burattini\u201d; architetto Croce: \u201cBurattini in immagine. Visita ai pannelli illustrativi esposti in sala\u201d; prof. Cisilino: \u201cL\u2019invenzione del metro e altri passatempi. L\u2019attivit\u00e0 scientifica di Burattini\u201d. Il sito scuolainternazionaleaffresco.eu scrive il 25 settembre di tre anni fa: \u201cTito Livio Burattini, concittadino di Agordo non \u00e8 stato dimenticato. A 400 anni dalla nascita l\u2019amministrazione comunale gli ha dedicato un affresco, trovando spazio e colori sulla parete delle scuole elementari che portano il suo nome. E\u2019 solo la prima delle iniziative in programma, ne seguiranno altre, compreso un importante convegno\u201d. Poi riferisce della cerimonia inaugurale dell\u2019affresco con Vico Calabr\u00f2, fondatore della Scuola internazionale della tecnica dell\u2019affresco che disse fra l\u2019altro: \u201c\u2026sono contento che questa citt\u00e0 abbia una cosa rara: due maestri come Laura Ballis e Giovanni Sogne, che insegnano una tecnica che non si impara altrove e le ragazze, Alessia, Giulia, Isabel e Serena, della scuola d\u2019arte e borsiste Rotary, hanno avuto l\u2019opportunit\u00e0 e la fortuna di fare una cosa importante. Spero che l\u2019iniziativa possa continuare\u2026\u201d. Concludiamo con il \u201ccontributo\u201d della libera enciclopedia Wikipedia che nel proprio sito richiama alcuni momenti della vita di quello che definisce un matematico, scienziato, cartografo ed egittologo italiano e ci soffermiamo in particolare sulla parentesi egiziana\u201c\u2026Alla fine del 1637 si rec\u00f2 in Egitto ove rimase fino al 1641. La sua attivit\u00e0 era finalizzata alla realizzazione di un\u2019opera da lui denominata \u2018La descrizione di tutto l\u2019Egitto\u2019: questa doveva consistere nella realizzazione della carta geografica generale dell\u2019Egitto costruita misurando la longitudine e la latitudine delle localit\u00e0 pi\u00f9 importanti e determinando poi la collocazione delle altre localit\u00e0 mediante triangolazioni, nello studio delle realizzazioni umane e dei costumi degli abitanti, nell&#8217;interpretazione dei geroglifici, nel rilievo di piramidi, obelischi, ecc., nello studio dei procedimenti di mummificazione, nell&#8217;osservazione degli aspetti naturalistici, tra i quali il misterioso fenomeno delle piene del Nilo\u2026 In particolare erano le piramidi ad esercitare sul giovane Burattini un grande fascino, soprattutto per la loro prodigiosa capacit\u00e0 di sfidare il tempo, poich\u00e9 egli riteneva che fossero le costruzioni pi\u00f9 durature che l\u2019umanit\u00e0 avesse mai realizzato: la parte pi\u00f9 interna della grande piramide di Giza, fatta di tenacissimo marmo tebaico, e protetta esternamente da un\u2019immensa massa muraria di calcare, poteva durare secondo Burattini quasi quanto durer\u00e0 il mondo. Burattini penetr\u00f2 quattro volte nella grande piramide. La terza volta, nel 1639, ebbe al suo fianco John Greaves , astronomo e matematico del Gresham College di Londra e futuro autore del pi\u00f9 importante trattato di piramidologia del tempo, nella quale riconoscer\u00e0 il contributo offerto da Burattini alla realizzazione della sua opera\u2026 Purtroppo \u2018La descrittione di tutto l&#8217;Egitto\u2019 gli fu sottratta nel 1645 da una banda di predoni mentre attraversava l\u2019Ungheria e di quelle carte nulla \u00e8 rimasto\u201d.<\/p>\n\n\t\t\t<style type='text\/css'>\n\t\t\t\t#gallery-1 {\n\t\t\t\t\tmargin: auto;\n\t\t\t\t}\n\t\t\t\t#gallery-1 .gallery-item {\n\t\t\t\t\tfloat: left;\n\t\t\t\t\tmargin-top: 10px;\n\t\t\t\t\ttext-align: center;\n\t\t\t\t\twidth: 33%;\n\t\t\t\t}\n\t\t\t\t#gallery-1 img {\n\t\t\t\t\tborder: 2px solid #cfcfcf;\n\t\t\t\t}\n\t\t\t\t#gallery-1 .gallery-caption {\n\t\t\t\t\tmargin-left: 0;\n\t\t\t\t}\n\t\t\t\t\/* see gallery_shortcode() in wp-includes\/media.php *\/\n\t\t\t<\/style>\n\t\t<div id='gallery-1' class='dt-gallery-container gallery galleryid-121222 gallery-columns-3 gallery-size-thumbnail'><dl class='gallery-item'>\n\t\t\t\t<dt class='gallery-icon landscape'>\n\t\t\t\t\t<a class=\"rollover\" href='https:\/\/www.radiopiu.net\/wordpress\/giornale-radiopiu-10-marzo-2020-direttore-mirko-mezzacasa\/89069136_237207267449087_5316438131057098752_n\/'><img loading=\"lazy\" decoding=\"async\" width=\"150\" height=\"150\" src=\"https:\/\/www.radiopiu.net\/wordpress\/wp-content\/uploads\/2020\/03\/89069136_237207267449087_5316438131057098752_n-150x150.jpg\" class=\"attachment-thumbnail size-thumbnail\" alt=\"\" \/><\/a>\n\t\t\t\t<\/dt><\/dl><dl class='gallery-item'>\n\t\t\t\t<dt class='gallery-icon landscape'>\n\t\t\t\t\t<a class=\"rollover\" href='https:\/\/www.radiopiu.net\/wordpress\/giornale-radiopiu-10-marzo-2020-direttore-mirko-mezzacasa\/89107496_616019045623600_1115081322310664192_n\/'><img loading=\"lazy\" decoding=\"async\" width=\"150\" height=\"150\" src=\"https:\/\/www.radiopiu.net\/wordpress\/wp-content\/uploads\/2020\/03\/89107496_616019045623600_1115081322310664192_n-150x150.jpg\" class=\"attachment-thumbnail size-thumbnail\" alt=\"\" \/><\/a>\n\t\t\t\t<\/dt><\/dl><dl class='gallery-item'>\n\t\t\t\t<dt class='gallery-icon landscape'>\n\t\t\t\t\t<a class=\"rollover\" href='https:\/\/www.radiopiu.net\/wordpress\/giornale-radiopiu-10-marzo-2020-direttore-mirko-mezzacasa\/89451440_535431413764326_6538628060759982080_n\/'><img loading=\"lazy\" decoding=\"async\" width=\"150\" height=\"150\" src=\"https:\/\/www.radiopiu.net\/wordpress\/wp-content\/uploads\/2020\/03\/89451440_535431413764326_6538628060759982080_n-150x150.jpg\" class=\"attachment-thumbnail size-thumbnail\" alt=\"\" \/><\/a>\n\t\t\t\t<\/dt><\/dl><br style=\"clear: both\" \/><dl class='gallery-item'>\n\t\t\t\t<dt class='gallery-icon landscape'>\n\t\t\t\t\t<a class=\"rollover\" href='https:\/\/www.radiopiu.net\/wordpress\/giornale-radiopiu-10-marzo-2020-direttore-mirko-mezzacasa\/89518103_206710863911698_6730414340689625088_n\/'><img loading=\"lazy\" decoding=\"async\" width=\"150\" height=\"150\" src=\"https:\/\/www.radiopiu.net\/wordpress\/wp-content\/uploads\/2020\/03\/89518103_206710863911698_6730414340689625088_n-150x150.jpg\" class=\"attachment-thumbnail size-thumbnail\" alt=\"\" srcset=\"https:\/\/www.radiopiu.net\/wordpress\/wp-content\/uploads\/2020\/03\/89518103_206710863911698_6730414340689625088_n-150x150.jpg 150w, https:\/\/www.radiopiu.net\/wordpress\/wp-content\/uploads\/2020\/03\/89518103_206710863911698_6730414340689625088_n.jpg 224w\" sizes=\"auto, (max-width: 150px) 100vw, 150px\" \/><\/a>\n\t\t\t\t<\/dt><\/dl><dl class='gallery-item'>\n\t\t\t\t<dt class='gallery-icon portrait'>\n\t\t\t\t\t<a class=\"rollover\" href='https:\/\/www.radiopiu.net\/wordpress\/giornale-radiopiu-10-marzo-2020-direttore-mirko-mezzacasa\/88321513_3184734255084261_8707876305208606720_n\/'><img loading=\"lazy\" decoding=\"async\" width=\"150\" height=\"150\" src=\"https:\/\/www.radiopiu.net\/wordpress\/wp-content\/uploads\/2020\/03\/88321513_3184734255084261_8707876305208606720_n-150x150.png\" class=\"attachment-thumbnail size-thumbnail\" alt=\"\" \/><\/a>\n\t\t\t\t<\/dt><\/dl><dl class='gallery-item'>\n\t\t\t\t<dt class='gallery-icon landscape'>\n\t\t\t\t\t<a class=\"rollover\" href='https:\/\/www.radiopiu.net\/wordpress\/giornale-radiopiu-10-marzo-2020-direttore-mirko-mezzacasa\/88438132_204399244130714_8283960048091136000_n\/'><img loading=\"lazy\" decoding=\"async\" width=\"150\" height=\"150\" src=\"https:\/\/www.radiopiu.net\/wordpress\/wp-content\/uploads\/2020\/03\/88438132_204399244130714_8283960048091136000_n-150x150.jpg\" class=\"attachment-thumbnail size-thumbnail\" alt=\"\" \/><\/a>\n\t\t\t\t<\/dt><\/dl><br style=\"clear: both\" \/><dl class='gallery-item'>\n\t\t\t\t<dt class='gallery-icon portrait'>\n\t\t\t\t\t<a class=\"rollover\" href='https:\/\/www.radiopiu.net\/wordpress\/giornale-radiopiu-10-marzo-2020-direttore-mirko-mezzacasa\/88943761_197890761485235_87744674323759104_n\/'><img loading=\"lazy\" decoding=\"async\" width=\"150\" height=\"150\" src=\"https:\/\/www.radiopiu.net\/wordpress\/wp-content\/uploads\/2020\/03\/88943761_197890761485235_87744674323759104_n-150x150.jpg\" class=\"attachment-thumbnail size-thumbnail\" alt=\"\" \/><\/a>\n\t\t\t\t<\/dt><\/dl><dl class='gallery-item'>\n\t\t\t\t<dt class='gallery-icon portrait'>\n\t\t\t\t\t<a class=\"rollover\" href='https:\/\/www.radiopiu.net\/wordpress\/giornale-radiopiu-10-marzo-2020-direttore-mirko-mezzacasa\/88968635_221615175630013_5354517908103888896_n\/'><img loading=\"lazy\" decoding=\"async\" width=\"150\" height=\"150\" src=\"https:\/\/www.radiopiu.net\/wordpress\/wp-content\/uploads\/2020\/03\/88968635_221615175630013_5354517908103888896_n-150x150.jpg\" class=\"attachment-thumbnail size-thumbnail\" alt=\"\" \/><\/a>\n\t\t\t\t<\/dt><\/dl><dl class='gallery-item'>\n\t\t\t\t<dt class='gallery-icon landscape'>\n\t\t\t\t\t<a class=\"rollover\" href='https:\/\/www.radiopiu.net\/wordpress\/giornale-radiopiu-10-marzo-2020-direttore-mirko-mezzacasa\/88977319_853208675141444_4357684465745526784_n\/'><img loading=\"lazy\" decoding=\"async\" width=\"150\" height=\"150\" src=\"https:\/\/www.radiopiu.net\/wordpress\/wp-content\/uploads\/2020\/03\/88977319_853208675141444_4357684465745526784_n-150x150.jpg\" class=\"attachment-thumbnail size-thumbnail\" alt=\"\" \/><\/a>\n\t\t\t\t<\/dt><\/dl><br style=\"clear: both\" \/><dl class='gallery-item'>\n\t\t\t\t<dt class='gallery-icon portrait'>\n\t\t\t\t\t<a class=\"rollover\" href='https:\/\/www.radiopiu.net\/wordpress\/giornale-radiopiu-10-marzo-2020-direttore-mirko-mezzacasa\/89024931_500197894202298_7667930466464301056_n\/'><img loading=\"lazy\" decoding=\"async\" width=\"150\" height=\"150\" src=\"https:\/\/www.radiopiu.net\/wordpress\/wp-content\/uploads\/2020\/03\/89024931_500197894202298_7667930466464301056_n-150x150.jpg\" class=\"attachment-thumbnail size-thumbnail\" alt=\"\" \/><\/a>\n\t\t\t\t<\/dt><\/dl>\n\t\t\t\t<br style='clear: both' \/>\n\t\t\t<\/div>\n\n<p>NELLE FOTO (Renato Bona e riproduzioni dal libretto della Comunit\u00e0 montana agordina): Ritratto dello scienziato agordino; Il dragone volante sopra Agordo di Vico Calabr\u00f2; cerimonia inaugurale dell\u2019affresco nella scuola Burattini; copertina di \u201cMisura universale\u201d; l\u2019incisione della Piazza di Agordo con l\u2019angolo della casa natale dello scienziato; una vecchia foto della stessa Piazza di Agordo; la lapide sull\u2019edificio dove nacque Tito Livio; quella nella scuola Burattini; la targa col nome della via che gli \u00e8 stata intitolata nella Citt\u00e0 di Belluno.<\/p>\n<p>&nbsp;<\/p>\n<hr \/>\n<p>&nbsp;<\/p>\n<p>&nbsp;<\/p>\n<p><span style=\"color: #ff0000;\">GAL PREALPI E DOLOMITI<\/span><\/p>\n<blockquote>\n<h3>&#8211; ASSEMBLEA DEGLI ASSOCIATI 2020 &#8211;<\/h3>\n<\/blockquote>\n<p><a class=\"dt-pswp-item\" href=\"https:\/\/www.radiopiu.net\/wordpress\/wp-content\/uploads\/2020\/03\/Immagine-3-480x296-480x296-1.png\" data-dt-img-description=\"\" data-large_image_width=\"480\" data-large_image_height=\"296\"><img loading=\"lazy\" decoding=\"async\" class=\" wp-image-121231 alignleft\" src=\"https:\/\/www.radiopiu.net\/wordpress\/wp-content\/uploads\/2020\/03\/Immagine-3-480x296-480x296-1-300x185.png\" alt=\"\" width=\"156\" height=\"96\" srcset=\"https:\/\/www.radiopiu.net\/wordpress\/wp-content\/uploads\/2020\/03\/Immagine-3-480x296-480x296-1-300x185.png 300w, https:\/\/www.radiopiu.net\/wordpress\/wp-content\/uploads\/2020\/03\/Immagine-3-480x296-480x296-1.png 480w\" sizes=\"auto, (max-width: 156px) 100vw, 156px\" \/><\/a><strong>SEDICO\u00a0<\/strong> Si \u00e8 riunita presso la sede del GAL l&#8217;Assemblea ordinaria dei soci. Successivamente alle doverose informazioni in merito all&#8217;avanzamento del Programma di Sviluppo Locale e al bilancio di esercizio, il Presidente Peterle ha presentato ai soci il documento &#8220;Avvicinare l&#8217;Europa ai cittadini&#8221; redatto dalla struttura tecnica del GAL al fine di offrire il proprio supporto in vista della nuova programmazione 2021-2027, coerentemente ai contenuti del primo documento di analisi a supporto del confronto partenariale della Regione del Veneto: &#8220;VERSO IL VENETO DEL 2030 &#8211; Lo sviluppo regionale nell&#8217;ambito della politica di coesione 2021-2027&#8221;. L&#8217;Assemblea si \u00e8 infine espressa relativamente alla nuova composizione del Consiglio Direttivo: Alberto Peterle \u00e8 stato confermato alla guida del GAL, lo affiancheranno Paolo Perenzin, Cristian Sacchet (riconfermati entrambi) e i nuovi consiglieri ai quali rivolgiamo il nostro migliore augurio di buon lavoro: Luca Cosul Cuffaro e Francesco De Toffol.<\/p>\n<p>&nbsp;<\/p>\n<hr \/>\n<p>&nbsp;<\/p>\n<blockquote>\n<h3>L&#8217;INTERROGAZIONE DEL DEPUTATO PAOLO SAVIANE A FAVORE DEL COMELICO<\/h3>\n<\/blockquote>\n<p>DALLA RASSEGNA STAMPA DELLA OTTO<\/p>\n<audio class=\"wp-audio-shortcode\" id=\"audio-121222-8\" preload=\"none\" style=\"width: 100%;\" controls=\"controls\"><source type=\"audio\/mpeg\" src=\"https:\/\/www.radiopiu.net\/wordpress\/wp-content\/uploads\/2020\/03\/SAVIANE.mp3?_=8\" \/><a href=\"https:\/\/www.radiopiu.net\/wordpress\/wp-content\/uploads\/2020\/03\/SAVIANE.mp3\">https:\/\/www.radiopiu.net\/wordpress\/wp-content\/uploads\/2020\/03\/SAVIANE.mp3<\/a><\/audio>\n<p>&nbsp;<\/p>\n<p><strong><a class=\"dt-pswp-item\" href=\"https:\/\/www.radiopiu.net\/wordpress\/wp-content\/uploads\/2018\/06\/00032712.jpg\" data-dt-img-description=\"\" data-large_image_width=\"180\" data-large_image_height=\"240\"><img loading=\"lazy\" decoding=\"async\" class=\"size-full wp-image-50936 alignleft\" src=\"https:\/\/www.radiopiu.net\/wordpress\/wp-content\/uploads\/2018\/06\/00032712.jpg\" alt=\"\" width=\"180\" height=\"240\" \/><\/a>ROMA<\/strong> Il deputato Paolo Saviane interroga il\u00a0 \u00a0Ministro per i beni e le attivit\u00e0 culturali e per il turismo a proposito del \u00a0vincolo nell&#8217;area dell&#8217;alto bellunese. Vincolo che secondo Saviane \u00a0toglie agli enti periferici, segnatamente i Comuni dell&#8217;alto bellunese, la Provincia di Belluno e la Regione Veneto, la possibilit\u00e0 di realizzare una propria autonoma strategia di sviluppo e inoltre presenta aspetti di genericit\u00e0 nelle motivazioni a sostegno della necessit\u00e0 di un &#8220;vincolo&#8221; paesaggistico, non introducendo nuovi elementi straordinari; il territorio oggetto dalla dichiarazione di notevole interesse pubblico della Soprintendenza ha subito gli effetti devastanti della tempesta &#8220;Vaia&#8221;, tra la fine di ottobre e l&#8217;inizio di novembre 2018 e tuttora necessita di azioni ineludibili di messa in sicurezza e di manutenzione, oltre che di recupero e smaltimento del legname abbattuto, operazioni che richiedono tempestivit\u00e0 ed efficacia di intervento che sarebbero rese complicate e farraginose con il nuovo sistema di vincolo.\u00a0 Saviane al Ministro \u00a0chiede di sapere se\u00a0 intenda attivare la procedura di modifica del vincolo paesaggistico con esclusione delle zone indicate ricadenti nella provincia di Belluno.<\/p>\n<p>&nbsp;<\/p>\n<p>&nbsp;<\/p>\n<hr \/>\n<h3><\/h3>\n<blockquote>\n<h3>SMART WORKING: LA PROVINCIA APPROVA IL REGOLAMENTO PER IL LAVORO A DOMICILIO<\/h3>\n<\/blockquote>\n<p><strong>BELLUNO<\/strong> Anche la Provincia di Belluno adotta le nuove modalit\u00e0 di smart working. Il regolamento \u00e8 stato approvato venerd\u00ec scorso ed \u00e8 immediatamente efficace. Si tratta di una misura estremamente importante e utile, soprattutto in questo periodo, per evitare gli spostamenti dei dipendenti, senza per questo rallentare il lavoro degli uffici. Il telelavoro rimarr\u00e0 un valido strumento anche quando non ci sar\u00e0 pi\u00f9 l\u2019emergenza coronavirus. Lo smart working consentir\u00e0 ai dipendenti della Provincia di svolgere la prestazione lavorativa dal proprio domicilio o in altro luogo ritenuto idoneo (in ogni caso, al di fuori della sede di lavoro), grazie al supporto di tecnologie informatiche. Di fatto, sono sufficienti un computer e un collegamento internet, che vengono forniti in comodato d\u2019uso direttamente dalla Provincia, nel caso in cui i dipendenti ne siano sprovvisti. Il regolamento prevede che vengono rese disponibili modalit\u00e0 e tecnologie idonee ad assicurare l\u2019identificazione telematica del dipendente, anche ai fini della rilevazione dell\u2019orario di lavoro.\u00a0 Nel primo anno, in fase di sperimentazione, lo smart working \u00e8 limitato a una fascia oraria non superiore alle 12 ore settimanali, in questo periodo emergenziale, non sono previste limitazioni. Anzi, il telelavoro viene incentivato. La Provincia cerca di dare il buon esempio.<\/p>\n<p>&nbsp;<\/p>\n<hr \/>\n<p>&nbsp;<\/p>\n<p>&nbsp;<\/p>\n<p>&nbsp;<\/p>\n<blockquote>\n<h3><a class=\"dt-pswp-item\" href=\"https:\/\/www.radiopiu.net\/wordpress\/wp-content\/uploads\/2018\/03\/sagra.jpg\" data-dt-img-description=\"\" data-large_image_width=\"1000\" data-large_image_height=\"750\"><img loading=\"lazy\" decoding=\"async\" class=\"wp-image-45748 alignleft\" src=\"https:\/\/www.radiopiu.net\/wordpress\/wp-content\/uploads\/2018\/03\/sagra-300x225.jpg\" alt=\"\" width=\"200\" height=\"150\" srcset=\"https:\/\/www.radiopiu.net\/wordpress\/wp-content\/uploads\/2018\/03\/sagra-300x225.jpg 300w, https:\/\/www.radiopiu.net\/wordpress\/wp-content\/uploads\/2018\/03\/sagra-768x576.jpg 768w, https:\/\/www.radiopiu.net\/wordpress\/wp-content\/uploads\/2018\/03\/sagra.jpg 1000w\" sizes=\"auto, (max-width: 200px) 100vw, 200px\" \/><\/a><\/h3>\n<h3><\/h3>\n<h3>ANNULLATA LA SAGRA DE PASCA, INTERVISTA CON ANTIMO SAVARIS PRESIDENTE DEL GRUPPO SPORTIVO E CLAUDIO PAGANIN COORDINATORE DELLA SAGRA<\/h3>\n<\/blockquote>\n<audio class=\"wp-audio-shortcode\" id=\"audio-121222-9\" preload=\"none\" style=\"width: 100%;\" controls=\"controls\"><source type=\"audio\/mpeg\" src=\"https:\/\/www.radiopiu.net\/wordpress\/wp-content\/uploads\/2020\/03\/FESTSA-DE-PASCA.mp3?_=9\" \/><a href=\"https:\/\/www.radiopiu.net\/wordpress\/wp-content\/uploads\/2020\/03\/FESTSA-DE-PASCA.mp3\">https:\/\/www.radiopiu.net\/wordpress\/wp-content\/uploads\/2020\/03\/FESTSA-DE-PASCA.mp3<\/a><\/audio>\n<p>&nbsp;<\/p>\n<p>&nbsp;<\/p>\n<hr \/>\n<p>&nbsp;<\/p>\n<p>&nbsp;<\/p>\n<blockquote>\n<h3 align=\"CENTER\"><span style=\"font-family: Arial, serif;\"><b>Bim Gsp, accesso agli sportelli solo su appuntamento.<\/b><\/span><a style=\"font-size: 14px; font-weight: normal;\" name=\"Bookmark\"><\/a><\/h3>\n<\/blockquote>\n<p align=\"JUSTIFY\"><span style=\"color: #000000;\"><span style=\"font-family: Arial, serif;\"><strong>\u00a0BELLUNO<\/strong> Gestione Servizi Pubblici informa che, considerata l\u2019emergenza sanitaria in corso e l\u2019esigenza di contenere la diffusione del Covid-19, tutti gli sportelli di Gsp presenti sul territorio a partire da domani 10 marzo 2020 saranno accessibili al pubblico solo previo appuntamento telefonico prenotabile al numero verde 800 055 640. \u201cIn questo periodo di emergenza nazionale e di esigenza di contenere la diffusione del Covid-19 \u2013 spiega la societ\u00e0 \u2013 riteniamo preferibile limitare al minimo la presenza fisica agli sportelli: per il disbrigo delle pratiche, l\u2019invito \u00e8 quindi di richiedere preventivamente un appuntamento al numero verde 800 055 640, in modo da regolare gli accessi e limitarli esclusivamente alle pratiche urgenti ed indifferibili. Non solo, raccomandiamo a tutti di utilizzare il pi\u00f9 possibile i canali alternativi gi\u00e0 a disposizione, quali il Servizio Clienti telefonico, contattabile al numero verde gratuito 800 306 999\u00a0 tutti i giorni dalle ore 8 alle 14, il servizio Mail all\u2019indirizzo <a href=\"mailto:servizio.clienti@gsp.bl.it\">servizio.clienti@gsp.bl.it<\/a><\/span><\/span><span style=\"color: #000000;\"><span style=\"font-family: Arial, serif;\"><b>, <\/b><\/span><\/span><span style=\"color: #000000;\"><span style=\"font-family: Arial, serif;\">lo<\/span><\/span><b> <\/b><span style=\"color: #000000;\"><span style=\"font-family: Arial, serif;\">sportello web attivo sul sito <a href=\"http:\/\/www.bimgsp.it\">www.bimgsp.it<\/a> e, scaricabile dagli store, anche App Gsp. Misure necessarie \u2013 conclude la societ\u00e0 &#8211; finalizzate a tutelare la salute di cittadini e lavoratori\u201d.<\/span><\/span><\/p>\n<hr \/>\n<p>&nbsp;<\/p>\n<p>&nbsp;<\/p>\n<p>&nbsp;<\/p>\n<blockquote>\n<h3>IL NUOVO DIRETTIVO DEL RADIO CLUB BELLUNO N.O.R.E.<\/h3>\n<\/blockquote>\n<p><strong><a class=\"dt-pswp-item\" href=\"https:\/\/www.radiopiu.net\/wordpress\/wp-content\/uploads\/2020\/03\/Radio-Club-Belluno-foto-03.jpg\" data-dt-img-description=\"\" data-large_image_width=\"1280\" data-large_image_height=\"853\"><img loading=\"lazy\" decoding=\"async\" class=\" wp-image-121171 alignleft\" src=\"https:\/\/www.radiopiu.net\/wordpress\/wp-content\/uploads\/2020\/03\/Radio-Club-Belluno-foto-03-300x200.jpg\" alt=\"\" width=\"231\" height=\"154\" srcset=\"https:\/\/www.radiopiu.net\/wordpress\/wp-content\/uploads\/2020\/03\/Radio-Club-Belluno-foto-03-300x200.jpg 300w, https:\/\/www.radiopiu.net\/wordpress\/wp-content\/uploads\/2020\/03\/Radio-Club-Belluno-foto-03-1024x682.jpg 1024w, https:\/\/www.radiopiu.net\/wordpress\/wp-content\/uploads\/2020\/03\/Radio-Club-Belluno-foto-03-768x512.jpg 768w, https:\/\/www.radiopiu.net\/wordpress\/wp-content\/uploads\/2020\/03\/Radio-Club-Belluno-foto-03.jpg 1280w\" sizes=\"auto, (max-width: 231px) 100vw, 231px\" \/><\/a>BELLUNO<\/strong> Rinnovato il Consiglio Direttivo del Radio Club Belluno N.O.R.E. per il biennio 2020\/2021. Nel mese di gennaio sono stati confermati Elvi Lucchet alla presidenza del Radio Club e Luca Salvador al coordinamento del Nucleo Operativo Radio Emergenze.\u00a0 Il Radio Club Belluno N.O.R.E. \u00e8 un\u2019associazione di C.B. e radioamatori che opera principalmente a Belluno e nel territorio provinciale bellunese: si propone la diffusione del radiantismo e favorisce lo sviluppo associativo che pu\u00f2 derivare da un proficuo uso delle radio ricetrasmittenti a fini dilettantistici e non professionali. Particolare attenzione \u00e8 destinata alle attivit\u00e0 che possono\u00a0\u00a0essere <a class=\"dt-pswp-item\" href=\"https:\/\/www.radiopiu.net\/wordpress\/wp-content\/uploads\/2020\/03\/Radio-Club-Belluno-foto-04.jpg\" data-dt-img-description=\"\" data-large_image_width=\"1600\" data-large_image_height=\"1200\"><img loading=\"lazy\" decoding=\"async\" class=\"wp-image-121172 alignright\" src=\"https:\/\/www.radiopiu.net\/wordpress\/wp-content\/uploads\/2020\/03\/Radio-Club-Belluno-foto-04-300x225.jpg\" alt=\"\" width=\"176\" height=\"132\" srcset=\"https:\/\/www.radiopiu.net\/wordpress\/wp-content\/uploads\/2020\/03\/Radio-Club-Belluno-foto-04-300x225.jpg 300w, https:\/\/www.radiopiu.net\/wordpress\/wp-content\/uploads\/2020\/03\/Radio-Club-Belluno-foto-04-1024x768.jpg 1024w, https:\/\/www.radiopiu.net\/wordpress\/wp-content\/uploads\/2020\/03\/Radio-Club-Belluno-foto-04-768x576.jpg 768w, https:\/\/www.radiopiu.net\/wordpress\/wp-content\/uploads\/2020\/03\/Radio-Club-Belluno-foto-04-1536x1152.jpg 1536w, https:\/\/www.radiopiu.net\/wordpress\/wp-content\/uploads\/2020\/03\/Radio-Club-Belluno-foto-04.jpg 1600w\" sizes=\"auto, (max-width: 176px) 100vw, 176px\" \/><\/a>svolte con le radio ricetrasmittenti in caso di necessit\u00e0 e per le esigenze di Volontariato di Protezione Civile. L\u2019associazione senza fini di lucro (ONLUS) \u00e8 iscritta dal 1989 al registro regionale del Volontariato, autorizzata dal Ministero a fregiarsi dell\u2019emblema di Protezione Civile e dal 2001 \u00e8 inserita nel registro regionale del Volontariato di Protezione Civile della Regione Veneto. Il compito istituzionale del N.O.R.E. \u00e8 garantire un collegamento radio affidabile fra i C.O.C. (Centro Operativo Comunale) ed il C.O.M. (Centro Operativo Misto) di riferimento. La zona di competenza prevista dal Piano Provinciale di Protezione Civile si <a class=\"dt-pswp-item\" href=\"https:\/\/www.radiopiu.net\/wordpress\/wp-content\/uploads\/2020\/03\/Radio-Club-Belluno-foto-01.jpg\" data-dt-img-description=\"\" data-large_image_width=\"1200\" data-large_image_height=\"900\"><img loading=\"lazy\" decoding=\"async\" class=\"wp-image-121173 alignleft\" src=\"https:\/\/www.radiopiu.net\/wordpress\/wp-content\/uploads\/2020\/03\/Radio-Club-Belluno-foto-01-300x225.jpg\" alt=\"\" width=\"167\" height=\"125\" srcset=\"https:\/\/www.radiopiu.net\/wordpress\/wp-content\/uploads\/2020\/03\/Radio-Club-Belluno-foto-01-300x225.jpg 300w, https:\/\/www.radiopiu.net\/wordpress\/wp-content\/uploads\/2020\/03\/Radio-Club-Belluno-foto-01-1024x768.jpg 1024w, https:\/\/www.radiopiu.net\/wordpress\/wp-content\/uploads\/2020\/03\/Radio-Club-Belluno-foto-01-768x576.jpg 768w, https:\/\/www.radiopiu.net\/wordpress\/wp-content\/uploads\/2020\/03\/Radio-Club-Belluno-foto-01.jpg 1200w\" sizes=\"auto, (max-width: 167px) 100vw, 167px\" \/><\/a>identifica con il territorio dell\u2019Unione Montana Alpago e dell\u2019Unione Montana Valbelluna. I volontari hanno provveduto all\u2019installazione degli impianto radio presso i C.O.C. ed i C.O.M., completando la rete radio in alcuni anni. Attualmente hanno il compito di mantenere in efficienza il sistema radio con delle verifiche periodiche e di provvedere agli interventi di manutenzione ed implementazione del sistema stesso. L\u2019attivit\u00e0 del N.O.R.E. viene svolta dai <a class=\"dt-pswp-item\" href=\"https:\/\/www.radiopiu.net\/wordpress\/wp-content\/uploads\/2020\/03\/Radio-Club-Belluno-foto-02.jpg\" data-dt-img-description=\"\" data-large_image_width=\"1800\" data-large_image_height=\"900\"><img loading=\"lazy\" decoding=\"async\" class=\"size-medium wp-image-121174 alignright\" src=\"https:\/\/www.radiopiu.net\/wordpress\/wp-content\/uploads\/2020\/03\/Radio-Club-Belluno-foto-02-300x150.jpg\" alt=\"\" width=\"300\" height=\"150\" srcset=\"https:\/\/www.radiopiu.net\/wordpress\/wp-content\/uploads\/2020\/03\/Radio-Club-Belluno-foto-02-300x150.jpg 300w, https:\/\/www.radiopiu.net\/wordpress\/wp-content\/uploads\/2020\/03\/Radio-Club-Belluno-foto-02-1024x512.jpg 1024w, https:\/\/www.radiopiu.net\/wordpress\/wp-content\/uploads\/2020\/03\/Radio-Club-Belluno-foto-02-768x384.jpg 768w, https:\/\/www.radiopiu.net\/wordpress\/wp-content\/uploads\/2020\/03\/Radio-Club-Belluno-foto-02-1536x768.jpg 1536w, https:\/\/www.radiopiu.net\/wordpress\/wp-content\/uploads\/2020\/03\/Radio-Club-Belluno-foto-02.jpg 1800w\" sizes=\"auto, (max-width: 300px) 100vw, 300px\" \/><\/a>soci del Radio Club particolarmente sensibili ai temi del Volontariato di Protezione Civile che, dopo aver svolto la prevista formazione sulle tecniche di Comunicazioni Radio in Emergenza e dopo aver ricevuto le dotazioni personali (DPI) hanno ottenuto la funzione operativa. Attualmente il N.O.R.E. si avvale di una ventina di Volontari di Protezione Civile con la specifica formazione tecnica.Le eventuali persone interessate alle attivit\u00e0 di volontariato del Radio Club Belluno N.O.R.E. possono conoscerla partecipando alle riunioni del primo e terzo venerd\u00ec di ogni mese alle ore 21 presso la sede di Villa Montalban a Belluno.<\/p>\n<p>Per qualsiasi informazione \u00e8 possibile visitare il sito internet all\u2019indirizzo www.radioclubbelluno.it.<\/p>\n<p>&nbsp;<\/p>\n<hr \/>\n<blockquote>\n<h3><\/h3>\n<h3>QUESTA SERA CONSIGLIO COMUNALE A TAIBON, MERCOLEDI A RIVAMONTE<\/h3>\n<\/blockquote>\n<blockquote>\n<h3><a class=\"dt-pswp-item\" href=\"https:\/\/www.radiopiu.net\/wordpress\/wp-content\/uploads\/2019\/05\/TAIBON-SILVIA-TORMEN.jpeg\" data-dt-img-description=\"\" data-large_image_width=\"1062\" data-large_image_height=\"1600\"><img loading=\"lazy\" decoding=\"async\" class=\"wp-image-86482 alignleft\" src=\"https:\/\/www.radiopiu.net\/wordpress\/wp-content\/uploads\/2019\/05\/TAIBON-SILVIA-TORMEN-199x300.jpeg\" alt=\"\" width=\"117\" height=\"176\" srcset=\"https:\/\/www.radiopiu.net\/wordpress\/wp-content\/uploads\/2019\/05\/TAIBON-SILVIA-TORMEN-199x300.jpeg 199w, https:\/\/www.radiopiu.net\/wordpress\/wp-content\/uploads\/2019\/05\/TAIBON-SILVIA-TORMEN-768x1157.jpeg 768w, https:\/\/www.radiopiu.net\/wordpress\/wp-content\/uploads\/2019\/05\/TAIBON-SILVIA-TORMEN-680x1024.jpeg 680w, https:\/\/www.radiopiu.net\/wordpress\/wp-content\/uploads\/2019\/05\/TAIBON-SILVIA-TORMEN.jpeg 1062w\" sizes=\"auto, (max-width: 117px) 100vw, 117px\" \/><\/a><\/h3>\n<p>DI GIANNI SANTOMASO<\/p><\/blockquote>\n<p>&nbsp;<\/p>\n<audio class=\"wp-audio-shortcode\" id=\"audio-121222-10\" preload=\"none\" style=\"width: 100%;\" controls=\"controls\"><source type=\"audio\/mpeg\" src=\"https:\/\/www.radiopiu.net\/wordpress\/wp-content\/uploads\/2020\/03\/consiglio-gianni-taibon.mp3?_=10\" \/><a href=\"https:\/\/www.radiopiu.net\/wordpress\/wp-content\/uploads\/2020\/03\/consiglio-gianni-taibon.mp3\">https:\/\/www.radiopiu.net\/wordpress\/wp-content\/uploads\/2020\/03\/consiglio-gianni-taibon.mp3<\/a><\/audio>\n<p>&nbsp;<\/p>\n<p>&nbsp;<\/p>\n<hr \/>\n<p>&nbsp;<\/p>\n<p><strong>AGORDO<\/strong> Rinviata l&#8217;assemblea dell&#8217;Auser Circolo El Broi, era in programma per sabato 14 marzo. In seguito verr\u00e0 decisa la nuova data<\/p>\n<p><strong>BELLUNO<\/strong> \u00a0Annullata l&#8217;edizione numero 25 della \u201cGrande festa degli ex lavoratori in Libia\u201d. La festa \u00e8 stata riprogrammata per domenica 15 novembre 2020.<\/p>\n<p><strong>CANALE D&#8217;AGORDO<\/strong> &#8220;Oltre il confine&#8221;, con Luciana di Mauro (in previsione per la prossima settimana presso la Casa della Giovent\u00f9 di Caviola) \u00e8 stata rinviata a data da destinarsi.<\/p>\n<p><strong>LONGARONE<\/strong> Nuove date e rinvii: posticipata Agrimont nei giorni 25-26 aprile, 1-2-3 maggio; rinviata al 22-23-24 maggio l&#8217;evento Caccia Pesca e Natura.<\/p>\n<p><strong>BELLUNO<\/strong>\u00a0 La compagnia di ballo dello spettacolo OPEN di Daniel Ezralow, ha deciso di annullare la tourn\u00e9e Tour in Europa. Pertanto lo spettacolo previsto, all\u2019interno della rassegna BellunoDanza, per domenica 15 marzo\u00a0 al Teatro Comunale di Belluno \u00e8 stato annullato.<\/p>\n<p><strong>TAIBON<\/strong> ANNULLATA LA SAGRA DE PASCA<\/p>\n<p>&nbsp;<\/p>\n<hr \/>\n<p>&nbsp;<\/p>\n<p>&nbsp;<\/p>\n<blockquote>\n<h3>I RACCONTI DI PAOLO SOPPELSA<\/h3>\n<\/blockquote>\n<p><strong>AUDIO<\/strong><\/p>\n<audio class=\"wp-audio-shortcode\" id=\"audio-121222-11\" preload=\"none\" style=\"width: 100%;\" controls=\"controls\"><source type=\"audio\/mpeg\" src=\"https:\/\/www.radiopiu.net\/wordpress\/wp-content\/uploads\/2020\/03\/PAOLO-RACCONTO.mp3?_=11\" \/><a href=\"https:\/\/www.radiopiu.net\/wordpress\/wp-content\/uploads\/2020\/03\/PAOLO-RACCONTO.mp3\">https:\/\/www.radiopiu.net\/wordpress\/wp-content\/uploads\/2020\/03\/PAOLO-RACCONTO.mp3<\/a><\/audio>\n<p>&nbsp;<\/p>\n<p><strong>LA VIA DEGLI OSPIZI<\/strong><br \/>\n<a class=\"dt-pswp-item\" href=\"https:\/\/www.radiopiu.net\/wordpress\/wp-content\/uploads\/2020\/03\/WhatsApp-Image-2020-03-09-at-18.03.40.jpeg\" data-dt-img-description=\"\" data-large_image_width=\"1080\" data-large_image_height=\"810\"><img loading=\"lazy\" decoding=\"async\" class=\"size-medium wp-image-121312 alignleft\" src=\"https:\/\/www.radiopiu.net\/wordpress\/wp-content\/uploads\/2020\/03\/WhatsApp-Image-2020-03-09-at-18.03.40-300x225.jpeg\" alt=\"\" width=\"300\" height=\"225\" srcset=\"https:\/\/www.radiopiu.net\/wordpress\/wp-content\/uploads\/2020\/03\/WhatsApp-Image-2020-03-09-at-18.03.40-300x225.jpeg 300w, https:\/\/www.radiopiu.net\/wordpress\/wp-content\/uploads\/2020\/03\/WhatsApp-Image-2020-03-09-at-18.03.40-1024x768.jpeg 1024w, https:\/\/www.radiopiu.net\/wordpress\/wp-content\/uploads\/2020\/03\/WhatsApp-Image-2020-03-09-at-18.03.40-768x576.jpeg 768w, https:\/\/www.radiopiu.net\/wordpress\/wp-content\/uploads\/2020\/03\/WhatsApp-Image-2020-03-09-at-18.03.40.jpeg 1080w\" sizes=\"auto, (max-width: 300px) 100vw, 300px\" \/><\/a>\u201c\u2026si trova un castello mal conditionato\u2026non si pol andar a cavallo; bisogna dismontar\u2026\u201d Cos\u00ec ebbe a scrivere tale Marin Sanudo il Giovane nel lontano 1483. Era giunto nella gola dei Castei dove, nel medioevo, mancava il ponte e pure la casa dei silenzi. Ma c\u2019era il \u201cCastello Gordino\u201d. E chiss\u00e0 com\u2019era la 203 Agordina medievale. Sicuramente non era asfaltata e non c\u2019erano nemmeno gli autovelox. In realt\u00e0 non c\u2019era neanche la strada. C\u2019era un sentiero; la \u201cVia degli Ospizi\u201d. In quei tempi remoti era via malagevole la Val Cordevole. Per agevolare i viandanti ed i pellegrini erano stati edificati ben tre ospizi fra Peron e Agordo. San Gottardo, Candaten e Agre. A Candaten ai giorni nostri la strada passa di fronte all&#8217;antico ospizio. Ma ai tempi di Marin Sanudo nella bella struttura in pietra non c\u2019erano i Carabinieri Forestali. C\u2019erano i monaci che accoglievano questi coraggiosi viandanti. Quando vado \u201cin su\u201d alla sera a volte me li immagino. Arrivare all\u2019imbrunire a piedi oppure a dorso di mulo. Lentamente. Poi bussare alla porta ed essere accolti da monaci incappucciati. Poche parole in una lingua ormai pressoch\u00e9 perduta ed il sedersi su robuste panche di legno attendendo la frugale cena. Luci fioche di candele ed un pentolone sul fuoco. Rumore di mestoli e cucchiai di legno e piatti di terracotta. Poi l\u2019adagiarsi sfiniti sui pagliericci pensando al cammino dell\u2019indomani. Li attendeva una lunga notte cullati dal suono sommesso del Cordevole e dai canti gregoriani dei monaci che pregavano in piena notte. Poi il ricominciare il viaggio poco prima dell\u2019alba. Con una leggera nebbia che si alzava dai prati e l\u2019enorme sagoma del monte Coro che catturava lo sguardo. Chiss\u00e0 cosa pensavano quegli antichi viandanti, che pensieri avevano ammirando le montagne lungo la 203 medievale. Che le montagne ed il Cordevole erano come adesso, e mi piace pensare che i loro occhi vedevano ci\u00f2 che vedo io quando vado \u201cin su\u201d. Chiss\u00e0 quali ricordi serbavano di quel difficoltoso cammino lungo la selvaggia val Cordevole. Marin Sanudo non aveva Facebook per postare le sue impressioni. Aveva un quaderno medievale ed una penna d\u2019oca. E con questi semplici ed antichi mezzi ci ha lasciato una bella testimonianza del suo transitare alla porta d\u2019ingresso delle Magiche Dolomiti!!<\/p>\n<p>&nbsp;<\/p>\n<hr \/>\n<h3><span style=\"color: #ff0000;\">\u00a0<\/span><\/h3>\n<h3><span style=\"color: #ff0000;\">IERI ALLA RADIO. 007 IN CONDOTTA<\/span><\/h3>\n<blockquote class=\"wp-embedded-content\" data-secret=\"WdLw8Zh8pB\"><p><a href=\"https:\/\/www.radiopiu.net\/wordpress\/la-scuola-ai-tempi-del-coronavirus\/\">La scuola ai tempi del Coronavirus<\/a><\/p><\/blockquote>\n<p><iframe loading=\"lazy\" title=\"&#8220;La scuola ai tempi del Coronavirus&#8221; &#8212; Radio Pi\u00f9\" class=\"wp-embedded-content\" sandbox=\"allow-scripts\" security=\"restricted\" style=\"position: absolute; clip: rect(1px, 1px, 1px, 1px);\" src=\"https:\/\/www.radiopiu.net\/wordpress\/la-scuola-ai-tempi-del-coronavirus\/embed\/#?secret=WdLw8Zh8pB\" data-secret=\"WdLw8Zh8pB\" width=\"600\" height=\"338\" frameborder=\"0\" marginwidth=\"0\" marginheight=\"0\" scrolling=\"no\"><\/iframe><\/p>\n<p>&nbsp;<\/p>\n<p>&nbsp;<\/p>\n<hr \/>\n<h2><\/h2>\n<h2><span style=\"color: #ff0000;\">IN VIVO VERSO DI BRUNELLA MORO<\/span><\/h2>\n<blockquote class=\"wp-embedded-content\" data-secret=\"Ynw0KDFbnT\"><p><a href=\"https:\/\/www.radiopiu.net\/wordpress\/primavera-di-giano-perale\/\">PRIMAVERA di GIANO PERALE<\/a><\/p><\/blockquote>\n<p><iframe loading=\"lazy\" title=\"&#8220;PRIMAVERA di GIANO PERALE&#8221; &#8212; Radio Pi\u00f9\" class=\"wp-embedded-content\" sandbox=\"allow-scripts\" security=\"restricted\" style=\"position: absolute; clip: rect(1px, 1px, 1px, 1px);\" src=\"https:\/\/www.radiopiu.net\/wordpress\/primavera-di-giano-perale\/embed\/#?secret=Ynw0KDFbnT\" data-secret=\"Ynw0KDFbnT\" width=\"600\" height=\"338\" frameborder=\"0\" marginwidth=\"0\" marginheight=\"0\" scrolling=\"no\"><\/iframe><\/p>\n<blockquote>\n<h3>COLLEZIONE COMPLETA<\/h3>\n<\/blockquote>\n<blockquote class=\"wp-embedded-content\" data-secret=\"0citKnME5m\"><p><a href=\"https:\/\/www.radiopiu.net\/wordpress\/in-vivo-verso\/\">In Vivo Verso<\/a><\/p><\/blockquote>\n<p><iframe loading=\"lazy\" title=\"&#8220;In Vivo Verso&#8221; &#8212; Radio Pi\u00f9\" class=\"wp-embedded-content\" sandbox=\"allow-scripts\" security=\"restricted\" style=\"position: absolute; clip: rect(1px, 1px, 1px, 1px);\" src=\"https:\/\/www.radiopiu.net\/wordpress\/in-vivo-verso\/embed\/#?secret=0citKnME5m\" data-secret=\"0citKnME5m\" width=\"600\" height=\"338\" frameborder=\"0\" marginwidth=\"0\" marginheight=\"0\" scrolling=\"no\"><\/iframe><\/p>\n<hr \/>\n<p>&nbsp;<\/p>\n<p>&nbsp;<\/p>\n<h3><span style=\"color: #ff0000;\">IERI ALLA RADIO. DUE MINUTI UN LIBRO<\/span><\/h3>\n<blockquote class=\"wp-embedded-content\" data-secret=\"wy9yfxeLIw\"><p><a href=\"https:\/\/www.radiopiu.net\/wordpress\/binario-sette\/\">BINARIO SETTE<\/a><\/p><\/blockquote>\n<p><iframe loading=\"lazy\" title=\"&#8220;BINARIO SETTE&#8221; &#8212; Radio Pi\u00f9\" class=\"wp-embedded-content\" sandbox=\"allow-scripts\" security=\"restricted\" style=\"position: absolute; clip: rect(1px, 1px, 1px, 1px);\" src=\"https:\/\/www.radiopiu.net\/wordpress\/binario-sette\/embed\/#?secret=wy9yfxeLIw\" data-secret=\"wy9yfxeLIw\" width=\"600\" height=\"338\" frameborder=\"0\" marginwidth=\"0\" marginheight=\"0\" scrolling=\"no\"><\/iframe><\/p>\n<h2>COLLEZIONE COMPLETA<\/h2>\n<blockquote class=\"wp-embedded-content\" data-secret=\"3eB6rfwPA3\"><p><a href=\"https:\/\/www.radiopiu.net\/wordpress\/due-minuti-un-libro\/\">Due minuti un libro<\/a><\/p><\/blockquote>\n<p><iframe loading=\"lazy\" title=\"&#8220;Due minuti un libro&#8221; &#8212; Radio Pi\u00f9\" class=\"wp-embedded-content\" sandbox=\"allow-scripts\" security=\"restricted\" style=\"position: absolute; clip: rect(1px, 1px, 1px, 1px);\" src=\"https:\/\/www.radiopiu.net\/wordpress\/due-minuti-un-libro\/embed\/#?secret=3eB6rfwPA3\" data-secret=\"3eB6rfwPA3\" width=\"600\" height=\"338\" frameborder=\"0\" marginwidth=\"0\" marginheight=\"0\" scrolling=\"no\"><\/iframe><\/p>\n<p>&nbsp;<\/p>\n<p>&nbsp;<\/p>\n<p>&nbsp;<\/p>\n<hr \/>\n<p>&nbsp;<\/p>\n<h3><span style=\"color: #ff0000;\">IERI ALLA RADIO. SALUTE E SOCIETA&#8217;<\/span><\/h3>\n<blockquote class=\"wp-embedded-content\" data-secret=\"arZGpx2kJ6\"><p><a href=\"https:\/\/www.radiopiu.net\/wordpress\/malati-reumatici-vitamina-d-nei-bambini-colite-ulcerosa-coronavirus\/\">Malati reumatici &#8211; vitamina D nei bambini &#8211; colite ulcerosa &#8211; coronavirus<\/a><\/p><\/blockquote>\n<p><iframe loading=\"lazy\" title=\"&#8220;Malati reumatici &#8211; vitamina D nei bambini &#8211; colite ulcerosa &#8211; coronavirus&#8221; &#8212; Radio Pi\u00f9\" class=\"wp-embedded-content\" sandbox=\"allow-scripts\" security=\"restricted\" style=\"position: absolute; clip: rect(1px, 1px, 1px, 1px);\" src=\"https:\/\/www.radiopiu.net\/wordpress\/malati-reumatici-vitamina-d-nei-bambini-colite-ulcerosa-coronavirus\/embed\/#?secret=arZGpx2kJ6\" data-secret=\"arZGpx2kJ6\" width=\"600\" height=\"338\" frameborder=\"0\" marginwidth=\"0\" marginheight=\"0\" scrolling=\"no\"><\/iframe><\/p>\n<p>&nbsp;<\/p>\n<hr \/>\n<p>&nbsp;<\/p>\n<p><a class=\"dt-pswp-item pspw-wrap-ready\" href=\"https:\/\/www.radiopiu.net\/wordpress\/wp-content\/uploads\/2018\/09\/viabilita.jpeg\" data-dt-img-description=\"\" data-large_image_width=\"800\" data-large_image_height=\"100\"><img loading=\"lazy\" decoding=\"async\" class=\"wp-image-61954 size-full aligncenter\" src=\"https:\/\/www.radiopiu.net\/wordpress\/wp-content\/uploads\/2018\/09\/viabilita.jpeg\" sizes=\"auto, (max-width: 800px) 100vw, 800px\" srcset=\"https:\/\/www.radiopiu.net\/wordpress\/wp-content\/uploads\/2018\/09\/viabilita.jpeg 800w, https:\/\/www.radiopiu.net\/wordpress\/wp-content\/uploads\/2018\/09\/viabilita-300x38.jpeg 300w, https:\/\/www.radiopiu.net\/wordpress\/wp-content\/uploads\/2018\/09\/viabilita-768x96.jpeg 768w\" alt=\"\" width=\"800\" height=\"100\" \/><\/a><\/p>\n<p>&nbsp;<\/p>\n<p><strong>SP 10 ALANO<\/strong> DA LUNEDI AL 30 APRILE INTERDIZIONE TOTALE AL TRANSITO DELLA SP 10 DI ALANO DI PIAVE AL FM 6 PER REALIZZAZIONE PROTEZIONI LATERALI<\/p>\n<p><strong>FELTRE COMUNALE DI VIA PARADISO<\/strong> Fino al\u00a0 31 Marzo 2020 (incluso festivi) in via Paradiso (tratto fronte il civico n\u00b0 14). Per lavori di: &#8220;Manutenzione all&#8217;edificio sito in via Paradiso n\u00b0 14\u201d &#8211; l\u2019istituzione, dei seguenti obblighi, divieti e limitazioni: Divieto di transito per tutti i veicoli e motocicli ; Divieto di sosta con rimozione<\/p>\n<p><strong>48 delle DOLOMITI localita&#8217; LIVINE&#8217;\u00a0<\/strong>\u00a0 Fino al 13 marzo senso unico per lavori di esboschi anche festivi e prefestiv<\/p>\n<p><strong>SP 251 VAL DI ZOLDO E VAL CELLINA<\/strong> Fino\u00a0 al 13 marzo sabato e domenica esclusi, senso unico alternato da impianto semaforico per lavori di ripristino reti di protezione sui versanti.<\/p>\n<p><strong>SR 203 AGORDINA LOCALITA&#8217; FORAN<\/strong> COMUNE DI LIVINALLONGO,FINO AL 2 APRILE (SABATO E DOMENICA ESCLUSI) SENSO UNICO ALTERNATO PER LAVORI DI ESBOSCO<\/p>\n<p><strong>SP251 VAL DI ZOLDO E CELLINA<\/strong> fino al 31 marzo con esclusione dei giorni festivi e prefestivi senso unico nel tratto Mezzocanale-Ospitale con interruzioni della durata massima di 15 minuti.<\/p>\n<p>&nbsp;<\/p>\n<p>&nbsp;<\/p>\n<p>&nbsp;<\/p>\n<p><a class=\"dt-pswp-item\" href=\"https:\/\/www.radiopiu.net\/wordpress\/wp-content\/uploads\/2018\/09\/sport.jpg\" data-dt-img-description=\"\" data-large_image_width=\"800\" data-large_image_height=\"100\"><img loading=\"lazy\" decoding=\"async\" class=\"aligncenter wp-image-60761 size-full\" src=\"https:\/\/www.radiopiu.net\/wordpress\/wp-content\/uploads\/2018\/09\/sport.jpg\" alt=\"\" width=\"800\" height=\"100\" srcset=\"https:\/\/www.radiopiu.net\/wordpress\/wp-content\/uploads\/2018\/09\/sport.jpg 800w, https:\/\/www.radiopiu.net\/wordpress\/wp-content\/uploads\/2018\/09\/sport-300x38.jpg 300w, https:\/\/www.radiopiu.net\/wordpress\/wp-content\/uploads\/2018\/09\/sport-768x96.jpg 768w\" sizes=\"auto, (max-width: 800px) 100vw, 800px\" \/><\/a><\/p>\n<blockquote>\n<h3><\/h3>\n<h3>Hockey, annullati i playoff dell\u2019Italian Hockey League<\/h3>\n<\/blockquote>\n<p>&nbsp;<\/p>\n<p><a class=\"dt-pswp-item\" href=\"https:\/\/www.radiopiu.net\/wordpress\/wp-content\/uploads\/2020\/03\/FISG_scuro_1.jpg\" data-dt-img-description=\"\" data-large_image_width=\"1170\" data-large_image_height=\"640\"><img loading=\"lazy\" decoding=\"async\" class=\" wp-image-121219 alignleft\" src=\"https:\/\/www.radiopiu.net\/wordpress\/wp-content\/uploads\/2020\/03\/FISG_scuro_1-300x164.jpg\" alt=\"\" width=\"192\" height=\"105\" srcset=\"https:\/\/www.radiopiu.net\/wordpress\/wp-content\/uploads\/2020\/03\/FISG_scuro_1-300x164.jpg 300w, https:\/\/www.radiopiu.net\/wordpress\/wp-content\/uploads\/2020\/03\/FISG_scuro_1-1024x560.jpg 1024w, https:\/\/www.radiopiu.net\/wordpress\/wp-content\/uploads\/2020\/03\/FISG_scuro_1-768x420.jpg 768w, https:\/\/www.radiopiu.net\/wordpress\/wp-content\/uploads\/2020\/03\/FISG_scuro_1.jpg 1170w\" sizes=\"auto, (max-width: 192px) 100vw, 192px\" \/><\/a><strong>MILANO<\/strong> Annullati, i playoff attualmente in corso dell\u2019Italian Hockey League. Non verranno\u00a0 disputate le partite gi\u00e0 inserite in calendario e la stagione sar\u00e0 da considerarsi conclusa senza l\u2019assegnazione del titolo tricolore. La scelta, arrivata dopo un costante confronto tra le parti e di comune accordo con tutte le societ\u00e0 sportive coinvolte, recepisce i dettami e le indicazioni contenuti nei decreti ministeriali emessi nelle ultime 48 ore e, soprattutto, mira al contenimento della diffusione del virus COVID 19 ed alla tutela dell\u2019intero movimento hockeistico nazionale. A differenza della grande maggioranza delle altre discipline, l\u2019hockey infatti, per il suo svolgimento, prevede il mantenimento costante e regolare di una pista di ghiaccio: riuscire a tenerle aperte e funzionanti ben oltre il calendario gi\u00e0 in programma avrebbe richiesto un impegno eccessivamente oneroso per i gestori degli impianti e per le societ\u00e0, a maggior ragione se private dell\u2019incasso derivante dalla vendita dei biglietti essendo costrette a giocare a \u201cporte chiuse\u201d.<\/p>\n<p><strong>ADRIANO LEVIS, AMMINISTRATORE DELEGATO DELL&#8217;ALLEGHE HOCKEY<\/strong><\/p>\n<audio class=\"wp-audio-shortcode\" id=\"audio-121222-12\" preload=\"none\" style=\"width: 100%;\" controls=\"controls\"><source type=\"audio\/mpeg\" src=\"https:\/\/www.radiopiu.net\/wordpress\/wp-content\/uploads\/2020\/03\/ADRIANO-LEVIS-STOP-CAMPIONATO.mp3?_=12\" \/><a href=\"https:\/\/www.radiopiu.net\/wordpress\/wp-content\/uploads\/2020\/03\/ADRIANO-LEVIS-STOP-CAMPIONATO.mp3\">https:\/\/www.radiopiu.net\/wordpress\/wp-content\/uploads\/2020\/03\/ADRIANO-LEVIS-STOP-CAMPIONATO.mp3<\/a><\/audio>\n<p>&nbsp;<\/p>\n<hr \/>\n<p>&nbsp;<\/p>\n<blockquote>\n<h2>La Fisi sospende da oggi tutta l\u2019attivit\u00e0 sportiva di ogni ordine e grado<\/h2>\n<\/blockquote>\n<p><strong>MILANO<\/strong> La Federazione Italiana Sport Invernali ha deciso di sospendere ogni attivit\u00e0 sportiva per tutte le discipline federali in ogni ordine e grado. Sono quindi annullati allenamenti, gare e trasferte di atleti, staff tecnici e medici di qualsiasi livello. Non sono autorizzati ulteriori spostamenti dei mezzi federali. Restano ancora in attivit\u00e0 i soli atleti che si trovano gi\u00e0 sui siti di gara di Coppa del mondo e dei Mondiali junior e quelli che sono in lizza per la conquista di una coppa generale o di specialit\u00e0 o per un posto significativo nella classifica finale.\u00a0<em> \u201cNon \u00e8 stata certo una decisione facile da prendere \u2013 ha detto il Presidente FISI, Flavio Roda \u2013 ma \u00e8 una scelta necessaria per la tutela della salute di atleti e tecnici in questo momento di grande espansione del Covid \u2013 19. Si tratta di una scelta responsabile che la Federazione assume, che probabilmente potr\u00e0 risultare penalizzante per molti atleti, soprattutto i pi\u00f9 giovani, ma che mi auguro possa permetterci di ripartire al pi\u00f9 presto, appena superata la fase dell\u2019emergenza sanitaria\u201d.<\/em><\/p>\n<p>&nbsp;<\/p>\n<hr \/>\n<p class=\"p1\"><span class=\"s1\"><b>IL CALCIO SI FERMA FINO AL 4 APRILE<\/b><\/span><\/p>\n<p class=\"p1\"><span class=\"s1\"><b><a class=\"dt-pswp-item\" href=\"https:\/\/www.radiopiu.net\/wordpress\/wp-content\/uploads\/2019\/07\/pallone-calcio-2019.jpg\" data-dt-img-description=\"\" data-large_image_width=\"4460\" data-large_image_height=\"2977\"><img loading=\"lazy\" decoding=\"async\" class=\"size-medium wp-image-91405 alignleft\" src=\"https:\/\/www.radiopiu.net\/wordpress\/wp-content\/uploads\/2019\/07\/pallone-calcio-2019-300x200.jpg\" alt=\"\" width=\"300\" height=\"200\" srcset=\"https:\/\/www.radiopiu.net\/wordpress\/wp-content\/uploads\/2019\/07\/pallone-calcio-2019-300x200.jpg 300w, https:\/\/www.radiopiu.net\/wordpress\/wp-content\/uploads\/2019\/07\/pallone-calcio-2019-768x513.jpg 768w, https:\/\/www.radiopiu.net\/wordpress\/wp-content\/uploads\/2019\/07\/pallone-calcio-2019-1024x684.jpg 1024w\" sizes=\"auto, (max-width: 300px) 100vw, 300px\" \/><\/a>VENEZIA <\/b>La Lega nazionale Dilettanti del Veneto ha comunicato che anche il calcio a livello regionale e provinciale si ferma fino al 4 aprile prossimo. Tutti a casa in attesa di buone notizie. Sono gi\u00e0 3 settimane che sui campi di calcio le squadre non giocano partite ufficiali ed ora ancora un lungo stop, poi si vedranno le decisioni in merito. <\/span><\/p>\n<p>&nbsp;<\/p>\n<p>&nbsp;<\/p>\n<p>&nbsp;<\/p>\n<p class=\"p1\"><span class=\"s1\"><b>DORIANO SPONGA DIRIGENTE DEL FIORI BARP MAS<\/b><\/span><\/p>\n<audio class=\"wp-audio-shortcode\" id=\"audio-121222-13\" preload=\"none\" style=\"width: 100%;\" controls=\"controls\"><source type=\"audio\/mpeg\" src=\"https:\/\/www.radiopiu.net\/wordpress\/wp-content\/uploads\/2020\/03\/DORIANO-SPONGA-STOP-CAMPIONATI.mp3?_=13\" \/><a href=\"https:\/\/www.radiopiu.net\/wordpress\/wp-content\/uploads\/2020\/03\/DORIANO-SPONGA-STOP-CAMPIONATI.mp3\">https:\/\/www.radiopiu.net\/wordpress\/wp-content\/uploads\/2020\/03\/DORIANO-SPONGA-STOP-CAMPIONATI.mp3<\/a><\/audio>\n<p>&nbsp;<\/p>\n<hr \/>\n<p>&nbsp;<\/p>\n<blockquote>\n<h3 class=\"p1\"><span class=\"s1\"><b>RINVIATE IN AUTUNNO LE FINALI DEL TORNEO AGORDINO DI HOCKEY<\/b><\/span><\/h3>\n<\/blockquote>\n<p class=\"p1\"><span class=\"s1\"><strong><a class=\"dt-pswp-item\" href=\"https:\/\/www.radiopiu.net\/wordpress\/wp-content\/uploads\/2019\/12\/TORNEO-AGORDINO-HOCKEY-2020-OK.jpg\" data-dt-img-description=\"\" data-large_image_width=\"1125\" data-large_image_height=\"596\"><img loading=\"lazy\" decoding=\"async\" class=\"size-medium wp-image-110984 alignleft\" src=\"https:\/\/www.radiopiu.net\/wordpress\/wp-content\/uploads\/2019\/12\/TORNEO-AGORDINO-HOCKEY-2020-OK-300x159.jpg\" alt=\"\" width=\"300\" height=\"159\" srcset=\"https:\/\/www.radiopiu.net\/wordpress\/wp-content\/uploads\/2019\/12\/TORNEO-AGORDINO-HOCKEY-2020-OK-300x159.jpg 300w, https:\/\/www.radiopiu.net\/wordpress\/wp-content\/uploads\/2019\/12\/TORNEO-AGORDINO-HOCKEY-2020-OK-1024x542.jpg 1024w, https:\/\/www.radiopiu.net\/wordpress\/wp-content\/uploads\/2019\/12\/TORNEO-AGORDINO-HOCKEY-2020-OK-768x407.jpg 768w, https:\/\/www.radiopiu.net\/wordpress\/wp-content\/uploads\/2019\/12\/TORNEO-AGORDINO-HOCKEY-2020-OK.jpg 1125w\" sizes=\"auto, (max-width: 300px) 100vw, 300px\" \/><\/a>ALLEGHE<\/strong> Sono state rinviate a tempi migliori le finali del Torneo Agordino di hockey che si dovevano disputare all\u2019Alvise De Toni di Alleghe. A comunicarlo l\u2019organizzazione che si \u00e8 vista in difficolt\u00e0 in questo momento particolare dove tutte le manifestazioni sportive vengono sospese o annullate.<\/span><\/p>\n<p>&nbsp;<\/p>\n<p>&nbsp;<\/p>\n<p>&nbsp;<\/p>\n<p class=\"p1\"><span class=\"s1\"><b>MANFREDI DE BERNARDO, ORGANIZZATORE DEL TORNEO<\/b><\/span><\/p>\n<audio class=\"wp-audio-shortcode\" id=\"audio-121222-14\" preload=\"none\" style=\"width: 100%;\" controls=\"controls\"><source type=\"audio\/mpeg\" src=\"https:\/\/www.radiopiu.net\/wordpress\/wp-content\/uploads\/2020\/03\/MANFREDI-TORNEO-AGORDINO-RINVIATO-IN-AUTUNNO.mp3?_=14\" \/><a href=\"https:\/\/www.radiopiu.net\/wordpress\/wp-content\/uploads\/2020\/03\/MANFREDI-TORNEO-AGORDINO-RINVIATO-IN-AUTUNNO.mp3\">https:\/\/www.radiopiu.net\/wordpress\/wp-content\/uploads\/2020\/03\/MANFREDI-TORNEO-AGORDINO-RINVIATO-IN-AUTUNNO.mp3<\/a><\/audio>\n<p>&nbsp;<\/p>\n<p>&nbsp;<\/p>\n<hr \/>\n<p>&nbsp;<\/p>\n<blockquote>\n<h3>C&#8217;E&#8217; L&#8217;AUTORIZZAZIONE: 25 E 26 APRILE I DUE GIORNI DEL RALLY BELLUNESE<\/h3>\n<\/blockquote>\n<p><strong><a class=\"dt-pswp-item\" href=\"https:\/\/www.radiopiu.net\/wordpress\/wp-content\/uploads\/2020\/03\/IMG_1632-scaled.jpg\" data-dt-img-description=\"\" data-large_image_width=\"2560\" data-large_image_height=\"1707\"><img loading=\"lazy\" decoding=\"async\" class=\"size-medium wp-image-120845 alignleft\" src=\"https:\/\/www.radiopiu.net\/wordpress\/wp-content\/uploads\/2020\/03\/IMG_1632-300x200.jpg\" alt=\"\" width=\"300\" height=\"200\" srcset=\"https:\/\/www.radiopiu.net\/wordpress\/wp-content\/uploads\/2020\/03\/IMG_1632-300x200.jpg 300w, https:\/\/www.radiopiu.net\/wordpress\/wp-content\/uploads\/2020\/03\/IMG_1632-1024x683.jpg 1024w, https:\/\/www.radiopiu.net\/wordpress\/wp-content\/uploads\/2020\/03\/IMG_1632-768x512.jpg 768w, https:\/\/www.radiopiu.net\/wordpress\/wp-content\/uploads\/2020\/03\/IMG_1632-1536x1024.jpg 1536w, https:\/\/www.radiopiu.net\/wordpress\/wp-content\/uploads\/2020\/03\/IMG_1632-2048x1365.jpg 2048w\" sizes=\"auto, (max-width: 300px) 100vw, 300px\" \/><\/a><\/strong><\/p>\n<p>&nbsp;<\/p>\n<p>&nbsp;<\/p>\n<p>&nbsp;<\/p>\n<p><strong>BELLU<\/strong><strong>NO<\/strong><\/p>\n<p><strong>DI ROBERTO BONA\u00a0<\/strong><\/p>\n<audio class=\"wp-audio-shortcode\" id=\"audio-121222-15\" preload=\"none\" style=\"width: 100%;\" controls=\"controls\"><source type=\"audio\/mpeg\" src=\"https:\/\/www.radiopiu.net\/wordpress\/wp-content\/uploads\/2020\/03\/bona.mp3?_=15\" \/><a href=\"https:\/\/www.radiopiu.net\/wordpress\/wp-content\/uploads\/2020\/03\/bona.mp3\">https:\/\/www.radiopiu.net\/wordpress\/wp-content\/uploads\/2020\/03\/bona.mp3<\/a><\/audio>\n<p>&nbsp;<\/p>\n<p>&nbsp;<\/p>\n<p><b><a class=\"dt-pswp-item\" href=\"https:\/\/www.radiopiu.net\/wordpress\/wp-content\/uploads\/2018\/09\/WhatsApp-Image-2018-09-20-at-16.04.06.jpeg\" data-dt-img-description=\"\" data-large_image_width=\"800\" data-large_image_height=\"100\"><img loading=\"lazy\" decoding=\"async\" class=\"aligncenter wp-image-61378 size-full\" src=\"https:\/\/www.radiopiu.net\/wordpress\/wp-content\/uploads\/2018\/09\/WhatsApp-Image-2018-09-20-at-16.04.06.jpeg\" alt=\"\" width=\"800\" height=\"100\" srcset=\"https:\/\/www.radiopiu.net\/wordpress\/wp-content\/uploads\/2018\/09\/WhatsApp-Image-2018-09-20-at-16.04.06.jpeg 800w, https:\/\/www.radiopiu.net\/wordpress\/wp-content\/uploads\/2018\/09\/WhatsApp-Image-2018-09-20-at-16.04.06-300x38.jpeg 300w, https:\/\/www.radiopiu.net\/wordpress\/wp-content\/uploads\/2018\/09\/WhatsApp-Image-2018-09-20-at-16.04.06-768x96.jpeg 768w\" sizes=\"auto, (max-width: 800px) 100vw, 800px\" \/><\/a><\/b><\/p>\n<p>&nbsp;<\/p>\n<p><center><b>Martedi 10<\/b><\/center><b>Tempo atteso: <\/b>Tempo variabile, con estese nubi stratiformi fino al primo pomeriggio, da met\u00e0 pomeriggio in poi copertura pi\u00f9 sottile con velature del cielo. Clima ancora freddo al mattino a tutte le quote e rimarr\u00e0 fresco nelle valli, mentre in quota aria assai meno fredda giunger\u00e0 sulle cime a fine giornata.<br \/>\n<b>Precipitazioni: <\/b>Sulle Prealpi assenti (0%); sulle Dolomiti qualche fiocco in quota nei momenti di maggiore nuvolosit\u00e0 (20%).<br \/>\n<b>Temperature: <\/b>Minime in calo in quota ed in ripresa nelle valli; massime in lieve aumento a tut6e le quote, in maniera assai sensibile in alta quota, dove sono previsti rialzi di 4\/5\u00b0C a 2000 m e fino a 6\/7\u00b0C a 3000 m rispetto ai valori odierni. Nello stesso tempo il fresco resister\u00e0 nelle valli, anche per deficit di sole. Su Prealpi a 1500 m min -2\u00b0C max 3\u00b0C, a 2000 m min -4\u00b0C max 2\u00b0C. Su Dolomiti a 2000 m min -6\u00b0C max 2\u00b0C, a 3000 m min -11\u00b0C max -1\u00b0C.<br \/>\n<b>Venti: <\/b>Nelle valli deboli di direzione variabile; in quota deboli da nord-ovest al mattino, poi in graduale rinforzo fino a moderati, anche tesi sulle vette pi\u00f9 alte, sempre da nord-ovest, a 5-25 km\/h a 2000 m, 10-35 km\/h a 3000 m.<\/p>\n<hr \/>\n<p><center><b>Mercoledi 11<\/b><\/center><b>Tempo atteso: <\/b>Tempo ben soleggiato, con aria tersa ed ottima visibilit\u00e0. Clima diurno anormalmente mite in quota. Lieve inversione termica nelle valli al primo mattino e mitezza diurna.<br \/>\n<b>Precipitazioni: <\/b>Assenti (0%).<br \/>\n<b>Temperature: <\/b>In generale sensibile aumento, eccetto locali diminuzione delle minime nei fondovalle prealpini. I valori diurni saranno ben superiori alle medie del periodo, specie in alta quota. Su Prealpi a 1500 m min 5\u00b0C max 12\u00b0C, a 2000 m min 3\u00b0C max 7\u00b0C. Su Dolomiti a 2000 m min 2\u00b0C max 8\u00b0C, a 3000 m min 0\u00b0C max 1\u00b0C.<br \/>\n<b>Venti: <\/b>Nelle valli deboli di direzione variabile, con consueti rinforzi in alcuni settori prealpini per brezze notturne, specie a ridosso della pedemontana; in quota moderati\/tesi da nord-ovest, anche temporaneamente forti oltre i 2500\/2600 m durante la notte, a 10-25 km\/h a 2000 m, 30-55 km\/h a 3000 m.<\/p>\n<hr \/>\n<p><center><b>Giovedi 12<\/b><\/center>Tempo ben soleggiato fino alle ore centrali del giorno, salvo nubi basse mattutine su alcuni settori prealpini. Poi nubi giungeranno sui monti veneti coprendo il cielo nel corso del pomeriggio, dapprima alte poi medio-alte. Temperature in ulteriore lieve aumento in quota, dove saranno ben al di sopra dei valori stagionali. Nelle valli minime in aumento con inversione termica, massime in leggera flessione. Venti in quota perlopi\u00f9 moderati da ovest, disponendosi da sud-ovest alla sera.<\/p>\n<hr \/>\n<p><center><b>Venerdi 13<\/b><\/center>Nuvolosit\u00e0 in aumento per nubi stratiformi, anche basse, con qualche sporadica e debolissima precipitazione tra il pomeriggio e la sera, con qualche fiocco di neve sopra i 1900\/2000 m, in abbassamento fino sui 1600\/1700 m. Temperature in calo, specie in quota. Venti in quota moderati tesi da sud-ovest al mattino, in rotazione da nord-ovest attenuandosi al pomeriggio. Previsore: R.L.Th.<\/p>\n","protected":false},"excerpt":{"rendered":"<p>PER RICEVERE QUESTO NOTIZIARIO DIRETTAMENTE SUL TUO CELLULARE ISCRIVITI AL CANALE TELEGRAM &#8220;RADIO PIU\u00a0 INFORMAZIONE 203 agordina LOCALITA&#8217; CANDATEN DA OGGI AL 30 APRILE RIDUZIONE DELLA CARREGGIATA CON LIMITAZIONE DELLA VELOCITA&#8217; A 40 CHILOMETRI ORARI PER CONSOLIDAMENTO CORPO STRADALE &nbsp; I NOSTRI ALPINI SEMPRE IN PRIMA LINEA &nbsp; &nbsp; &nbsp; &nbsp; IL NUOVO DPCM DETTA&hellip;<\/p>\n","protected":false},"author":1,"featured_media":121306,"comment_status":"closed","ping_status":"closed","sticky":false,"template":"","format":"standard","meta":{"_monsterinsights_skip_tracking":false,"_monsterinsights_sitenote_active":false,"_monsterinsights_sitenote_note":"","_monsterinsights_sitenote_category":0,"footnotes":""},"categories":[1,86,49],"tags":[],"class_list":["post-121222","post","type-post","status-publish","format-standard","has-post-thumbnail","hentry","category-senza-categoria","category-gr","category-news-18","category-1","category-86","category-49","description-off"],"img_url":"https:\/\/www.radiopiu.net\/wordpress\/wp-content\/uploads\/2020\/03\/148f09c5-b9cf-4c70-9fe9-93b8d679da83.jpg","_links":{"self":[{"href":"https:\/\/www.radiopiu.net\/wordpress\/wp-json\/wp\/v2\/posts\/121222","targetHints":{"allow":["GET"]}}],"collection":[{"href":"https:\/\/www.radiopiu.net\/wordpress\/wp-json\/wp\/v2\/posts"}],"about":[{"href":"https:\/\/www.radiopiu.net\/wordpress\/wp-json\/wp\/v2\/types\/post"}],"author":[{"embeddable":true,"href":"https:\/\/www.radiopiu.net\/wordpress\/wp-json\/wp\/v2\/users\/1"}],"replies":[{"embeddable":true,"href":"https:\/\/www.radiopiu.net\/wordpress\/wp-json\/wp\/v2\/comments?post=121222"}],"version-history":[{"count":0,"href":"https:\/\/www.radiopiu.net\/wordpress\/wp-json\/wp\/v2\/posts\/121222\/revisions"}],"wp:featuredmedia":[{"embeddable":true,"href":"https:\/\/www.radiopiu.net\/wordpress\/wp-json\/wp\/v2\/media\/121306"}],"wp:attachment":[{"href":"https:\/\/www.radiopiu.net\/wordpress\/wp-json\/wp\/v2\/media?parent=121222"}],"wp:term":[{"taxonomy":"category","embeddable":true,"href":"https:\/\/www.radiopiu.net\/wordpress\/wp-json\/wp\/v2\/categories?post=121222"},{"taxonomy":"post_tag","embeddable":true,"href":"https:\/\/www.radiopiu.net\/wordpress\/wp-json\/wp\/v2\/tags?post=121222"}],"curies":[{"name":"wp","href":"https:\/\/api.w.org\/{rel}","templated":true}]}}