{"id":121253,"date":"2020-03-09T17:30:05","date_gmt":"2020-03-09T16:30:05","guid":{"rendered":"https:\/\/www.radiopiu.net\/wordpress\/?p=121253"},"modified":"2020-03-09T17:30:53","modified_gmt":"2020-03-09T16:30:53","slug":"aggiornamenti-organizzativi-ulss-1-dolomiti-del-9-marzo-2020-la-situazione-dei-servizi-rimane-invariata","status":"publish","type":"post","link":"https:\/\/www.radiopiu.net\/wordpress\/aggiornamenti-organizzativi-ulss-1-dolomiti-del-9-marzo-2020-la-situazione-dei-servizi-rimane-invariata\/","title":{"rendered":"AGGIORNAMENTI ORGANIZZATIVI ULSS 1 DOLOMITI DEL 9 MARZO 2020. LA SITUAZIONE DEI SERVIZI RIMANE INVARIATA"},"content":{"rendered":"<p class=\"p1\"><span class=\"s1\"><b><a class=\"dt-pswp-item\" href=\"https:\/\/www.radiopiu.net\/wordpress\/wp-content\/uploads\/2020\/03\/ULSS-1-DOLOMITI-LOGO.jpg\" data-dt-img-description=\"\" data-large_image_width=\"298\" data-large_image_height=\"219\"><img loading=\"lazy\" decoding=\"async\" class=\"size-full wp-image-121256 alignleft\" src=\"https:\/\/www.radiopiu.net\/wordpress\/wp-content\/uploads\/2020\/03\/ULSS-1-DOLOMITI-LOGO.jpg\" alt=\"\" width=\"298\" height=\"219\" \/><\/a>BELLUNO<\/b> La situazione dei servizi in Ulss Dolomiti \u00e8 in evoluzione, in base all\u2019esito dei tamponi eseguiti sul personale sanitario e in attesa della pubblicazione del Decreto Legge che consentir\u00e0 la riammissione in servizio dei sanitari risultati negati al tampone. verr\u00e0 adottato un modello di sorveglianza, che garantisca da un lato il massimo della sicurezza per gli operatori sanitari e dall\u2019altro consenta la continuit\u00e0 delle prestazioni sanitarie.<span class=\"Apple-converted-space\">\u00a0 <\/span>Alle ore 16.00 del 9 marzo 2020 la situazione dei servizi offerti \u00e8 invariata rispetto a quanto comunicato ieri. In seguito alle indagini epidemiologiche per la ricostruzione dei contatti stretti di alcuni casi positivi e all\u2019esito dei tamponi effettuati tra il personale dipendente, le attivit\u00e0 dell\u2019Ulss Dolomiti sono cos\u00ec state rimodulate fino a nuova rivalutazione delle Direzioni mediche in accordo con il Dipartimento di Prevenzione e la Direzione Aziendale: <\/span><\/p>\n<p class=\"p1\"><span class=\"s1\"><b>OSPEDALE DI AGORDO <\/b><\/span><\/p>\n<p class=\"p1\"><span class=\"s1\">Sospensione dei ricoveri dal territorio o da altre strutture sanitarie per la Medicina\/Lungodegenza\/Ospedale di Comunit\u00e0, sospensione della attivit\u00e0 ambulatoriale della Medicina, sospensione della attivit\u00e0 chirurgica \u2013chirurgia generale e ortopedia. La sospensione temporanea sopra riportato prevede che i ricoveri e le prestazioni urgenti vengano garantiti dagli altri ospedali dell\u2019Azienda. Tutte le altre attivit\u00e0 proseguono e vengono erogate applicando la normativa vigente, ad esempio con distanza droplet, con il divieto di sosta degli accompagnatori nelle sale di attesa, con le raccomandazioni esposte per evitare la diffusione da soggetti non sintomatici e sintomatici. <\/span><\/p>\n<p class=\"p1\"><span class=\"s1\"><b>OSPEDALE DI FELTRE <\/b><\/span><\/p>\n<p class=\"p1\"><span class=\"s1\">Sospensione temporanea dei ricoveri in GERIATRIA, sospensione temporanea degli interventi in elezione del Dipartimenti Chirurgico. Sono garantite le urgenze. Tutte le altre attivit\u00e0 dell\u2019ospedale di Feltre proseguono, con gli accorgimenti preventivi disciplinati dalla normativa. Eventuali ricoveri in ambito geriatrico sono garantiti all\u2019interno del Dipartimento di area medica di Feltre presso gli altri reparti. <\/span><\/p>\n<p class=\"p1\"><span class=\"s1\">Sono state rafforzate le misure di limitazione dell\u2019accesso all\u2019ospedale da parte degli accompagnatori e dei visitatori per tutte le unit\u00e0 operative, salvo situazioni specifiche valutate dal personale sanitario preposto.<br \/>\nFino a luned\u00ec 9 marzo l\u2019accesso nord dell\u2019ospedale sar\u00e0 chiuso <\/span><\/p>\n<p class=\"p1\"><span class=\"s1\"><b>UNITA\u2019 di OFFERTA SEMIRESIDENZIALI SOCIO SANITARIE e SOCIALI (centri diurni, etc) <\/b><\/span><\/p>\n<p class=\"p1\"><span class=\"s1\">In linea con le misure adottate a livello nazionale per il contenimento della diffusione del SARS- CoV-2 (Coronavirus), la Regione del Veneto ha disposto la chiusura dal 9 al 15 marzo delle unit\u00e0 di offerta semiresidenziale sociosanitarie e sociali, comprese quelle per anziani, persone con disabilit\u00e0, minori, persone con dipendenza e con problemi di salute mentale. <\/span><\/p>\n<p class=\"p1\"><span class=\"s1\"><b>ULSS DOLOMITI \u2013 altri servizi <\/b><\/span><\/p>\n<p class=\"p1\"><span class=\"s1\">Tutte le attivit\u00e0 degli altri ospedali e servizi dell\u2019Ulss Dolomiti proseguono e vengono erogate applicando la normativa vigente come ad esempio la distanza droplet e il divieto per gli accompagnatori di accedere alle agli accompagnatori dei pazienti di permanere nelle sale di attesa dei dipartimenti emergenze e accettazione dei Pronto Soccorso, salve specifiche diverse indicazioni del personale sanitario preposto. <\/span><\/p>\n<p class=\"p1\"><span class=\"s1\">Nei Centri Prelievi personale dedicato regola l\u2019afflusso nelle sale di attesa per evitare sovraffollamenti. <\/span><\/p>\n<p class=\"p2\"><span class=\"s1\"><b>AMPLIAMENTO ORARIO NUMERO DEDICATO <\/b><\/span><\/p>\n<p class=\"p1\"><span class=\"s1\">Da marted\u00ec 10 marzo 2020 il numero aziendale dedicato per le informazioni sul Covid-19 : 0437\/514343 sar\u00e0 attivo tutti i giorni dalle 8.00 alle 20.00. Si affianca al numero nazionale 1500 e al numero verde regionale <b>800 462 340. <\/b><\/span><\/p>\n","protected":false},"excerpt":{"rendered":"<p>BELLUNO La situazione dei servizi in Ulss Dolomiti \u00e8 in evoluzione, in base all\u2019esito dei tamponi eseguiti sul personale sanitario e in attesa della pubblicazione del Decreto Legge che consentir\u00e0 la riammissione in servizio dei sanitari risultati negati al tampone. verr\u00e0 adottato un modello di sorveglianza, che garantisca da un lato il massimo della sicurezza&hellip;<\/p>\n","protected":false},"author":4,"featured_media":121256,"comment_status":"closed","ping_status":"closed","sticky":false,"template":"","format":"standard","meta":{"_monsterinsights_skip_tracking":false,"_monsterinsights_sitenote_active":false,"_monsterinsights_sitenote_note":"","_monsterinsights_sitenote_category":0,"footnotes":""},"categories":[51,49],"tags":[],"class_list":["post-121253","post","type-post","status-publish","format-standard","has-post-thumbnail","hentry","category-evidenza-top","category-news-18","category-51","category-49","description-off"],"img_url":"https:\/\/www.radiopiu.net\/wordpress\/wp-content\/uploads\/2020\/03\/ULSS-1-DOLOMITI-LOGO.jpg","_links":{"self":[{"href":"https:\/\/www.radiopiu.net\/wordpress\/wp-json\/wp\/v2\/posts\/121253","targetHints":{"allow":["GET"]}}],"collection":[{"href":"https:\/\/www.radiopiu.net\/wordpress\/wp-json\/wp\/v2\/posts"}],"about":[{"href":"https:\/\/www.radiopiu.net\/wordpress\/wp-json\/wp\/v2\/types\/post"}],"author":[{"embeddable":true,"href":"https:\/\/www.radiopiu.net\/wordpress\/wp-json\/wp\/v2\/users\/4"}],"replies":[{"embeddable":true,"href":"https:\/\/www.radiopiu.net\/wordpress\/wp-json\/wp\/v2\/comments?post=121253"}],"version-history":[{"count":0,"href":"https:\/\/www.radiopiu.net\/wordpress\/wp-json\/wp\/v2\/posts\/121253\/revisions"}],"wp:featuredmedia":[{"embeddable":true,"href":"https:\/\/www.radiopiu.net\/wordpress\/wp-json\/wp\/v2\/media\/121256"}],"wp:attachment":[{"href":"https:\/\/www.radiopiu.net\/wordpress\/wp-json\/wp\/v2\/media?parent=121253"}],"wp:term":[{"taxonomy":"category","embeddable":true,"href":"https:\/\/www.radiopiu.net\/wordpress\/wp-json\/wp\/v2\/categories?post=121253"},{"taxonomy":"post_tag","embeddable":true,"href":"https:\/\/www.radiopiu.net\/wordpress\/wp-json\/wp\/v2\/tags?post=121253"}],"curies":[{"name":"wp","href":"https:\/\/api.w.org\/{rel}","templated":true}]}}