{"id":121262,"date":"2020-03-09T17:40:05","date_gmt":"2020-03-09T16:40:05","guid":{"rendered":"https:\/\/www.radiopiu.net\/wordpress\/?p=121262"},"modified":"2020-03-09T19:39:43","modified_gmt":"2020-03-09T18:39:43","slug":"attiva-una-linea-telefonica-esclusivamente-legata-allemergenza-coronavirus","status":"publish","type":"post","link":"https:\/\/www.radiopiu.net\/wordpress\/attiva-una-linea-telefonica-esclusivamente-legata-allemergenza-coronavirus\/","title":{"rendered":"ATTIVA UNA LINEA TELEFONICA ESCLUSIVAMENTE LEGATA ALL\u2019EMERGENZA CORONAVIRUS"},"content":{"rendered":"<p class=\"p1\"><span class=\"s1\">In relazione all\u2019emergenza legata alla diffusione del virus COVID \u2013 19, si comunica che, a partire da oggi, la Prefettura di Belluno ha attivato l\u2019utenza telefonica dedicata 0437\/952465 cui i cittadini potranno rivolgersi per informazioni attinenti all\u2019attuazione del Decreto del Presidente del Consiglio dei Ministri dell\u20198 marzo 2020.<\/span><\/p>\n<p class=\"p1\"><span class=\"s1\">Il servizio \u00e8 attivo dal luned\u00ec al venerd\u00ec, dalle ore 8 alle ore 13.00 e dalle 14 alle 20.<\/span><\/p>\n<p class=\"p1\"><span class=\"s1\">Al di fuori dei suddetti orari, cos\u00ec come per ogni ulteriore esigenza, la Prefettura \u00e8 raggiungibile al numero 0437\/952499, attivo 24 ore su 24, festivi inclusi.<\/span><\/p>\n","protected":false},"excerpt":{"rendered":"<p>In relazione all\u2019emergenza legata alla diffusione del virus COVID \u2013 19, si comunica che, a partire da oggi, la Prefettura di Belluno ha attivato l\u2019utenza telefonica dedicata 0437\/952465 cui i cittadini potranno rivolgersi per informazioni attinenti all\u2019attuazione del Decreto del Presidente del Consiglio dei Ministri dell\u20198 marzo 2020. Il servizio \u00e8 attivo dal luned\u00ec al&hellip;<\/p>\n","protected":false},"author":4,"featured_media":119741,"comment_status":"closed","ping_status":"closed","sticky":false,"template":"","format":"standard","meta":{"_monsterinsights_skip_tracking":false,"_monsterinsights_sitenote_active":false,"_monsterinsights_sitenote_note":"","_monsterinsights_sitenote_category":0,"footnotes":""},"categories":[51,49],"tags":[],"class_list":["post-121262","post","type-post","status-publish","format-standard","has-post-thumbnail","hentry","category-evidenza-top","category-news-18","category-51","category-49","description-off"],"img_url":"https:\/\/www.radiopiu.net\/wordpress\/wp-content\/uploads\/2020\/02\/virus-4835301_640.jpg","_links":{"self":[{"href":"https:\/\/www.radiopiu.net\/wordpress\/wp-json\/wp\/v2\/posts\/121262","targetHints":{"allow":["GET"]}}],"collection":[{"href":"https:\/\/www.radiopiu.net\/wordpress\/wp-json\/wp\/v2\/posts"}],"about":[{"href":"https:\/\/www.radiopiu.net\/wordpress\/wp-json\/wp\/v2\/types\/post"}],"author":[{"embeddable":true,"href":"https:\/\/www.radiopiu.net\/wordpress\/wp-json\/wp\/v2\/users\/4"}],"replies":[{"embeddable":true,"href":"https:\/\/www.radiopiu.net\/wordpress\/wp-json\/wp\/v2\/comments?post=121262"}],"version-history":[{"count":0,"href":"https:\/\/www.radiopiu.net\/wordpress\/wp-json\/wp\/v2\/posts\/121262\/revisions"}],"wp:featuredmedia":[{"embeddable":true,"href":"https:\/\/www.radiopiu.net\/wordpress\/wp-json\/wp\/v2\/media\/119741"}],"wp:attachment":[{"href":"https:\/\/www.radiopiu.net\/wordpress\/wp-json\/wp\/v2\/media?parent=121262"}],"wp:term":[{"taxonomy":"category","embeddable":true,"href":"https:\/\/www.radiopiu.net\/wordpress\/wp-json\/wp\/v2\/categories?post=121262"},{"taxonomy":"post_tag","embeddable":true,"href":"https:\/\/www.radiopiu.net\/wordpress\/wp-json\/wp\/v2\/tags?post=121262"}],"curies":[{"name":"wp","href":"https:\/\/api.w.org\/{rel}","templated":true}]}}