{"id":121325,"date":"2020-03-09T23:51:06","date_gmt":"2020-03-09T22:51:06","guid":{"rendered":"https:\/\/www.radiopiu.net\/wordpress\/?p=121325"},"modified":"2020-03-09T23:51:06","modified_gmt":"2020-03-09T22:51:06","slug":"burattini-il-grande-agordino-che-opero-in-egitto-e-in-polonia-di-renato-bona","status":"publish","type":"post","link":"https:\/\/www.radiopiu.net\/wordpress\/burattini-il-grande-agordino-che-opero-in-egitto-e-in-polonia-di-renato-bona\/","title":{"rendered":"BURATTINI: IL GRANDE AGORDINO CHE OPERO\u2019 IN EGITTO E IN POLONIA  di RENATO BONA\u00a0"},"content":{"rendered":"<p>&nbsp;<\/p>\n<p><strong>AGORDO<\/strong> Ricorreva domenica 8 marzo l\u2019anniversario numero 403 della nascita di un agordino illustre: Tito Livio Burattini che \u00e8 mancato a Varsavia, in Polonia, il 17 novembre 1681. Lo ricorda una lapide commemorativa, inaugurata nel paese natale, Agordo, sulla quale \u00e8 scritto: \u201cIn questa casa l\u20198 marzo 1617 nacque Tito Livio Burattini scienziato insigne che per primo con la misura universale (Vilna 1675) oper\u00f2 con multiforme ingegno in Egitto e alla corte del Re di Polonia contribuendo con nuove e geniali scoperte (seguace di Leonardo e Galilei) al progresso della scienza e della tecnica. Mor\u00ec in Varsavia il 17 novembre 1681. Agordo 28 maggio 1983\u201d. Tito Livio Burattini, e anche Niccol\u00f2 in ricordo del nonno, \u00e8 stato inserito dagli storici Paolo Conte e Marco Perale nel libro \u201c90 profili di personaggi poco noti di una provincia da scoprire\u201d sottolineando, nel sommario delle pagine a lui dedicate che il nostro \u201ccorresse Galileo, anticip\u00f2 il metro e contribu\u00ec alla scoperta delle macchie del pianeta Venere\u201d. Abbastanza, secondo noi, perch\u00e9 sia reso onore a questo grande che merita di essere universalmente conosciuto ed apprezzato. E non \u00e8 un caso che Conte-Perale scrivano fra l\u2019altro: \u201c\u2026 Il grande merito di Tito Livio Burattini sta nell\u2019aver scritto per primo un completo trattato di metrologia nel quale i principi e i problemi erano stati individuati e descritti sulla base del metodo sperimentale. Ed \u00e8 stato pi\u00f9 che sufficiente per assegnargli un posto di rilievo tra gli scienziati del XVII secolo\u201d. Del grande Tito Livio si sono occupati anche il prof. Omero Millo nel 1981 con \u201cTito Livio Burattini, grande scienziato bellunese\u201d sul periodico \u201cDolomiti; il prof. Gianfranco Cisilino; lo storico prof. don Ferdinando Tamis; i coniugi Magda e Sigfrido Leschiutta del Politecnico di Torino pubblicando nel 1980 sul \u201cGiornale di fisica\u201d l\u2019articolo \u201cTito Livio Burattini, metrologo dimenticato del Seicento\u201d; il Circolo Aics \u201cAndrea Caffi\u201d di Belluno che con l\u2019architetto bellunese Luiberto Croce sostennero lo speciale Comitato che port\u00f2 nel maggio del 1983 all\u2019organizzazione di una serie di iniziative per celebrare il 300. anniversario della morte dello scienziato, con lo scoprimento fra l\u2019altro di una lapide nella casa natale in Piazza della Libert\u00e0 ed un\u2019altra nelle elementari, sempre ad Agordo, scuola gi\u00e0 intitolata a Burattini; ancora:Tito De Nardin e Giovanni Tomasi. C\u2019\u00e8 da dire anche che nel novembre 2001, la Comunit\u00e0 montana agordina organizz\u00f2 nella sala congressi \u201cDon F. Tamis\u201d un convegno sul tema. \u201cUn agordino nella Polonia del \u2018600: Tito Livio Burattini (1517-1681) tra scienza, politica e affari\u201d con la collaborazione del Comune, del citato \u201cAndrea Caffi\u201d e della Biblioteca archivio storico arcidiaconale di Agordo. Il tema del convegno fu sviluppato, dopo l\u2019 introduzione del prof. Claudio Mei, dal dott. Ilario Tancon: \u201cMiniere, guerre e cattedrali. L\u2019attivit\u00e0 imprenditoriale, politica e architettonica di Burattini\u201d; architetto Croce: \u201cBurattini in immagine. Visita ai pannelli illustrativi esposti in sala\u201d; prof. Cisilino: \u201cL\u2019invenzione del metro e altri passatempi. L\u2019attivit\u00e0 scientifica di Burattini\u201d. Il sito scuolainternazionaleaffresco.eu scrive il 25 settembre di tre anni fa: \u201cTito Livio Burattini, concittadino di Agordo non \u00e8 stato dimenticato. A 400 anni dalla nascita l\u2019amministrazione comunale gli ha dedicato un affresco, trovando spazio e colori sulla parete delle scuole elementari che portano il suo nome. E\u2019 solo la prima delle iniziative in programma, ne seguiranno altre, compreso un importante convegno\u201d. Poi riferisce della cerimonia inaugurale dell\u2019affresco con Vico Calabr\u00f2, fondatore della Scuola internazionale della tecnica dell\u2019affresco che disse fra l\u2019altro: \u201c\u2026sono contento che questa citt\u00e0 abbia una cosa rara: due maestri come Laura Ballis e Giovanni Sogne, che insegnano una tecnica che non si impara altrove e le ragazze, Alessia, Giulia, Isabel e Serena, della scuola d\u2019arte e borsiste Rotary, hanno avuto l\u2019opportunit\u00e0 e la fortuna di fare una cosa importante. Spero che l\u2019iniziativa possa continuare\u2026\u201d. Concludiamo con il \u201ccontributo\u201d della libera enciclopedia Wikipedia che nel proprio sito richiama alcuni momenti della vita di quello che definisce un matematico, scienziato, cartografo ed egittologo italiano e ci soffermiamo in particolare sulla parentesi egiziana\u201c\u2026Alla fine del 1637 si rec\u00f2 in Egitto ove rimase fino al 1641. La sua attivit\u00e0 era finalizzata alla realizzazione di un\u2019opera da lui denominata \u2018La descrizione di tutto l\u2019Egitto\u2019: questa doveva consistere nella realizzazione della carta geografica generale dell\u2019Egitto costruita misurando la longitudine e la latitudine delle localit\u00e0 pi\u00f9 importanti e determinando poi la collocazione delle altre localit\u00e0 mediante triangolazioni, nello studio delle realizzazioni umane e dei costumi degli abitanti, nell&#8217;interpretazione dei geroglifici, nel rilievo di piramidi, obelischi, ecc., nello studio dei procedimenti di mummificazione, nell&#8217;osservazione degli aspetti naturalistici, tra i quali il misterioso fenomeno delle piene del Nilo\u2026 In particolare erano le piramidi ad esercitare sul giovane Burattini un grande fascino, soprattutto per la loro prodigiosa capacit\u00e0 di sfidare il tempo, poich\u00e9 egli riteneva che fossero le costruzioni pi\u00f9 durature che l\u2019umanit\u00e0 avesse mai realizzato: la parte pi\u00f9 interna della grande piramide di Giza, fatta di tenacissimo marmo tebaico, e protetta esternamente da un\u2019immensa massa muraria di calcare, poteva durare secondo Burattini quasi quanto durer\u00e0 il mondo. Burattini penetr\u00f2 quattro volte nella grande piramide. La terza volta, nel 1639, ebbe al suo fianco John Greaves , astronomo e matematico del Gresham College di Londra e futuro autore del pi\u00f9 importante trattato di piramidologia del tempo, nella quale riconoscer\u00e0 il contributo offerto da Burattini alla realizzazione della sua opera\u2026 Purtroppo \u2018La descrittione di tutto l&#8217;Egitto\u2019 gli fu sottratta nel 1645 da una banda di predoni mentre attraversava l\u2019Ungheria e di quelle carte nulla \u00e8 rimasto\u201d.<\/p>\n\n\t\t\t<style type='text\/css'>\n\t\t\t\t#gallery-1 {\n\t\t\t\t\tmargin: auto;\n\t\t\t\t}\n\t\t\t\t#gallery-1 .gallery-item {\n\t\t\t\t\tfloat: left;\n\t\t\t\t\tmargin-top: 10px;\n\t\t\t\t\ttext-align: center;\n\t\t\t\t\twidth: 33%;\n\t\t\t\t}\n\t\t\t\t#gallery-1 img {\n\t\t\t\t\tborder: 2px solid #cfcfcf;\n\t\t\t\t}\n\t\t\t\t#gallery-1 .gallery-caption {\n\t\t\t\t\tmargin-left: 0;\n\t\t\t\t}\n\t\t\t\t\/* see gallery_shortcode() in wp-includes\/media.php *\/\n\t\t\t<\/style>\n\t\t<div id='gallery-1' class='dt-gallery-container gallery galleryid-121325 gallery-columns-3 gallery-size-thumbnail'><dl class='gallery-item'>\n\t\t\t\t<dt class='gallery-icon landscape'>\n\t\t\t\t\t<a class=\"rollover\" href='https:\/\/www.radiopiu.net\/wordpress\/giornale-radiopiu-10-marzo-2020-direttore-mirko-mezzacasa\/89069136_237207267449087_5316438131057098752_n\/'><img loading=\"lazy\" decoding=\"async\" width=\"150\" height=\"150\" src=\"https:\/\/www.radiopiu.net\/wordpress\/wp-content\/uploads\/2020\/03\/89069136_237207267449087_5316438131057098752_n-150x150.jpg\" class=\"attachment-thumbnail size-thumbnail\" alt=\"\" \/><\/a>\n\t\t\t\t<\/dt><\/dl><dl class='gallery-item'>\n\t\t\t\t<dt class='gallery-icon landscape'>\n\t\t\t\t\t<a class=\"rollover\" href='https:\/\/www.radiopiu.net\/wordpress\/giornale-radiopiu-10-marzo-2020-direttore-mirko-mezzacasa\/89107496_616019045623600_1115081322310664192_n\/'><img loading=\"lazy\" decoding=\"async\" width=\"150\" height=\"150\" src=\"https:\/\/www.radiopiu.net\/wordpress\/wp-content\/uploads\/2020\/03\/89107496_616019045623600_1115081322310664192_n-150x150.jpg\" class=\"attachment-thumbnail size-thumbnail\" alt=\"\" \/><\/a>\n\t\t\t\t<\/dt><\/dl><dl class='gallery-item'>\n\t\t\t\t<dt class='gallery-icon landscape'>\n\t\t\t\t\t<a class=\"rollover\" href='https:\/\/www.radiopiu.net\/wordpress\/giornale-radiopiu-10-marzo-2020-direttore-mirko-mezzacasa\/89451440_535431413764326_6538628060759982080_n\/'><img loading=\"lazy\" decoding=\"async\" width=\"150\" height=\"150\" src=\"https:\/\/www.radiopiu.net\/wordpress\/wp-content\/uploads\/2020\/03\/89451440_535431413764326_6538628060759982080_n-150x150.jpg\" class=\"attachment-thumbnail size-thumbnail\" alt=\"\" \/><\/a>\n\t\t\t\t<\/dt><\/dl><br style=\"clear: both\" \/><dl class='gallery-item'>\n\t\t\t\t<dt class='gallery-icon landscape'>\n\t\t\t\t\t<a class=\"rollover\" href='https:\/\/www.radiopiu.net\/wordpress\/giornale-radiopiu-10-marzo-2020-direttore-mirko-mezzacasa\/89518103_206710863911698_6730414340689625088_n\/'><img loading=\"lazy\" decoding=\"async\" width=\"150\" height=\"150\" src=\"https:\/\/www.radiopiu.net\/wordpress\/wp-content\/uploads\/2020\/03\/89518103_206710863911698_6730414340689625088_n-150x150.jpg\" class=\"attachment-thumbnail size-thumbnail\" alt=\"\" srcset=\"https:\/\/www.radiopiu.net\/wordpress\/wp-content\/uploads\/2020\/03\/89518103_206710863911698_6730414340689625088_n-150x150.jpg 150w, https:\/\/www.radiopiu.net\/wordpress\/wp-content\/uploads\/2020\/03\/89518103_206710863911698_6730414340689625088_n.jpg 224w\" sizes=\"auto, (max-width: 150px) 100vw, 150px\" \/><\/a>\n\t\t\t\t<\/dt><\/dl><dl class='gallery-item'>\n\t\t\t\t<dt class='gallery-icon portrait'>\n\t\t\t\t\t<a class=\"rollover\" href='https:\/\/www.radiopiu.net\/wordpress\/giornale-radiopiu-10-marzo-2020-direttore-mirko-mezzacasa\/88321513_3184734255084261_8707876305208606720_n\/'><img loading=\"lazy\" decoding=\"async\" width=\"150\" height=\"150\" src=\"https:\/\/www.radiopiu.net\/wordpress\/wp-content\/uploads\/2020\/03\/88321513_3184734255084261_8707876305208606720_n-150x150.png\" class=\"attachment-thumbnail size-thumbnail\" alt=\"\" \/><\/a>\n\t\t\t\t<\/dt><\/dl><dl class='gallery-item'>\n\t\t\t\t<dt class='gallery-icon landscape'>\n\t\t\t\t\t<a class=\"rollover\" href='https:\/\/www.radiopiu.net\/wordpress\/giornale-radiopiu-10-marzo-2020-direttore-mirko-mezzacasa\/88438132_204399244130714_8283960048091136000_n\/'><img loading=\"lazy\" decoding=\"async\" width=\"150\" height=\"150\" src=\"https:\/\/www.radiopiu.net\/wordpress\/wp-content\/uploads\/2020\/03\/88438132_204399244130714_8283960048091136000_n-150x150.jpg\" class=\"attachment-thumbnail size-thumbnail\" alt=\"\" \/><\/a>\n\t\t\t\t<\/dt><\/dl><br style=\"clear: both\" \/><dl class='gallery-item'>\n\t\t\t\t<dt class='gallery-icon portrait'>\n\t\t\t\t\t<a class=\"rollover\" href='https:\/\/www.radiopiu.net\/wordpress\/giornale-radiopiu-10-marzo-2020-direttore-mirko-mezzacasa\/88943761_197890761485235_87744674323759104_n\/'><img loading=\"lazy\" decoding=\"async\" width=\"150\" height=\"150\" src=\"https:\/\/www.radiopiu.net\/wordpress\/wp-content\/uploads\/2020\/03\/88943761_197890761485235_87744674323759104_n-150x150.jpg\" class=\"attachment-thumbnail size-thumbnail\" alt=\"\" \/><\/a>\n\t\t\t\t<\/dt><\/dl><dl class='gallery-item'>\n\t\t\t\t<dt class='gallery-icon portrait'>\n\t\t\t\t\t<a class=\"rollover\" href='https:\/\/www.radiopiu.net\/wordpress\/giornale-radiopiu-10-marzo-2020-direttore-mirko-mezzacasa\/88968635_221615175630013_5354517908103888896_n\/'><img loading=\"lazy\" decoding=\"async\" width=\"150\" height=\"150\" src=\"https:\/\/www.radiopiu.net\/wordpress\/wp-content\/uploads\/2020\/03\/88968635_221615175630013_5354517908103888896_n-150x150.jpg\" class=\"attachment-thumbnail size-thumbnail\" alt=\"\" \/><\/a>\n\t\t\t\t<\/dt><\/dl><dl class='gallery-item'>\n\t\t\t\t<dt class='gallery-icon landscape'>\n\t\t\t\t\t<a class=\"rollover\" href='https:\/\/www.radiopiu.net\/wordpress\/giornale-radiopiu-10-marzo-2020-direttore-mirko-mezzacasa\/88977319_853208675141444_4357684465745526784_n\/'><img loading=\"lazy\" decoding=\"async\" width=\"150\" height=\"150\" src=\"https:\/\/www.radiopiu.net\/wordpress\/wp-content\/uploads\/2020\/03\/88977319_853208675141444_4357684465745526784_n-150x150.jpg\" class=\"attachment-thumbnail size-thumbnail\" alt=\"\" \/><\/a>\n\t\t\t\t<\/dt><\/dl><br style=\"clear: both\" \/><dl class='gallery-item'>\n\t\t\t\t<dt class='gallery-icon portrait'>\n\t\t\t\t\t<a class=\"rollover\" href='https:\/\/www.radiopiu.net\/wordpress\/giornale-radiopiu-10-marzo-2020-direttore-mirko-mezzacasa\/89024931_500197894202298_7667930466464301056_n\/'><img loading=\"lazy\" decoding=\"async\" width=\"150\" height=\"150\" src=\"https:\/\/www.radiopiu.net\/wordpress\/wp-content\/uploads\/2020\/03\/89024931_500197894202298_7667930466464301056_n-150x150.jpg\" class=\"attachment-thumbnail size-thumbnail\" alt=\"\" \/><\/a>\n\t\t\t\t<\/dt><\/dl>\n\t\t\t\t<br style='clear: both' \/>\n\t\t\t<\/div>\n\n<p>NELLE FOTO (Renato Bona e riproduzioni dal libretto della Comunit\u00e0 montana agordina): Ritratto dello scienziato agordino; Il dragone volante sopra Agordo di Vico Calabr\u00f2; cerimonia inaugurale dell\u2019affresco nella scuola Burattini; copertina di \u201cMisura universale\u201d; l\u2019incisione della Piazza di Agordo con l\u2019angolo della casa natale dello scienziato; una vecchia foto della stessa Piazza di Agordo; la lapide sull\u2019edificio dove nacque Tito Livio; quella nella scuola Burattini; la targa col nome della via che gli \u00e8 stata intitolata nella Citt\u00e0 di Belluno.<\/p>\n<p>&nbsp;<\/p>\n","protected":false},"excerpt":{"rendered":"<p>&nbsp; AGORDO Ricorreva domenica 8 marzo l\u2019anniversario numero 403 della nascita di un agordino illustre: Tito Livio Burattini che \u00e8 mancato a Varsavia, in Polonia, il 17 novembre 1681. Lo ricorda una lapide commemorativa, inaugurata nel paese natale, Agordo, sulla quale \u00e8 scritto: \u201cIn questa casa l\u20198 marzo 1617 nacque Tito Livio Burattini scienziato insigne&hellip;<\/p>\n","protected":false},"author":1,"featured_media":121320,"comment_status":"closed","ping_status":"closed","sticky":false,"template":"","format":"standard","meta":{"_monsterinsights_skip_tracking":false,"_monsterinsights_sitenote_active":false,"_monsterinsights_sitenote_note":"","_monsterinsights_sitenote_category":0,"footnotes":""},"categories":[49],"tags":[],"class_list":["post-121325","post","type-post","status-publish","format-standard","has-post-thumbnail","hentry","category-news-18","category-49","description-off"],"img_url":"https:\/\/www.radiopiu.net\/wordpress\/wp-content\/uploads\/2020\/03\/88438132_204399244130714_8283960048091136000_n.jpg","_links":{"self":[{"href":"https:\/\/www.radiopiu.net\/wordpress\/wp-json\/wp\/v2\/posts\/121325","targetHints":{"allow":["GET"]}}],"collection":[{"href":"https:\/\/www.radiopiu.net\/wordpress\/wp-json\/wp\/v2\/posts"}],"about":[{"href":"https:\/\/www.radiopiu.net\/wordpress\/wp-json\/wp\/v2\/types\/post"}],"author":[{"embeddable":true,"href":"https:\/\/www.radiopiu.net\/wordpress\/wp-json\/wp\/v2\/users\/1"}],"replies":[{"embeddable":true,"href":"https:\/\/www.radiopiu.net\/wordpress\/wp-json\/wp\/v2\/comments?post=121325"}],"version-history":[{"count":0,"href":"https:\/\/www.radiopiu.net\/wordpress\/wp-json\/wp\/v2\/posts\/121325\/revisions"}],"wp:featuredmedia":[{"embeddable":true,"href":"https:\/\/www.radiopiu.net\/wordpress\/wp-json\/wp\/v2\/media\/121320"}],"wp:attachment":[{"href":"https:\/\/www.radiopiu.net\/wordpress\/wp-json\/wp\/v2\/media?parent=121325"}],"wp:term":[{"taxonomy":"category","embeddable":true,"href":"https:\/\/www.radiopiu.net\/wordpress\/wp-json\/wp\/v2\/categories?post=121325"},{"taxonomy":"post_tag","embeddable":true,"href":"https:\/\/www.radiopiu.net\/wordpress\/wp-json\/wp\/v2\/tags?post=121325"}],"curies":[{"name":"wp","href":"https:\/\/api.w.org\/{rel}","templated":true}]}}