{"id":121345,"date":"2020-03-10T06:47:27","date_gmt":"2020-03-10T05:47:27","guid":{"rendered":"https:\/\/www.radiopiu.net\/wordpress\/?p=121345"},"modified":"2020-03-10T06:47:27","modified_gmt":"2020-03-10T05:47:27","slug":"dillo-a-radio-piu-se-allemergenza-si-reagisce-cosi","status":"publish","type":"post","link":"https:\/\/www.radiopiu.net\/wordpress\/dillo-a-radio-piu-se-allemergenza-si-reagisce-cosi\/","title":{"rendered":"DILLO A RADIO PIU, &#8220;SE ALL&#8217;EMERGENZA SI REAGISCE COSI'&#8221;."},"content":{"rendered":"<h2><span style=\"color: #ff0000;\">L&#8217;INTERVENTO\u00a0<\/span><\/h2>\n<p><strong>di Susanna Dan_Falcade<\/strong><\/p>\n<p><em>Se all\u2019emergenza si reagisce cos\u00ec\u2026..<\/em><\/p>\n<blockquote><p><em><a class=\"dt-pswp-item\" href=\"https:\/\/www.radiopiu.net\/wordpress\/wp-content\/uploads\/2020\/03\/pp.jpg\" data-dt-img-description=\"\" data-large_image_width=\"638\" data-large_image_height=\"640\"><img loading=\"lazy\" decoding=\"async\" class=\"wp-image-121244 alignleft\" src=\"https:\/\/www.radiopiu.net\/wordpress\/wp-content\/uploads\/2020\/03\/pp-300x300.jpg\" alt=\"\" width=\"171\" height=\"171\" srcset=\"https:\/\/www.radiopiu.net\/wordpress\/wp-content\/uploads\/2020\/03\/pp-300x300.jpg 300w, https:\/\/www.radiopiu.net\/wordpress\/wp-content\/uploads\/2020\/03\/pp-150x150.jpg 150w, https:\/\/www.radiopiu.net\/wordpress\/wp-content\/uploads\/2020\/03\/pp.jpg 638w\" sizes=\"auto, (max-width: 171px) 100vw, 171px\" \/><\/a>Scuole chiuse, tribunali chiusi, reparti ospedalieri chiusi, importanti fiere cancellate o rimandate, eventi sportivi storici come la Milano-Sanremo o molto attesi come la finale della Coppa del Mondo di sci cancellati, interi paesi costretti in quarantena. E tante altre misure che condizionano pesantemente la nostra vita e la nostra economia. A che serve tutto questo? E a che servono i numeri del contagio che quotidianamente ci vengono snocciolati dalla Protezione Civile. A che servono le accorate raccomandazioni a comportamenti responsabili che ci vengono fatte non da uno qualunque dei 60 milioni di virologi italiani ma dalle massime istituzioni della Sanit\u00e0, quali l\u2019Istituto e il Consiglio Superiore della Sanit\u00e0 e avallate dall\u2019Organizzazione Mondiale della Sanit\u00e0? A che serve tutto questo se poi abbiamo assisito all\u2019assalto alle piste da sci, come se l\u2019epidemia avesse offerto un\u2019imprevista e gradita vacanza? Che importa se\u00a0 oggi contiamo\u00a0 qualche contagiato in pi\u00f9, se questo, tornato a casa, ha contagiato\u00a0 a sua volta qualcun altro, se la pressione su ospedali e personale sanitario gi\u00e0 ora insufficiente e stremato aumenter\u00e0 fino al collasso? Certo, l\u2019economia deve ripartire al pi\u00f9 presto e cos\u00ec il turismo, chi mai potrebbe negarlo? Ma proprio per questo \u00e8 necessario che ognuno faccia la sua parte, accettando civilmente, ora, limitazioni TEMPORANEE al proprio stile di vita, per evitare che si rendano necessarie misure di contrasto e contenimento dell\u2019epidemia ancora pi\u00f9 drastiche. Le scene viste in questi giorni e ampiamente riportate dai media, lungi dall\u2019essere positive per il futuro del turismo in montagna, sono a mio modesto parere un boomerang micidiale. Sar\u00e0 difficile per qualunque campagna di marketing risollevare l\u2019immagine di irresponsabilit\u00e0 che si \u00e8 data. Una dopo l\u2019altra le frontiere del mondo si stanno chiudendo agli italiani. Siamo diventati gli \u201cuntori d\u2019Europa\u201d. Riusciremo a convincere i turisti che non \u00e8 cos\u00ec, che potranno tranquillamente tornare? Proprio non lo so.<\/em><\/p><\/blockquote>\n<p>&nbsp;<\/p>\n","protected":false},"excerpt":{"rendered":"<p>L&#8217;INTERVENTO\u00a0 di Susanna Dan_Falcade Se all\u2019emergenza si reagisce cos\u00ec\u2026.. Scuole chiuse, tribunali chiusi, reparti ospedalieri chiusi, importanti fiere cancellate o rimandate, eventi sportivi storici come la Milano-Sanremo o molto attesi come la finale della Coppa del Mondo di sci cancellati, interi paesi costretti in quarantena. E tante altre misure che condizionano pesantemente la nostra vita&hellip;<\/p>\n","protected":false},"author":1,"featured_media":121244,"comment_status":"closed","ping_status":"closed","sticky":false,"template":"","format":"standard","meta":{"_monsterinsights_skip_tracking":false,"_monsterinsights_sitenote_active":false,"_monsterinsights_sitenote_note":"","_monsterinsights_sitenote_category":0,"footnotes":""},"categories":[49],"tags":[],"class_list":["post-121345","post","type-post","status-publish","format-standard","has-post-thumbnail","hentry","category-news-18","category-49","description-off"],"img_url":"https:\/\/www.radiopiu.net\/wordpress\/wp-content\/uploads\/2020\/03\/pp.jpg","_links":{"self":[{"href":"https:\/\/www.radiopiu.net\/wordpress\/wp-json\/wp\/v2\/posts\/121345","targetHints":{"allow":["GET"]}}],"collection":[{"href":"https:\/\/www.radiopiu.net\/wordpress\/wp-json\/wp\/v2\/posts"}],"about":[{"href":"https:\/\/www.radiopiu.net\/wordpress\/wp-json\/wp\/v2\/types\/post"}],"author":[{"embeddable":true,"href":"https:\/\/www.radiopiu.net\/wordpress\/wp-json\/wp\/v2\/users\/1"}],"replies":[{"embeddable":true,"href":"https:\/\/www.radiopiu.net\/wordpress\/wp-json\/wp\/v2\/comments?post=121345"}],"version-history":[{"count":0,"href":"https:\/\/www.radiopiu.net\/wordpress\/wp-json\/wp\/v2\/posts\/121345\/revisions"}],"wp:featuredmedia":[{"embeddable":true,"href":"https:\/\/www.radiopiu.net\/wordpress\/wp-json\/wp\/v2\/media\/121244"}],"wp:attachment":[{"href":"https:\/\/www.radiopiu.net\/wordpress\/wp-json\/wp\/v2\/media?parent=121345"}],"wp:term":[{"taxonomy":"category","embeddable":true,"href":"https:\/\/www.radiopiu.net\/wordpress\/wp-json\/wp\/v2\/categories?post=121345"},{"taxonomy":"post_tag","embeddable":true,"href":"https:\/\/www.radiopiu.net\/wordpress\/wp-json\/wp\/v2\/tags?post=121345"}],"curies":[{"name":"wp","href":"https:\/\/api.w.org\/{rel}","templated":true}]}}