{"id":121356,"date":"2020-03-10T09:31:26","date_gmt":"2020-03-10T08:31:26","guid":{"rendered":"https:\/\/www.radiopiu.net\/wordpress\/?p=121356"},"modified":"2020-03-10T09:31:26","modified_gmt":"2020-03-10T08:31:26","slug":"sensi-e-controsensi-ora-non-ce-piu-tempo-di-mirko-mezzacasa","status":"publish","type":"post","link":"https:\/\/www.radiopiu.net\/wordpress\/sensi-e-controsensi-ora-non-ce-piu-tempo-di-mirko-mezzacasa\/","title":{"rendered":"SENSI E CONTROSENSI, ORA NON C&#8217;E&#8217; PIU&#8217; TEMPO di Mirko Mezzacasa"},"content":{"rendered":"<blockquote>\n<h3><\/h3>\n<\/blockquote>\n<p>L&#8217;Italia chiude per coronavirus tra pericolo rosso-arancione. Ognuno a casa sua, ma non gli autisti che dovranno spostare le merci, nemmeno i lavoratori siano essi dell&#8217;epicentro della &#8220;crisi&#8221; se ancora di epicentro si pu\u00f2 parlare, o di zone periferiche, perch\u00e9 l&#8217;Italia che lavora va avanti imperterrita tanto nelle piccole aziende che nella grande industria, quella degli assembramenti quotidiani dove il tampone \u00e8 un optional e l&#8217;auto quarantena una scelta di chi al mattino si alza e infila il termometro, se i sintomi bussano alla porta o il brivido percorre la spina dorsale. Il Veneto trema perch\u00e9 il virus non colpisce solo gli anziani alla faccia di chi per giorni ha continuato a predicare &#8220;\u00e8 solo un&#8217;influenza&#8221; e oggi scende dal pulpito e si lava le mani ad ogni occasione. Ieri sera il Premier ha preso la decisione stile Cina, con la differenza che i cinesi sono stati molto pi\u00f9 veloci e i risultati si sono visti: &#8220;Vietati gli spostamenti che non siano per lavoro o per salute. ora tutti a casa&#8221;. L&#8217;economia bellunese ha il fiato corto, si fermano gli impianti sciistici anche quelli di Cortina, perch\u00e9 lass\u00f9 volevano comunque continuare ma anche sotto alla Tofana da oggi le pulegge non girano pi\u00f9. Dai locali del bellunesi il grido di allarme &#8220;Qui finisce che chiudiamo tutti se non arrivano aiuti&#8221;, a Taibon Maurizio Farenzena prende una decisione che fa onore e tocca il portafoglio in modo concreto &#8220;Da oggi Giornale e Caff\u00e8 Dersut chiuso per 15 giorni dalle 13, prima la salute dei clienti e dei miei dipendenti&#8221;, dice l&#8217;imprenditore agordino. Negli ospedali bellunesi si teme il collasso cos\u00ec come nel resto del paese, ieri due ricoveri in terapia intensiva e si teme che la causa sia il Covid 19. Aumentano i tamponi positivi cos\u00ec come i residenti in isolamento domiciliare e sono ore di attesa per l&#8217;esito di quasi un centinaio di tamponi, solo ieri 77 in pi\u00f9 del giorno prima. Tra l&#8217;altro non c&#8217;\u00e8 solo il Coronavirus a preoccupare chi opera nella sanit\u00e0,\u00a0 al San Martino \u00e8 stato salvato un bambino di 7 anni da meningite batterica, i sintomi febbre alta a male al collo. A Baldenich in carcere sale la temperatura, ieri le prime rumorose proteste ma non violente, anche nell&#8217;affollata sezione maschile,\u00a0 ma la direttrice afferma che i numeri rientrano nella capienza complessiva della struttura, Anche per lo sport il danno \u00e8 incalcolabile, la Fisi annulla tutti gli eventi, la Federazione Sport del Ghiaccio interrompe il campionato IHL, quest&#8217;anno il titolo non sar\u00e0 assegnato, ci meravigliamo che non sia stata presa la stessa decisione anche per il campionato AHL che potrebbe portare il virus dentro e fuori i confini italiani anche se in certi stadi di tutto si pu\u00f2 parlare ma non certo di assembramento in considerazione delle statistiche stagionali sulla presenza del pubblico pagante, probabilmente strane forze hanno la meglio sul buonsenso,\u00a0 tra sensi e controsensi. Anche questo rientra nella norma se si pensa che ieri mentre il Dolomitisuperski era pronto a chiudere tutti gli impianti, altrove si \u00e8 assistito ad un braccio di ferro di chi davanti alla salute degli altri c&#8217;ha messo gli interessi personali.<\/p>\n","protected":false},"excerpt":{"rendered":"<p>L&#8217;Italia chiude per coronavirus tra pericolo rosso-arancione. Ognuno a casa sua, ma non gli autisti che dovranno spostare le merci, nemmeno i lavoratori siano essi dell&#8217;epicentro della &#8220;crisi&#8221; se ancora di epicentro si pu\u00f2 parlare, o di zone periferiche, perch\u00e9 l&#8217;Italia che lavora va avanti imperterrita tanto nelle piccole aziende che nella grande industria, quella&hellip;<\/p>\n","protected":false},"author":1,"featured_media":121183,"comment_status":"closed","ping_status":"closed","sticky":false,"template":"","format":"standard","meta":{"_monsterinsights_skip_tracking":false,"_monsterinsights_sitenote_active":false,"_monsterinsights_sitenote_note":"","_monsterinsights_sitenote_category":0,"footnotes":""},"categories":[51,49],"tags":[],"class_list":["post-121356","post","type-post","status-publish","format-standard","has-post-thumbnail","hentry","category-evidenza-top","category-news-18","category-51","category-49","description-off"],"img_url":"https:\/\/www.radiopiu.net\/wordpress\/wp-content\/uploads\/2020\/03\/coronavirus-4844620_640.jpg","_links":{"self":[{"href":"https:\/\/www.radiopiu.net\/wordpress\/wp-json\/wp\/v2\/posts\/121356","targetHints":{"allow":["GET"]}}],"collection":[{"href":"https:\/\/www.radiopiu.net\/wordpress\/wp-json\/wp\/v2\/posts"}],"about":[{"href":"https:\/\/www.radiopiu.net\/wordpress\/wp-json\/wp\/v2\/types\/post"}],"author":[{"embeddable":true,"href":"https:\/\/www.radiopiu.net\/wordpress\/wp-json\/wp\/v2\/users\/1"}],"replies":[{"embeddable":true,"href":"https:\/\/www.radiopiu.net\/wordpress\/wp-json\/wp\/v2\/comments?post=121356"}],"version-history":[{"count":0,"href":"https:\/\/www.radiopiu.net\/wordpress\/wp-json\/wp\/v2\/posts\/121356\/revisions"}],"wp:featuredmedia":[{"embeddable":true,"href":"https:\/\/www.radiopiu.net\/wordpress\/wp-json\/wp\/v2\/media\/121183"}],"wp:attachment":[{"href":"https:\/\/www.radiopiu.net\/wordpress\/wp-json\/wp\/v2\/media?parent=121356"}],"wp:term":[{"taxonomy":"category","embeddable":true,"href":"https:\/\/www.radiopiu.net\/wordpress\/wp-json\/wp\/v2\/categories?post=121356"},{"taxonomy":"post_tag","embeddable":true,"href":"https:\/\/www.radiopiu.net\/wordpress\/wp-json\/wp\/v2\/tags?post=121356"}],"curies":[{"name":"wp","href":"https:\/\/api.w.org\/{rel}","templated":true}]}}