{"id":121413,"date":"2020-03-11T05:57:20","date_gmt":"2020-03-11T04:57:20","guid":{"rendered":"https:\/\/www.radiopiu.net\/wordpress\/?p=121413"},"modified":"2020-03-11T09:30:41","modified_gmt":"2020-03-11T08:30:41","slug":"giornale-radiopiu-11-marzo-2020-direttore-mirko-mezzacasa","status":"publish","type":"post","link":"https:\/\/www.radiopiu.net\/wordpress\/giornale-radiopiu-11-marzo-2020-direttore-mirko-mezzacasa\/","title":{"rendered":"GIORNALE RADIOPIU 11 MARZO 2020 direttore Mirko Mezzacasa"},"content":{"rendered":"<h3><strong>PER RICEVERE QUESTO NOTIZIARIO DIRETTAMENTE SUL TUO CELLULARE ISCRIVITI AL CANALE <span style=\"color: #0000ff;\">TELEGRAM <\/span><\/strong><strong>&#8220;<span style=\"color: #ff0000;\">RADIO PIU\u00a0 INFORMAZIONE<\/span><\/strong><\/h3>\n<hr \/>\n<p><strong>203 agordina LOCALITA&#8217; CANDATEN DA OGGI AL 30 APRILE RIDUZIONE DELLA CARREGGIATA CON LIMITAZIONE DELLA VELOCITA&#8217; A 40 CHILOMETRI ORARI PER CONSOLIDAMENTO CORPO STRADALE<\/strong><\/p>\n<hr \/>\n<h3><\/h3>\n<blockquote>\n<h3>IL CORONAVIRUS NON SI FERMA NEMMENO ALL&#8217;ALT DEI CARABINIERI. MONTAGNA SPETTRALE RIMANGONO SOLO I RESIDENTI E CHI SI SPOSTA PER LAVORO<\/h3>\n<\/blockquote>\n<p><a class=\"dt-pswp-item\" href=\"https:\/\/www.radiopiu.net\/wordpress\/wp-content\/uploads\/2020\/03\/cb78b13f-85d0-432d-ba5a-caab5cc9c8c2.jpg\" data-dt-img-description=\"\" data-large_image_width=\"1024\" data-large_image_height=\"768\"><img loading=\"lazy\" decoding=\"async\" class=\" wp-image-121510 alignleft\" src=\"https:\/\/www.radiopiu.net\/wordpress\/wp-content\/uploads\/2020\/03\/cb78b13f-85d0-432d-ba5a-caab5cc9c8c2-300x225.jpg\" alt=\"\" width=\"344\" height=\"258\" srcset=\"https:\/\/www.radiopiu.net\/wordpress\/wp-content\/uploads\/2020\/03\/cb78b13f-85d0-432d-ba5a-caab5cc9c8c2-300x225.jpg 300w, https:\/\/www.radiopiu.net\/wordpress\/wp-content\/uploads\/2020\/03\/cb78b13f-85d0-432d-ba5a-caab5cc9c8c2-768x576.jpg 768w, https:\/\/www.radiopiu.net\/wordpress\/wp-content\/uploads\/2020\/03\/cb78b13f-85d0-432d-ba5a-caab5cc9c8c2.jpg 1024w\" sizes=\"auto, (max-width: 344px) 100vw, 344px\" \/><\/a>Il contagio avanza, lentamente anche in provincia, ma avanza ed \u00e8 un invito a non abbassare la guardia ne sanno qualche cosa i Carabinieri\u00a0 che erano di pattuglia ad Arsi\u00e8 fino a ieri, adesso sono in quarantena\u00a0 al Comando di Belluno. Ieri gli uomini dell&#8217;Arma erano presenti sulle strade con controlli a campione, non ci sarebbero state contravvenzioni. Per spostarsi anche da un angolo all&#8217;altro della Provincia \u00e8 necessario il modulo di autocertificazione disponibile anche sulla home del sito di RADIO PIU.\u00a0 Attenzione a dire la verit\u00e0, perch\u00e9 chi non la racconta giusta rischia di cadere nel reato di falsa attestazione o dichiarazione a un pubblico ufficiale. In caso di condanna, nel successivo processo penale \u00e8 prevista una pena da un minimo di uno a un massimo di sei anni di reclusione.\u00a0 Intanto la Ulss1 sospende l&#8217;attivit\u00e0 (che non sia d&#8217;urgenza) in tutti gli ospedali, nessun escluso mentre 12 tra medici e infermieri tornano sul posto di lavoro dopo il periodo di quarantena. Nel bellunese \u00e8 sempre il feltrino la zona maggiormente colpita con oltre 20\u00a0 casi di positivit\u00e0\u00a0 tra Feltre, Cesiomaggiore,\u00a0 Fonzaso, Lamon,\u00a0 Quero e Pedavena.\u00a0 A questi\u00a0 si aggiungono i positivi di\u00a0 Limana e Sospirolo. Nell&#8217;Agordino si contano i positivi di Voltago, Vallada e i due all&#8217;ospedale di Agordo (medicina-chirurgia)\u00a0 che si aggiungono ai &#8220;famosi&#8221; due casi lavallesi che tanto hanno fatto infuriare il sindaco Ezio Zuanel che l&#8217;ha saputo al Bar da voci di paese. Per ricevere le doverose informazioni il primo cittadino ha fatto la voce grossa, poi \u00e8 arrivato il\u00a0 chiarimento\u00a0 di\u00a0 Ulss1 e Prefettura.\u00a0 Ad Agordo invece si sono registrati casi solo in ospedale, il primo medico (agordino) \u00e8 stato contagiato oltre i confini provinciali. Sono 6 infine i casi registrati a Belluno. Anche nell&#8217;Agordino il Coronavirus sta mettendo a dura prova l&#8217;economia, dopo gli impiantisti che hanno chiuso la stagione con anticipo, molti negozianti volontariamente rispettosi di clienti e personale decidono autonomamente di chiudere, anche gli ambulanti non varcheranno i confini di vallata, il decreto non permette i mercati all&#8217;aperto e oggi il mercato di Agordo non ci sar\u00e0 come ordinato nella notte dal sindaco Roberto Chissal\u00e8. I furbi o coloro che si credono tali non mancano mai, a Belluno\u00a0 la polizia durante i controlli alle 20 (due ore dopo il preciso ordine di chiudere tutti i locali) ha incastrato il gestore di un\u00a0 \u201cKebab&#8221;\u00a0 aperto e con dentro il cliente che consumava, ora il gestore\u00a0 rischia la sospensione della licenza. La Lombardia chiede misure ancora pi\u00f9 stringenti &#8220;chiudere tutto&#8221;, sulla stessa linea il presidente Luca Zaia su suggerimento degli esperti, da Confindustria il &#8220;no&#8221; alla proposta \u00e8 secco.\u00a0 Dal Soccorso Alpino un invito, &#8220;restate a casa&#8221; (anche perch\u00e9 il decreto non ammette ingiustificati spostamenti) in questo momento ogni intervento in urgenza complicherebbe una situazione gi\u00e0 critica su ogni fronte con un esercito di volontari gi\u00e0 schierato a protezione della popolazione. ad Agordo ad esempio dove gli alpini hanno montato le tende davanti al Pronto Soccorso, a Belluno sono scesi uomini e donne della protezione civile di Caviola. Ancora lettere alla Ulss1, il mittente il sindacato FP CGIL che al direttore Caldogno chiede una verifica di quali attivit\u00e0 \u201cnon urgenti\u201d vengano svolte all\u2019interno dell\u2019Ulss. Non meno importante la lettera agli enti locali. &#8220;Valutare tutte le opportunit\u00e0 dove ragionevolmente il lavoro dei dipendenti potrebbe essere svolto secondo le modalit\u00e0 di smart-working o lavoro agile, al fine di ridurre al minimo la presenza del personale nelle sedi, e nei tragitti casa-lavoro&#8221;. Il Corriere delle Alpi punta all&#8217;ottimismo con la nuova rubrica #andr\u00e0 tuttobenebelluno, alla &#8220;campagna&#8221; che si propone di raccogliere suggerimenti e soluzioni utili a tutti\u00a0 con piacere ha aderito anche RADIOPIU,<\/p>\n<p><iframe loading=\"lazy\" title=\"#andratuttobenebelluno\" width=\"1200\" height=\"675\" src=\"https:\/\/www.youtube.com\/embed\/GVXywyCJqiM?feature=oembed\" frameborder=\"0\" allow=\"accelerometer; autoplay; encrypted-media; gyroscope; picture-in-picture\" allowfullscreen><\/iframe><\/p>\n<p>&nbsp;<\/p>\n<p>&nbsp;<\/p>\n<p>&nbsp;<\/p>\n<p><strong>AGORDO<\/strong>\u00a0 Gruppo Alpini e Protezione Civile di Agordo e Belluno ieri hanno montato le tende in prossimit\u00e0 del Pronto Soccorso di Agordo, pronte in caso di emergenza<\/p>\n\n\t\t\t<style type='text\/css'>\n\t\t\t\t#gallery-1 {\n\t\t\t\t\tmargin: auto;\n\t\t\t\t}\n\t\t\t\t#gallery-1 .gallery-item {\n\t\t\t\t\tfloat: left;\n\t\t\t\t\tmargin-top: 10px;\n\t\t\t\t\ttext-align: center;\n\t\t\t\t\twidth: 33%;\n\t\t\t\t}\n\t\t\t\t#gallery-1 img {\n\t\t\t\t\tborder: 2px solid #cfcfcf;\n\t\t\t\t}\n\t\t\t\t#gallery-1 .gallery-caption {\n\t\t\t\t\tmargin-left: 0;\n\t\t\t\t}\n\t\t\t\t\/* see gallery_shortcode() in wp-includes\/media.php *\/\n\t\t\t<\/style>\n\t\t<div id='gallery-1' class='dt-gallery-container gallery galleryid-121413 gallery-columns-3 gallery-size-thumbnail'><dl class='gallery-item'>\n\t\t\t\t<dt class='gallery-icon portrait'>\n\t\t\t\t\t<a class=\"rollover\" href='https:\/\/www.radiopiu.net\/wordpress\/giornale-radiopiu-11-marzo-2020-direttore-mirko-mezzacasa\/2889c60d-775a-426a-9e88-a95f80def4cf\/'><img loading=\"lazy\" decoding=\"async\" width=\"150\" height=\"150\" src=\"https:\/\/www.radiopiu.net\/wordpress\/wp-content\/uploads\/2020\/03\/2889c60d-775a-426a-9e88-a95f80def4cf-150x150.jpg\" class=\"attachment-thumbnail size-thumbnail\" alt=\"\" \/><\/a>\n\t\t\t\t<\/dt><\/dl><dl class='gallery-item'>\n\t\t\t\t<dt class='gallery-icon landscape'>\n\t\t\t\t\t<a class=\"rollover\" href='https:\/\/www.radiopiu.net\/wordpress\/giornale-radiopiu-10-marzo-2020-direttore-mirko-mezzacasa\/b307e732-0a05-4c65-85c2-b5ed9eac7e9c\/'><img loading=\"lazy\" decoding=\"async\" width=\"150\" height=\"150\" src=\"https:\/\/www.radiopiu.net\/wordpress\/wp-content\/uploads\/2020\/03\/b307e732-0a05-4c65-85c2-b5ed9eac7e9c-150x150.jpg\" class=\"attachment-thumbnail size-thumbnail\" alt=\"\" \/><\/a>\n\t\t\t\t<\/dt><\/dl><dl class='gallery-item'>\n\t\t\t\t<dt class='gallery-icon portrait'>\n\t\t\t\t\t<a class=\"rollover\" href='https:\/\/www.radiopiu.net\/wordpress\/giornale-radiopiu-10-marzo-2020-direttore-mirko-mezzacasa\/004e741e-9e6c-4eca-90a7-10ea17a47c09\/'><img loading=\"lazy\" decoding=\"async\" width=\"150\" height=\"150\" src=\"https:\/\/www.radiopiu.net\/wordpress\/wp-content\/uploads\/2020\/03\/004e741e-9e6c-4eca-90a7-10ea17a47c09-150x150.jpg\" class=\"attachment-thumbnail size-thumbnail\" alt=\"\" \/><\/a>\n\t\t\t\t<\/dt><\/dl><br style=\"clear: both\" \/>\n\t\t\t<\/div>\n\n<hr \/>\n<p><strong>BELLUNO<\/strong> Dall&#8217;emergenza Vaia di due anni fa a quella attuale, Celeste Scardanzan, Milena Zulian e Silvio De Pra del Gruppo alpini e protezione civile di Caviola&#8230; con il grazie. Ne prendiamo tre ad esempio perch\u00e9 immagino che in giro per la provincia ce ne siano ovunque, dagli alpini ai carabinieri in congedo, croce rossa italiana, e volontari di tutti i generi che per fortuna non mancano, \u00e8 la nostra forza.<\/p>\n\n\t\t\t<style type='text\/css'>\n\t\t\t\t#gallery-2 {\n\t\t\t\t\tmargin: auto;\n\t\t\t\t}\n\t\t\t\t#gallery-2 .gallery-item {\n\t\t\t\t\tfloat: left;\n\t\t\t\t\tmargin-top: 10px;\n\t\t\t\t\ttext-align: center;\n\t\t\t\t\twidth: 33%;\n\t\t\t\t}\n\t\t\t\t#gallery-2 img {\n\t\t\t\t\tborder: 2px solid #cfcfcf;\n\t\t\t\t}\n\t\t\t\t#gallery-2 .gallery-caption {\n\t\t\t\t\tmargin-left: 0;\n\t\t\t\t}\n\t\t\t\t\/* see gallery_shortcode() in wp-includes\/media.php *\/\n\t\t\t<\/style>\n\t\t<div id='gallery-2' class='dt-gallery-container gallery galleryid-121413 gallery-columns-3 gallery-size-thumbnail'><dl class='gallery-item'>\n\t\t\t\t<dt class='gallery-icon landscape'>\n\t\t\t\t\t<a class=\"rollover\" href='https:\/\/www.radiopiu.net\/wordpress\/i-nostri-alpini-sempre-in-prima-linea\/89020467_688544975236593_7348045206383493120_n\/'><img loading=\"lazy\" decoding=\"async\" width=\"150\" height=\"150\" src=\"https:\/\/www.radiopiu.net\/wordpress\/wp-content\/uploads\/2020\/03\/89020467_688544975236593_7348045206383493120_n-150x150.jpg\" class=\"attachment-thumbnail size-thumbnail\" alt=\"\" \/><\/a>\n\t\t\t\t<\/dt><\/dl><dl class='gallery-item'>\n\t\t\t\t<dt class='gallery-icon landscape'>\n\t\t\t\t\t<a class=\"rollover\" href='https:\/\/www.radiopiu.net\/wordpress\/i-nostri-alpini-sempre-in-prima-linea\/88325810_214358949683467_9136581837408174080_n\/'><img loading=\"lazy\" decoding=\"async\" width=\"150\" height=\"150\" src=\"https:\/\/www.radiopiu.net\/wordpress\/wp-content\/uploads\/2020\/03\/88325810_214358949683467_9136581837408174080_n-150x150.jpg\" class=\"attachment-thumbnail size-thumbnail\" alt=\"\" \/><\/a>\n\t\t\t\t<\/dt><\/dl><dl class='gallery-item'>\n\t\t\t\t<dt class='gallery-icon portrait'>\n\t\t\t\t\t<a class=\"rollover\" href='https:\/\/www.radiopiu.net\/wordpress\/i-nostri-alpini-sempre-in-prima-linea\/88135320_974074019656329_2774698789049466880_n\/'><img loading=\"lazy\" decoding=\"async\" width=\"150\" height=\"150\" src=\"https:\/\/www.radiopiu.net\/wordpress\/wp-content\/uploads\/2020\/03\/88135320_974074019656329_2774698789049466880_n-150x150.jpg\" class=\"attachment-thumbnail size-thumbnail\" alt=\"\" \/><\/a>\n\t\t\t\t<\/dt><\/dl><br style=\"clear: both\" \/>\n\t\t\t<\/div>\n\n<p>&nbsp;<\/p>\n<p>&nbsp;<\/p>\n<hr \/>\n<p>&nbsp;<\/p>\n<p>&nbsp;<\/p>\n<blockquote class=\"wp-embedded-content\" data-secret=\"P723qVeM4j\"><p><a href=\"https:\/\/www.radiopiu.net\/wordpress\/modulo_autodichiarazione_10-3-2020\/\">modulo_autodichiarazione_10.3.2020<\/a><\/p><\/blockquote>\n<p><iframe loading=\"lazy\" title=\"&#8220;modulo_autodichiarazione_10.3.2020&#8221; &#8212; Radio Pi\u00f9\" class=\"wp-embedded-content\" sandbox=\"allow-scripts\" security=\"restricted\" style=\"position: absolute; clip: rect(1px, 1px, 1px, 1px);\" src=\"https:\/\/www.radiopiu.net\/wordpress\/modulo_autodichiarazione_10-3-2020\/embed\/#?secret=P723qVeM4j\" data-secret=\"P723qVeM4j\" width=\"600\" height=\"338\" frameborder=\"0\" marginwidth=\"0\" marginheight=\"0\" scrolling=\"no\"><\/iframe><\/p>\n<p>&nbsp;<\/p>\n<p><strong>BELLUNO<\/strong> In relazione all&#8217; emergenza legata alla diffusione del virus COVID 19, si comunica che lo sportello di ricevimento del pubblico sito in Piazza Castello presso il Palazzo della Prefettura sar\u00e0 aperto dalle\u00a0 9.30 alle 12 di ogni mercoled\u00ec. Si informa inoltre che su disposizione del Ministero dell&#8217;interno, lo Sportello Unico per l&#8217;Immigrazione sar\u00e0\u00a0 temporaneamente chiuso al pubblico. Saranno comunque assicurati il servizio di informazioni telefonico a beneficio dell&#8217;utenza allo 0437 952437, da luned\u00ec a venerd\u00ec dalle\u00a0 9 alle 13.<\/p>\n<hr \/>\n<p><strong>BELLUNO<\/strong> All&#8217;Agenzia delle Entrate gli uffici\u00a0 sono aperti solo per la ricezione di atti\u00a0 da ieri \u00a0presso gli Uffici territoriali e gli Uffici provinciali dell\u2019Agenzia delle entrate \u00e8 necessario ridurre al minimo l\u2019affluenza dei contribuenti.\u00a0 Presso le sedi degli uffici sar\u00e0 possibile consegnare documenti e richiedere servizi per la successiva lavorazione in back-office.\u00a0 E&#8217; \u00a0possibile ricorrere all\u2019utilizzo della posta elettronica certificata \u00a0per la presentazione di istanze e documenti che saranno lavorati in back- office, il cui esito sar\u00e0 comunicato dall\u2019ufficio sempre con posta elettronica. Sar\u00e0 possibile comunicare con gli uffici anche utilizzando gli altri canali di comunicazione come Civis, posta elettronica non certificata e telefono, secondo le modalit\u00e0 descritte sul sito Internet dell\u2019Agenzia.\u00a0 Per i servizi di assistenza di carattere generale \u00e8 attivo il numero verde 800.90.96.96, contattabile da telefono fisso, o il numero 06\/96.66.89.07 tramite cellulare.<\/p>\n<hr \/>\n<p>&nbsp;<\/p>\n<p>&nbsp;<\/p>\n<h3>SASSI SULLA 203 AGORDINA, NESSUNO FERITO<\/h3>\n<p><strong>SEDICO<\/strong>\u00a0 Nella notte tra luned\u00ec marted\u00ec lungo la 203 agordina altra sassaiola dalla montagna,\u00a0 colpita un&#8217;Audi\u00a0 che viaggiava in direzione Agordo tra Candaten e Peron. Era circa l&#8217;una del mattino, quando \u00e8 avvenuto il distacco e una delle rocce \u00e8 finita su una macchina, che in quel momento stava transitando, prima di finire sull&#8217;asfalto e frammentarsi. Un grande spavento per il conducente, che comunque non ha perso il controllo dell&#8217;auto e l&#8217;ha tenuta in strada. Nell&#8217;impatto, non ci sono stati feriti solo danni alla carrozzeria.\u00a0 Sul posto i vigili del fuoco\u00a0 per la pulizia della sede stradale.<\/p>\n<p>&nbsp;<\/p>\n<hr \/>\n<p>&nbsp;<\/p>\n<p>&nbsp;<\/p>\n<blockquote>\n<h3>CORONAVIRUS, SONO SCATTATI I CONTROLLI DI ZONA<\/h3>\n<\/blockquote>\n<p><a class=\"dt-pswp-item\" href=\"https:\/\/www.radiopiu.net\/wordpress\/wp-content\/uploads\/2020\/03\/38a4fe9b-1465-4171-bf73-8408e5b82242-2.jpg\" data-dt-img-description=\"\" data-large_image_width=\"320\" data-large_image_height=\"212\"><img loading=\"lazy\" decoding=\"async\" class=\"alignnone size-medium wp-image-121434\" src=\"https:\/\/www.radiopiu.net\/wordpress\/wp-content\/uploads\/2020\/03\/38a4fe9b-1465-4171-bf73-8408e5b82242-2-300x199.jpg\" alt=\"\" width=\"300\" height=\"199\" srcset=\"https:\/\/www.radiopiu.net\/wordpress\/wp-content\/uploads\/2020\/03\/38a4fe9b-1465-4171-bf73-8408e5b82242-2-300x199.jpg 300w, https:\/\/www.radiopiu.net\/wordpress\/wp-content\/uploads\/2020\/03\/38a4fe9b-1465-4171-bf73-8408e5b82242-2.jpg 320w\" sizes=\"auto, (max-width: 300px) 100vw, 300px\" \/><\/a><a class=\"dt-pswp-item\" href=\"https:\/\/www.radiopiu.net\/wordpress\/wp-content\/uploads\/2020\/03\/7971e407-4089-441e-b14f-7ed9140c3b00-1.jpg\" data-dt-img-description=\"\" data-large_image_width=\"320\" data-large_image_height=\"212\"><img loading=\"lazy\" decoding=\"async\" class=\"alignnone size-medium wp-image-121433\" src=\"https:\/\/www.radiopiu.net\/wordpress\/wp-content\/uploads\/2020\/03\/7971e407-4089-441e-b14f-7ed9140c3b00-1-300x199.jpg\" alt=\"\" width=\"300\" height=\"199\" srcset=\"https:\/\/www.radiopiu.net\/wordpress\/wp-content\/uploads\/2020\/03\/7971e407-4089-441e-b14f-7ed9140c3b00-1-300x199.jpg 300w, https:\/\/www.radiopiu.net\/wordpress\/wp-content\/uploads\/2020\/03\/7971e407-4089-441e-b14f-7ed9140c3b00-1.jpg 320w\" sizes=\"auto, (max-width: 300px) 100vw, 300px\" \/><\/a><\/p>\n<p>NON VENGONO SEGNALATE IRREGOLARITA&#8217;, NESSUNA CONTRAVVENZIONE FINO AL TARDO POMERIGGIO<\/p>\n<p>&nbsp;<\/p>\n<hr \/>\n<p>&nbsp;<\/p>\n<p>&nbsp;<\/p>\n<h3>LA GIUSTA OSSERVAZIONE<\/h3>\n<p><strong>della Dottoresa Alida Paiola_Alleghe<\/strong><\/p>\n<p><a class=\"dt-pswp-item\" href=\"https:\/\/www.radiopiu.net\/wordpress\/wp-content\/uploads\/2020\/03\/images-2.jpg\" data-dt-img-description=\"\" data-large_image_width=\"283\" data-large_image_height=\"178\"><img loading=\"lazy\" decoding=\"async\" class=\"wp-image-121418 alignleft\" src=\"https:\/\/www.radiopiu.net\/wordpress\/wp-content\/uploads\/2020\/03\/images-2.jpg\" alt=\"\" width=\"146\" height=\"92\" \/><\/a>Mi rivolgo alla redazione\u00a0 per far rilevare un modo poco corretto di fare che ho notato in questi giorni, ed in particolare ieri sera durante la conferenza stampa del Premier Conte. Ho notato che nelle varie interviste che dagli operatori radio-tv-giornali-vengono fatte ,sia in studio che all&#8217;esterno, il microfono,sempre lo stesso,viene avvicinato all&#8217;uno e all&#8217;altro,a poche spanne dalla bocca. Credo che questo possa essere un altro mezzo di trasmissione di goccioline di saliva&#8230;cui si debba provvedere.<\/p>\n<hr \/>\n<h1><\/h1>\n<p>&nbsp;<\/p>\n<div class=\"page-title-head hgroup\">\n<blockquote>\n<h1 class=\"entry-title\">SOSPESI TUTTI GLI INTERVENTI CHIRURGICI NEGLI OSPEDALI BELLUNESI. GARANTITE SOLO LE URGENZE<\/h1>\n<\/blockquote>\n<\/div>\n<div class=\"page-title-breadcrumbs\">\n<p align=\"JUSTIFY\"><span style=\"font-size: medium;\"><span style=\"color: #0070c0;\"><span style=\"font-family: Calibri, serif;\"><b>SORVEGLIANZA SANITARIA COVID-19 <\/b><\/span><\/span><\/span><span style=\"font-family: Calibri, serif;\">Numero totale tamponi effettuati per ricerca nCoV al 10 marzo 2020:<\/span><span style=\"font-family: Calibri, serif;\"><b> 613 <\/b><\/span><span style=\"font-family: Calibri, serif;\">persone residenti in Ulss Dolomiti in isolamento domiciliare fiduciario e sorveglianza attiva al 10 marzo 2020: <\/span><span style=\"font-family: Calibri, serif;\"><b>235 <\/b><\/span><span style=\"font-size: medium;\"><span style=\"font-family: Calibri, serif;\">Alcuni tamponi sono stati effettuati pi\u00f9 volte sulle stesse persone<\/span><\/span><\/p>\n<p align=\"JUSTIFY\"><span style=\"font-size: medium;\"><span style=\"color: #0070c0;\"><span style=\"font-family: Calibri, serif;\"><b>RICOVERI COVID-19 <\/b><\/span><\/span><\/span><span style=\"font-size: medium;\"><span style=\"font-family: Calibri, serif;\">I pazienti ieri indicati in Terapia Intensiva con sintomatologia SOSPETTA per Covid-19 sono risultati NEGATIVI.\u00a0<\/span><\/span><\/p>\n<p align=\"JUSTIFY\"><span style=\"font-size: medium;\"><span style=\"font-family: Calibri, serif;\"><b>Belluno. <\/b><\/span><span style=\"font-family: Calibri, serif;\">Fino a nuova rivalutazione delle Direzioni mediche di concerto con il Dipartimento di Prevenzione e la Direzione Strategica, l\u2019attivit\u00e0 dell\u2019Ulss Dolomiti \u00e8 ATTUALMENTE la seguente:<\/span><\/span><\/p>\n<ol>\n<li>\n<p align=\"JUSTIFY\"><span style=\"font-size: medium;\"><span style=\"font-family: Calibri, serif;\"><b>IN TUTTI GLI OSPEDALI DELL\u2019ULSS DOLOMITI<\/b><\/span><\/span><\/p>\n<\/li>\n<\/ol>\n<p align=\"JUSTIFY\"><span style=\"font-size: medium;\"><span style=\"font-family: Calibri, serif;\"><b>ATTIVITA\u2019 CHIRURGICA <\/b><\/span><\/span><span style=\"font-size: medium; font-family: Calibri, serif;\">Sospesi gli interventi chirurgici in elezione tranne che per i pazienti oncologici non procrastinabili. Garantiti gli interventi cardiologici non procrastinabili. Garantite tutte le urgenze; <\/span><span style=\"font-size: medium; font-family: Calibri, serif;\">garantiti gli ambulatori pre-operatori di anestesia per le visite preoperatorie di pazienti non procrastinabili; <\/span><span style=\"font-size: medium; font-family: Calibri, serif;\">sospesi gli interventi di cataratta.<\/span><\/p>\n<p align=\"JUSTIFY\"><span style=\"font-family: Calibri, serif;\"><span style=\"font-size: medium;\"><b>ATTIVITA\u2019 AMBULATORIALE CHIRURGICA <\/b><\/span><\/span><span style=\"font-size: medium; font-family: Calibri, serif;\">Sospesa l\u2019attivit\u00e0 ambulatoriale dei medici dentisti. Garantite le urgenze; <\/span><span style=\"font-size: medium; font-family: Calibri, serif;\">garantita l\u2019attivit\u00e0 ambulatoriale chirurgica di dermatologia.<\/span><\/p>\n<ol>\n<li>\n<p align=\"JUSTIFY\"><span style=\"font-family: Calibri, serif;\"><span style=\"font-size: medium;\"><b>OSP<\/b><\/span><\/span><span style=\"font-family: Calibri, serif;\"><span style=\"font-size: medium;\"><b>EDALE DI AGORDO\u00a0 <\/b><\/span><\/span><span style=\"font-family: Calibri, serif;\"><span style=\"font-size: medium;\">sospensione dei ricoveri dal territorio o da altre strutture sanitarie per la Medicina\/Lungodegenza\/Ospedale di Comunit\u00e0; <\/span><\/span><span style=\"font-family: Calibri, serif;\"><span style=\"font-size: medium;\">sospensione della attivit\u00e0 ambulatoriale della Medicina <\/span><\/span><span style=\"font-family: Calibri, serif;\"><span style=\"font-size: medium;\">sospensione della attivit\u00e0 chirurgica \u2013chirurgia generale e ortopedia in elezione e in urgenza. <\/span><\/span><span style=\"font-size: medium; font-family: Calibri, serif;\">La sospensione temporanea sopra riportato prevede che i ricoveri e le prestazioni urgenti vengano garantiti dagli altri ospedali dell\u2019Azienda.<\/span><\/p>\n<\/li>\n<\/ol>\n<ol start=\"4\">\n<li>\n<p align=\"JUSTIFY\"><span style=\"font-family: Calibri, serif;\"><span style=\"font-size: medium;\"><b>OSPEDALE DI FELTRE <\/b><\/span><\/span><span style=\"font-family: Calibri, serif;\"><span style=\"font-size: medium;\">sospensione temporanea dei ricoveri in GERIATRIA <\/span><\/span><span style=\"font-size: medium; font-family: Calibri, serif;\">Eventuali ricoveri in ambito geriatrico sono garantiti all\u2019interno del Dipartimento di area medica di Feltre presso gli altri reparti. <\/span><span style=\"font-size: medium; font-family: Calibri, serif;\">Sono state rafforzate le misure di limitazione dell\u2019accesso all\u2019ospedale da parte degli accompagnatori e dei visitatori per tutte le unit\u00e0 operative, salvo situazioni specifiche valutate dal personale sanitario preposto.<\/span><\/p>\n<\/li>\n<\/ol>\n<ol start=\"5\">\n<li>\n<p align=\"JUSTIFY\"><span style=\"font-family: Calibri, serif;\"><span style=\"font-size: medium;\"><b>UNITA\u2019 di OFFERTA SEMIRESIDENZIALI SOCIO SANITARIE e SOCIALI (centri diurni, etc) <\/b><\/span><\/span><span style=\"font-size: medium;\"><span style=\"font-family: Calibri, serif;\"><b>chiusura dal 9 al 15 marzo<\/b><\/span><span style=\"font-family: Calibri, serif;\"> delle unit\u00e0 di offerta semiresidenziale sociosanitarie e sociali, comprese quelle per anziani, persone con disabilit\u00e0, minori, persone con dipendenza e con problemi di salute mentale. <\/span><\/span><\/p>\n<\/li>\n<\/ol>\n<p align=\"JUSTIFY\"><span style=\"font-size: medium;\"><span style=\"font-family: Calibri, serif;\"><b>ULSS DOLOMITI \u2013 altri servizi <\/b><\/span><\/span><span style=\"font-size: medium;\"><span style=\"font-family: Calibri, serif;\"><b>Tutte le altre attivit\u00e0 degli ospedali e servizi dell\u2019Ulss Dolomiti proseguono e vengono erogate applicando la normativa vigente<\/b><\/span><span style=\"font-family: Calibri, serif;\"> come ad esempio la distanza droplet e il divieto per gli accompagnatori di accedere alle agli accompagnatori dei pazienti di permanere nelle sale di attesa dei dipartimenti emergenze e accettazione dei Pronto Soccorso, salve specifiche diverse indicazioni del personale sanitario preposto. <\/span><\/span><span style=\"font-size: medium;\"><span style=\"font-family: Calibri, serif;\">Nei Centri Prelievi personale dedicato regola l\u2019afflusso nelle sale di attesa per evitare sovraffollamenti.<\/span><\/span><\/p>\n<p align=\"JUSTIFY\"><span style=\"font-size: medium;\"><span style=\"color: #c00000;\"><span style=\"font-family: Calibri, serif;\"><b>NUMERO AZIENDALE DEDICATO<\/b><\/span><\/span><\/span><\/p>\n<p align=\"JUSTIFY\"><span style=\"font-size: medium;\"><span style=\"font-family: Calibri, serif;\">Da oggi il numero aziendale dedicato per le informazioni sul Covid-19 : 0437\/514343 sar\u00e0 attivo tutti i giorni dalle 8.00 alle 20.00. Si affianca al numero nazionale 1500 e al numero verde regionale 800 462 340<\/span><span style=\"color: #000000;\"><span style=\"font-size: large;\">.<\/span><\/span><\/span><\/p>\n<p align=\"JUSTIFY\"><span style=\"font-size: medium;\"><span style=\"color: #f79646;\"><span style=\"font-family: Calibri, serif;\"><b>ALTRE INFORMAZIONI<\/b><\/span><\/span><\/span><\/p>\n<ul>\n<li>\n<p align=\"JUSTIFY\"><span style=\"font-family: Calibri, serif;\"><span style=\"font-size: medium;\">A seguito dell\u2019entrata in vigore del DL 9 marzo 2020 n. 14 art. 7 \u00e8 iniziata l\u2019operazione di rientro in servizio di tutti gli <\/span><\/span><span style=\"font-family: Calibri, serif;\"><span style=\"font-size: medium;\"><b>operatori sanitari asintomatici<\/b><\/span><\/span><span style=\"font-family: Calibri, serif;\"><span style=\"font-size: medium;\">, posti finora in isolamento per contatto a rischio di coronavirus e sottoposti a sorveglianza attiva. La Direzione regionale Prevenzione ha infatti inviato oggi un\u2019apposita comunicazione a tutte le Ullss e Aziende Ospedaliere, nella quale si comunica il <\/span><\/span><span style=\"font-family: Calibri, serif;\"><span style=\"font-size: medium;\"><b>richiamo in servizio<\/b><\/span><\/span><span style=\"font-family: Calibri, serif;\"><span style=\"font-size: medium;\"> del personale in questione e si ricorda che, in base alla normativa emessa, la sospensione dell\u2019attivit\u00e0 per tutti i dipendenti avverr\u00e0 solo se sintomatici o con tampone positivo. <\/span><\/span><span style=\"font-family: Calibri, serif;\"><span style=\"font-size: medium;\">L\u2019Azienda ha attivato tutte le procedure per il reclutamento di personale come previsto dal Decreto Legge n. 14 , deliberando <\/span><\/span><span style=\"font-family: Calibri, serif;\"><span style=\"font-size: medium;\"><b>l\u2019assunzione di 43 infermieri<\/b><\/span><\/span><span style=\"font-family: Calibri, serif;\"><span style=\"font-size: medium;\"> in totale e l\u2019incarico di n.4 liberi professionisti per rispettare i LEA e per l\u2019emergenza COVID-19.<\/span><\/span><\/p>\n<\/li>\n<li><\/li>\n<\/ul>\n<\/div>\n<hr \/>\n<p>&nbsp;<\/p>\n<p>&nbsp;<\/p>\n<h2><span style=\"color: #ff0000;\">AGGIORNAMENTO DA AZIENDA ZERO, IERI ALLE 17<\/span><\/h2>\n<blockquote class=\"wp-embedded-content\" data-secret=\"YM8BvX51Yi\"><p><a href=\"https:\/\/www.radiopiu.net\/wordpress\/in-regione-57-casi-positivi-in-piu-da-questa-mattina-situazione-stabile-a-belluno-aggiornamento-azienda-zero-delle-17\/\">IN REGIONE 57 CASI POSITIVI IN PIU&#8217; DA QUESTA MATTINA, SITUAZIONE STABILE A BELLUNO AGGIORNAMENTO AZIENDA ZERO DELLE 17<\/a><\/p><\/blockquote>\n<p><iframe loading=\"lazy\" title=\"&#8220;IN REGIONE 57 CASI POSITIVI IN PIU&#8217; DA QUESTA MATTINA, SITUAZIONE STABILE A BELLUNO AGGIORNAMENTO AZIENDA ZERO DELLE 17&#8221; &#8212; Radio Pi\u00f9\" class=\"wp-embedded-content\" sandbox=\"allow-scripts\" security=\"restricted\" style=\"position: absolute; clip: rect(1px, 1px, 1px, 1px);\" src=\"https:\/\/www.radiopiu.net\/wordpress\/in-regione-57-casi-positivi-in-piu-da-questa-mattina-situazione-stabile-a-belluno-aggiornamento-azienda-zero-delle-17\/embed\/#?secret=YM8BvX51Yi\" data-secret=\"YM8BvX51Yi\" width=\"600\" height=\"338\" frameborder=\"0\" marginwidth=\"0\" marginheight=\"0\" scrolling=\"no\"><\/iframe><\/p>\n<p>&nbsp;<\/p>\n<hr \/>\n<h3><\/h3>\n<p>&nbsp;<\/p>\n<blockquote>\n<h3>UNA SITUAZIONE GRAVE, LO DICE GIANLUIGI DELLA GIACOMA DELLA FP CGIL<\/h3>\n<\/blockquote>\n<audio class=\"wp-audio-shortcode\" id=\"audio-121413-1\" preload=\"none\" style=\"width: 100%;\" controls=\"controls\"><source type=\"audio\/mpeg\" src=\"https:\/\/www.radiopiu.net\/wordpress\/wp-content\/uploads\/2020\/03\/DELLA-GIACOMA.mp3?_=1\" \/><a href=\"https:\/\/www.radiopiu.net\/wordpress\/wp-content\/uploads\/2020\/03\/DELLA-GIACOMA.mp3\">https:\/\/www.radiopiu.net\/wordpress\/wp-content\/uploads\/2020\/03\/DELLA-GIACOMA.mp3<\/a><\/audio>\n<p>&nbsp;<\/p>\n<p><strong>LETTERA AL DIRETTORE ADRIANO RASI CALDOGNO<\/strong><\/p>\n<p><span style=\"color: #ff0000;\">richiesta in merito alle attivit\u00e0 non urgenti in ambito emergenza sanitaria COVID-19<\/span><\/p>\n<p><strong>BELLUNO<\/strong>\u00a0 Siamo con la presente a chiedere una verifica di quali attivit\u00e0 \u201cnon urgenti\u201d vengano svolte all\u2019interno dell\u2019Ulss. Siamo consapevoli che la grande mole di lavoro cui tutta l\u2019azienda \u00e8 sottoposta, sia sul piano organizzativo che sul piano operativo, e delle difficolt\u00e0 che tutti, ognuno per la propria parte, stanno affrontando. Ma proprio nell\u2019ottica di collaborazione, siamo a proporre, come gi\u00e0 proposto al tavolo del 6 marzo scorso, un ridimensionamento delle attivit\u00e0 non urgenti, con la duplice finalit\u00e0 di poter<br \/>\nmeglio impiegare le risorse, e di limitare tutti gli spostamenti procrastinabili e i contatti tra persone. Abbiamo ritorni in tal senso, da parte dei nostri iscritti, che molto si sta gi\u00e0 facendo in tal senso, anche per il rapido evolversi della situazione. Se gi\u00e0 l\u2019Azienda sta provvedendo, \u00e8 evidente che la nostra richiesta risulta pleonastica, ma fino ad oggi ci risultano ancora in corso attivit\u00e0 che probabilmente potrebbero essere differite. Inoltre, aspetto gi\u00e0 enunciato nel citato incontro del 6 marzo, ricordiamo che una delle misure pi\u00f9 volte ribadite insiste sull\u2019attivazione del lavoro agile. \u00c8 chiaro che, per la sua peculiarit\u00e0, soltanto l\u2019attivit\u00e0 del personale amministrativo (e di pochi altri profili) pu\u00f2 essere organizzata in questa modalit\u00e0, ma riteniamo che sia doveroso provvedervi. Disponibili a confronto puntuale su quanto richiesto e proposto, si coglie l\u2019occasione per porgere distinti saluti.<\/p>\n<p>&nbsp;<\/p>\n<hr \/>\n<blockquote>\n<h3><\/h3>\n<h3>\u00a0Gestione del personale degli Enti Locali a seguito del DPCM del 9 marzo 2020, in emergenza sanitaria COVID-19<\/h3>\n<\/blockquote>\n<p><strong>BELLUNO<\/strong> La Fp Cgil \u00a0onde evitare situazioni che rischiano di determinare ricadute sul personale dei servizi ai fini del riconoscimento delle presenze in servizio, ritiene che laddove le Amministrazioni dispongano o ritengano opportuno di non prevedere la presenza fisica dei lavoratori nei servizi, si avvalgano della messa in disponibilit\u00e0. Chiaramente prevedendolo sia per il personale educativo che ausiliario ove possibile. &#8220;Riteniamo che in questa fase di grande confusione, nella quale Istituzioni nazionali, regionali e locali, sono impegnate a far fronte all\u2019emergenza che si \u00e8 determinata, serva che in questi servizi si utilizzino gli strumenti che si hanno a disposizione senza forzature. Nulla indica che il personale debba astenersi dalla presenza nei servizi, nulla indica che sulla base delle valutazioni formulate dagli stessi amministratori non possa rimanere a casa in disponibilit\u00e0. Pur ribadendo che a nostro avviso il personale potrebbe restare a casa con le modalit\u00e0 sopra indicate siamo consapevoli che i Comuni possano legittimamente adottare altre scelte che per\u00f2 invitiamo ad assumere con il confronto con le organizzazioni sindacali. Per quanto attiene, invece, al personale amministrativo, riteniamo opportuno sollecitare gli Enti in indirizzo a valutare tutte le opportunit\u00e0 dove ragionevolmente il lavoro dei dipendenti potrebbe essere svolto secondo le modalit\u00e0 di smart-working o lavoro agile, al fine di ridurre al minimo la presenza del personale nelle sedi, e nei tragitti casa-lavoro.<\/p>\n<hr \/>\n<p>&nbsp;<\/p>\n<p>&nbsp;<\/p>\n<blockquote class=\"wp-embedded-content\" data-secret=\"YJNBg7B6mw\"><p><a href=\"https:\/\/www.radiopiu.net\/wordpress\/diretta-del-presidente-luca-zaia\/\">DIRETTA DEL PRESIDENTE LUCA ZAIA<\/a><\/p><\/blockquote>\n<p><iframe loading=\"lazy\" title=\"&#8220;DIRETTA DEL PRESIDENTE LUCA ZAIA&#8221; &#8212; Radio Pi\u00f9\" class=\"wp-embedded-content\" sandbox=\"allow-scripts\" security=\"restricted\" style=\"position: absolute; clip: rect(1px, 1px, 1px, 1px);\" src=\"https:\/\/www.radiopiu.net\/wordpress\/diretta-del-presidente-luca-zaia\/embed\/#?secret=YJNBg7B6mw\" data-secret=\"YJNBg7B6mw\" width=\"600\" height=\"338\" frameborder=\"0\" marginwidth=\"0\" marginheight=\"0\" scrolling=\"no\"><\/iframe><\/p>\n<h1 class=\"entry-title\"><\/h1>\n<div><\/div>\n<div>\n<hr \/>\n<\/div>\n<p>&nbsp;<\/p>\n<blockquote class=\"wp-embedded-content\" data-secret=\"7czXM0QFDv\"><p><a href=\"https:\/\/www.radiopiu.net\/wordpress\/eccoci-nel-pieno-dellarancione-ecco-cosa-vuol-dire\/\">ECCOCI NEL PIENO DELL&#8221;ARANCIONE&#8221;  ECCO COSA VUOL DIRE<\/a><\/p><\/blockquote>\n<p><iframe loading=\"lazy\" title=\"&#8220;ECCOCI NEL PIENO DELL&#8221;ARANCIONE&#8221;  ECCO COSA VUOL DIRE&#8221; &#8212; Radio Pi\u00f9\" class=\"wp-embedded-content\" sandbox=\"allow-scripts\" security=\"restricted\" style=\"position: absolute; clip: rect(1px, 1px, 1px, 1px);\" src=\"https:\/\/www.radiopiu.net\/wordpress\/eccoci-nel-pieno-dellarancione-ecco-cosa-vuol-dire\/embed\/#?secret=7czXM0QFDv\" data-secret=\"7czXM0QFDv\" width=\"600\" height=\"338\" frameborder=\"0\" marginwidth=\"0\" marginheight=\"0\" scrolling=\"no\"><\/iframe><\/p>\n<p>&nbsp;<\/p>\n<p>&nbsp;<\/p>\n<hr \/>\n<h2><\/h2>\n<p>&nbsp;<\/p>\n<blockquote>\n<h3>APPELLO AL MONDO SPELEO MA ANCHE A CHI FREQUENTA LA MONTAGNA PIU&#8217; O MENO IN &#8220;ALLEGRIA&#8221;: STATEVENE A CASE CHE PROBLEMI CE NE SONO FIN TROPPI<\/h3>\n<\/blockquote>\n<h2><span style=\"color: #800000;\">L&#8217;APPELLO<\/span><\/h2>\n<p><strong>BELLUNO<\/strong> Quella che stiamo vivendo a causa della diffusione del coronavirus \u00e8 una situazione difficile e complessa che va a modificare anche in modo importante le nostre abitudini di vita. Le prescrizioni contenute nei vari decreti emanati dal governo in questi frenetici giorni ci impongono alcuni comportamenti e ci invitano ad intraprenderne altri che, pur andando a limitare in modo importante la nostra libert\u00e0 personale hanno l&#8217;intenzione di salvaguardare la salute pubblica ed in particolare quella delle fasce pi\u00f9 deboli della nostra popolazione. Anche la nostra attivit\u00e0 ricreativa ne \u00e8 profondamente condizionata, in primo luogo per l&#8217;obbligo di limitare gli spostamenti e le attivit\u00e0 di gruppo e sociali. La speleologia \u00e8 una di queste attivit\u00e0 e gi\u00e0 il Club Alpino Italiano e la Societ\u00e0 Speleologica Italiana hanno sospeso ogni attivit\u00e0 istituzionale dei vari gruppi speleologici, ma la frequentazione delle grotte pu\u00f2 essere effettuata anche titolo individuale. Alla luce di questa premessa, come Soccorso Alpino e Speleologico Veneto, Federazione Speleologica Veneta, Cai Veneto, l&#8217;invito\u00a0 a tutti i frequentatori delle grotte ad un atto di responsabilit\u00e0 che li porti a rinunciare per quanto possibile alle consuete escursioni almeno finch\u00e9 questa emergenza non sar\u00e0 terminata. <em>&#8220;Chiaramente &#8211; si legge nella nota appello &#8211;\u00a0 non \u00e8 nostra intenzione promulgare divieti, cosa che a nessuna delle scriventi associazioni compete, ma puntiamo semplicemente ad una responsabilizzazione dei gruppi grotte e dei singoli speleologi.\u00a0 Un invito a meditare sulle criticit\u00e0 gi\u00e0 evidenziate a cui si aggiunge la problematica di una possibile richiesta di soccorso in ambiente ipogeo a cui il Cnsas, come partner del servizio Suem 118 regionale, \u00e8 tenuto a rispondere nei tempi e nei modi stabiliti dalle convenzioni in essere. Questo potrebbe creare grossi problemi alla struttura sanitaria regionale gi\u00e0 messa a dura prova dalla situazione emergenziale attuale che ha ben altre criticit\u00e0 a cui fare fronte. Confidiamo quindi in una risposta responsabile di tutto il mondo speleologico. Noi come Cnsas, Cai, Fsv ci siamo e siamo qui per fare insieme la nostra parte, convinti che questa emergenza passer\u00e0 e ci consentir\u00e0 di ritornare a godere della bellezza delle nostre grotte e dell&#8217;emozione di esplorarle&#8221;.<\/em><\/p>\n<p>&nbsp;<\/p>\n<p>&nbsp;<\/p>\n<hr \/>\n<p>&nbsp;<\/p>\n<p>&nbsp;<\/p>\n<blockquote>\n<h3>CORONAVIRUS. IN VENETO RIENTRANO IN SERVIZIO GLI OPERATORI SANITARI ASINTOMATICI POSTI IN ISOLAMENTO<\/h3>\n<\/blockquote>\n<p class=\"western\"><b>ZAIA, \u201cSCELTA SU BASI SCIENTIFICHE. BOCCATA D\u2019OSSIGENO PER GLI OSPEDALI\u201d<\/b><\/p>\n<p class=\"western\"><strong><a class=\"dt-pswp-item\" href=\"https:\/\/www.radiopiu.net\/wordpress\/wp-content\/uploads\/2020\/03\/covid-zaia.jpg\" data-dt-img-description=\"\" data-large_image_width=\"800\" data-large_image_height=\"600\"><img loading=\"lazy\" decoding=\"async\" class=\"size-medium wp-image-121391 alignleft\" src=\"https:\/\/www.radiopiu.net\/wordpress\/wp-content\/uploads\/2020\/03\/covid-zaia-300x225.jpg\" alt=\"\" width=\"300\" height=\"225\" srcset=\"https:\/\/www.radiopiu.net\/wordpress\/wp-content\/uploads\/2020\/03\/covid-zaia-300x225.jpg 300w, https:\/\/www.radiopiu.net\/wordpress\/wp-content\/uploads\/2020\/03\/covid-zaia-768x576.jpg 768w, https:\/\/www.radiopiu.net\/wordpress\/wp-content\/uploads\/2020\/03\/covid-zaia.jpg 800w\" sizes=\"auto, (max-width: 300px) 100vw, 300px\" \/><\/a>VENEZIA<\/strong>\u00a0 E\u2019 iniziata in Veneto l\u2019operazione di rientro in servizio di tutti gli operatori sanitari asintomatici, posti finora in isolamento per contatto a rischio di coronavirus e sottoposti a sorveglianza attiva. La Direzione regionale Prevenzione ha infatti inviato oggi un\u2019apposita comunicazione a tutte le Ullss e Aziende Ospedaliere, nella quale, sulla base dell\u2019articolo 7 del decreto legge nazionale 9 marzo 2020 nr. 14 \u201cDisposizioni urgenti per il potenziamento del Servizio sanitario nazionale in relazione all\u2019emergenza COVID-19\u201d, si comunica il richiamo in servizio del personale in questione e si ricorda che, in base alla normativa emessa, la sospensione dell\u2019attivit\u00e0 per tutti i dipendenti avverr\u00e0 solo se sintomatici o con tampone positivo. Alla data di oggi, gli operatori in isolamento domiciliare perch\u00e9 contatto stretto di caso sono in Veneto 656, dei quali 100 dell\u2019Azienda Ospedaliera di Padova, 95 dell\u2019Azienda Ospedaliera Integrata Universitaria di Verona, 12 dell\u2019Ulss 1 Dolomiti, 28 dell\u2019Ulss 2 Marca Trevigiana, 202 dell\u2019Ulss 3 Serenissima, 11 dell\u2019Ulss 4 Veneto Orientale, 52 dell\u2019Ulss 5 Polesana, 54 dell\u2019Ulss 6 Euganea, 64 dell\u2019Ulss 7 Pedemontana, 9 dell\u2019Ulss 8 Berica, 23 dell\u2019Ulss 9 Scaligera, 6 dell\u2019Ospedale di Negrar.<\/p>\n<blockquote>\n<p class=\"western\"><em>\u201cRingrazio uno per uno tutti i 57 mila lavoratori della nostra sanit\u00e0 che si stanno prodigando senza porre limiti alla fatica \u2013 dice il Presidente della Regione Luca Zaia \u2013 e assicuro tutti che questa decisione \u00e8 stata presa su basi rigorosamente ed esclusivamente scientifiche. Ce lo hanno indicato i nostri esperti di fama internazionale ed \u00e8 sulla base di questi loro pareri che abbiamo chiesto al Ministero della Sanit\u00e0 di modificare la normativa in questione. Il Ministero ha accolto la nostra segnalazione e l\u2019ha inserita nel decreto 9 marzo 2020 nr.14. In totale sicurezza siamo cos\u00ec riusciti a dare una boccata d\u2019ossigeno al nostro sistema sanitario, che sta dimostrando efficienza e abnegazione anche superiori a quelle che gi\u00e0 conoscevamo\u201d.<\/em><\/p>\n<\/blockquote>\n<p class=\"western\">TABELLA OPERATORI IN ISOLAMENTO<\/p>\n<div class=\"su-document su-u-responsive-media-yes\"><iframe loading=\"lazy\" src=\"\/\/docs.google.com\/viewer?embedded=true&url=https:\/\/www.radiopiu.net\/wordpress\/wp-content\/uploads\/2020\/03\/TABELLA-OPERATORI-IN-ISOLAMENTO.pdf\" width=\"600\" height=\"800\" class=\"su-document\" title=\"Decreto\"><\/iframe><\/div>\n<p>&nbsp;<\/p>\n<hr \/>\n<h3><\/h3>\n<p>&nbsp;<\/p>\n<blockquote>\n<h3>TERAPIA INTENSIVA IN REGIONE, L&#8217;OCCUPAZIONE DEI POSTI LETTO ALL&#8217;80 PER CENTO<\/h3>\n<\/blockquote>\n<p class=\"western\"><b>\u00a0REGIONE VENETO AUMENTA POSTI LETTO DI TERAPIA INTENSIVA E SUBINTENSIVA.\u00a0<\/b><\/p>\n<p class=\"western\"><a class=\"dt-pswp-item\" href=\"https:\/\/www.radiopiu.net\/wordpress\/wp-content\/uploads\/2020\/03\/covid-regione-veneto.jpg\" data-dt-img-description=\"\" data-large_image_width=\"800\" data-large_image_height=\"600\"><img loading=\"lazy\" decoding=\"async\" class=\" wp-image-121405 alignleft\" src=\"https:\/\/www.radiopiu.net\/wordpress\/wp-content\/uploads\/2020\/03\/covid-regione-veneto-300x225.jpg\" alt=\"\" width=\"219\" height=\"164\" srcset=\"https:\/\/www.radiopiu.net\/wordpress\/wp-content\/uploads\/2020\/03\/covid-regione-veneto-300x225.jpg 300w, https:\/\/www.radiopiu.net\/wordpress\/wp-content\/uploads\/2020\/03\/covid-regione-veneto-768x576.jpg 768w, https:\/\/www.radiopiu.net\/wordpress\/wp-content\/uploads\/2020\/03\/covid-regione-veneto.jpg 800w\" sizes=\"auto, (max-width: 219px) 100vw, 219px\" \/><\/a>I 450 posti letto di terapia intensiva strutturali e operativi negli ospedali della Regione del Veneto presentano al momento un tasso di occupazione medio dell\u201980%. 67 di questi sono occupati da pazienti affetti da coronavirus. Da ieri, luned\u00ec, ai 450 posti se ne sono aggiunti altri 48, attivati senza bloccare l\u2019attivit\u00e0, che costituiscono il primo \u201ccontingente\u201d di rafforzamento della dotazione deciso per fronteggiare l\u2019emergenza e portano il totale a 498. E\u2019 questo l\u2019esito del monitoraggio aggiornato riguardo ai posti letto di terapia intensiva in Veneto.<\/p>\n<p>&nbsp;<\/p>\n<p>&nbsp;<\/p>\n<hr \/>\n<p>&nbsp;<\/p>\n<p>&nbsp;<\/p>\n<blockquote>\n<h2>IERI SERA IL CONSIGLIO COMUNALE DI TAIBON, DIRETTA FACEBOOK INTEGRALE<\/h2>\n<\/blockquote>\n<blockquote class=\"wp-embedded-content\" data-secret=\"1AaTplklLO\"><p><a href=\"https:\/\/www.radiopiu.net\/wordpress\/consiglio-comunale-da-taibon-agordino\/\">DIRETTA:      CONSIGLIO COMUNALE DA TAIBON AGORDINO<\/a><\/p><\/blockquote>\n<p><iframe loading=\"lazy\" title=\"&#8220;DIRETTA:      CONSIGLIO COMUNALE DA TAIBON AGORDINO&#8221; &#8212; Radio Pi\u00f9\" class=\"wp-embedded-content\" sandbox=\"allow-scripts\" security=\"restricted\" style=\"position: absolute; clip: rect(1px, 1px, 1px, 1px);\" src=\"https:\/\/www.radiopiu.net\/wordpress\/consiglio-comunale-da-taibon-agordino\/embed\/#?secret=1AaTplklLO\" data-secret=\"1AaTplklLO\" width=\"600\" height=\"338\" frameborder=\"0\" marginwidth=\"0\" marginheight=\"0\" scrolling=\"no\"><\/iframe><\/p>\n<p>&nbsp;<\/p>\n<hr \/>\n<p>&nbsp;<\/p>\n<p>&nbsp;<\/p>\n<blockquote>\n<h2>IL CONSIGLIO COMUNALE DI LUNEDI SERA A ROCCA PIETORE, REGISTRAZIONE INTEGRALE<\/h2>\n<\/blockquote>\n\n\t\t\t<style type='text\/css'>\n\t\t\t\t#gallery-3 {\n\t\t\t\t\tmargin: auto;\n\t\t\t\t}\n\t\t\t\t#gallery-3 .gallery-item {\n\t\t\t\t\tfloat: left;\n\t\t\t\t\tmargin-top: 10px;\n\t\t\t\t\ttext-align: center;\n\t\t\t\t\twidth: 33%;\n\t\t\t\t}\n\t\t\t\t#gallery-3 img {\n\t\t\t\t\tborder: 2px solid #cfcfcf;\n\t\t\t\t}\n\t\t\t\t#gallery-3 .gallery-caption {\n\t\t\t\t\tmargin-left: 0;\n\t\t\t\t}\n\t\t\t\t\/* see gallery_shortcode() in wp-includes\/media.php *\/\n\t\t\t<\/style>\n\t\t<div id='gallery-3' class='dt-gallery-container gallery galleryid-121413 gallery-columns-3 gallery-size-thumbnail'><dl class='gallery-item'>\n\t\t\t\t<dt class='gallery-icon landscape'>\n\t\t\t\t\t<a class=\"rollover\" href='https:\/\/www.radiopiu.net\/wordpress\/giornale-radiopiu-10-marzo-2020-direttore-mirko-mezzacasa\/44af58a5-cfee-499b-8232-e4fc07ee4c55\/'><img loading=\"lazy\" decoding=\"async\" width=\"150\" height=\"150\" src=\"https:\/\/www.radiopiu.net\/wordpress\/wp-content\/uploads\/2020\/03\/44af58a5-cfee-499b-8232-e4fc07ee4c55-150x150.jpg\" class=\"attachment-thumbnail size-thumbnail\" alt=\"\" \/><\/a>\n\t\t\t\t<\/dt><\/dl><dl class='gallery-item'>\n\t\t\t\t<dt class='gallery-icon landscape'>\n\t\t\t\t\t<a class=\"rollover\" href='https:\/\/www.radiopiu.net\/wordpress\/giornale-radiopiu-10-marzo-2020-direttore-mirko-mezzacasa\/148f09c5-b9cf-4c70-9fe9-93b8d679da83\/'><img loading=\"lazy\" decoding=\"async\" width=\"150\" height=\"150\" src=\"https:\/\/www.radiopiu.net\/wordpress\/wp-content\/uploads\/2020\/03\/148f09c5-b9cf-4c70-9fe9-93b8d679da83-150x150.jpg\" class=\"attachment-thumbnail size-thumbnail\" alt=\"\" \/><\/a>\n\t\t\t\t<\/dt><\/dl><dl class='gallery-item'>\n\t\t\t\t<dt class='gallery-icon landscape'>\n\t\t\t\t\t<a class=\"rollover\" href='https:\/\/www.radiopiu.net\/wordpress\/giornale-radiopiu-10-marzo-2020-direttore-mirko-mezzacasa\/6badaa94-5410-466e-bb58-2691d6512b81\/'><img loading=\"lazy\" decoding=\"async\" width=\"150\" height=\"150\" src=\"https:\/\/www.radiopiu.net\/wordpress\/wp-content\/uploads\/2020\/03\/6badaa94-5410-466e-bb58-2691d6512b81-150x150.jpg\" class=\"attachment-thumbnail size-thumbnail\" alt=\"\" \/><\/a>\n\t\t\t\t<\/dt><\/dl><br style=\"clear: both\" \/><dl class='gallery-item'>\n\t\t\t\t<dt class='gallery-icon landscape'>\n\t\t\t\t\t<a class=\"rollover\" href='https:\/\/www.radiopiu.net\/wordpress\/giornale-radiopiu-10-marzo-2020-direttore-mirko-mezzacasa\/0a95f39c-54f3-4572-98b0-06b0f04ff715\/'><img loading=\"lazy\" decoding=\"async\" width=\"150\" height=\"150\" src=\"https:\/\/www.radiopiu.net\/wordpress\/wp-content\/uploads\/2020\/03\/0a95f39c-54f3-4572-98b0-06b0f04ff715-150x150.jpg\" class=\"attachment-thumbnail size-thumbnail\" alt=\"\" \/><\/a>\n\t\t\t\t<\/dt><\/dl>\n\t\t\t\t<br style='clear: both' \/>\n\t\t\t<\/div>\n\n<h2>PARTE 1<\/h2>\n<audio class=\"wp-audio-shortcode\" id=\"audio-121413-2\" preload=\"none\" style=\"width: 100%;\" controls=\"controls\"><source type=\"audio\/mpeg\" src=\"https:\/\/www.radiopiu.net\/wordpress\/wp-content\/uploads\/2020\/03\/PARTE-1.mp3?_=2\" \/><a href=\"https:\/\/www.radiopiu.net\/wordpress\/wp-content\/uploads\/2020\/03\/PARTE-1.mp3\">https:\/\/www.radiopiu.net\/wordpress\/wp-content\/uploads\/2020\/03\/PARTE-1.mp3<\/a><\/audio>\n<h2>PARTE 2<\/h2>\n<audio class=\"wp-audio-shortcode\" id=\"audio-121413-3\" preload=\"none\" style=\"width: 100%;\" controls=\"controls\"><source type=\"audio\/mpeg\" src=\"https:\/\/www.radiopiu.net\/wordpress\/wp-content\/uploads\/2020\/03\/PARTE-2.mp3?_=3\" \/><a href=\"https:\/\/www.radiopiu.net\/wordpress\/wp-content\/uploads\/2020\/03\/PARTE-2.mp3\">https:\/\/www.radiopiu.net\/wordpress\/wp-content\/uploads\/2020\/03\/PARTE-2.mp3<\/a><\/audio>\n<h2>PARTE 3<\/h2>\n<audio class=\"wp-audio-shortcode\" id=\"audio-121413-4\" preload=\"none\" style=\"width: 100%;\" controls=\"controls\"><source type=\"audio\/mpeg\" src=\"https:\/\/www.radiopiu.net\/wordpress\/wp-content\/uploads\/2020\/03\/PARTE3.mp3?_=4\" \/><a href=\"https:\/\/www.radiopiu.net\/wordpress\/wp-content\/uploads\/2020\/03\/PARTE3.mp3\">https:\/\/www.radiopiu.net\/wordpress\/wp-content\/uploads\/2020\/03\/PARTE3.mp3<\/a><\/audio>\n<p>&nbsp;<\/p>\n<p><span style=\"color: #ff0000;\">DI GIANNI SANTOMASO DAL CORRIERE DELLE ALPI<\/span><\/p>\n<p><strong>4 MILIONI DI EURO PER IL PROGETTO MARMOLADA<\/strong><\/p>\n<audio class=\"wp-audio-shortcode\" id=\"audio-121413-5\" preload=\"none\" style=\"width: 100%;\" controls=\"controls\"><source type=\"audio\/mpeg\" src=\"https:\/\/www.radiopiu.net\/wordpress\/wp-content\/uploads\/2020\/03\/4-MILIONI-DI-EURO-PER-IL-PROGETTO-MARMOLADA-UNESCO.mp3?_=5\" \/><a href=\"https:\/\/www.radiopiu.net\/wordpress\/wp-content\/uploads\/2020\/03\/4-MILIONI-DI-EURO-PER-IL-PROGETTO-MARMOLADA-UNESCO.mp3\">https:\/\/www.radiopiu.net\/wordpress\/wp-content\/uploads\/2020\/03\/4-MILIONI-DI-EURO-PER-IL-PROGETTO-MARMOLADA-UNESCO.mp3<\/a><\/audio>\n<p><strong>26 MILIONI DI EURO PER 6 SITI VALANGHIVI<\/strong><\/p>\n<audio class=\"wp-audio-shortcode\" id=\"audio-121413-6\" preload=\"none\" style=\"width: 100%;\" controls=\"controls\"><source type=\"audio\/mpeg\" src=\"https:\/\/www.radiopiu.net\/wordpress\/wp-content\/uploads\/2020\/03\/26-MILIONI-DI-EURO-PER-6-SITI-VALANGHIVI.mp3?_=6\" \/><a href=\"https:\/\/www.radiopiu.net\/wordpress\/wp-content\/uploads\/2020\/03\/26-MILIONI-DI-EURO-PER-6-SITI-VALANGHIVI.mp3\">https:\/\/www.radiopiu.net\/wordpress\/wp-content\/uploads\/2020\/03\/26-MILIONI-DI-EURO-PER-6-SITI-VALANGHIVI.mp3<\/a><\/audio>\n<p>&nbsp;<\/p>\n<p>&nbsp;<\/p>\n<hr \/>\n<p>&nbsp;<\/p>\n<h2><\/h2>\n<h3>DOPPIO SENSO DI MARCIA IN VIALE SOMMARIVA MA NON NEI GIORNI DI MERCATO (OGGI SOSPESO)<\/h3>\n<p><strong><a class=\"dt-pswp-item\" href=\"https:\/\/www.radiopiu.net\/wordpress\/wp-content\/uploads\/2019\/07\/1-AGORDO-10-8-2018-4.jpg\" data-dt-img-description=\"\" data-large_image_width=\"1024\" data-large_image_height=\"683\"><img loading=\"lazy\" decoding=\"async\" class=\"size-medium wp-image-92179 alignleft\" src=\"https:\/\/www.radiopiu.net\/wordpress\/wp-content\/uploads\/2019\/07\/1-AGORDO-10-8-2018-4-300x200.jpg\" alt=\"\" width=\"300\" height=\"200\" srcset=\"https:\/\/www.radiopiu.net\/wordpress\/wp-content\/uploads\/2019\/07\/1-AGORDO-10-8-2018-4-300x200.jpg 300w, https:\/\/www.radiopiu.net\/wordpress\/wp-content\/uploads\/2019\/07\/1-AGORDO-10-8-2018-4-768x512.jpg 768w, https:\/\/www.radiopiu.net\/wordpress\/wp-content\/uploads\/2019\/07\/1-AGORDO-10-8-2018-4.jpg 1024w\" sizes=\"auto, (max-width: 300px) 100vw, 300px\" \/><\/a>AGORDO<\/strong> A seguito dei lavori in Piazza della Libert\u00e0 il sindaco ha firmato l&#8217;ordinanza che prevede l\u2019\u201distituzione in Viale Sommariva, Piazzale Guglielmo Marconi e Corso Patrioti, del doppio senso di marcia, da giovedi fino al termine dei lavori. Al mercoledi, nei giorni di mercato (quando riprender\u00e0 oggi e&#8217; sospeso),\u00a0 il doppio senso di marcia non sar\u00e0 possibile quindi sar\u00e0 tolto dalle 6 del mattino alle 14. Ovviamente per permettere il doppio senso di marcia\u00a0 \u00e8 previsto il divieto di sosta e di parcheggio, con rimozione forzata dei veicoli, eccetto i mezzi autorizzati, dalle ore 6\u00a0 di gioved\u00ec e fino all\u2019ultimazione dei lavori.<\/p>\n<p><strong>L&#8217;ASSESSORE AI LAVORI PUBBLICI CLAUDIO SITO<\/strong><\/p>\n<audio class=\"wp-audio-shortcode\" id=\"audio-121413-7\" preload=\"none\" style=\"width: 100%;\" controls=\"controls\"><source type=\"audio\/mpeg\" src=\"https:\/\/www.radiopiu.net\/wordpress\/wp-content\/uploads\/2020\/03\/claudio-giornata.mp3?_=7\" \/><a href=\"https:\/\/www.radiopiu.net\/wordpress\/wp-content\/uploads\/2020\/03\/claudio-giornata.mp3\">https:\/\/www.radiopiu.net\/wordpress\/wp-content\/uploads\/2020\/03\/claudio-giornata.mp3<\/a><\/audio>\n<p>&nbsp;<\/p>\n<p>&nbsp;<\/p>\n<hr \/>\n<p>&nbsp;<\/p>\n<p>&nbsp;<\/p>\n<h2>NELLA NOTTE LA DECISIONE DELL&#8217;AMMINISTRAZIONE COMUNALE<\/h2>\n<p>&nbsp;<\/p>\n<p>&nbsp;<\/p>\n<p><strong><img loading=\"lazy\" decoding=\"async\" class=\"alignleft\" src=\"https:\/\/www.radiopiu.net\/wordpress\/wp-content\/uploads\/2019\/07\/1-AGORDO-10-8-2018-3.jpg\" width=\"215\" height=\"143\" \/>AGORDO<\/strong> Da pochi minuti il sito del Comune di Agordo ha battuto la notizia della sospensione del mercato di Agordo del mercoledi<\/p>\n<p><strong>AVVISO URGENTE PER COMMERCIANTI SU AREE PUBBLICHE E UTENTI <\/strong>SI COMUNICA CHE, COME DICHIARATO DALLA PRESIDENZA DEL CONSIGLIO DEI MINISTRI NELLE F.A.Q. PUBBLICATE QUESTA SERA, MARTEDI&#8217; 10 MARZO 2020, I MERCATI ALL&#8217;APERTO DEVONO RESTARE CHIUSI POICHE&#8217; NON E&#8217; POSSIBILE REGOLARE L&#8217;AFFLUSSO DELLE PERSONE.<\/p>\n<p><strong>Il Sindaco Roberto Chissal\u00e8<\/strong><\/p>\n<p>&nbsp;<\/p>\n<p>&nbsp;<\/p>\n<hr \/>\n<p>&nbsp;<\/p>\n<p>&nbsp;<\/p>\n<p>&nbsp;<\/p>\n<h3><a class=\"dt-pswp-item\" href=\"https:\/\/www.radiopiu.net\/wordpress\/wp-content\/uploads\/2018\/03\/CARESTIATO.jpg\" data-dt-img-description=\"\" data-large_image_width=\"275\" data-large_image_height=\"183\"><img loading=\"lazy\" decoding=\"async\" class=\"wp-image-45413 alignleft\" src=\"https:\/\/www.radiopiu.net\/wordpress\/wp-content\/uploads\/2018\/03\/CARESTIATO.jpg\" alt=\"\" width=\"152\" height=\"101\" \/><\/a>NEGOZI E RIFUGI CHIUDONO NEL RISPETTO DELLA GENTE, SIANO ESSI CLIENTI O DIPENDENTI.<\/h3>\n<p style=\"text-align: left;\"><strong>AI MICROFONI DI RADIO PIU&#8217; DIEGO FAVERO CHE AD AGORDO HA CHIUSO IL RIFUGIO CARESTIATO E IL B&amp;B<\/strong><\/p>\n<audio class=\"wp-audio-shortcode\" id=\"audio-121413-8\" preload=\"none\" style=\"width: 100%;\" controls=\"controls\"><source type=\"audio\/mpeg\" src=\"https:\/\/www.radiopiu.net\/wordpress\/wp-content\/uploads\/2020\/03\/diego-favero-carestiato-soccorso-alpino.mp3?_=8\" \/><a href=\"https:\/\/www.radiopiu.net\/wordpress\/wp-content\/uploads\/2020\/03\/diego-favero-carestiato-soccorso-alpino.mp3\">https:\/\/www.radiopiu.net\/wordpress\/wp-content\/uploads\/2020\/03\/diego-favero-carestiato-soccorso-alpino.mp3<\/a><\/audio>\n<p>&nbsp;<\/p>\n<p>BULLI&amp;PUPE CHIUDE PER PREVENZIONE&#8230;. IL MESSAGGIO FACEBOOK\u00a0<span style=\"color: #0000ff;\"> <a style=\"color: #0000ff;\" href=\"https:\/\/www.facebook.com\/bullie.pupe.106\/videos\/1457450467762729\/\">CLICCA QUI<\/a><\/span><\/p>\n<p>&nbsp;<\/p>\n<hr \/>\n<h2><\/h2>\n<p>&nbsp;<\/p>\n<blockquote>\n<h2>DA POCO POCO&#8230; A TANTO TANTO. SEDI DI PROTEZIONE CIVILE PER TUTTI<\/h2>\n<\/blockquote>\n<h2><img loading=\"lazy\" decoding=\"async\" class=\"alignleft\" src=\"https:\/\/www.radiopiu.net\/wordpress\/wp-content\/uploads\/2020\/03\/8f7bbe70-19ee-4e11-a9fe-6d168c44eb9d.jpg\" width=\"225\" height=\"169\" \/><\/h2>\n<h2><\/h2>\n<h2>DI GIANNI SANTOMASO<\/h2>\n<audio class=\"wp-audio-shortcode\" id=\"audio-121413-9\" preload=\"none\" style=\"width: 100%;\" controls=\"controls\"><source type=\"audio\/mpeg\" src=\"https:\/\/www.radiopiu.net\/wordpress\/wp-content\/uploads\/2020\/03\/GIANI-PROTEZIONE-CIVILE.mp3?_=9\" \/><a href=\"https:\/\/www.radiopiu.net\/wordpress\/wp-content\/uploads\/2020\/03\/GIANI-PROTEZIONE-CIVILE.mp3\">https:\/\/www.radiopiu.net\/wordpress\/wp-content\/uploads\/2020\/03\/GIANI-PROTEZIONE-CIVILE.mp3<\/a><\/audio>\n<p>FOTO Ex officine congegnatori,<\/p>\n<p>&nbsp;<\/p>\n<hr \/>\n<p>&nbsp;<\/p>\n<p>&nbsp;<\/p>\n<p>&nbsp;<\/p>\n<blockquote class=\"wp-embedded-content\" data-secret=\"KYyB8XRfQV\"><p><a href=\"https:\/\/www.radiopiu.net\/wordpress\/incivilta-quotidiana\/\">INCIVILTA&#8217; QUOTIDIANA<\/a><\/p><\/blockquote>\n<p><iframe loading=\"lazy\" title=\"&#8220;INCIVILTA&#8217; QUOTIDIANA&#8221; &#8212; Radio Pi\u00f9\" class=\"wp-embedded-content\" sandbox=\"allow-scripts\" security=\"restricted\" style=\"position: absolute; clip: rect(1px, 1px, 1px, 1px);\" src=\"https:\/\/www.radiopiu.net\/wordpress\/incivilta-quotidiana\/embed\/#?secret=KYyB8XRfQV\" data-secret=\"KYyB8XRfQV\" width=\"600\" height=\"338\" frameborder=\"0\" marginwidth=\"0\" marginheight=\"0\" scrolling=\"no\"><\/iframe><\/p>\n<p>&nbsp;<\/p>\n<hr \/>\n<p>&nbsp;<\/p>\n<blockquote>\n<h2><a class=\"dt-pswp-item\" href=\"https:\/\/www.radiopiu.net\/wordpress\/wp-content\/uploads\/2020\/03\/pp-1.jpg\" data-dt-img-description=\"\" data-large_image_width=\"640\" data-large_image_height=\"640\"><img loading=\"lazy\" decoding=\"async\" class=\"wp-image-121482 alignleft\" src=\"https:\/\/www.radiopiu.net\/wordpress\/wp-content\/uploads\/2020\/03\/pp-1-300x300.jpg\" alt=\"\" width=\"117\" height=\"117\" srcset=\"https:\/\/www.radiopiu.net\/wordpress\/wp-content\/uploads\/2020\/03\/pp-1-300x300.jpg 300w, https:\/\/www.radiopiu.net\/wordpress\/wp-content\/uploads\/2020\/03\/pp-1-150x150.jpg 150w, https:\/\/www.radiopiu.net\/wordpress\/wp-content\/uploads\/2020\/03\/pp-1.jpg 640w\" sizes=\"auto, (max-width: 117px) 100vw, 117px\" \/><\/a>DON FABIANO DEL FAVERO IL &#8220;PENTA PARROCO&#8221; TECNOLOGICO PER I FEDELI<\/h2>\n<\/blockquote>\n<p><strong>DI GIANNI SANTOMASO\u00a0<\/strong><\/p>\n<audio class=\"wp-audio-shortcode\" id=\"audio-121413-10\" preload=\"none\" style=\"width: 100%;\" controls=\"controls\"><source type=\"audio\/mpeg\" src=\"https:\/\/www.radiopiu.net\/wordpress\/wp-content\/uploads\/2020\/03\/DON-FABIANO-IL-PRETE-TECNOLOGICO.mp3?_=10\" \/><a href=\"https:\/\/www.radiopiu.net\/wordpress\/wp-content\/uploads\/2020\/03\/DON-FABIANO-IL-PRETE-TECNOLOGICO.mp3\">https:\/\/www.radiopiu.net\/wordpress\/wp-content\/uploads\/2020\/03\/DON-FABIANO-IL-PRETE-TECNOLOGICO.mp3<\/a><\/audio>\n<p>&nbsp;<\/p>\n<p>&nbsp;<\/p>\n<hr \/>\n<blockquote>\n<h3><\/h3>\n<h3><\/h3>\n<h3><\/h3>\n<h3>PROROGA PER IL BANDO DI CONTRIBUTI AI COMUNI DI SECONDA E TERZA FASCIA: SCADENZA AL 14 APRILE<\/h3>\n<\/blockquote>\n<p><strong>BELLUNO<\/strong>\u00a0La Provincia di Belluno prorogher\u00e0 i termini del bando per i contributi per la realizzazione di interventi infrastrutturali. Lo fa sapere il presidente Roberto Padrin, che nei prossimi giorni firmer\u00e0 un atto apposito. Il bando, a valere sui Fondi Comuni di confine, \u00e8 riservato ai Comuni di seconda e terza fascia e fa riferimento a contributi per interventi sulle infrastrutture e gli edifici di propriet\u00e0 comunale. \u00abAl momento la scadenza sarebbe fissata per la prossima settimana, ma abbiamo deciso di prorogarla al 14 aprile, nella speranza che l\u2019emergenza sanitaria che stiamo vivendo possa essere superata per quella data\u00bb spiega il presidente Padrin, dopo un confronto avuto stamattina con il consigliere provinciale Massimo Bortoluzzi. \u00abAlcuni Comuni ci hanno segnalato che stanno incontrando alcune difficolt\u00e0 nel rispettare i termini di presentazione della documentazione prevista dal bando &#8211; sottolinea Bortoluzzi -. La gestione dell\u2019emergenza coronavirus non \u00e8 semplice per i sindaci e le amministrazioni comunali. Proprio per questo abbiamo in previsione di allungare la scadenza del bando. Abbiamo sempre detto di voler dare una mano a tutto il territorio provinciale, soprattutto a quei Comuni che risultano pi\u00f9 penalizzati di altri. In un momento come questo, prorogare la scadenza \u00e8 un atto concreto, in attesa che anche da Roma arrivino notizie in tal senso, per sgravare Comuni e imprese durante il periodo emergenziale\u00bb.<\/p>\n<p>&nbsp;<\/p>\n<hr \/>\n<p>&nbsp;<\/p>\n<p>&nbsp;<\/p>\n<blockquote>\n<h3>ILLUMINAZIONE PUBBLICA A LED, RIPRESI I LAVORI<\/h3>\n<\/blockquote>\n<p><strong>BELLUNO<\/strong>\u00a0 Continuano i lavori di miglioramento ed efficientamento energetico dell&#8217;illuminazione pubblica: sono infatti ripresi in questi giorni gli interventi per la sostituzione del sistema di illuminazione pubblica tradizionale con la tecnologia a led. Gli interventi, iniziati gi\u00e0 in questi giorni, interessano via Segato, via Cavour, via Carducci e Via Dante Alighieri. L&#8217;importo complessivo dei lavori \u00e8 di 20mila euro, finanziato in parte con fondi comunali e in parte con fondi del Ministero dello Sviluppo Economico, grazie a una specifica assegnazione di contributi ai comuni per \u201cinterventi di efficientamento energetico e sviluppo territoriale sostenibile\u201d, prevista dal decreto legge 34\/2019. I lavori, consegnati lo scorso fine ottobre e poi sospesi a met\u00e0 novembre per l\u2019impossibilit\u00e0 di reperire il materiale da installare in tempi brevi, prevedono la sostituzione delle armature stradali della pubblica illuminazione con lampade a led. \u00abDopo l&#8217;intervento effettuato lo scorso anno in Via Feltre, che ci ha restituito una strada pi\u00f9 sicura e ci ha permesso di ottenere un risparmio sul consumo energetico di circa il 35%, proseguiamo con gli interventi di miglioramento dell&#8217;illuminazione pubblica e della sicurezza stradale. &#8211; commenta l&#8217;assessore ai lavori pubblici \u2013 Gli interventi in esecuzione in questi giorni interessano infatti vie del centro molto trafficate anche dai pedoni, vista la presenza del Tribunale, delle scuole medie e superiori e della vicina stazione, senza dimenticare la prossima riapertura della scuola Gabelli che insiste proprio su queste strade\u00bb.<\/p>\n<p>&nbsp;<\/p>\n<hr \/>\n<p>&nbsp;<\/p>\n<p>&nbsp;<\/p>\n<p>&nbsp;<\/p>\n<blockquote>\n<h3>UFFICI CHIUSI AL PUBBLICO, SERVIZI APERTI IN VIA TELEFONICA E TELEMATICA<\/h3>\n<\/blockquote>\n<p><strong>BELLUNO<\/strong> Uffici della Provincia regolarmente operativi, ma chiusi al pubblico. I contatti con l\u2019utenza esterna avvengono unicamente via telefono e mail, come impongono le misure urgenti per il contrasto e il contenimento della diffusione del Covid-19. Cos\u00ec ha deciso l\u2019amministrazione provinciale, recependo la direttiva inviata ai prefetti dal ministero dell\u2019interno. Il documento prevede che gli spostamenti potranno avvenire solo se motivati da esigenze lavorative o situazioni di necessit\u00e0 o per motivi di salute, da attestare mediante autodichiarazione (che potr\u00e0 essere resa anche seduta stante attraverso la compilazione di moduli forniti dalle forze di polizia). I controlli sul rispetto delle limitazioni della mobilit\u00e0 avverranno lungo le linee di comunicazione e le grandi infrastrutture del sistema di trasporti. \u00abIn ottemperanza al Dpcm del 9 marzo e seguendo le disposizioni del ministero dell\u2019interno, anche la Provincia mette in atto alcune pratiche per evitare il contagio &#8211; sottolinea il presidente della Provincia, Roberto Padrin -. Pertanto, abbiamo disposto che fino al 3 aprile, o comunque fino a diversa disposizione nazionale, i contatti degli uffici provinciali con l\u2019utenza esterna avverranno unicamente per via telefonica e telematica. Telefonate e mail saranno l\u2019esclusiva modalit\u00e0 di rapporto nelle prossime settimane. Nonostante tutto, per\u00f2, i nostri uffici stanno continuando a lavorare, per assicurare i normali servizi a tutto il territorio\u00bb.Sempre in ottemperanza alle ultime direttive, sono state chiuse anche le palestre delle scuole superiori di competenza della Provincia.<\/p>\n<p>&nbsp;<\/p>\n<hr \/>\n<p>&nbsp;<\/p>\n<p>&nbsp;<\/p>\n<blockquote>\n<h3>APPROVATO LO STUDIO DI FATTIBILITA&#8217; PER I PALAZZETTI BOVIO-DA ROMAGNO (CINGOLANI)<\/h3>\n<\/blockquote>\n<p><strong><a class=\"dt-pswp-item\" href=\"https:\/\/www.radiopiu.net\/wordpress\/wp-content\/uploads\/2020\/03\/Nuova-illuminazione-led-1.jpeg\" data-dt-img-description=\"\" data-large_image_width=\"1200\" data-large_image_height=\"1600\"><img loading=\"lazy\" decoding=\"async\" class=\" wp-image-121414 alignleft\" src=\"https:\/\/www.radiopiu.net\/wordpress\/wp-content\/uploads\/2020\/03\/Nuova-illuminazione-led-1-225x300.jpeg\" alt=\"\" width=\"137\" height=\"183\" srcset=\"https:\/\/www.radiopiu.net\/wordpress\/wp-content\/uploads\/2020\/03\/Nuova-illuminazione-led-1-225x300.jpeg 225w, https:\/\/www.radiopiu.net\/wordpress\/wp-content\/uploads\/2020\/03\/Nuova-illuminazione-led-1-768x1024.jpeg 768w, https:\/\/www.radiopiu.net\/wordpress\/wp-content\/uploads\/2020\/03\/Nuova-illuminazione-led-1-1152x1536.jpeg 1152w, https:\/\/www.radiopiu.net\/wordpress\/wp-content\/uploads\/2020\/03\/Nuova-illuminazione-led-1.jpeg 1200w\" sizes=\"auto, (max-width: 137px) 100vw, 137px\" \/><\/a>FELTRE<\/strong> La Giunta comunale ha approvato, nella sua ultima seduta, il progetto di fattibilit\u00e0 tecnico economica degli interventi di miglioramento strutturale dei Palazzetti Bovio Da Romagno (Cingolani). Il progetto \u00e8 stato commissionato anche al fine di poter essere candidato ad un bando regionale che prevede la concessione di contributi a favore dei comuni per interventi di messa in sicurezza sismica degli edifici strategici e rilevanti ubicati nelle aree di maggior rischio. Trattandosi di un edificio vincolato, il consolidamento sar\u00e0 eseguito nei limiti della compatibilit\u00e0 architettonica e strutturale con l\u2019originale, privilegiando il recupero delle strutture esistenti con affiancamenti in acciaio. Il progetto prevede un costo complessivo di 900 mila euro.<\/p>\n<p><strong>AI MICROFONI DI RADIO PIU&#8217; L&#8217;ASSESSORE ADIS ZATTA<\/strong><\/p>\n<audio class=\"wp-audio-shortcode\" id=\"audio-121413-11\" preload=\"none\" style=\"width: 100%;\" controls=\"controls\"><source type=\"audio\/mpeg\" src=\"https:\/\/www.radiopiu.net\/wordpress\/wp-content\/uploads\/2020\/03\/ZATTA.mp3?_=11\" \/><a href=\"https:\/\/www.radiopiu.net\/wordpress\/wp-content\/uploads\/2020\/03\/ZATTA.mp3\">https:\/\/www.radiopiu.net\/wordpress\/wp-content\/uploads\/2020\/03\/ZATTA.mp3<\/a><\/audio>\n<p>&nbsp;<\/p>\n<p>&nbsp;<\/p>\n<p>&nbsp;<\/p>\n<hr \/>\n<p>&nbsp;<\/p>\n<p>&nbsp;<\/p>\n<blockquote>\n<h2><span style=\"font-family: Tahoma, Verdana;\"><span style=\"font-size: small;\"><b>Avviso di selezione per conferimento incarico di Direttore del Parco Nazionale Dolomiti Bellunesi<\/b><\/span><br \/>\n<\/span><\/h2>\n<\/blockquote>\n<p><strong><a class=\"dt-pswp-item\" href=\"https:\/\/www.radiopiu.net\/wordpress\/wp-content\/uploads\/2018\/08\/logo-parco.png\" data-dt-img-description=\"\" data-large_image_width=\"253\" data-large_image_height=\"120\"><img loading=\"lazy\" decoding=\"async\" class=\" wp-image-59193 alignleft\" src=\"https:\/\/www.radiopiu.net\/wordpress\/wp-content\/uploads\/2018\/08\/logo-parco.png\" alt=\"\" width=\"207\" height=\"98\" \/><\/a>FELTRE\u00a0<\/strong> L&#8217;Ente Parco Nazionale Dolomiti Bellunesi ha avviato la procedura per l&#8217;individuazione di una rosa di tre nominativi da sottoporre al Ministro dell&#8217;Ambiente per il conferimento dell&#8217;incarico di Direttore dell&#8217;Ente Parco. Possono partecipare alla procedura presentando apposita istanza di partecipazione esclusivamente gli iscritti all&#8217;albo degli idonei all&#8217;esercizio dell&#8217;attivit\u00e0 di Direttore di Parco pubblicato sul sito del Ministero dell&#8217;Ambiente.\u00a0Il testo integrale dell&#8217;avviso pubblico \u00e8 reperibile sul sito istituzionale dell&#8217;Ente Parco, www.dolomitipark.it<\/p>\n<p>&nbsp;<\/p>\n<p>&nbsp;<\/p>\n<hr \/>\n<p>&nbsp;<\/p>\n<p><strong>CORONAVIRUS, LORRAINE BERTON (CONFINDUSTRIA BELLUNO DOLOMITI): FOLLE SPEGNERE IL MOTORE ECONOMICO DEL PAESE<\/strong><\/p>\n<p><strong><a class=\"dt-pswp-item\" href=\"https:\/\/www.radiopiu.net\/wordpress\/wp-content\/uploads\/2020\/01\/Lorraine_Berton.jpg\" data-dt-img-description=\"\" data-large_image_width=\"767\" data-large_image_height=\"768\"><img loading=\"lazy\" decoding=\"async\" class=\" wp-image-112912 alignleft\" src=\"https:\/\/www.radiopiu.net\/wordpress\/wp-content\/uploads\/2020\/01\/Lorraine_Berton-300x300.jpg\" alt=\"\" width=\"205\" height=\"205\" srcset=\"https:\/\/www.radiopiu.net\/wordpress\/wp-content\/uploads\/2020\/01\/Lorraine_Berton-300x300.jpg 300w, https:\/\/www.radiopiu.net\/wordpress\/wp-content\/uploads\/2020\/01\/Lorraine_Berton-150x150.jpg 150w, https:\/\/www.radiopiu.net\/wordpress\/wp-content\/uploads\/2020\/01\/Lorraine_Berton.jpg 767w\" sizes=\"auto, (max-width: 205px) 100vw, 205px\" \/><\/a>BELLUNO<\/strong>\u00a0 \u201cLa salute \u00e8 una priorit\u00e0 assoluta, che nessuno mette in discussione, ma \u00e8 fondamentale non spegnere il motore dell&#8217;economia del Paese. La continuit\u00e0 di tutte le attivit\u00e0 produttive e della libera circolazione delle merci sono indispensabili per salvaguardare, in un momento cos\u00ec difficile, la tenuta sociale ed economica dell\u2019Italia, in un quadro di forte difficolt\u00e0 e incertezza. Il tessuto economico e produttivo deve continuare a funzionare, nel pieno rispetto delle disposizioni gi\u00e0 assunte dal Governo per evitare il propagarsi del contagio, che tutte le nostre aziende stanno applicando con assoluto rigore. La scrupolosa osservazione delle indicazioni delle autorit\u00e0 e di tutte le misure precauzionali dentro le aziende \u00e8 un fattore di contrasto alla diffusione del virus. Siamo pronti ad attuare misure sanitarie anche pi\u00f9 restrittive nelle imprese, purch\u00e9 ci sia consentito di continuare a tenere aperte le attivit\u00e0 e dare lavoro a milioni di cittadini e famiglie italiane, appellandoci ancora di pi\u00f9 al senso di responsabilit\u00e0 dei cittadini e dei lavoratori. L\u2019immagine dell\u2019Italia nel mondo, gi\u00e0 fortemente compromessa, ne uscirebbe tra l\u2019altro definitivamente distrutta con un effetto di spiazzamento per le nostre imprese che non potr\u00e0 che ripercuotersi sui fatturati e l\u2019occupazione\u201d. \u00c8 quanto afferma il presidente di Confindustria Belluno Dolomiti, Lorraine Berton, commentando l\u2019ipotesi di chiusura di tutte le attivit\u00e0 economiche emersa nelle ultime ore anche in Veneto.<\/p>\n<p>&nbsp;<\/p>\n<p>&nbsp;<\/p>\n<p>&nbsp;<\/p>\n<hr \/>\n<blockquote>\n<h3><\/h3>\n<h3>CORONAVIRUS: DONAZZAN, \u201cAMMORTIZZATORI SOCIALI IN DEROGA, IN VENETO ACCORDO QUADRO APPROVATO ALL\u2019UNANIMIT\u00c0\u201d<\/h3>\n<\/blockquote>\n<p><strong><a class=\"dt-pswp-item\" href=\"https:\/\/www.radiopiu.net\/wordpress\/wp-content\/uploads\/2016\/02\/l43-donazzan-150526182134_medium.jpg\" data-dt-img-description=\"\" data-large_image_width=\"420\" data-large_image_height=\"315\"><img loading=\"lazy\" decoding=\"async\" class=\" wp-image-17008 alignleft\" src=\"https:\/\/www.radiopiu.net\/wordpress\/wp-content\/uploads\/2016\/02\/l43-donazzan-150526182134_medium-300x225.jpg\" alt=\"\" width=\"255\" height=\"191\" \/><\/a>VENEZIA<em>\u00a0 <\/em><\/strong><em>\u201cNon possiamo e non vogliamo che il virus metta in ginocchio il cuore produttivo d\u2019Italia. Dobbiamo preservare tutte le potenzialit\u00e0 produttive del sistema-Veneto, che vale oltre 160 miliardi di Pil, pronti a ripartire quando l\u2019emergenza sanitaria sar\u00e0 superata. Il primo strumento \u00e8 tutelare il lavoro e le imprese, attraverso gli ammortizzatori sociali, in particolare nelle piccole aziende, con meno di 6 dipendenti, e nei settori non tradizionalmente coperti dalla cassa integrazione. In Veneto le risorse gi\u00e0 disponibili, grazie ad una oculata gestione delle crisi aziendali fatta negli anni dalle parti e dalla Regione, ammontano a 58 milioni di euro, cui si aggiungono 5,5 milioni di euro sbloccati oggi grazie all&#8217;approvazione in Giunta di una variazione di bilancio\u201d.<\/em> Lo ha ribadito l\u2019assessore regionale al lavoro, Elena Donazzan, nella Commissione regionale di concertazione tra le parti sociali tenutasi oggi in videoconferenza (nel pieno rispetto delle misure emergenziali) con i rappresentanti delle categorie economiche, dei sindacati e delle professioni. La Commissione, presieduta dall\u2019assessore, ha definito e approvato l\u2019accordo-quadro che attiva le prime risorse per gli ammortizzatori sociali a tutela di occupazione e imprese. L\u2019accordo sar\u00e0 portato domani all\u2019attenzione della IX Commissione della Conferenza delle Regioni, come stimolo anche alla discussione nazionale.<em>\u201cLa discussione \u00e8 stata approfondita, utile e responsabile da parte di tutti \u2013 sottolinea l\u2019assessore Donazzan &#8211; tesa a rendere lo strumento della cassa in deroga il pi\u00f9 efficace possibile a sostegno del sistema economico gravemente colpito. Le parti hanno espresso grande apprezzamento nei confronti della Regione Veneto e della struttura tecnica che ha elaborato con tempestivit\u00e0 una bozza nella quale tutte le componenti si sono sostanzialmente riconosciute. Alla Direzione Lavoro della Regione Veneto va il plauso delle parti sociali e mio, per la tempestivit\u00e0 e la capacit\u00e0 dimostrata di conoscere il proprio tessuto economico-sociale e nel contempo l\u2019articolata struttura normativa\u201d.<\/em><\/p>\n<p>&nbsp;<\/p>\n<p>&nbsp;<\/p>\n<hr \/>\n<blockquote>\n<h3 align=\"JUSTIFY\">GAL SOLO SMART<\/h3>\n<\/blockquote>\n<h3 align=\"JUSTIFY\"><a class=\"dt-pswp-item\" href=\"https:\/\/www.radiopiu.net\/wordpress\/wp-content\/uploads\/2020\/03\/1b5640ee-7206-410a-b8f8-8c3c7601f99a-800x949-640x759-640x759-560x664-1.jpg\" data-dt-img-description=\"\" data-large_image_width=\"560\" data-large_image_height=\"664\"><img loading=\"lazy\" decoding=\"async\" class=\" wp-image-121417 alignleft\" src=\"https:\/\/www.radiopiu.net\/wordpress\/wp-content\/uploads\/2020\/03\/1b5640ee-7206-410a-b8f8-8c3c7601f99a-800x949-640x759-640x759-560x664-1-253x300.jpg\" alt=\"\" width=\"237\" height=\"281\" srcset=\"https:\/\/www.radiopiu.net\/wordpress\/wp-content\/uploads\/2020\/03\/1b5640ee-7206-410a-b8f8-8c3c7601f99a-800x949-640x759-640x759-560x664-1-253x300.jpg 253w, https:\/\/www.radiopiu.net\/wordpress\/wp-content\/uploads\/2020\/03\/1b5640ee-7206-410a-b8f8-8c3c7601f99a-800x949-640x759-640x759-560x664-1.jpg 560w\" sizes=\"auto, (max-width: 237px) 100vw, 237px\" \/><\/a><\/h3>\n<p><strong>PEDAVENA<\/strong> il lavoro del GAL verr\u00e0 organizzato in modalit\u00e0 &#8220;smart&#8221;, garantendo al contempo la presenza di una persona della struttura tecnica presso l&#8217;ufficio. L<span style=\"text-decoration: underline;\">&#8216;utenza verr\u00e0 accolta solamente previo appuntamento<\/span>.<\/p>\n<blockquote>\n<h3 align=\"JUSTIFY\"><a class=\"dt-pswp-item\" href=\"https:\/\/www.radiopiu.net\/wordpress\/wp-content\/uploads\/2020\/03\/ASDASD.png\" data-dt-img-description=\"\" data-large_image_width=\"421\" data-large_image_height=\"218\"><img loading=\"lazy\" decoding=\"async\" class=\"wp-image-121422 alignright\" src=\"https:\/\/www.radiopiu.net\/wordpress\/wp-content\/uploads\/2020\/03\/ASDASD-300x155.png\" alt=\"\" width=\"134\" height=\"69\" srcset=\"https:\/\/www.radiopiu.net\/wordpress\/wp-content\/uploads\/2020\/03\/ASDASD-300x155.png 300w, https:\/\/www.radiopiu.net\/wordpress\/wp-content\/uploads\/2020\/03\/ASDASD.png 421w\" sizes=\"auto, (max-width: 134px) 100vw, 134px\" \/><\/a>PISCINA E PALAZZETTO DI VIA LUNGOROVA CHIUSO<\/h3>\n<\/blockquote>\n<p align=\"JUSTIFY\"><span style=\"color: #000000;\"><span style=\"font-family: Helvetica Neue, serif;\"><span style=\"font-size: medium;\"><span style=\"color: #454545;\"><span style=\"font-family: .SFUIText, serif;\"><span style=\"font-size: large;\"><strong>AGORDO<\/strong> La Societ\u00e0 AttivaMente Agordino, gestore della Piscina-Palestra Comprensoriale di Agordo, comunica la chiusura dell\u2019impianto fino al prossimo 3 aprile 2020. Sono sospese tutte le attivit\u00e0 natatorie, di allenamento agonistico e le attivit\u00e0 sportive svolte presso il Palazzetto dello Sport. In base all\u2019evolversi della situazione la Societ\u00e0 informer\u00e0 sulla ripresa e il recupero delle attivit\u00e0 per il mese di aprile. <\/span><\/span><\/span><\/span><\/span><\/span><\/p>\n<hr \/>\n<p>&nbsp;<\/p>\n<p>&nbsp;<\/p>\n<hr \/>\n<p>&nbsp;<\/p>\n<p>&nbsp;<\/p>\n<p><strong>AGORDO<\/strong> L&#8217;ASSEMBLEA DEI SOCI DE CAI \u00e8 rinviata a domenica 10 maggio, alle 9 la messa a San Cipriano alle 10 l&#8217;assemblea in sala Don Tamis (era in programma per il 22 marzo). LA SEDE SOCIALE E&#8217; CHIUSA\u00a0 FINO AL 3 APRILE.<\/p>\n<p><strong>AGORDO<\/strong> Rinviata l&#8217;assemblea dell&#8217;Auser Circolo El Broi, era in programma per sabato 14 marzo. In seguito verr\u00e0 decisa la nuova data<\/p>\n<p><strong>BELLUNO<\/strong> \u00a0Annullata l&#8217;edizione numero 25 della \u201cGrande festa degli ex lavoratori in Libia\u201d. La festa \u00e8 stata riprogrammata per domenica 15 novembre 2020.<\/p>\n<p><strong>CANALE D&#8217;AGORDO<\/strong> &#8220;Oltre il confine&#8221;, con Luciana di Mauro (in previsione per la prossima settimana presso la Casa della Giovent\u00f9 di Caviola) \u00e8 stata rinviata a data da destinarsi.<\/p>\n<p><strong>LONGARONE<\/strong> Nuove date e rinvii: posticipata Agrimont nei giorni 25-26 aprile, 1-2-3 maggio; rinviata al 22-23-24 maggio l&#8217;evento Caccia Pesca e Natura.<\/p>\n<p><strong>BELLUNO<\/strong>\u00a0 La compagnia di ballo dello spettacolo OPEN di Daniel Ezralow, ha deciso di annullare la tourn\u00e9e Tour in Europa. Pertanto lo spettacolo previsto, all\u2019interno della rassegna BellunoDanza, per domenica 15 marzo\u00a0 al Teatro Comunale di Belluno \u00e8 stato annullato.<\/p>\n<p><strong>TAIBON<\/strong> ANNULLATA LA SAGRA DE PASCA<\/p>\n<p>&nbsp;<\/p>\n<p>&nbsp;<\/p>\n<hr \/>\n<p>&nbsp;<\/p>\n<blockquote>\n<h2><span class=\"_5yl5\">ALBINO LUCIANI. BRICIOLE DI ATTUALITA\u2019\u201d PRIMO VOLUME DELLA COLLANA \u201cPOLVERE\u201d<\/span><\/h2>\n<p>DI RENATO BONA<\/p><\/blockquote>\n<p><span class=\"_5yl5\"> In occasione di quello che era l\u2019onomastico di Albino Luciani, domenica 1 marzo scorso (la Chiesa ricorda in quella data sant\u2019Albino di Vercelli, del quarto secolo, e sant\u2019Albino di Angers, del quinto secolo), la TiPi Edizioni Tipografia Piave di Belluno ha lanciato la collana \u201cPolvere\u201d. Di cosa si tratta? Lo spiega il sito chiesabellunofeltre annunciando l\u2019uscita del primo volume: \u201cAlbino Luciani. Briciole di attualit\u00e0\u201d, curato da don Davide Fiocco (oltre ad essere direttore dell\u2019Ufficio diocesano di pastorale della cultura e della comunicazione, direttore del Centro si spiritualit\u00e0 Papa Luciani di Col Cumano a Santa Giustina, in provincia di Belluno, docente incaricato di patrologia presso l\u2019Isr di Bolzano e l\u2019Issr \u201cGiovanni Paolo I\u201d di Treviso, \u00e8 collaboratore ed amministratore nella causa di canonizzazione di papa Luciani). \u201cTema di fondo di questo volume \u2013 si pu\u00f2 leggere &#8211; \u00e8 che la testimonianza di papa Luciani ha un valore anche per oggi, oltre quarant\u2019anni dopo la sua morte. L\u2019attenzione alla povera gente, dichiarata con forza fin sul Soglio di Pietro; la sottolineatura del volto misericordioso di Dio, che prelude alle parole di papa Francesco; la disponibilit\u00e0 a mettersi in discussione nel Concilio Vaticano II, contro l\u2019antifona del \u2018si \u00e8 sempre fatto cos\u00ec\u2019; il forte richiamo contro la violenza delle parole; l\u2019indiscussa lealt\u00e0 verso il Papa regnante. Basta scorrere l\u2019indice, per avvertire l\u2019attualit\u00e0 del messaggio di Papa Luciani\u201d, con taglio divulgativo, destinati a un pubblico vasto. Volumi tuttavia che sono stati affidati a studiosi, che hanno approfondito seriamente la figura del Papa\u201d. Il titolo della collana, Polvere, \u201c\u00e8 ispirato a una metafora che ritorna nella spiritualit\u00e0 di Luciani. Aveva detto, appena eletto vescovo di Vittorio Veneto: \u2018Certe cose il Signore non le vuole scrivere n\u00e9 sul bronzo, n\u00e9 sul marmo, ma addirittura nella polvere, affinch\u00e9 se la scrittura resta, non scompaginata, non dispersa dal vento, sia bene chiaro che tutto \u00e8 opera e tutto \u00e8 merito del solo Signore [\u2026] io sono la pura e povera polvere; su questa polvere il Signore ha scritto\u2019\u201d. La scrittura \u00e8 rimasta, non \u00e8 stata dispersa dal vento della storia. Dunque questi volumi \u2013 curatore sar\u00e0 don Fiocco &#8211; ne riprendono la traccia. Ricordiamo in chiusura, riprendendo da un recente servizio (22 gennaio) del quotidiano Il Corriere delle Alpi, che la TiPi edizioni Tipografia Piave aveva stampato due anni fa il notevole volume \u201cAlbino Luciani Giovanni Paolo I. Biografia ex documentis\u201d, dagli atti del processo canonico curato da Stefania Falasca, don Davide Fiocco e Mauro Velati. Sullo stesso giornale vi era anche l\u2019annuncio che Patrizia Luciani, dottorato di ricerca presso l&#8217;Universit\u00e0 cattolica di Milano con una tesi sugli anni veneziani del patriarca Luciani, sta lavorando a un volume su Il patriarca Luciani e il mondo del lavoro. Loris Serafini, direttore della Fondazione Papa Luciani di Canale d&#8217;Agordo e curatore scientifico del Museo Albino Luciani, sta redigendo, invece, un volume dal titolo: \u201cPapa Luciani raccontato dal suo Museo\u201d.<\/span><\/p>\n<p>&nbsp;<\/p>\n\n\t\t\t<style type='text\/css'>\n\t\t\t\t#gallery-4 {\n\t\t\t\t\tmargin: auto;\n\t\t\t\t}\n\t\t\t\t#gallery-4 .gallery-item {\n\t\t\t\t\tfloat: left;\n\t\t\t\t\tmargin-top: 10px;\n\t\t\t\t\ttext-align: center;\n\t\t\t\t\twidth: 33%;\n\t\t\t\t}\n\t\t\t\t#gallery-4 img {\n\t\t\t\t\tborder: 2px solid #cfcfcf;\n\t\t\t\t}\n\t\t\t\t#gallery-4 .gallery-caption {\n\t\t\t\t\tmargin-left: 0;\n\t\t\t\t}\n\t\t\t\t\/* see gallery_shortcode() in wp-includes\/media.php *\/\n\t\t\t<\/style>\n\t\t<div id='gallery-4' class='dt-gallery-container gallery galleryid-121413 gallery-columns-3 gallery-size-thumbnail'><dl class='gallery-item'>\n\t\t\t\t<dt class='gallery-icon landscape'>\n\t\t\t\t\t<a class=\"rollover\" href='https:\/\/www.radiopiu.net\/wordpress\/giornale-radiopiu-11-marzo-2020-direttore-mirko-mezzacasa\/89167311_668572093918053_7741040898720399360_n\/'><img loading=\"lazy\" decoding=\"async\" width=\"150\" height=\"150\" src=\"https:\/\/www.radiopiu.net\/wordpress\/wp-content\/uploads\/2020\/03\/89167311_668572093918053_7741040898720399360_n-150x150.jpg\" class=\"attachment-thumbnail size-thumbnail\" alt=\"\" srcset=\"https:\/\/www.radiopiu.net\/wordpress\/wp-content\/uploads\/2020\/03\/89167311_668572093918053_7741040898720399360_n-150x150.jpg 150w, https:\/\/www.radiopiu.net\/wordpress\/wp-content\/uploads\/2020\/03\/89167311_668572093918053_7741040898720399360_n.jpg 200w\" sizes=\"auto, (max-width: 150px) 100vw, 150px\" \/><\/a>\n\t\t\t\t<\/dt><\/dl><dl class='gallery-item'>\n\t\t\t\t<dt class='gallery-icon portrait'>\n\t\t\t\t\t<a class=\"rollover\" href='https:\/\/www.radiopiu.net\/wordpress\/giornale-radiopiu-11-marzo-2020-direttore-mirko-mezzacasa\/89197829_2606707056213960_7057467879712620544_n\/'><img loading=\"lazy\" decoding=\"async\" width=\"150\" height=\"150\" src=\"https:\/\/www.radiopiu.net\/wordpress\/wp-content\/uploads\/2020\/03\/89197829_2606707056213960_7057467879712620544_n-150x150.jpg\" class=\"attachment-thumbnail size-thumbnail\" alt=\"\" \/><\/a>\n\t\t\t\t<\/dt><\/dl><dl class='gallery-item'>\n\t\t\t\t<dt class='gallery-icon landscape'>\n\t\t\t\t\t<a class=\"rollover\" href='https:\/\/www.radiopiu.net\/wordpress\/giornale-radiopiu-11-marzo-2020-direttore-mirko-mezzacasa\/88339880_552942775316080_3340436476893593600_n\/'><img loading=\"lazy\" decoding=\"async\" width=\"150\" height=\"150\" src=\"https:\/\/www.radiopiu.net\/wordpress\/wp-content\/uploads\/2020\/03\/88339880_552942775316080_3340436476893593600_n-150x150.jpg\" class=\"attachment-thumbnail size-thumbnail\" alt=\"\" \/><\/a>\n\t\t\t\t<\/dt><\/dl><br style=\"clear: both\" \/><dl class='gallery-item'>\n\t\t\t\t<dt class='gallery-icon portrait'>\n\t\t\t\t\t<a class=\"rollover\" href='https:\/\/www.radiopiu.net\/wordpress\/giornale-radiopiu-11-marzo-2020-direttore-mirko-mezzacasa\/88958483_201012497661818_8849592895783567360_n\/'><img loading=\"lazy\" decoding=\"async\" width=\"150\" height=\"150\" src=\"https:\/\/www.radiopiu.net\/wordpress\/wp-content\/uploads\/2020\/03\/88958483_201012497661818_8849592895783567360_n-150x150.png\" class=\"attachment-thumbnail size-thumbnail\" alt=\"\" \/><\/a>\n\t\t\t\t<\/dt><\/dl>\n\t\t\t\t<br style='clear: both' \/>\n\t\t\t<\/div>\n\n<p><span class=\"_5yl5\"> NELLE FOTO (sito chiesabellunofeltre e archivio Renato Bona): la copertina del primo volume dedicato a papa Luciani; immagini di quello che sarebbe divenuto il secondo pontefice della storia dopo Gregorio XVI; Luciani col \u201ccollega\u201d Gioacchino Muccin vescovo di Belluno e Feltre; don Davide Fiocco, autore di \u201cAlbino Luciani. Briciole di attualit\u00e0\u201d e curatore della serie lanciata dalla TiPi Edizioni Tipografia Piave<\/span><\/p>\n<p>&nbsp;<\/p>\n<p>&nbsp;<\/p>\n<hr \/>\n<p>&nbsp;<\/p>\n<p>&nbsp;<\/p>\n<p>&nbsp;<\/p>\n<h2><span style=\"color: #ff0000;\">IERI ALLA RADIO LEGGERMENTE BELLUNESI DI LUISA ALCHINI<\/span><\/h2>\n<p>L&#8217;alpinista Alessandro Gogna e l&#8217;appassionato di fotografia in montagna Marco Milani rendono omaggio alle &#8220;Dolomiti Bellunesi&#8221;<\/p>\n<audio class=\"wp-audio-shortcode\" id=\"audio-121413-12\" preload=\"none\" style=\"width: 100%;\" controls=\"controls\"><source type=\"audio\/mpeg\" src=\"https:\/\/www.radiopiu.net\/wordpress\/wp-content\/uploads\/2020\/03\/23leggermenteGogna-e-Millani2020.mp3?_=12\" \/><a href=\"https:\/\/www.radiopiu.net\/wordpress\/wp-content\/uploads\/2020\/03\/23leggermenteGogna-e-Millani2020.mp3\">https:\/\/www.radiopiu.net\/wordpress\/wp-content\/uploads\/2020\/03\/23leggermenteGogna-e-Millani2020.mp3<\/a><\/audio>\n<p>&nbsp;<\/p>\n<h2>COLLEZIONE COMPLETA<\/h2>\n<blockquote class=\"wp-embedded-content\" data-secret=\"63z1i3DPkD\"><p><a href=\"https:\/\/www.radiopiu.net\/wordpress\/leggermente-20\/\">LEGGERmente&#8230;Bellunesi<\/a><\/p><\/blockquote>\n<p><iframe loading=\"lazy\" title=\"&#8220;LEGGERmente&#8230;Bellunesi&#8221; &#8212; Radio Pi\u00f9\" class=\"wp-embedded-content\" sandbox=\"allow-scripts\" security=\"restricted\" style=\"position: absolute; clip: rect(1px, 1px, 1px, 1px);\" src=\"https:\/\/www.radiopiu.net\/wordpress\/leggermente-20\/embed\/#?secret=63z1i3DPkD\" data-secret=\"63z1i3DPkD\" width=\"600\" height=\"338\" frameborder=\"0\" marginwidth=\"0\" marginheight=\"0\" scrolling=\"no\"><\/iframe><\/p>\n<p>&nbsp;<\/p>\n<p>&nbsp;<\/p>\n<hr \/>\n<h2><span style=\"color: #ff0000;\">IN VIVO VERSO DI BRUNELLA MORO<\/span><\/h2>\n<blockquote class=\"wp-embedded-content\" data-secret=\"WHinZf6lAW\"><p><a href=\"https:\/\/www.radiopiu.net\/wordpress\/di-te-depongo-il-sorriso-di-lorella-de-bon\/\">DI TE DEPONGO IL SORRISO di LORELLA DE BON<\/a><\/p><\/blockquote>\n<p><iframe loading=\"lazy\" title=\"&#8220;DI TE DEPONGO IL SORRISO di LORELLA DE BON&#8221; &#8212; Radio Pi\u00f9\" class=\"wp-embedded-content\" sandbox=\"allow-scripts\" security=\"restricted\" style=\"position: absolute; clip: rect(1px, 1px, 1px, 1px);\" src=\"https:\/\/www.radiopiu.net\/wordpress\/di-te-depongo-il-sorriso-di-lorella-de-bon\/embed\/#?secret=WHinZf6lAW\" data-secret=\"WHinZf6lAW\" width=\"600\" height=\"338\" frameborder=\"0\" marginwidth=\"0\" marginheight=\"0\" scrolling=\"no\"><\/iframe><\/p>\n<div class=\"_6c7i\">\n<div class=\"_680y\">\n<div class=\"_6cuy\">\n<div class=\" _6qw3 _3iub _3iuc\" data-ft=\"{&quot;tn&quot;:&quot;K&quot;}\">\n<div class=\"_72vr\">\n<blockquote>\n<blockquote>\n<h3>COLLEZIONE COMPLETA<\/h3>\n<\/blockquote>\n<blockquote class=\"wp-embedded-content\" data-secret=\"jUMMhjfLjJ\"><p><a href=\"https:\/\/www.radiopiu.net\/wordpress\/in-vivo-verso\/\">In Vivo Verso<\/a><\/p><\/blockquote>\n<p><iframe loading=\"lazy\" title=\"&#8220;In Vivo Verso&#8221; &#8212; Radio Pi\u00f9\" class=\"wp-embedded-content\" sandbox=\"allow-scripts\" security=\"restricted\" style=\"position: absolute; clip: rect(1px, 1px, 1px, 1px);\" src=\"https:\/\/www.radiopiu.net\/wordpress\/in-vivo-verso\/embed\/#?secret=jUMMhjfLjJ\" data-secret=\"jUMMhjfLjJ\" width=\"600\" height=\"338\" frameborder=\"0\" marginwidth=\"0\" marginheight=\"0\" scrolling=\"no\"><\/iframe><\/p>\n<hr \/>\n<p>&nbsp;<\/p>\n<p>&nbsp;<\/p>\n<p>&nbsp;<\/p><\/blockquote>\n<hr \/>\n<p>&nbsp;<\/p>\n<h3><span style=\"color: #ff0000;\">IERI ALLA RA <\/span><span style=\"color: #ff0000;\">DIO. DUE MINUTI UN LIBRO<\/span><\/h3>\n<blockquote class=\"wp-embedded-content\" data-secret=\"Cdc8CUiUhs\"><p><a href=\"https:\/\/www.radiopiu.net\/wordpress\/la-spada-di-pilter-2\/\">LA SPADA DI PILTER<\/a><\/p><\/blockquote>\n<p><iframe loading=\"lazy\" title=\"&#8220;LA SPADA DI PILTER&#8221; &#8212; Radio Pi\u00f9\" class=\"wp-embedded-content\" sandbox=\"allow-scripts\" security=\"restricted\" style=\"position: absolute; clip: rect(1px, 1px, 1px, 1px);\" src=\"https:\/\/www.radiopiu.net\/wordpress\/la-spada-di-pilter-2\/embed\/#?secret=Cdc8CUiUhs\" data-secret=\"Cdc8CUiUhs\" width=\"600\" height=\"338\" frameborder=\"0\" marginwidth=\"0\" marginheight=\"0\" scrolling=\"no\"><\/iframe><\/p>\n<\/div>\n<\/div>\n<\/div>\n<\/div>\n<\/div>\n<h2>COLLEZIONE COMPLETA<\/h2>\n<blockquote class=\"wp-embedded-content\" data-secret=\"fypU4MfySS\"><p><a href=\"https:\/\/www.radiopiu.net\/wordpress\/due-minuti-un-libro\/\">Due minuti un libro<\/a><\/p><\/blockquote>\n<p><iframe loading=\"lazy\" title=\"&#8220;Due minuti un libro&#8221; &#8212; Radio Pi\u00f9\" class=\"wp-embedded-content\" sandbox=\"allow-scripts\" security=\"restricted\" style=\"position: absolute; clip: rect(1px, 1px, 1px, 1px);\" src=\"https:\/\/www.radiopiu.net\/wordpress\/due-minuti-un-libro\/embed\/#?secret=fypU4MfySS\" data-secret=\"fypU4MfySS\" width=\"600\" height=\"338\" frameborder=\"0\" marginwidth=\"0\" marginheight=\"0\" scrolling=\"no\"><\/iframe><\/p>\n<p>&nbsp;<\/p>\n<p>&nbsp;<\/p>\n<hr \/>\n<p>&nbsp;<\/p>\n<blockquote class=\"wp-embedded-content\" data-secret=\"kdIO7pgfuE\"><p><a href=\"https:\/\/www.radiopiu.net\/wordpress\/il-numero-aziendale-dedicato-al-coronavirus-amplia-gli-orari\/\">Il numero aziendale dedicato al Coronavirus amplia gli orari<\/a><\/p><\/blockquote>\n<p><iframe loading=\"lazy\" title=\"&#8220;Il numero aziendale dedicato al Coronavirus amplia gli orari&#8221; &#8212; Radio Pi\u00f9\" class=\"wp-embedded-content\" sandbox=\"allow-scripts\" security=\"restricted\" style=\"position: absolute; clip: rect(1px, 1px, 1px, 1px);\" src=\"https:\/\/www.radiopiu.net\/wordpress\/il-numero-aziendale-dedicato-al-coronavirus-amplia-gli-orari\/embed\/#?secret=kdIO7pgfuE\" data-secret=\"kdIO7pgfuE\" width=\"600\" height=\"338\" frameborder=\"0\" marginwidth=\"0\" marginheight=\"0\" scrolling=\"no\"><\/iframe><\/p>\n<p>&nbsp;<\/p>\n<p>&nbsp;<\/p>\n<blockquote class=\"wp-embedded-content\" data-secret=\"Z2AdfMdJ8W\"><p><a href=\"https:\/\/www.radiopiu.net\/wordpress\/chiarimenti-al-nuovo-decreto-ministeriale\/\">CHIARIMENTI AL NUOVO DECRETO MINISTERIALE<\/a><\/p><\/blockquote>\n<p><iframe loading=\"lazy\" title=\"&#8220;CHIARIMENTI AL NUOVO DECRETO MINISTERIALE&#8221; &#8212; Radio Pi\u00f9\" class=\"wp-embedded-content\" sandbox=\"allow-scripts\" security=\"restricted\" style=\"position: absolute; clip: rect(1px, 1px, 1px, 1px);\" src=\"https:\/\/www.radiopiu.net\/wordpress\/chiarimenti-al-nuovo-decreto-ministeriale\/embed\/#?secret=Z2AdfMdJ8W\" data-secret=\"Z2AdfMdJ8W\" width=\"600\" height=\"338\" frameborder=\"0\" marginwidth=\"0\" marginheight=\"0\" scrolling=\"no\"><\/iframe><\/p>\n<p>&nbsp;<\/p>\n<p>&nbsp;<\/p>\n<blockquote class=\"wp-embedded-content\" data-secret=\"bMl087ndhZ\"><p><a href=\"https:\/\/www.radiopiu.net\/wordpress\/la-dolomitibus-in-campo-con-la-prevenzione-coronavirus\/\">LA DOLOMITIBUS IN CAMPO CON LA PREVENZIONE CORONAVIRUS<\/a><\/p><\/blockquote>\n<p><iframe loading=\"lazy\" title=\"&#8220;LA DOLOMITIBUS IN CAMPO CON LA PREVENZIONE CORONAVIRUS&#8221; &#8212; Radio Pi\u00f9\" class=\"wp-embedded-content\" sandbox=\"allow-scripts\" security=\"restricted\" style=\"position: absolute; clip: rect(1px, 1px, 1px, 1px);\" src=\"https:\/\/www.radiopiu.net\/wordpress\/la-dolomitibus-in-campo-con-la-prevenzione-coronavirus\/embed\/#?secret=bMl087ndhZ\" data-secret=\"bMl087ndhZ\" width=\"600\" height=\"338\" frameborder=\"0\" marginwidth=\"0\" marginheight=\"0\" scrolling=\"no\"><\/iframe><\/p>\n<p>&nbsp;<\/p>\n<p>&nbsp;<\/p>\n<p><a class=\"dt-pswp-item pspw-wrap-ready\" href=\"https:\/\/www.radiopiu.net\/wordpress\/wp-content\/uploads\/2018\/09\/viabilita.jpeg\" data-dt-img-description=\"\" data-large_image_width=\"800\" data-large_image_height=\"100\"><img loading=\"lazy\" decoding=\"async\" class=\"wp-image-61954 size-full aligncenter\" src=\"https:\/\/www.radiopiu.net\/wordpress\/wp-content\/uploads\/2018\/09\/viabilita.jpeg\" sizes=\"auto, (max-width: 800px) 100vw, 800px\" srcset=\"https:\/\/www.radiopiu.net\/wordpress\/wp-content\/uploads\/2018\/09\/viabilita.jpeg 800w, https:\/\/www.radiopiu.net\/wordpress\/wp-content\/uploads\/2018\/09\/viabilita-300x38.jpeg 300w, https:\/\/www.radiopiu.net\/wordpress\/wp-content\/uploads\/2018\/09\/viabilita-768x96.jpeg 768w\" alt=\"\" width=\"800\" height=\"100\" \/><\/a><\/p>\n<p>&nbsp;<\/p>\n<p><strong>SP 10 ALANO<\/strong> DA LUNEDI AL 30 APRILE INTERDIZIONE TOTALE AL TRANSITO DELLA SP 10 DI ALANO DI PIAVE AL FM 6 PER REALIZZAZIONE PROTEZIONI LATERALI<\/p>\n<p><strong>FELTRE COMUNALE DI VIA PARADISO<\/strong> Fino al\u00a0 31 Marzo 2020 (incluso festivi) in via Paradiso (tratto fronte il civico n\u00b0 14). Per lavori di: &#8220;Manutenzione all&#8217;edificio sito in via Paradiso n\u00b0 14\u201d &#8211; l\u2019istituzione, dei seguenti obblighi, divieti e limitazioni: Divieto di transito per tutti i veicoli e motocicli ; Divieto di sosta con rimozione<\/p>\n<p><strong>48 delle DOLOMITI localita&#8217; LIVINE&#8217;\u00a0<\/strong>\u00a0 Fino al 13 marzo senso unico per lavori di esboschi anche festivi e prefestiv<\/p>\n<p><strong>SP 251 VAL DI ZOLDO E VAL CELLINA<\/strong> Fino\u00a0 al 13 marzo sabato e domenica esclusi, senso unico alternato da impianto semaforico per lavori di ripristino reti di protezione sui versanti.<\/p>\n<p><strong>SR 203 AGORDINA LOCALITA&#8217; FORAN<\/strong> COMUNE DI LIVINALLONGO,FINO AL 2 APRILE (SABATO E DOMENICA ESCLUSI) SENSO UNICO ALTERNATO PER LAVORI DI ESBOSCO<\/p>\n<p><strong>SP251 VAL DI ZOLDO E CELLINA<\/strong> fino al 31 marzo con esclusione dei giorni festivi e prefestivi senso unico nel tratto Mezzocanale-Ospitale con interruzioni della durata massima di 15 minuti.<\/p>\n<p>&nbsp;<\/p>\n<p>&nbsp;<\/p>\n<p>&nbsp;<\/p>\n<p><a class=\"dt-pswp-item\" href=\"https:\/\/www.radiopiu.net\/wordpress\/wp-content\/uploads\/2018\/09\/sport.jpg\" data-dt-img-description=\"\" data-large_image_width=\"800\" data-large_image_height=\"100\"><img loading=\"lazy\" decoding=\"async\" class=\"aligncenter wp-image-60761 size-full\" src=\"https:\/\/www.radiopiu.net\/wordpress\/wp-content\/uploads\/2018\/09\/sport.jpg\" alt=\"\" width=\"800\" height=\"100\" srcset=\"https:\/\/www.radiopiu.net\/wordpress\/wp-content\/uploads\/2018\/09\/sport.jpg 800w, https:\/\/www.radiopiu.net\/wordpress\/wp-content\/uploads\/2018\/09\/sport-300x38.jpg 300w, https:\/\/www.radiopiu.net\/wordpress\/wp-content\/uploads\/2018\/09\/sport-768x96.jpg 768w\" sizes=\"auto, (max-width: 800px) 100vw, 800px\" \/><\/a><\/p>\n<blockquote>\n<h3><\/h3>\n<\/blockquote>\n<blockquote>\n<h3>IL CORONAVIRUS FERMA IL DOLOMITIBEER TRAIL, POSTICIPO AD OTTOBRE<\/h3>\n<p style=\"text-align: center;\"><a class=\"dt-pswp-item\" href=\"https:\/\/www.radiopiu.net\/wordpress\/wp-content\/uploads\/2020\/03\/a1f98a98-9dac-4616-9a2e-110acffa91ac.jpg\" data-dt-img-description=\"\" data-large_image_width=\"800\" data-large_image_height=\"259\"><img loading=\"lazy\" decoding=\"async\" class=\"alignnone wp-image-121416\" src=\"https:\/\/www.radiopiu.net\/wordpress\/wp-content\/uploads\/2020\/03\/a1f98a98-9dac-4616-9a2e-110acffa91ac-300x97.jpg\" alt=\"\" width=\"384\" height=\"124\" srcset=\"https:\/\/www.radiopiu.net\/wordpress\/wp-content\/uploads\/2020\/03\/a1f98a98-9dac-4616-9a2e-110acffa91ac-300x97.jpg 300w, https:\/\/www.radiopiu.net\/wordpress\/wp-content\/uploads\/2020\/03\/a1f98a98-9dac-4616-9a2e-110acffa91ac-768x249.jpg 768w, https:\/\/www.radiopiu.net\/wordpress\/wp-content\/uploads\/2020\/03\/a1f98a98-9dac-4616-9a2e-110acffa91ac.jpg 800w\" sizes=\"auto, (max-width: 384px) 100vw, 384px\" \/><\/a><\/p>\n<\/blockquote>\n<p><strong>PEDAVENA<\/strong> Il CoronaVirus ferma anche il DolomitiBeerTrail. La quarta edizione posticipata all&#8217;11 ottobre 2020. Il Comitato Organizzatore della DolomitiBeerTrail ha deciso di posticipare la 4a edizione in programma per sabato 11 Aprile 2020 a Domenica 11 ottobre 2020. Nonostante la grande passione di tutti gli atleti, dei volontari, del gruppo organizzatore e degli sponsor che supportano questo evento, il Comitato si \u00e8 trovato di fronte a questa scelta obbligata a causa dalla situazione sanitaria nazionale. Il Comitato Organizzatore dar\u00e0 la possibilit\u00e0 agli atleti gi\u00e0 iscritti di mantenere l&#8217;iscrizione per la nuova data oppure per l&#8217;edizione 2021. Le modalit\u00e0 verranno comunicate via newsletter. Le iscrizioni riapriranno quando l\u2019emergenza sar\u00e0 cessata.<\/p>\n<p>&nbsp;<\/p>\n<hr \/>\n<p>&nbsp;<\/p>\n<p>&nbsp;<\/p>\n<blockquote>\n<h3 class=\"p1\"><span class=\"s1\"><b>RINVIATE IN AUTUNNO LE FINALI DEL TORNEO AGORDINO DI HOCKEY<\/b><\/span><\/h3>\n<\/blockquote>\n<p class=\"p1\"><span class=\"s1\"><strong><a class=\"dt-pswp-item\" href=\"https:\/\/www.radiopiu.net\/wordpress\/wp-content\/uploads\/2019\/12\/TORNEO-AGORDINO-HOCKEY-2020-OK.jpg\" data-dt-img-description=\"\" data-large_image_width=\"1125\" data-large_image_height=\"596\"><img loading=\"lazy\" decoding=\"async\" class=\"size-medium wp-image-110984 alignleft\" src=\"https:\/\/www.radiopiu.net\/wordpress\/wp-content\/uploads\/2019\/12\/TORNEO-AGORDINO-HOCKEY-2020-OK-300x159.jpg\" alt=\"\" width=\"300\" height=\"159\" srcset=\"https:\/\/www.radiopiu.net\/wordpress\/wp-content\/uploads\/2019\/12\/TORNEO-AGORDINO-HOCKEY-2020-OK-300x159.jpg 300w, https:\/\/www.radiopiu.net\/wordpress\/wp-content\/uploads\/2019\/12\/TORNEO-AGORDINO-HOCKEY-2020-OK-1024x542.jpg 1024w, https:\/\/www.radiopiu.net\/wordpress\/wp-content\/uploads\/2019\/12\/TORNEO-AGORDINO-HOCKEY-2020-OK-768x407.jpg 768w, https:\/\/www.radiopiu.net\/wordpress\/wp-content\/uploads\/2019\/12\/TORNEO-AGORDINO-HOCKEY-2020-OK.jpg 1125w\" sizes=\"auto, (max-width: 300px) 100vw, 300px\" \/><\/a>ALLEGHE<\/strong> Sono state rinviate a tempi migliori le finali del Torneo Agordino di hockey che si dovevano disputare all\u2019Alvise De Toni di Alleghe. A comunicarlo l\u2019organizzazione che si \u00e8 vista in difficolt\u00e0 in questo momento particolare dove tutte le manifestazioni sportive vengono sospese o annullate.<\/span><\/p>\n<p class=\"p1\"><span class=\"s1\"><b>MANFREDI DE BERNARDO, ORGANIZZATORE DEL TORNEO<\/b><\/span><\/p>\n<audio class=\"wp-audio-shortcode\" id=\"audio-121413-13\" preload=\"none\" style=\"width: 100%;\" controls=\"controls\"><source type=\"audio\/mpeg\" src=\"https:\/\/www.radiopiu.net\/wordpress\/wp-content\/uploads\/2020\/03\/MANFREDI-TORNEO-AGORDINO-RINVIATO-IN-AUTUNNO.mp3?_=13\" \/><a href=\"https:\/\/www.radiopiu.net\/wordpress\/wp-content\/uploads\/2020\/03\/MANFREDI-TORNEO-AGORDINO-RINVIATO-IN-AUTUNNO.mp3\">https:\/\/www.radiopiu.net\/wordpress\/wp-content\/uploads\/2020\/03\/MANFREDI-TORNEO-AGORDINO-RINVIATO-IN-AUTUNNO.mp3<\/a><\/audio>\n<p>&nbsp;<\/p>\n<p>&nbsp;<\/p>\n<p>&nbsp;<\/p>\n<p>&nbsp;<\/p>\n<p><b><a class=\"dt-pswp-item\" href=\"https:\/\/www.radiopiu.net\/wordpress\/wp-content\/uploads\/2018\/09\/WhatsApp-Image-2018-09-20-at-16.04.06.jpeg\" data-dt-img-description=\"\" data-large_image_width=\"800\" data-large_image_height=\"100\"><img loading=\"lazy\" decoding=\"async\" class=\"aligncenter wp-image-61378 size-full\" src=\"https:\/\/www.radiopiu.net\/wordpress\/wp-content\/uploads\/2018\/09\/WhatsApp-Image-2018-09-20-at-16.04.06.jpeg\" alt=\"\" width=\"800\" height=\"100\" srcset=\"https:\/\/www.radiopiu.net\/wordpress\/wp-content\/uploads\/2018\/09\/WhatsApp-Image-2018-09-20-at-16.04.06.jpeg 800w, https:\/\/www.radiopiu.net\/wordpress\/wp-content\/uploads\/2018\/09\/WhatsApp-Image-2018-09-20-at-16.04.06-300x38.jpeg 300w, https:\/\/www.radiopiu.net\/wordpress\/wp-content\/uploads\/2018\/09\/WhatsApp-Image-2018-09-20-at-16.04.06-768x96.jpeg 768w\" sizes=\"auto, (max-width: 800px) 100vw, 800px\" \/><\/a><\/b><\/p>\n<p>&nbsp;<\/p>\n<p><b>Mercoledi 11<\/b> <b>Tempo atteso: <\/b>Tempo ben soleggiato, con aria tersa ed ottima visibilit\u00e0. Clima diurno anormalmente mite in quota. Lieve inversione termica nelle valli al primo mattino e mitezza diurna.<br \/>\n<b>Precipitazioni: <\/b>Assenti (0%).<br \/>\n<b>Temperature: <\/b>In generale sensibile aumento, eccetto locali diminuzione delle minime nei fondovalle prealpini. I valori diurni saranno ben superiori alle medie del periodo, specie in alta quota. Su Prealpi a 1500 m min 5\u00b0C max 11\u00b0C, a 2000 m min 3\u00b0C max 7\u00b0C. Su Dolomiti a 2000 m min 2\u00b0C max 8\u00b0C, a 3000 m min 0\u00b0C max 2\u00b0C.<br \/>\n<b>Venti: <\/b>Nelle valli deboli di direzione variabile, con consueti rinforzi in alcuni settori prealpini per brezze notturne, specie a ridosso della pedemontana; in quota moderati\/tesi da nord-ovest, anche temporaneamente forti oltre i 2500\/2600 m durante la notte, a 10-25 km\/h a 2000 m, 30-55 km\/h a 3000 m.<\/p>\n<hr \/>\n<p><b>Giovedi 12<\/b> <b>Tempo atteso: <\/b>Tempo soleggiato con prime nubi alte al mattino, non escluse locali nubi basse mattutine su alcuni settori prealpini. Al pomeriggio nubi stratiformi giungeranno sui monti veneti coprendo il cielo, dapprima alte poi medio-alte e assai pi\u00f9 compatte. In quota clima ancora molto mite per il periodo, mentre aria pi\u00f9 fresca giunger\u00e0 nei bassi strati.<br \/>\n<b>Precipitazioni: <\/b>Assenti (0%).<br \/>\n<b>Temperature: <\/b>In ulteriore lieve aumento in quota, dove saranno ben al di sopra dei valori stagionali. Nelle valli minime in aumento, con inversione termica, massime in leggera flessione. Su Prealpi a 1500 m min 5\u00b0C max 8\u00b0C, a 2000 m min 4\u00b0C max 5\u00b0C. Su Dolomiti a 2000 m min 4\u00b0C max 6\u00b0C, a 3000 m min 1\u00b0C max 3\u00b0C.<br \/>\n<b>Venti: <\/b>Nelle valli deboli di direzione variabile, con consueti rinforzi in alcuni settori prealpini per brezze notturne, specie a ridosso della pedemontana; in quota moderati da ovest, anche tesi oltre i 2500\/2600 m durante la notte, a 10-25 km\/h a 2000 m, 30-35 km\/h a 3000 m.<\/p>\n<hr \/>\n<p><b>Venerdi 13<\/b>Nuvolosit\u00e0 in aumento per nubi stratiformi, anche basse, con qualche sporadica e debolissima precipitazione tra il pomeriggio e la sera; eventuali fiocchi di neve sopra i 2000 m, in abbassamento fino sui 1600\/1700 m in serata, qualora precipitasse ancora. Temperature in calo, specie in quota, dove saranno osservate alla sera. Venti in quota moderati tesi da sud-ovest al mattino, in rotazione da nord-ovest attenuandosi al pomeriggio.<\/p>\n<hr \/>\n<p><b>Sabato 14<\/b>Al primo mattino sole in quota sulle Dolomiti centro-settentrionali e insidia di nubi basse in alcune valli. Altrove il cielo sar\u00e0 gi\u00e0 coperto da fitta nuvolosit\u00e0 associata a qualche debole precipitazione, nevose oltre i 1000\/1100 m. Nubi e fenomeni che si estenderanno alle Dolomiti dalla tarda mattinata in poi, mentre potranno essere moderati sulle Prealpi. Temperature in generale diminuzione e di nuovo sotto le medie del periodo. Venti in quota moderati\/tesi da sud-ovest al mattino, disponendosi da nord-est al pomeriggio, attenuandosi. Previsore: R.L.Th.<\/p>\n","protected":false},"excerpt":{"rendered":"<p>PER RICEVERE QUESTO NOTIZIARIO DIRETTAMENTE SUL TUO CELLULARE ISCRIVITI AL CANALE TELEGRAM &#8220;RADIO PIU\u00a0 INFORMAZIONE 203 agordina LOCALITA&#8217; CANDATEN DA OGGI AL 30 APRILE RIDUZIONE DELLA CARREGGIATA CON LIMITAZIONE DELLA VELOCITA&#8217; A 40 CHILOMETRI ORARI PER CONSOLIDAMENTO CORPO STRADALE IL CORONAVIRUS NON SI FERMA NEMMENO ALL&#8217;ALT DEI CARABINIERI. MONTAGNA SPETTRALE RIMANGONO SOLO I RESIDENTI E&hellip;<\/p>\n","protected":false},"author":1,"featured_media":121510,"comment_status":"closed","ping_status":"closed","sticky":false,"template":"","format":"standard","meta":{"_monsterinsights_skip_tracking":false,"_monsterinsights_sitenote_active":false,"_monsterinsights_sitenote_note":"","_monsterinsights_sitenote_category":0,"footnotes":""},"categories":[1,86,49],"tags":[],"class_list":["post-121413","post","type-post","status-publish","format-standard","has-post-thumbnail","hentry","category-senza-categoria","category-gr","category-news-18","category-1","category-86","category-49","description-off"],"img_url":"https:\/\/www.radiopiu.net\/wordpress\/wp-content\/uploads\/2020\/03\/cb78b13f-85d0-432d-ba5a-caab5cc9c8c2.jpg","_links":{"self":[{"href":"https:\/\/www.radiopiu.net\/wordpress\/wp-json\/wp\/v2\/posts\/121413","targetHints":{"allow":["GET"]}}],"collection":[{"href":"https:\/\/www.radiopiu.net\/wordpress\/wp-json\/wp\/v2\/posts"}],"about":[{"href":"https:\/\/www.radiopiu.net\/wordpress\/wp-json\/wp\/v2\/types\/post"}],"author":[{"embeddable":true,"href":"https:\/\/www.radiopiu.net\/wordpress\/wp-json\/wp\/v2\/users\/1"}],"replies":[{"embeddable":true,"href":"https:\/\/www.radiopiu.net\/wordpress\/wp-json\/wp\/v2\/comments?post=121413"}],"version-history":[{"count":0,"href":"https:\/\/www.radiopiu.net\/wordpress\/wp-json\/wp\/v2\/posts\/121413\/revisions"}],"wp:featuredmedia":[{"embeddable":true,"href":"https:\/\/www.radiopiu.net\/wordpress\/wp-json\/wp\/v2\/media\/121510"}],"wp:attachment":[{"href":"https:\/\/www.radiopiu.net\/wordpress\/wp-json\/wp\/v2\/media?parent=121413"}],"wp:term":[{"taxonomy":"category","embeddable":true,"href":"https:\/\/www.radiopiu.net\/wordpress\/wp-json\/wp\/v2\/categories?post=121413"},{"taxonomy":"post_tag","embeddable":true,"href":"https:\/\/www.radiopiu.net\/wordpress\/wp-json\/wp\/v2\/tags?post=121413"}],"curies":[{"name":"wp","href":"https:\/\/api.w.org\/{rel}","templated":true}]}}