{"id":121601,"date":"2020-03-11T17:13:57","date_gmt":"2020-03-11T16:13:57","guid":{"rendered":"https:\/\/www.radiopiu.net\/wordpress\/?p=121601"},"modified":"2020-03-11T17:24:09","modified_gmt":"2020-03-11T16:24:09","slug":"supporto-a-veneto-strade-per-valanga","status":"publish","type":"post","link":"https:\/\/www.radiopiu.net\/wordpress\/supporto-a-veneto-strade-per-valanga\/","title":{"rendered":"VALANGHE SULLA STRADA PER PASSO GIAU, NESSUN FERITO"},"content":{"rendered":"<div><strong><a class=\"dt-pswp-item\" href=\"https:\/\/www.radiopiu.net\/wordpress\/wp-content\/uploads\/2020\/03\/24538_passogiau-inverno.jpg\" data-dt-img-description=\"\" data-large_image_width=\"600\" data-large_image_height=\"251\"><img loading=\"lazy\" decoding=\"async\" class=\" wp-image-121606 alignleft\" src=\"https:\/\/www.radiopiu.net\/wordpress\/wp-content\/uploads\/2020\/03\/24538_passogiau-inverno-300x126.jpg\" alt=\"\" width=\"212\" height=\"89\" srcset=\"https:\/\/www.radiopiu.net\/wordpress\/wp-content\/uploads\/2020\/03\/24538_passogiau-inverno-300x126.jpg 300w, https:\/\/www.radiopiu.net\/wordpress\/wp-content\/uploads\/2020\/03\/24538_passogiau-inverno.jpg 600w\" sizes=\"auto, (max-width: 212px) 100vw, 212px\" \/><\/a>COLLE SANTA LUCIA <\/strong>\u00a0 Alle 13 circa il Soccorso alpino della Val Fiorentina \u00e8 stato allertato a seguito della chiamata al 118 di un automobilista che, di passaggio sulla strada verso Passo Giau, sotto il Rifugio Fedare, segnalava la presenza di una valanga sulla sede stradale. Una volta sul posto, una squadra ha verificato che si trattava di un distacco di limitate dimensioni, ma poich\u00e9 subito dopo ne \u00e8 avvenuto un secondo di maggiore entit\u00e0, i soccorritori sono rimasti a prestare assistenza agli operatori di Veneto strade durante lo sgombero.<\/div>\n","protected":false},"excerpt":{"rendered":"<p>COLLE SANTA LUCIA \u00a0 Alle 13 circa il Soccorso alpino della Val Fiorentina \u00e8 stato allertato a seguito della chiamata al 118 di un automobilista che, di passaggio sulla strada verso Passo Giau, sotto il Rifugio Fedare, segnalava la presenza di una valanga sulla sede stradale. Una volta sul posto, una squadra ha verificato che&hellip;<\/p>\n","protected":false},"author":1,"featured_media":121606,"comment_status":"closed","ping_status":"closed","sticky":false,"template":"","format":"standard","meta":{"_monsterinsights_skip_tracking":false,"_monsterinsights_sitenote_active":false,"_monsterinsights_sitenote_note":"","_monsterinsights_sitenote_category":0,"footnotes":""},"categories":[51,49],"tags":[],"class_list":["post-121601","post","type-post","status-publish","format-standard","has-post-thumbnail","hentry","category-evidenza-top","category-news-18","category-51","category-49","description-off"],"img_url":"https:\/\/www.radiopiu.net\/wordpress\/wp-content\/uploads\/2020\/03\/24538_passogiau-inverno.jpg","_links":{"self":[{"href":"https:\/\/www.radiopiu.net\/wordpress\/wp-json\/wp\/v2\/posts\/121601","targetHints":{"allow":["GET"]}}],"collection":[{"href":"https:\/\/www.radiopiu.net\/wordpress\/wp-json\/wp\/v2\/posts"}],"about":[{"href":"https:\/\/www.radiopiu.net\/wordpress\/wp-json\/wp\/v2\/types\/post"}],"author":[{"embeddable":true,"href":"https:\/\/www.radiopiu.net\/wordpress\/wp-json\/wp\/v2\/users\/1"}],"replies":[{"embeddable":true,"href":"https:\/\/www.radiopiu.net\/wordpress\/wp-json\/wp\/v2\/comments?post=121601"}],"version-history":[{"count":0,"href":"https:\/\/www.radiopiu.net\/wordpress\/wp-json\/wp\/v2\/posts\/121601\/revisions"}],"wp:featuredmedia":[{"embeddable":true,"href":"https:\/\/www.radiopiu.net\/wordpress\/wp-json\/wp\/v2\/media\/121606"}],"wp:attachment":[{"href":"https:\/\/www.radiopiu.net\/wordpress\/wp-json\/wp\/v2\/media?parent=121601"}],"wp:term":[{"taxonomy":"category","embeddable":true,"href":"https:\/\/www.radiopiu.net\/wordpress\/wp-json\/wp\/v2\/categories?post=121601"},{"taxonomy":"post_tag","embeddable":true,"href":"https:\/\/www.radiopiu.net\/wordpress\/wp-json\/wp\/v2\/tags?post=121601"}],"curies":[{"name":"wp","href":"https:\/\/api.w.org\/{rel}","templated":true}]}}