{"id":121781,"date":"2020-03-12T15:20:18","date_gmt":"2020-03-12T14:20:18","guid":{"rendered":"https:\/\/www.radiopiu.net\/wordpress\/?p=121781"},"modified":"2020-03-12T15:20:18","modified_gmt":"2020-03-12T14:20:18","slug":"de-carlo-fermate-le-fabbriche","status":"publish","type":"post","link":"https:\/\/www.radiopiu.net\/wordpress\/de-carlo-fermate-le-fabbriche\/","title":{"rendered":"DE CARLO: FERMATE LE FABBRICHE"},"content":{"rendered":"<p>&nbsp;<\/p>\n<p><strong> <img loading=\"lazy\" decoding=\"async\" class=\"alignleft\" src=\"https:\/\/www.radiopiu.net\/wordpress\/wp-content\/uploads\/2019\/03\/DE-CARLO-300x300.jpg\" width=\"226\" height=\"226\" \/>ROMA<\/strong> &#8220;Un appello ai cittadini a restare in casa e uno forte al Governo affinch\u00e8 chiuda tutto, fabbriche comprese&#8221;, a lanciarlo \u00e8 il coordinatore regionale di Fratelli d&#8217;Italia, Luca De Carlo.<br \/>\n\u201cNon capisco in base a quale criterio sarebbe pi\u00f9 facile infettarsi dal parrucchiere piuttosto che in fabbrica. Lo vediamo in tutta Italia, in tutto il Veneto, da Cibiana di Cadore a Marghera: operai che lavorano ore nello stesso locale, e prima e dopo affollano le stazioni e i mezzi pubblici. Serve un blocco totale per tutelare la salute dei lavoratori, e anche per rispetto a quelle migliaia di operatori della sanit\u00e0 da oltre un mese in prima linea in questa enorme battaglia\u201d. De Carlo chiede subito un blocco nazionale alle attivit\u00e0 delle fabbriche \u201cperch\u00e8 non si pu\u00f2 delegare ancora questa scelta agli imprenditori. Nei giorni scorsi, prima dell&#8217;ultimo decreto, gi\u00e0 alcuni negozi e ristoranti avevano scelto di tenere chiuso; oggi mi sono arrivate notizie di grandi realt\u00e0 che hanno deciso autonomamente il blocco: per esempio, i &#8216;Cantieri Vittoria di Adria&#8217;, nel Rodigino, che avevo visitato personalmente pochi giorni fa dopo l&#8217;assalto da parte dei centri sociali\u201d. Fondamentale, per il coordinatore veneto, agire subito: \u201cSe la proiezione dei due milioni di infetti in un mese in Veneto \u00e8 veritiera, \u00e8 un dato sconcertante. Bisogna chiudere tutto e lasciare operativi solo i servizi salvavita, come alimentari e farmacie, introducendo anche per loro un sistema di turnazione\u201d.<br \/>\nDe Carlo e Fratelli d&#8217;Italia attendono con ansia le prossime mosse del Governo, in particolare il decreto che sar\u00e0 approvato domani. \u201cConfidiamo che siano state raccolte tutte le nostre proposte: non solo la cassa integrazione per i lavoratori dipendenti, ma tutte quelle formule di tutela e sostegno per i liberi professionisti, le partite iva e le famiglie. Non sono strumenti per rilanciare l&#8217;economia: oggi dobbiamo impegnarci per salvarla e farla restare in piedi\u201d. Infine, un appello a quei \u2013 tanti, troppi \u2013 cittadini che hanno lasciato o vogliono lasciare la propria abitazione per raggiungere la seconda casa al mare o in montagna: \u201cRestate a casa. Ci sar\u00e0 tempo per godere delle nostre meraviglie naturali; non c&#8217;\u00e8 nessun bisogno di spostarsi, anzi: ci sono possibilit\u00e0 di incidenti, o di controlli da parte delle forze dell&#8217;ordine. Non sono spostamenti consentiti dai decreti, per cui correte il rischio anche di vedervi sanzionati\u201d.<\/p>\n","protected":false},"excerpt":{"rendered":"<p>&nbsp; ROMA &#8220;Un appello ai cittadini a restare in casa e uno forte al Governo affinch\u00e8 chiuda tutto, fabbriche comprese&#8221;, a lanciarlo \u00e8 il coordinatore regionale di Fratelli d&#8217;Italia, Luca De Carlo. \u201cNon capisco in base a quale criterio sarebbe pi\u00f9 facile infettarsi dal parrucchiere piuttosto che in fabbrica. Lo vediamo in tutta Italia, in&hellip;<\/p>\n","protected":false},"author":1,"featured_media":78825,"comment_status":"closed","ping_status":"closed","sticky":false,"template":"","format":"standard","meta":{"_monsterinsights_skip_tracking":false,"_monsterinsights_sitenote_active":false,"_monsterinsights_sitenote_note":"","_monsterinsights_sitenote_category":0,"footnotes":""},"categories":[51,49],"tags":[],"class_list":["post-121781","post","type-post","status-publish","format-standard","has-post-thumbnail","hentry","category-evidenza-top","category-news-18","category-51","category-49","description-off"],"img_url":"https:\/\/www.radiopiu.net\/wordpress\/wp-content\/uploads\/2019\/03\/DE-CARLO.jpg","_links":{"self":[{"href":"https:\/\/www.radiopiu.net\/wordpress\/wp-json\/wp\/v2\/posts\/121781","targetHints":{"allow":["GET"]}}],"collection":[{"href":"https:\/\/www.radiopiu.net\/wordpress\/wp-json\/wp\/v2\/posts"}],"about":[{"href":"https:\/\/www.radiopiu.net\/wordpress\/wp-json\/wp\/v2\/types\/post"}],"author":[{"embeddable":true,"href":"https:\/\/www.radiopiu.net\/wordpress\/wp-json\/wp\/v2\/users\/1"}],"replies":[{"embeddable":true,"href":"https:\/\/www.radiopiu.net\/wordpress\/wp-json\/wp\/v2\/comments?post=121781"}],"version-history":[{"count":0,"href":"https:\/\/www.radiopiu.net\/wordpress\/wp-json\/wp\/v2\/posts\/121781\/revisions"}],"wp:featuredmedia":[{"embeddable":true,"href":"https:\/\/www.radiopiu.net\/wordpress\/wp-json\/wp\/v2\/media\/78825"}],"wp:attachment":[{"href":"https:\/\/www.radiopiu.net\/wordpress\/wp-json\/wp\/v2\/media?parent=121781"}],"wp:term":[{"taxonomy":"category","embeddable":true,"href":"https:\/\/www.radiopiu.net\/wordpress\/wp-json\/wp\/v2\/categories?post=121781"},{"taxonomy":"post_tag","embeddable":true,"href":"https:\/\/www.radiopiu.net\/wordpress\/wp-json\/wp\/v2\/tags?post=121781"}],"curies":[{"name":"wp","href":"https:\/\/api.w.org\/{rel}","templated":true}]}}