{"id":121811,"date":"2020-03-12T17:43:47","date_gmt":"2020-03-12T16:43:47","guid":{"rendered":"https:\/\/www.radiopiu.net\/wordpress\/?p=121811"},"modified":"2020-03-12T18:08:31","modified_gmt":"2020-03-12T17:08:31","slug":"franco-roccon-chiede-al-sindaco-di-belluno-di-sospendere-i-tributi-locali-alle-attivita-commerciali","status":"publish","type":"post","link":"https:\/\/www.radiopiu.net\/wordpress\/franco-roccon-chiede-al-sindaco-di-belluno-di-sospendere-i-tributi-locali-alle-attivita-commerciali\/","title":{"rendered":"FRANCO ROCCON CHIEDE AL SINDACO DI BELLUNO DI SOSPENDERE I TRIBUTI LOCALI ALLE ATTIVITA\u2019 COMMERCIALI"},"content":{"rendered":"<p class=\"p1\"><span class=\"s1\"><b><a class=\"dt-pswp-item\" href=\"https:\/\/www.radiopiu.net\/wordpress\/wp-content\/uploads\/2018\/06\/Roccon-Franco.jpg\" data-dt-img-description=\"\" data-large_image_width=\"402\" data-large_image_height=\"483\"><img loading=\"lazy\" decoding=\"async\" class=\"size-medium wp-image-52102 alignleft\" src=\"https:\/\/www.radiopiu.net\/wordpress\/wp-content\/uploads\/2018\/06\/Roccon-Franco-250x300.jpg\" alt=\"\" width=\"250\" height=\"300\" srcset=\"https:\/\/www.radiopiu.net\/wordpress\/wp-content\/uploads\/2018\/06\/Roccon-Franco-250x300.jpg 250w, https:\/\/www.radiopiu.net\/wordpress\/wp-content\/uploads\/2018\/06\/Roccon-Franco.jpg 402w\" sizes=\"auto, (max-width: 250px) 100vw, 250px\" \/><\/a>BELLUNO <\/b>Il Consigliere Capogruppo di Civilt\u00e0 Bellunese &#8211; Liga Veneta Repubblica Franco Roccon ha inviato al sindaco di Belluno, Jacopo Massaro, una lettera per chiedere la sospensiva dei tributi locali per le attivit\u00e0 commerciali ed economiche in seguito all\u2019emergenza COVID-19. <\/span><\/p>\n<p class=\"p1\"><span class=\"s1\">\u201cLe attivit\u00e0 commerciali sono le prime &#8211; scrive Roccon &#8211; assieme agli operatori turistici, ad avere le immediate ripercussioni di questa azione in quanto vivono ed operano d\u2019incassi quotidiani per almeno il 70% e ci\u00f2 consente loro di far fronte alle spese mensili quali affitti, spese di gestione, luce, gas, acqua, imposte e tassazioni locali, anticipi e quant\u2019altro. Uno stop forzato di quasi un mese, render\u00e0 il tessuto commerciale povero con numerose chiusure definitive. Viste le difficolt\u00e0, &#8211; continua Franco Roccon &#8211; chiedo di intervenire con un provvedimento per sospendere, per almeno 6 mesi o fino a fine 2020, i tributi comunali quali IMU, TASI, TARI, imposte per la pubblicit\u00e0 delle insegne, occupazione del suolo pubblico e quant\u2019altro. Lascio a lei &#8211; conclude Roccon &#8211; considerare se le mancate entrate a questa sospensiva possono ricadere in una pi\u00f9 puntuale richiesta allo Stato (anche attraverso ANCI) di utilizzare, attraverso i comuni, il fondo destinato dal Governo a favore delle imprese e le attivit\u00e0 economiche in grosse difficolt\u00e0 di liquidit\u00e0. Sono consapevole che le norme che regolano il bilancio comunale non prevedono grandi opportunit\u00e0 per far fronte ad imprevisti eccezionali come questi ma valuti di di farsi autorizzare di poter accedere, in termini provvisori, al fondo di riserva del bilancio in attesa di vedere la copertura della posta in bilancio da parte degli esercenti le attivit\u00e0 economiche nel 2021 o da parte dello Stato con proprio provvedimento\u201d<\/span><\/p>\n","protected":false},"excerpt":{"rendered":"<p>BELLUNO Il Consigliere Capogruppo di Civilt\u00e0 Bellunese &#8211; Liga Veneta Repubblica Franco Roccon ha inviato al sindaco di Belluno, Jacopo Massaro, una lettera per chiedere la sospensiva dei tributi locali per le attivit\u00e0 commerciali ed economiche in seguito all\u2019emergenza COVID-19. \u201cLe attivit\u00e0 commerciali sono le prime &#8211; scrive Roccon &#8211; assieme agli operatori turistici, ad&hellip;<\/p>\n","protected":false},"author":4,"featured_media":52102,"comment_status":"closed","ping_status":"closed","sticky":false,"template":"","format":"standard","meta":{"_monsterinsights_skip_tracking":false,"_monsterinsights_sitenote_active":false,"_monsterinsights_sitenote_note":"","_monsterinsights_sitenote_category":0,"footnotes":""},"categories":[49],"tags":[],"class_list":["post-121811","post","type-post","status-publish","format-standard","has-post-thumbnail","hentry","category-news-18","category-49","description-off"],"img_url":"https:\/\/www.radiopiu.net\/wordpress\/wp-content\/uploads\/2018\/06\/Roccon-Franco.jpg","_links":{"self":[{"href":"https:\/\/www.radiopiu.net\/wordpress\/wp-json\/wp\/v2\/posts\/121811","targetHints":{"allow":["GET"]}}],"collection":[{"href":"https:\/\/www.radiopiu.net\/wordpress\/wp-json\/wp\/v2\/posts"}],"about":[{"href":"https:\/\/www.radiopiu.net\/wordpress\/wp-json\/wp\/v2\/types\/post"}],"author":[{"embeddable":true,"href":"https:\/\/www.radiopiu.net\/wordpress\/wp-json\/wp\/v2\/users\/4"}],"replies":[{"embeddable":true,"href":"https:\/\/www.radiopiu.net\/wordpress\/wp-json\/wp\/v2\/comments?post=121811"}],"version-history":[{"count":0,"href":"https:\/\/www.radiopiu.net\/wordpress\/wp-json\/wp\/v2\/posts\/121811\/revisions"}],"wp:featuredmedia":[{"embeddable":true,"href":"https:\/\/www.radiopiu.net\/wordpress\/wp-json\/wp\/v2\/media\/52102"}],"wp:attachment":[{"href":"https:\/\/www.radiopiu.net\/wordpress\/wp-json\/wp\/v2\/media?parent=121811"}],"wp:term":[{"taxonomy":"category","embeddable":true,"href":"https:\/\/www.radiopiu.net\/wordpress\/wp-json\/wp\/v2\/categories?post=121811"},{"taxonomy":"post_tag","embeddable":true,"href":"https:\/\/www.radiopiu.net\/wordpress\/wp-json\/wp\/v2\/tags?post=121811"}],"curies":[{"name":"wp","href":"https:\/\/api.w.org\/{rel}","templated":true}]}}