{"id":121894,"date":"2020-03-12T23:01:49","date_gmt":"2020-03-12T22:01:49","guid":{"rendered":"https:\/\/www.radiopiu.net\/wordpress\/?p=121894"},"modified":"2020-03-12T23:07:24","modified_gmt":"2020-03-12T22:07:24","slug":"storia-e-s","status":"publish","type":"post","link":"https:\/\/www.radiopiu.net\/wordpress\/storia-e-s\/","title":{"rendered":"STORIA E SIMBOLI DEI COMUNI DELLA PROVINCIA DI BELLUNO di RENATO BONA"},"content":{"rendered":"<p><strong>BELLUNO<\/strong> Nel settembre di trent\u2019anni fa veniva stampato dallo stabilimento tipolitografico \u201cPanfilo Castaldi\u201d di Feltre un volumetto di 84 pagine dal titolo: \u201cI Comuni della Provincia di Belluno Storia e Simboli\u201d. L\u2019iniziativa dell\u2019amministrazione comunale del capoluogo di Provincia, Belluno, era stata portata avanti dall\u2019assessorato all\u2019urbanistica guidato da Edoardo Bristot il quale, nella presentazione del libro, premesso che \u201cSono trascorsi quasi duecento anni da quando Belluno, che in precedenza era sede di un distretto governato attraverso l\u2019esperienza dei nobili, \u00e8 diventata capoluogo di una provincia\u201d ricordava che \u201cGli ingegneri della burocrazia napoleonica fecero confluire in tale nuova figura amministrativa altre aree che avevano alle spalle una storia, individuata da distinte esperienze, parimenti aristocratica, quella di Feltre, e democratica invece quella del Cadore\u2026\u201d. E aggiungeva: \u201cI segmenti di storia che si sono succeduti in questo arco di tempo, hanno rilevato il progressivo acquisto d\u2019importanza di Belluno non soltanto come centro burocratico e istituzionale ma anche come luogo in cui si svolgono le funzioni di servizio a favore dell\u2019intero comprensorio e di cerniera attrezzata tra le zone in quota e quelle del fondovalle. In tale senso il ruolo di Belluno capoluogo \u00e8 cresciuto e si \u00e8 sviluppato accentuando i caratteri della sua importanza anche sul piano culturale\u201d. E concludeva: \u201cCos\u00ec\u2019, nell\u2019affidare alla comunit\u00e0 cittadina e provinciale la nuova struttura rappresentata dalla Fontana di Piazza dei Martiri, l\u2019Amministrazione comunale ha inteso sottolienare tale aspetto di centro urbano a disposizione delle vallate che vi convergono e che, nelle loro autonomie storiche, riconoscono ora in Belluno un insostituibile valido referente\u201d. Con la collocazione in rilievo degli stemmi municipali dei 69 Comuni, l\u2019arredo urbano di Belluno si \u00e8 arricchito di una raffigurazione suggestiva che deriva da tale prospettiva e dunque, rispecchiando una realt\u00e0 effettiva unisce nell\u2019attualit\u00e0 storica e nelle prospettive del futuro, \u201cl\u2019ampio e vario contesto delle istituzioni locali che condividono col capoluogo la responsabile gestione e promozione degli interessi generali\u201d. La pubblicazione era stata realizzata col contributo della Cassa di Risparmio ora Unicredit, e la collaborazione dei Comuni per il reperimento dei vari simboli, del direttore de Il Gazzettino, Giorgio Lago, e del giornalista Fiorello Zangrando, riproduzioni fotografiche di Guido Fiabane (opportunamente si ricorda che la fusione in bronzo degli stemmi per la fontana &#8211; la cui ristrutturazione era stata curata dall\u2019architetto Sergio Rigo &#8211; fu della fonderia Bridda Armando) contestualmente ad una mostra pure organizzata e coordinata dalla ing. Anna Ribul Olzer, capo della sezione urbanistica del Comune di Belluno. Venendo ai giorni nostri c\u2019\u00e8 da ricordare che &#8211; lo si pu\u00f2 leggere nel sito tuttitalia.it &#8211; il 16 dicembre 2017 il Comune di Sappada \u00e8 passato dalla provincia di Belluno alla provincia di Udine dove risulta essere il secondo comune pi\u00f9 alto del Friuli Venezia Giulia per altitudine del punto in cui \u00e8 situata la casa comunale. Altra curiosit\u00e0, oltre al cambio del Codice di avviamento postale da 32047 a 33012: nella storia della Repubblica italiana quello di Sappada \u00e8 il secondo trasferimento amministrativo di comuni da una regione ad un\u2019altra dopo il passaggio dei sette comuni dell\u2019Alta Valmarecchia dalle Marche all\u2019Emilia Romagna, avvenuto nel 2009. E qualcuno ora si domanda se sia o no il caso mantenere nella fontana di Piazza dei Martiri lo stemma di Sappada e cosa fare di quelli di Trichiana, Mel e Lentiai, dopo che il 30 gennaio 2019 \u00e8 nato il nuovo comune di Borgo Valbelluna (il nome, come ricorda la libera enciclopedia Wikipedia, era stato deciso il 10 giugno 2018) dalla fusione dei tre comuni suddetti. Di quelli di Quero e Vas: il nuovo comune di Quero Vas che si estende sulle due rive del Piave nel punto in cui il \u201cfiume sacro alla Patria\u201d lascia il Bellunese ed entra nel Trevigiano. L\u2019iter costitutivo della nuova realt\u00e0 comunale era partito col referendum del 27 ottobre 2013 ed il successivo 17 dicembre la Regione ratificava la nascita del nuovo ente poi approvata all\u2019unanimit\u00e0 dal Consiglio veneto. Di quelli di Forno di Zoldo e Zoldo Alto: il nuovo comune di Val di Zoldo, che fa parte dell\u2019Unione montana Cadore, Longaronese, Zoldo, nasce il 23 febbraio 2016 in seguito alla fusione dei due comuni; la sede comunale \u00e8 a Fusine, gi\u00e0 capoluogo di Zoldo Alto. Infine di quelli di Alpago, la nuova realt\u00e0 nata dalla fusione tra i comuni di Farra, Pieve e Puos \u00e8 operativa dal 23 febbraio 2016 (Un primo tentativo di fusione fu proposto nel 1997 e riguardava anche gli altri due comuni della Conca alpagota: Chies d\u2019Alpago e Tambre, ma non ebbe successo. Poi i tre comuni dove il s\u00ec era prevalso ripresero il progetto che ha superato ogni ostacolo ed \u00e8 passato dopo il referendum popolare del 17 gennaio 2016).<\/p>\n\n\t\t\t<style type='text\/css'>\n\t\t\t\t#gallery-1 {\n\t\t\t\t\tmargin: auto;\n\t\t\t\t}\n\t\t\t\t#gallery-1 .gallery-item {\n\t\t\t\t\tfloat: left;\n\t\t\t\t\tmargin-top: 10px;\n\t\t\t\t\ttext-align: center;\n\t\t\t\t\twidth: 33%;\n\t\t\t\t}\n\t\t\t\t#gallery-1 img {\n\t\t\t\t\tborder: 2px solid #cfcfcf;\n\t\t\t\t}\n\t\t\t\t#gallery-1 .gallery-caption {\n\t\t\t\t\tmargin-left: 0;\n\t\t\t\t}\n\t\t\t\t\/* see gallery_shortcode() in wp-includes\/media.php *\/\n\t\t\t<\/style>\n\t\t<div id='gallery-1' class='dt-gallery-container gallery galleryid-121894 gallery-columns-3 gallery-size-thumbnail'><dl class='gallery-item'>\n\t\t\t\t<dt class='gallery-icon portrait'>\n\t\t\t\t\t<a class=\"rollover\" href='https:\/\/www.radiopiu.net\/wordpress\/storia-e-s\/89549555_2588708508079759_5651548775324319744_n\/'><img loading=\"lazy\" decoding=\"async\" width=\"150\" height=\"150\" src=\"https:\/\/www.radiopiu.net\/wordpress\/wp-content\/uploads\/2020\/03\/89549555_2588708508079759_5651548775324319744_n-150x150.jpg\" class=\"attachment-thumbnail size-thumbnail\" alt=\"\" \/><\/a>\n\t\t\t\t<\/dt><\/dl><dl class='gallery-item'>\n\t\t\t\t<dt class='gallery-icon portrait'>\n\t\t\t\t\t<a class=\"rollover\" href='https:\/\/www.radiopiu.net\/wordpress\/storia-e-s\/89227320_208083413771851_8482700481368424448_n\/'><img loading=\"lazy\" decoding=\"async\" width=\"150\" height=\"150\" src=\"https:\/\/www.radiopiu.net\/wordpress\/wp-content\/uploads\/2020\/03\/89227320_208083413771851_8482700481368424448_n-150x150.jpg\" class=\"attachment-thumbnail size-thumbnail\" alt=\"\" \/><\/a>\n\t\t\t\t<\/dt><\/dl><dl class='gallery-item'>\n\t\t\t\t<dt class='gallery-icon landscape'>\n\t\t\t\t\t<a class=\"rollover\" href='https:\/\/www.radiopiu.net\/wordpress\/storia-e-s\/89268749_1059877711038087_6201494276442947584_n\/'><img loading=\"lazy\" decoding=\"async\" width=\"150\" height=\"150\" src=\"https:\/\/www.radiopiu.net\/wordpress\/wp-content\/uploads\/2020\/03\/89268749_1059877711038087_6201494276442947584_n-150x150.jpg\" class=\"attachment-thumbnail size-thumbnail\" alt=\"\" \/><\/a>\n\t\t\t\t<\/dt><\/dl><br style=\"clear: both\" \/><dl class='gallery-item'>\n\t\t\t\t<dt class='gallery-icon landscape'>\n\t\t\t\t\t<a class=\"rollover\" href='https:\/\/www.radiopiu.net\/wordpress\/storia-e-s\/90087751_873319623141034_4841487088253665280_n\/'><img loading=\"lazy\" decoding=\"async\" width=\"150\" height=\"150\" src=\"https:\/\/www.radiopiu.net\/wordpress\/wp-content\/uploads\/2020\/03\/90087751_873319623141034_4841487088253665280_n-150x150.jpg\" class=\"attachment-thumbnail size-thumbnail\" alt=\"\" \/><\/a>\n\t\t\t\t<\/dt><\/dl><dl class='gallery-item'>\n\t\t\t\t<dt class='gallery-icon portrait'>\n\t\t\t\t\t<a class=\"rollover\" href='https:\/\/www.radiopiu.net\/wordpress\/storia-e-s\/89072013_596553677566079_814161607016841216_n\/'><img loading=\"lazy\" decoding=\"async\" width=\"150\" height=\"150\" src=\"https:\/\/www.radiopiu.net\/wordpress\/wp-content\/uploads\/2020\/03\/89072013_596553677566079_814161607016841216_n-150x150.jpg\" class=\"attachment-thumbnail size-thumbnail\" alt=\"\" \/><\/a>\n\t\t\t\t<\/dt><\/dl>\n\t\t\t\t<br style='clear: both' \/>\n\t\t\t<\/div>\n\n<p>&nbsp;<\/p>\n<p>NELLE FOTO (Riproduzioni dal libro del Comune di Belluno e Renato Bona): la copertina della pubblicazione; l\u2019allora assessore all\u2019urbanistica, Edoardo Bristot, immagine datata della Fontana di Piazza dei Martiri e una recente; lo stemma di Sappada in rilievo sulla Fontana di Piazza dei Martiri di Belluno.<\/p>\n","protected":false},"excerpt":{"rendered":"<p>BELLUNO Nel settembre di trent\u2019anni fa veniva stampato dallo stabilimento tipolitografico \u201cPanfilo Castaldi\u201d di Feltre un volumetto di 84 pagine dal titolo: \u201cI Comuni della Provincia di Belluno Storia e Simboli\u201d. L\u2019iniziativa dell\u2019amministrazione comunale del capoluogo di Provincia, Belluno, era stata portata avanti dall\u2019assessorato all\u2019urbanistica guidato da Edoardo Bristot il quale, nella presentazione del libro,&hellip;<\/p>\n","protected":false},"author":1,"featured_media":121898,"comment_status":"closed","ping_status":"closed","sticky":false,"template":"","format":"standard","meta":{"_monsterinsights_skip_tracking":false,"_monsterinsights_sitenote_active":false,"_monsterinsights_sitenote_note":"","_monsterinsights_sitenote_category":0,"footnotes":""},"categories":[49],"tags":[],"class_list":["post-121894","post","type-post","status-publish","format-standard","has-post-thumbnail","hentry","category-news-18","category-49","description-off"],"img_url":"https:\/\/www.radiopiu.net\/wordpress\/wp-content\/uploads\/2020\/03\/89072013_596553677566079_814161607016841216_n.jpg","_links":{"self":[{"href":"https:\/\/www.radiopiu.net\/wordpress\/wp-json\/wp\/v2\/posts\/121894","targetHints":{"allow":["GET"]}}],"collection":[{"href":"https:\/\/www.radiopiu.net\/wordpress\/wp-json\/wp\/v2\/posts"}],"about":[{"href":"https:\/\/www.radiopiu.net\/wordpress\/wp-json\/wp\/v2\/types\/post"}],"author":[{"embeddable":true,"href":"https:\/\/www.radiopiu.net\/wordpress\/wp-json\/wp\/v2\/users\/1"}],"replies":[{"embeddable":true,"href":"https:\/\/www.radiopiu.net\/wordpress\/wp-json\/wp\/v2\/comments?post=121894"}],"version-history":[{"count":0,"href":"https:\/\/www.radiopiu.net\/wordpress\/wp-json\/wp\/v2\/posts\/121894\/revisions"}],"wp:featuredmedia":[{"embeddable":true,"href":"https:\/\/www.radiopiu.net\/wordpress\/wp-json\/wp\/v2\/media\/121898"}],"wp:attachment":[{"href":"https:\/\/www.radiopiu.net\/wordpress\/wp-json\/wp\/v2\/media?parent=121894"}],"wp:term":[{"taxonomy":"category","embeddable":true,"href":"https:\/\/www.radiopiu.net\/wordpress\/wp-json\/wp\/v2\/categories?post=121894"},{"taxonomy":"post_tag","embeddable":true,"href":"https:\/\/www.radiopiu.net\/wordpress\/wp-json\/wp\/v2\/tags?post=121894"}],"curies":[{"name":"wp","href":"https:\/\/api.w.org\/{rel}","templated":true}]}}