{"id":122049,"date":"2020-03-13T18:57:47","date_gmt":"2020-03-13T17:57:47","guid":{"rendered":"https:\/\/www.radiopiu.net\/wordpress\/?p=122049"},"modified":"2020-03-13T20:31:40","modified_gmt":"2020-03-13T19:31:40","slug":"anche-a-belluno-nuove-modalita-operative-per-preservare-i-posti-letto-in-area-intensiva","status":"publish","type":"post","link":"https:\/\/www.radiopiu.net\/wordpress\/anche-a-belluno-nuove-modalita-operative-per-preservare-i-posti-letto-in-area-intensiva\/","title":{"rendered":"ANCHE A BELLUNO NUOVE MODALITA&#8217; OPERATIVE PER PRESERVARE I POSTI LETTO IN AREA INTENSIVA"},"content":{"rendered":"<p class=\"p1\"><span class=\"s1\"><b>BELLUNO. <\/b>Per preservare i posti letto di area intensiva, in previsione di un massiccio afflusso di pazienti, la Regione del Veneto ha definito e attivato una serie di nuove modalit\u00e0 operative dell\u2019intero sistema sanitario. La nuova organizzazione operativa sar\u00e0 valida fino al 15 aprile 2020 ed \u00e8 stata condivisa dal Comitato Scientifico per il coronavirus istituito in Veneto con delibera di Giunta regionale del 12 marzo. <\/span><\/p>\n<blockquote>\n<h2 class=\"p1\"><span class=\"s1\"><b>SOSPENSIONE O RIMODULAZIONE ATTIVITA\u2019<\/b><\/span><\/h2>\n<\/blockquote>\n<p class=\"p1\"><span class=\"s1\"><b>Sospensione con effetto immediato di tutta l\u2019attivit\u00e0 chirurgica programmata<\/b> per la quale \u00e8 previsto il ricovero in terapia intensiva post operatoria ad eccezione degli interventi indifferibili in considerazione del quadro clinico dei pazienti, e in particolare nell\u2019ambito della chirurgia oncologica tenendo conto della storia naturale della malattia e dei protocolli integrati con chemio e radioterapia adiuvante. <b>Sono garantite le urgenze <\/b><\/span><span class=\"s1\">Per disporre di personale per la gestione dei posti letto aggiuntivi sia di terapia intensiva che semintensiva si richiede di ridurre l\u2019attivit\u00e0 chirurgica programmata non urgente nell\u2019ottica di recuperare personale per garantire la gestione di tali posti letto attivati secondo il piano regionale\u00a0per\u00a0la gestione emergenza COVID-19.<\/span><\/p>\n<p class=\"p1\"><span class=\"s1\"><b>Sospensione di tutta l\u2019attivit\u00e0 di specialistica ambulatoriale<\/b> delle strutture pubbliche e private accreditate a eccezione delle prestazioni prioritarizzate come U e B, garantendo, sia come prime visite specialistiche che di controllo, l\u2019attivit\u00e0 in ambito materno-infantile ed oncologico (sar\u00e0 cura di ogni struttura avvertire gli utenti programmati con altre priorit\u00e0 per riprogrammare l\u2019appuntamento al termine dello stato di emergenza; i medici prescrivano le prestazioni con le priorit\u00e0 di cui sopra fermo restando comunque la possibilit\u00e0 di segnalare situazioni cliniche meritevoli di controlli ravvicinati).<strong> Sospensione dell\u2019attivit\u00e0 libero professionale intramoenia.<\/strong> Misure di mitigazione del rischio presso tutti i servizi, e in particolare presso i punti prelievo. <strong>Chiusura degli URP e tutti gli sportelli di prenotazione<\/strong> con un contestuale potenziamento delle prenotazioni telefoniche Le risposte dei referti di laboratorio e degli esami strumentali verranno inviate per posta a domicilio dell\u2019utente qualora non accessibili online. L\u2019attivit\u00e0 di <b>distribuzione diretta dei farmaci<\/b> dovr\u00e0 essere limitata a quelli ad esclusiva distribuzione ospedaliera,<strong>Nell\u2019ambito dell\u2019attivit\u00e0 dei Dipartimenti di Prevenzione, l\u2019attivit\u00e0 dei Servizi di Igiene e Sanit\u00e0 Pubblica<\/strong> \u00e8 da sospendere interamente ad eccezione delle prestazioni urgenti o non differibili, quali, a titolo esemplificativo, <b>le attivit\u00e0 vaccinali<\/b> con carattere di urgenza, quelle previste dal calendario vaccinale pediatrico per la fascia di et\u00e0 0-6 anni, quelle rivolte alle sorveglianza delle malattie infettive, le attivit\u00e0 di screening oncologico di secondo livello e le attivit\u00e0 di certificazione medico legale con carattere d\u2019urgenza.<\/span><\/p>\n<p class=\"p1\"><span class=\"s1\"><b>SORVEGLIANZA SANITARIA COVID-19 <\/b><\/span><span class=\"s1\">Numero totale tamponi effettuati per ricerca nCoV al 13 marzo 2020:<strong> 1447 <\/strong><\/span><span class=\"s1\">Persone residenti in Ulss Dolomiti in isolamento domiciliare fiduciario e sorveglianza attiva al 13 marzo 2020:<strong> 392\u00a0 <\/strong><\/span><span class=\"s1\">Alcuni tamponi sono stati effettuati pi\u00f9 volte sulle stesse persone <\/span><span class=\"s1\">Inoltre, fino a nuove rivalutazioni <\/span><\/p>\n<p class=\"p1\"><span class=\"s1\"><b>OSPEDALE DI BELLUNO <\/b><\/span><span class=\"s1\">Le degenze di CHIRURGIA, NEFROLOGIA e UROLOGIA sono state compattate al 3\u00b0 piano del Blocco Chirurgico del San Martino di Belluno al fine di liberare personale infermieristico per le aree COVID-19. Le degenze della PNEUMOLOGIA sono state collocate al 2\u00b0 piano del blocco medico del San Martino. I letti lasciati liberi (16) sono stati messi a disposizione per eventuali pazienti COVID-19. E\u2019 in corso di allestimento un Punto Medico Avanzato sul fronte SUD dell\u2019ospedale San Martino prospiciente viale Europa. Temporaneamente centralizzate su Feltre le urgenze DIFFERIBILI di Otorinolaringoiatria<\/span><\/p>\n<p class=\"p1\"><span class=\"s1\"><b>OSPEDALE DI AGORDO <\/b><\/span>Sospensione dei ricoveri dal territorio o da altre strutture sanitarie per la Medicina\/Lungodegenza\/Ospedale di Comunit\u00e0; La sospensione temporanea sopra riportato prevede che i ricoveri e le prestazioni urgenti<span class=\"Apple-converted-space\">\u00a0 <\/span>vengano garantiti dagli altri ospedali dell\u2019Azienda.<\/p>\n<p class=\"p1\"><span class=\"s1\"><b>OSPEDALE DI PIEVE DI CADORE <\/b><\/span><span class=\"s1\">E\u2019 in corso di allestimento un filtro all\u2019ingresso per il controllo degli accessi grazie al personale della Protezione Civile<\/span><\/p>\n<p class=\"p1\"><span class=\"s1\"><b>OSPEDALE DI FELTRE <\/b><\/span><span class=\"s1\">Il reparto di PNEUMOLOGIA \u00e8 stato trasferito al 5\u00b0 piano del Padiglione Dalla Palma. Il reparto di GERIATRIA \u00e8 stato riattivato al 1\u00b0 piano del Padiglione Gaggia. E\u2019 stata predisposta un\u2019area per eventuali pazienti Covid-19 che necessitano di ospedalizzazione e un\u2019area degenza dedicata ai casi positivi Covid-19 ma con altre patologie che ne prevedono l\u2019ospedalizzazione nelle due ali del 4\u00b0 Piano del Padiglione Dalla Palma. Il reparto di Geriatria del Padiglione Dalla Palma \u00e8 stato sanificato. Rimangono le misure di limitazione dell\u2019accesso all\u2019ospedale da parte degli accompagnatori e dei visitatori per tutte le unit\u00e0 operative, salvo situazioni specifiche valutate dal personale sanitario preposto.<\/span><\/p>\n<p class=\"p1\"><span class=\"s1\"><b>UNITA\u2019 di OFFERTA SEMIRESIDENZIALI SOCIO SANITARIE e SOCIALI (centri diurni, etc) <\/b><\/span><span class=\"s1\"><b>Chiusura dal 9 al 15 marzo<\/b> delle unit\u00e0 di offerta semi residenziale sociosanitarie e sociali, comprese quelle per anziani, persone con disabilit\u00e0, minori, persone con dipendenza e con problemi di salute mentale. <\/span><\/p>\n<p class=\"p1\"><span class=\"s1\"><b>NUMERO AZIENDALE DEDICATO<\/b><\/span><\/p>\n<p class=\"p1\"><span class=\"s1\">il numero aziendale dedicato per le informazioni sul Covid-19 : 0437\/514343 sar\u00e0 attivo tutti i giorni dalle 8.00 alle 20.00. Si affianca al numero nazionale 1500 e al numero verde regionale 800 462 340.<\/span><\/p>\n<p class=\"p1\"><span class=\"s1\"><b><a class=\"dt-pswp-item\" href=\"https:\/\/www.radiopiu.net\/wordpress\/wp-content\/uploads\/2020\/03\/GRAFICO-COVID-ULSS-1-13-MARZO-2020.png\" data-dt-img-description=\"\" data-large_image_width=\"1238\" data-large_image_height=\"1716\"><img loading=\"lazy\" decoding=\"async\" class=\"wp-image-122052 alignleft\" src=\"https:\/\/www.radiopiu.net\/wordpress\/wp-content\/uploads\/2020\/03\/GRAFICO-COVID-ULSS-1-13-MARZO-2020-216x300.png\" alt=\"\" width=\"316\" height=\"439\" srcset=\"https:\/\/www.radiopiu.net\/wordpress\/wp-content\/uploads\/2020\/03\/GRAFICO-COVID-ULSS-1-13-MARZO-2020-216x300.png 216w, https:\/\/www.radiopiu.net\/wordpress\/wp-content\/uploads\/2020\/03\/GRAFICO-COVID-ULSS-1-13-MARZO-2020-739x1024.png 739w, https:\/\/www.radiopiu.net\/wordpress\/wp-content\/uploads\/2020\/03\/GRAFICO-COVID-ULSS-1-13-MARZO-2020-768x1065.png 768w, https:\/\/www.radiopiu.net\/wordpress\/wp-content\/uploads\/2020\/03\/GRAFICO-COVID-ULSS-1-13-MARZO-2020-1108x1536.png 1108w, https:\/\/www.radiopiu.net\/wordpress\/wp-content\/uploads\/2020\/03\/GRAFICO-COVID-ULSS-1-13-MARZO-2020.png 1238w\" sizes=\"auto, (max-width: 316px) 100vw, 316px\" \/><\/a><\/b><\/span><\/p>\n<p class=\"p4\"><span class=\"s1\"><b>ALTRE INFORMAZIONI<\/b><\/span><\/p>\n<p class=\"p1\"><span class=\"s1\"><b>In caso di sintomi simili all\u2019influenza si raccomanda di NON recarsi n\u00e9 al pronto Soccorso n\u00e9 dal proprio medico curante ma di contattare TELEFONICAMENTE<\/b> il proprio medico di famiglia o la guardia medica o il numero dedicato 0437\/514343) E\u2019 fatto divieto per gli accompagnatori di accedere ai pazienti di permanere nelle sale di attesa dei dipartimenti emergenze e accettazione dei Pronto Soccorso, salve specifiche diverse indicazioni del personale sanitario preposto. <strong>L&#8217; attivit\u00e0 della Commissione Medica Locale Patenti di Belluno<\/strong> \u00e8 differita a data da destinarsi. Si invitano tutti gli utenti prenotati presso la Commissione di Belluno, il cui appuntamento sia stato annullato causa emergenza Coronavirus, a tenere, insieme alla patente di guida, la lettera di convocazione ove \u00e8 indicata la data annullata. <\/span><\/p>\n<p class=\"p1\"><span class=\"s1\">Nella tarda serata di ieri 12 marzo \u00e8 arrivata un\u2019ulteriore scorta di mascherine acquistate da Azienda Zero e distribuite nelle varie Ulss del Veneto. Oggi \u00e8 iniziata la distribuzione aggiuntiva dei presidi di protezione individuale nei vari reparti dell\u2019Ulss Dolomiti.<\/span><\/p>\n<p class=\"p1\"><span class=\"s1\">In queste giornate assai impegnative la Direzione \u00e8 impegnata a tutto campo per potenziare i servizi a garantire della sicurezza dei dipendenti e dei cittadini e alla ricerca di nuovo personale per far fronte all\u2019emergenza. Le questioni poste dalla parte sindacale, sicuramente importanti, sono state prese in carico e in evidenza, insieme alle altre contemporanee questioni prioritarie, e sar\u00e0 data risposta quanto prima. L\u2019attenzione alla tutela dei lavoratori \u00e8 massima, le istanze poste sono legittime e si ribadisce che l\u2019Azienda si \u00e8 attivata su pi\u00f9 fronti, sia per il reperimento dei dispositivi di sicurezza personale, notoriamente particolarmente difficile in questo momento.<\/span><\/p>\n","protected":false},"excerpt":{"rendered":"<p>BELLUNO. Per preservare i posti letto di area intensiva, in previsione di un massiccio afflusso di pazienti, la Regione del Veneto ha definito e attivato una serie di nuove modalit\u00e0 operative dell\u2019intero sistema sanitario. La nuova organizzazione operativa sar\u00e0 valida fino al 15 aprile 2020 ed \u00e8 stata condivisa dal Comitato Scientifico per il coronavirus&hellip;<\/p>\n","protected":false},"author":4,"featured_media":121260,"comment_status":"closed","ping_status":"closed","sticky":false,"template":"","format":"standard","meta":{"_monsterinsights_skip_tracking":false,"_monsterinsights_sitenote_active":false,"_monsterinsights_sitenote_note":"","_monsterinsights_sitenote_category":0,"footnotes":""},"categories":[51,49],"tags":[],"class_list":["post-122049","post","type-post","status-publish","format-standard","has-post-thumbnail","hentry","category-evidenza-top","category-news-18","category-51","category-49","description-off"],"img_url":"https:\/\/www.radiopiu.net\/wordpress\/wp-content\/uploads\/2020\/03\/covid-ulss.jpg","_links":{"self":[{"href":"https:\/\/www.radiopiu.net\/wordpress\/wp-json\/wp\/v2\/posts\/122049","targetHints":{"allow":["GET"]}}],"collection":[{"href":"https:\/\/www.radiopiu.net\/wordpress\/wp-json\/wp\/v2\/posts"}],"about":[{"href":"https:\/\/www.radiopiu.net\/wordpress\/wp-json\/wp\/v2\/types\/post"}],"author":[{"embeddable":true,"href":"https:\/\/www.radiopiu.net\/wordpress\/wp-json\/wp\/v2\/users\/4"}],"replies":[{"embeddable":true,"href":"https:\/\/www.radiopiu.net\/wordpress\/wp-json\/wp\/v2\/comments?post=122049"}],"version-history":[{"count":0,"href":"https:\/\/www.radiopiu.net\/wordpress\/wp-json\/wp\/v2\/posts\/122049\/revisions"}],"wp:featuredmedia":[{"embeddable":true,"href":"https:\/\/www.radiopiu.net\/wordpress\/wp-json\/wp\/v2\/media\/121260"}],"wp:attachment":[{"href":"https:\/\/www.radiopiu.net\/wordpress\/wp-json\/wp\/v2\/media?parent=122049"}],"wp:term":[{"taxonomy":"category","embeddable":true,"href":"https:\/\/www.radiopiu.net\/wordpress\/wp-json\/wp\/v2\/categories?post=122049"},{"taxonomy":"post_tag","embeddable":true,"href":"https:\/\/www.radiopiu.net\/wordpress\/wp-json\/wp\/v2\/tags?post=122049"}],"curies":[{"name":"wp","href":"https:\/\/api.w.org\/{rel}","templated":true}]}}