{"id":122061,"date":"2020-03-13T20:05:42","date_gmt":"2020-03-13T19:05:42","guid":{"rendered":"https:\/\/www.radiopiu.net\/wordpress\/?p=122061"},"modified":"2020-03-13T20:05:42","modified_gmt":"2020-03-13T19:05:42","slug":"rimodulazione-del-programma-di-trasporto-pubblico-solo-servizi-essenziali-fino-al-25-marzo","status":"publish","type":"post","link":"https:\/\/www.radiopiu.net\/wordpress\/rimodulazione-del-programma-di-trasporto-pubblico-solo-servizi-essenziali-fino-al-25-marzo\/","title":{"rendered":"RIMODULAZIONE DEL PROGRAMMA DI TRASPORTO PUBBLICO: SOLO SERVIZI ESSENZIALI FINO AL 25 MARZO"},"content":{"rendered":"<p><strong>BELLUNO<\/strong> <span class=\"s1\">La Provincia di Belluno ha recepito la proposta di revisione del programma di esercizio di Dolomiti Bus, a seguito dell\u2019ordinanza della Regione Veneto. Si va dalla soppressione dei servizi urbani di Pieve di Cadore, Auronzo e Feltre, alla riduzione del servizio del capoluogo; ridotte anche alcune linee extraurbane. <\/span><em><span class=\"s1\">\u00abSi tratta di una misura necessaria, in questo momento &#8211; spiega il presidente della Provincia, Roberto Padrin -. L\u2019ordinanza emessa oggi dal governatore del Veneto prevede infatti una riduzione anche rilevate del trasporto pubblico locale, mantenendo il livello di servizi essenziale. Come abbiamo gi\u00e0 detto pi\u00f9 volte in questi giorni, servono un po\u2019 di pazienza e di spirito di adattamento, per superare l\u2019emergenza sanitaria che stiamo vivendo. Sono certo che possiamo contare sulla collaborazione di tutti gli utenti del servizio di trasporto. Da parte mia, ringrazio Dolomiti Bus per la disponibilit\u00e0 e la professionalit\u00e0 dimostrata anche questa volta nel predisporre in tutta fretta un programma di esercizio che garantir\u00e0 comunque un servizio funzionale ai bellunesi. L\u2019azienda si impegna a garantire la sanificazione dei mezzi e il rispetto delle distanze di sicurezza di almeno un metro tra gli utenti. Grazie anche agli autisti che garantiscono sempre un servizio efficace e puntuale. In questo momento devo esprimere un sentito ringraziamento anche all\u2019amministratore delegato Natalia Ranza e al presidente Alberto Biasiotto\u00bb.<\/span><\/em><\/p>\n<p class=\"p1\"><strong><span class=\"s1\">IL DETTAGLIO<\/span><\/strong><\/p>\n<p class=\"p1\"><span class=\"s1\">Il nuovo programma entrer\u00e0 in vigore gi\u00e0 nella giornata di domani (sabato 14 marzo) e rester\u00e0 attivo fino al 25 marzo (salvo diversa indicazione). Saranno soppressi i servizi festivi dell\u2019urbano di Belluno e dell\u2019extraurbano gi\u00e0 da domenica 15 marzo. <\/span><\/p>\n<p class=\"p1\"><span class=\"s1\">Per quanto riguarda il <\/span><span class=\"s2\"><b>servizio urbano di Belluno<\/b><\/span><span class=\"s1\">, nei giorni feriali sar\u00e0 ridotto alle sole tre linee che solitamente venivano utilizzate per il festivo:\u00a0 <\/span><span class=\"s1\">Linea Lilla-Gialla (Giazzoi-Bolzano-ospedale-via Dante-Castion);\u00a0 <\/span><span class=\"s1\">Linea Rossa (Mier-ospedale-piazza V. Emanuele-Cavarzano-Fiammoi);\u00a0 <\/span><span class=\"s1\">Linea Verde (Bes-Mussoi-piazza V. Emanuele-via V. Veneto-Safforze); <\/span><span class=\"s1\">con orario dalle 7 alle 19 e frequenza ogni 60 minuti (anzich\u00e9 ogni 30). \u00c8 comunque garantito il collegamento con il centro citt\u00e0 dai quartieri e dalle frazioni pi\u00f9 popolate, dall\u2019ospedale e dalla zona commerciale di Baldenich, Veneggia e Safforze. <\/span><span class=\"s2\"><b>Sono soppressi gli altri servizi urbani: Pieve di Cadore, Auronzo e Feltre. <\/b><\/span><span class=\"s2\"><b>Per il servizio extraurbano<\/b><\/span><span class=\"s1\"> (dal luned\u00ec al venerd\u00ec), vengono mantenuti invariati gli attuali collegamenti solo per le zone industriali pi\u00f9 rilevanti: Luxottica Agordo, Luxottica Sedico e Villanova di Longarone. Sar\u00e0 possibile l\u2019attivazione di corse multiple per garantire la distanza di sicurezza a bordo.\u00a0 <\/span><span class=\"s1\">Viene proposto dal luned\u00ec al sabato un programma di corse minimo che collega solo i centri pi\u00f9 rilevanti della provincia: <\/span><span class=\"s1\">Linea 13 Belluno-Sedico-Santa Giustina-Feltre, <\/span><span class=\"s1\">Linea 20 Belluno-Limana-Trichiana-Mel-Lentiai-Feltre, <\/span><span class=\"s1\">Linea 9 Belluno-Ponte nelle Alpi-Longarone-Calalzo, <\/span><span class=\"s1\">Linea 30 Calalzo-Pieve di Cadore-Borca-San Vito-Cortina, <\/span><span class=\"s1\">Linea 31 Calalzo-Domegge-Lozzo-Auronzo, <\/span><span class=\"s1\">Linea 33 Calalo-Santo Stefano-Sappada, <\/span><span class=\"s1\">Linea 37 Belluno-Ponte nelle Alpi-Farra d\u2019Alpago-Puos d\u2019Alpago. <\/span><span class=\"s1\">Tutte le altre localit\u00e0 non vengono servite. Per quanto riguarda le autolinee atipiche, vengono mantenute in servizio, fino a diversa comunicazione dei committenti le corriere dei dipendenti di Fedon, Marcolin e Luxottica, al pari delle autocorse sostitutive del servizio ferroviario.<\/span><\/p>\n<p class=\"p1\"><strong><span class=\"s1\"><i>DOLOMITI BUS<\/i><\/span><\/strong><\/p>\n<p class=\"p1\"><span class=\"s1\"><i>\u00abL\u2019emergenza conoravirus e le ripetute ordinanze da parte di Governo e Regione richiedono un intervento importante volto al contenimento della diffusione dei virus anche limitando i servizi di trasporto pubblico al collegamento dei nodi essenziali e conformemente ai livelli di mobilit\u00e0 attuali fortemente ridotti dalle disposizioni emanate dalla Presidenza del Consiglio dei Ministri ed in particolare dal Dpcm 11 marzo 2020 che impone forti restrizioni alla mobilit\u00e0\u00bb cos\u00ec l\u2019amministratore delegato di Dolomiti Bus, Natalia Ranza. <\/i><\/span><span class=\"s1\"><i>\u00abGli interventi sono volti a garantire la massima sicurezza per i cittadini, ma anche per gli operatori del trasporto pubblico e prevederanno una rimodulazione del servizio urbano in linea con quanto effettuato nel periodo festivo, ampliando la fascia oraria dal mattino alla sera. Lo stesso servizio sar\u00e0 garantito, in linea con le stesse disposizioni del Dpcm, nelle giornate lavorative. Per quanto riguarda i servizi extraurbani, dei quali \u00e8 stato effettuato un puntuale monitoraggio per rilevarne gli attuali carichi, il servizio dal luned\u00ec al sabato garantir\u00e0 il collegamento dei centri rilevanti della provincia,<span class=\"Apple-converted-space\">\u00a0 <\/span>assicurando anche la mobilit\u00e0 verso gli ospedali di Feltre, Belluno e Pieve di Cadore. Verrano garantiti e potenziati i servizi verso le zone industriali del Longaronese e dell\u2019Agordino, anche con l\u2019attivazione di corse multiple a garanzia della distanza di sicurezza tra i clienti. Dolomiti Bus ha attivato un importante piano di sanificazione anche tramite apparecchiature di ozonizzazione e prodotti specifici di igienizzazione che vengono periodicamente ripetuti su tutti i mezzi in esercizio. La riduzione del servizio, oltre a garantire i livelli di sicurezza attuali, garantisce anche la continuit\u00e0 futura del trasporto pubblico sia preservando i conducenti da inutili esposizioni, sia sostenendo l\u2019equilibrio economico del servizio compromesso dal pesante calo dell\u2019utenza. Dal punta di vista organizzativo la riduzione del servizio verr\u00e0 assorbita dall\u2019azienda Dolomiti Bus tramite un piano ferie come peraltro previsto dalle Dpcm stesso, oltre che con l\u2019utilizzo ove possibile, per quanto riguarda il personale di terra, dello smart working\u00bb.<\/i><\/span><\/p>\n","protected":false},"excerpt":{"rendered":"<p>BELLUNO La Provincia di Belluno ha recepito la proposta di revisione del programma di esercizio di Dolomiti Bus, a seguito dell\u2019ordinanza della Regione Veneto. Si va dalla soppressione dei servizi urbani di Pieve di Cadore, Auronzo e Feltre, alla riduzione del servizio del capoluogo; ridotte anche alcune linee extraurbane. \u00abSi tratta di una misura necessaria,&hellip;<\/p>\n","protected":false},"author":4,"featured_media":59158,"comment_status":"closed","ping_status":"closed","sticky":false,"template":"","format":"standard","meta":{"_monsterinsights_skip_tracking":false,"_monsterinsights_sitenote_active":false,"_monsterinsights_sitenote_note":"","_monsterinsights_sitenote_category":0,"footnotes":""},"categories":[49],"tags":[],"class_list":["post-122061","post","type-post","status-publish","format-standard","has-post-thumbnail","hentry","category-news-18","category-49","description-off"],"img_url":"https:\/\/www.radiopiu.net\/wordpress\/wp-content\/uploads\/2018\/08\/dolomitibus.jpeg","_links":{"self":[{"href":"https:\/\/www.radiopiu.net\/wordpress\/wp-json\/wp\/v2\/posts\/122061","targetHints":{"allow":["GET"]}}],"collection":[{"href":"https:\/\/www.radiopiu.net\/wordpress\/wp-json\/wp\/v2\/posts"}],"about":[{"href":"https:\/\/www.radiopiu.net\/wordpress\/wp-json\/wp\/v2\/types\/post"}],"author":[{"embeddable":true,"href":"https:\/\/www.radiopiu.net\/wordpress\/wp-json\/wp\/v2\/users\/4"}],"replies":[{"embeddable":true,"href":"https:\/\/www.radiopiu.net\/wordpress\/wp-json\/wp\/v2\/comments?post=122061"}],"version-history":[{"count":0,"href":"https:\/\/www.radiopiu.net\/wordpress\/wp-json\/wp\/v2\/posts\/122061\/revisions"}],"wp:featuredmedia":[{"embeddable":true,"href":"https:\/\/www.radiopiu.net\/wordpress\/wp-json\/wp\/v2\/media\/59158"}],"wp:attachment":[{"href":"https:\/\/www.radiopiu.net\/wordpress\/wp-json\/wp\/v2\/media?parent=122061"}],"wp:term":[{"taxonomy":"category","embeddable":true,"href":"https:\/\/www.radiopiu.net\/wordpress\/wp-json\/wp\/v2\/categories?post=122061"},{"taxonomy":"post_tag","embeddable":true,"href":"https:\/\/www.radiopiu.net\/wordpress\/wp-json\/wp\/v2\/tags?post=122061"}],"curies":[{"name":"wp","href":"https:\/\/api.w.org\/{rel}","templated":true}]}}