{"id":122179,"date":"2020-03-14T15:10:50","date_gmt":"2020-03-14T14:10:50","guid":{"rendered":"https:\/\/www.radiopiu.net\/wordpress\/?p=122179"},"modified":"2020-03-14T15:10:50","modified_gmt":"2020-03-14T14:10:50","slug":"dalla-provincia-lappello-ai-proprietari-di-seconde-case-non-spostatevi-la-montagna-tornera-un-luogo-di-vacanza-ma-non-adesso","status":"publish","type":"post","link":"https:\/\/www.radiopiu.net\/wordpress\/dalla-provincia-lappello-ai-proprietari-di-seconde-case-non-spostatevi-la-montagna-tornera-un-luogo-di-vacanza-ma-non-adesso\/","title":{"rendered":"DALLA PROVINCIA L&#8217;APPELLO AI PROPRIETARI DI SECONDE CASE: \u00abNON SPOSTATEVI: LA MONTAGNA TORNER\u00c0 UN LUOGO DI VACANZA, MA NON ADESSO\u00bb"},"content":{"rendered":"<p><a class=\"dt-pswp-item\" href=\"https:\/\/www.radiopiu.net\/wordpress\/wp-content\/uploads\/2018\/03\/Foto-Padrin.jpg\" data-dt-img-description=\"\" data-large_image_width=\"4608\" data-large_image_height=\"3456\"><img loading=\"lazy\" decoding=\"async\" class=\"size-medium wp-image-45284 alignleft\" src=\"https:\/\/www.radiopiu.net\/wordpress\/wp-content\/uploads\/2018\/03\/Foto-Padrin-300x225.jpg\" alt=\"\" width=\"300\" height=\"225\" srcset=\"https:\/\/www.radiopiu.net\/wordpress\/wp-content\/uploads\/2018\/03\/Foto-Padrin-300x225.jpg 300w, https:\/\/www.radiopiu.net\/wordpress\/wp-content\/uploads\/2018\/03\/Foto-Padrin-768x576.jpg 768w, https:\/\/www.radiopiu.net\/wordpress\/wp-content\/uploads\/2018\/03\/Foto-Padrin-1024x768.jpg 1024w\" sizes=\"auto, (max-width: 300px) 100vw, 300px\" \/><\/a><strong>BELLUNO<\/strong> \u00ab<em>Torneremo a vivere la montagna come un luogo di vacanza e villeggiatura quando avremo superato questa fase emergenziale. In questo momento non \u00e8 possibile<\/em>\u00bb. \u00c8 il messaggio che il presidente della Provincia Roberto Padrin rivolge ai proprietari delle seconde case e alle persone che in queste ore vorrebbero recarsi in montagna per trascorrere lontano dalle citt\u00e0 i giorni di chiusura da coronavirus. \u00ab<em>Mi riferiscono di proprietari di seconde case che si stanno spostando per raggiungere i nostri territori di montagna &#8211; continua il presidente Padrin -. Questo non va assolutamente bene. In questo momento dobbiamo rispettare le misure di contenimento del contagio. E dobbiamo evitare di mettere sotto pressione il sistema sanitario. I controlli messi in campo dalle forze dell\u2019ordine servono soprattutto a questo, a evitare gli spostamenti non indispensabili. Cerchiamo quindi di non mettere in difficolt\u00e0 tutte le donne e gli uomini in divisa che stanno lavorando per la sicurezza di tutti. Ringrazio i colleghi sindaci dei Comuni pi\u00f9 turistici, che in queste giornate si stanno adoperando per rivolgere appelli ai proprietari delle seconde case. Mi unisco alla loro voce. E dico a tutti che questa emergenza sanitaria ha stravolto la quotidianit\u00e0, ma ci far\u00e0 vivere con pi\u00f9 entusiasmo il turismo della nostra montagna, quando tutto sar\u00e0 passato<\/em>\u00bb.<\/p>\n","protected":false},"excerpt":{"rendered":"<p>BELLUNO \u00abTorneremo a vivere la montagna come un luogo di vacanza e villeggiatura quando avremo superato questa fase emergenziale. In questo momento non \u00e8 possibile\u00bb. \u00c8 il messaggio che il presidente della Provincia Roberto Padrin rivolge ai proprietari delle seconde case e alle persone che in queste ore vorrebbero recarsi in montagna per trascorrere lontano&hellip;<\/p>\n","protected":false},"author":4,"featured_media":45284,"comment_status":"closed","ping_status":"closed","sticky":false,"template":"","format":"standard","meta":{"_monsterinsights_skip_tracking":false,"_monsterinsights_sitenote_active":false,"_monsterinsights_sitenote_note":"","_monsterinsights_sitenote_category":0,"footnotes":""},"categories":[49],"tags":[],"class_list":["post-122179","post","type-post","status-publish","format-standard","has-post-thumbnail","hentry","category-news-18","category-49","description-off"],"img_url":"https:\/\/www.radiopiu.net\/wordpress\/wp-content\/uploads\/2018\/03\/Foto-Padrin.jpg","_links":{"self":[{"href":"https:\/\/www.radiopiu.net\/wordpress\/wp-json\/wp\/v2\/posts\/122179","targetHints":{"allow":["GET"]}}],"collection":[{"href":"https:\/\/www.radiopiu.net\/wordpress\/wp-json\/wp\/v2\/posts"}],"about":[{"href":"https:\/\/www.radiopiu.net\/wordpress\/wp-json\/wp\/v2\/types\/post"}],"author":[{"embeddable":true,"href":"https:\/\/www.radiopiu.net\/wordpress\/wp-json\/wp\/v2\/users\/4"}],"replies":[{"embeddable":true,"href":"https:\/\/www.radiopiu.net\/wordpress\/wp-json\/wp\/v2\/comments?post=122179"}],"version-history":[{"count":0,"href":"https:\/\/www.radiopiu.net\/wordpress\/wp-json\/wp\/v2\/posts\/122179\/revisions"}],"wp:featuredmedia":[{"embeddable":true,"href":"https:\/\/www.radiopiu.net\/wordpress\/wp-json\/wp\/v2\/media\/45284"}],"wp:attachment":[{"href":"https:\/\/www.radiopiu.net\/wordpress\/wp-json\/wp\/v2\/media?parent=122179"}],"wp:term":[{"taxonomy":"category","embeddable":true,"href":"https:\/\/www.radiopiu.net\/wordpress\/wp-json\/wp\/v2\/categories?post=122179"},{"taxonomy":"post_tag","embeddable":true,"href":"https:\/\/www.radiopiu.net\/wordpress\/wp-json\/wp\/v2\/tags?post=122179"}],"curies":[{"name":"wp","href":"https:\/\/api.w.org\/{rel}","templated":true}]}}