{"id":122193,"date":"2020-03-14T16:32:54","date_gmt":"2020-03-14T15:32:54","guid":{"rendered":"https:\/\/www.radiopiu.net\/wordpress\/?p=122193"},"modified":"2020-03-14T17:14:42","modified_gmt":"2020-03-14T16:14:42","slug":"il-nuovo-protocollo-dintesa-che-non-toglie-le-preoccupazioni-a-chi-lunedi-tornera-al-lavoro-di-emilio-bez","status":"publish","type":"post","link":"https:\/\/www.radiopiu.net\/wordpress\/il-nuovo-protocollo-dintesa-che-non-toglie-le-preoccupazioni-a-chi-lunedi-tornera-al-lavoro-di-emilio-bez\/","title":{"rendered":"IL NUOVO PROTOCOLLO D&#8217;INTESA CHE NON TOGLIE LE PREOCCUPAZIONI A CHI LUNEDI TORNERA&#8217; AL LAVORO di Emilio Bez"},"content":{"rendered":"<p><a class=\"dt-pswp-item\" href=\"https:\/\/www.radiopiu.net\/wordpress\/wp-content\/uploads\/2018\/09\/BEZ-UIL.jpg\" data-dt-img-description=\"\" data-large_image_width=\"168\" data-large_image_height=\"300\"><img loading=\"lazy\" decoding=\"async\" class=\" wp-image-60016 alignleft\" src=\"https:\/\/www.radiopiu.net\/wordpress\/wp-content\/uploads\/2018\/09\/BEZ-UIL-168x300.jpg\" alt=\"\" width=\"129\" height=\"230\" \/><\/a><strong>AGORDO<\/strong> Dopo due giorni di trattativa \u00e8 stato sottoscritto, tra organizzazioni sindacali, governo e parti industriali, il nuovo protocollo di intesa, il quale indica gli aspetti sanitari a tutela dei lavoratori che tutte le aziende in Italia dovranno rispettare in questa emergenza causata dall&#8217;epidemia.<br \/>\nSicuramente l&#8217;applicazione del nuovo protocollo sar\u00e0 oggetto di confronto tra le parti sindacali e l&#8217;Azienda, nelle prossime ore e nei prossimi giorni. Resta per\u00f2 molto difficile l&#8217;attuale clima nel nostro stabilimento con la preoccupazione che cresce tra i lavoratori anche in questo sabato, viste le notizie sul progredire dell&#8217;epidemia in tutto il territorio nazionale. Sono sempre pi\u00f9 numerosi i colleghi che ritengono anch&#8217;essi necessario effettuare una fermata, utilizzando gli ammortizzatori sociali a copertura delle giornate. La successiva ripresa dell&#8217;attivit\u00e0, in uno stabilimento con implementate tutte le misure necessarie per la tutela della salute, consentirebbe di lavorare senza la comprensibile forte agitazione di questi giorni. Emilio Bez Coordinatore Uiltec-Uil Luxottica Agordo<\/p>\n<p>&nbsp;<\/p>\n<p><strong>LA LETTERA<\/strong><\/p>\n<p><em>Ed \u00e8 cos\u00ec che in questi tristi giorni ci ritroviamo a riflettere sui nostri stili di vita, sulle amicizie,sulle relazioni, su tutte quelle cose che ad oggi vengono meno. <\/em><em>E ci si ritrova a sentirsi diversi gli uni dagli altri, cinesi, italiani, europei, lavoratori di serie A e di serie B.\u00a0 <\/em><em>S\u00ec, perch\u00e9 sembra che la vita di alcune persone sia pi\u00f9 importante di altre. Mi sento di chiedere al cavalier Del Vecchio, o a chi per lui forse prende le decisioni, da buon dipendente Luxottica, siamo solo un numero? Questo credo sia quello che molti dei miei colleghi si sentono in questi giorni. Solo un mese fa si parlava nei reparti di salute sul posto di lavoro, di fare presente ogni problema, ansia o tensione che si venisse a creare, per il buon vivere del lavoratore stesso. E queste parole dove sono finite di fronte a un emergenza del genere? <\/em><em>Siamo in 4mila dipendenti, forse pi\u00f9 solo ad Agordo, pensiamo un po&#8217; se solo la met\u00e0 di questo numero venisse contagiato a quale quota salirebbe il numero delle persone in terapia intensiva?a quale numero salirebbe in una settimana il numero dei contagiati?si perch\u00e9 la maggior parte dei dipendenti a casa ha anche una famiglia, ha dei genitori magari non pi\u00f9 giovani, dei bambini piccoli, una moglie incinta, o magari esso stesso portatore di qualche malattia o difficolt\u00e0 di salute. <\/em><em>\u00c8 inutile farsi pubblicit\u00e0 con premi, carrelli della spesa, cene aziendali se poi in gravi casi di allerta le persone stesse vengono messe in secondo piano. Sappiamo benissimo anche noi che ci troviamo in un grave stato di crisi anche economica, ma come pensiamo di poter ripartire se non si ferma prima il problema? <\/em><em>Forse non tutti saranno d&#8217;accordo con me, forse sar\u00e0 solo un mio pensiero, ma spero che qualcuno si fermi un attimo a riflettere.<\/em><\/p>\n<p><em>Alessia&#8230;una dei tanti operai<\/em><\/p>\n","protected":false},"excerpt":{"rendered":"<p>AGORDO Dopo due giorni di trattativa \u00e8 stato sottoscritto, tra organizzazioni sindacali, governo e parti industriali, il nuovo protocollo di intesa, il quale indica gli aspetti sanitari a tutela dei lavoratori che tutte le aziende in Italia dovranno rispettare in questa emergenza causata dall&#8217;epidemia. Sicuramente l&#8217;applicazione del nuovo protocollo sar\u00e0 oggetto di confronto tra le&hellip;<\/p>\n","protected":false},"author":4,"featured_media":103580,"comment_status":"closed","ping_status":"closed","sticky":false,"template":"","format":"standard","meta":{"_monsterinsights_skip_tracking":false,"_monsterinsights_sitenote_active":false,"_monsterinsights_sitenote_note":"","_monsterinsights_sitenote_category":0,"footnotes":""},"categories":[51,49],"tags":[],"class_list":["post-122193","post","type-post","status-publish","format-standard","has-post-thumbnail","hentry","category-evidenza-top","category-news-18","category-51","category-49","description-off"],"img_url":"https:\/\/www.radiopiu.net\/wordpress\/wp-content\/uploads\/2019\/10\/MAGLIA-LUXOTTICA.jpeg","_links":{"self":[{"href":"https:\/\/www.radiopiu.net\/wordpress\/wp-json\/wp\/v2\/posts\/122193","targetHints":{"allow":["GET"]}}],"collection":[{"href":"https:\/\/www.radiopiu.net\/wordpress\/wp-json\/wp\/v2\/posts"}],"about":[{"href":"https:\/\/www.radiopiu.net\/wordpress\/wp-json\/wp\/v2\/types\/post"}],"author":[{"embeddable":true,"href":"https:\/\/www.radiopiu.net\/wordpress\/wp-json\/wp\/v2\/users\/4"}],"replies":[{"embeddable":true,"href":"https:\/\/www.radiopiu.net\/wordpress\/wp-json\/wp\/v2\/comments?post=122193"}],"version-history":[{"count":0,"href":"https:\/\/www.radiopiu.net\/wordpress\/wp-json\/wp\/v2\/posts\/122193\/revisions"}],"wp:featuredmedia":[{"embeddable":true,"href":"https:\/\/www.radiopiu.net\/wordpress\/wp-json\/wp\/v2\/media\/103580"}],"wp:attachment":[{"href":"https:\/\/www.radiopiu.net\/wordpress\/wp-json\/wp\/v2\/media?parent=122193"}],"wp:term":[{"taxonomy":"category","embeddable":true,"href":"https:\/\/www.radiopiu.net\/wordpress\/wp-json\/wp\/v2\/categories?post=122193"},{"taxonomy":"post_tag","embeddable":true,"href":"https:\/\/www.radiopiu.net\/wordpress\/wp-json\/wp\/v2\/tags?post=122193"}],"curies":[{"name":"wp","href":"https:\/\/api.w.org\/{rel}","templated":true}]}}