{"id":122223,"date":"2020-03-15T08:26:36","date_gmt":"2020-03-15T07:26:36","guid":{"rendered":"https:\/\/www.radiopiu.net\/wordpress\/?p=122223"},"modified":"2020-03-15T09:36:10","modified_gmt":"2020-03-15T08:36:10","slug":"giornale-radiopiu-15-marzo-2020-direttore-mirko-mezzacasa","status":"publish","type":"post","link":"https:\/\/www.radiopiu.net\/wordpress\/giornale-radiopiu-15-marzo-2020-direttore-mirko-mezzacasa\/","title":{"rendered":"GIORNALE RADIOPIU 15 MARZO 2020 DIRETTORE MIRKO MEZZACASA"},"content":{"rendered":"<h3><strong>PER RICEVERE QUESTO NOTIZIARIO DIRETTAMENTE SUL TUO CELLULARE ISCRIVITI AL CANALE\u00a0TELEGRAM\u00a0<\/strong><strong>\u201cRADIO PIU\u00a0 INFORMAZIONE<\/strong><\/h3>\n<hr \/>\n<p>&nbsp;<\/p>\n<p>&nbsp;<\/p>\n<h2>LA RIVOLTA DELLA MONTAGNA: TURISTI STATEVENE A CASA VOSTRA<\/h2>\n<h2>di Mirko Mezzacasa<\/h2>\n<p>Il virus avanza, dalla pianura alle vette dolomitiche nessuno ormai ne \u00e8 esente, primi casi di positivit\u00e0 anche a Cortina che conferma l&#8217;importanza di aver annullato la Coppa del Mondo di sci. Positivi anche in casa di riposto di Alano, nessun ricovero in ospedale, ieri una novantina di tamponi per un controllo capillare di personale e struttura. Il bollettino di Azienda Zero ieri ha messo in evidenza un aumento del 20 per cento. L&#8217;emergenza raggiunge livelli di guardia, anzi ormai ha superato anche quelli ma nonostante tutto ci sono i furbi che insistono e impegnano oltre misura la forze di Polizia, ieri controllate oltre 1000 persone, quasi 3000 attivit\u00e0 commerciali e 17 persone sono state denunciate, anche 6 commercianti della categoria #noisiamoirresponsabili. Ci sono poi gli altri furbi delle seconde case<em> &#8220;Io mi faccio problemi a portare fuori il cane e incontro i turisti che si fanno di selfie&#8221;<\/em> ha dichiarato Rosi da Alleghe. Contro gli indisciplinata della pianura, auspicabile vengano stangati \u00e8 intervenuto ancora il presidente della Provincia Roberto Padrin. La Ulss1 ha chiuso tutto, prima un reparto alla volta da Agordo a Feltre e ovviamente Belluno, da ieri anche gli sportelli di prenotazione e Urp. Nei Comuni amministratori e volontari si organizzano per il servizio a domicilio, tutti pronti ad aiutare le persone pi\u00f9 fragili e anziane. I Municipi sono i punti di riferimento. Il Presidente Luca Zaia invita a non sgarrare e chiede si facciano i tamponi anche ai clienti dei supermercati perch\u00e9 in Veneto i contagiati sono ormai 2000 e i morti 61. Un pomeriggio di attesa, una serata frenetica, un continuo vociferare e tante fake news. E&#8217; andata cosi&#8217; ieri e ci sono volute molte ore, fino alle 23.06 prima della notizia ufficiale: Luxottica chiude. Una chiusura di tre giorni e poi via di nuovo con la produzione. Blackfin, di Taibon Agordino ha invece deciso, per ora, una chiusura di una settimana intera, lo ha comunicato nel primo pomeriggio l&#8217;amministratore delegato Nicola Del Din. Ci sono poi fabbriche che non possono chiudere, anche nell&#8217;Agordino, la Marcello Fusina ad esempio ad Agordo che produce guide per macchine da cucire industriali, quelle che sfornano le ricercate mascherine. In questi giorni c&#8217;\u00e8 chi non ha limiti di orario per continuare a produrre il gel cosmetico igienizzato, speciale prodotto per difendersi dal virus \u00e8 l&#8217; Azienda Gian Maria Amatori s.n.c. Corvara in Badia Bolzano dove \u00e8 impegnato il giovane alleghese, dottor Galvano Dotta Junior.<\/p>\n<p>&nbsp;<\/p>\n<hr \/>\n<p>&nbsp;<\/p>\n<blockquote>\n<h3 class=\"entry-title\">EMERGENZA CONTINUA, ALTRI 5 DECESSI IN REGIONE, 16 IL TOTALE DEI RICOVERATI A BELLUNO, 6 A FELTRE &#8211; 1 PAZIENTE IN TERAPIA INTENSIVA AL SAN MARTINO<\/h3>\n<\/blockquote>\n<p><strong><img loading=\"lazy\" decoding=\"async\" class=\"alignleft\" src=\"https:\/\/www.radiopiu.net\/wordpress\/wp-content\/uploads\/2020\/03\/covid-azienda-zero-1.jpg\" width=\"267\" height=\"200\" \/>VENEZIA<\/strong> Ospedali veneti sempre pi\u00f9 sotto pressione, alle 17 erano\u00a0 416\u00a0 i pazienti ricoverati, 49\u00a0 pi\u00f9 di ieri\u00a0 mattina, sei in pi\u00f9 in terapia intensiva (125). Altri 5 decessi nel pomeriggio a Verona, Treviso, Montebelluna, CIttadella e Negrar. Negli ospedali bellunesi sono 22\u00a0 i pazienti in corsia (uno in terapia intensiva),\u00a0 15 a Belluno e 6 a Feltre. In aumento di casi di positivit\u00e0 ormai quasi 2000 con un aumento da ieri\u00a0 mattina di 57.Scoppia il problema Asiago con 16 ricoverati (tutti in area non critica) nelle ultime. Anche a Jesolo altri 4 ricoveri per un totale di 8 oltre ai 7 in terapia intensiva.<strong>LA NOTIZIA POSITIVA<\/strong> a Belluno non ci sono nuovi casi di positivit\u00e0, 78 come ieri mattina.<\/p>\n<div class=\"su-document su-u-responsive-media-yes\"><iframe loading=\"lazy\" src=\"\/\/docs.google.com\/viewer?embedded=true&url=https:\/\/www.radiopiu.net\/wordpress\/wp-content\/uploads\/2020\/03\/aggiornamento-casi-14.3-ore-17.00-BIS.pdf.pdf-1.pdf\" width=\"600\" height=\"800\" class=\"su-document\" title=\"Decreto\"><\/iframe><\/div>\n<p>&nbsp;<\/p>\n<p>&nbsp;<\/p>\n<hr \/>\n<p>&nbsp;<\/p>\n<blockquote>\n<h3 class=\"entry-title\">OSPEDALI SEMPRE BLINDATI E APERTI ALLE SOLE URGENZE, LE NOVITA\u2019 DAL DIPARTIMENTO DELLE DIPENDENZE SER.D<\/h3>\n<\/blockquote>\n<h2><span style=\"font-size: medium; font-family: Calibri, serif;\"><img loading=\"lazy\" decoding=\"async\" class=\"alignleft\" src=\"https:\/\/www.radiopiu.net\/wordpress\/wp-content\/uploads\/2020\/03\/covid-ulss.jpg\" width=\"374\" height=\"280\" \/>Numero totale tamponi effettuati per ricerca nCoV al 14 marzo 2020:<\/span><span style=\"font-size: medium; font-family: Calibri, serif;\"><b> 1.508 <\/b><\/span><span style=\"font-size: medium; font-family: Calibri, serif;\">Persone residenti in Ulss Dolomiti in isolamento domiciliare fiduciario e sorveglianza attiva al 14 marzo 2020: <\/span><span style=\"font-size: medium; font-family: Calibri, serif;\"><b>453 <\/b><\/span><span style=\"font-size: medium;\"><span style=\"font-family: Calibri, serif;\">Alcuni tamponi sono stati effettuati pi\u00f9 volte sulle stesse persone<\/span><\/span><\/h2>\n<ol>\n<li>\n<p align=\"JUSTIFY\"><b>IN TUTTE LE STRUTTURE DELL\u2019ULSS DOLOMITI\u00a0<\/b><b>\u00e8 sospesa tutta l\u2019attivit\u00e0 chirurgica programmata per la quale \u00e8 previsto il ricovero in terapia intensiva<\/b>.\u00a0<b>Sono garantite le URGENZE. E\u2019<\/b><b>\u00a0ridotta l\u2019attivit\u00e0 chirurgica programmata non urgente E\u2019<\/b>\u00a0<b>sospesa tutta l\u2019attivit\u00e0 di specialistica ambulatoriale E\u2019<\/b>\u00a0<b>sospesa l\u2019attivit\u00e0 libero professionale intramoenia. Chiusi gli sportelli <\/b>\u00a0<b>prenotazione CUP. Mantenute le attivitt\u00e0 di\u00a0\u00a0<\/b><b>assistenza psichiatrica e\u00a0<\/b><b>sospese tutte le attivit\u00e0 distrettuali<\/b><\/p>\n<\/li>\n<\/ol>\n<ul>\n<li>ll\u00a0<b>SERVIZIO IGIENE E SANITA\u2019 PUBBLICA<\/b>\u00a0del\u00a0<b>Dipartimento di Prevenzione\u00a0<\/b>sono sospese le attivit\u00e0 non urgenti<i><b><\/b><\/i><\/li>\n<\/ul>\n<p>&nbsp;<\/p>\n<p><b>DIPARTIMENTO DELLE DIPENDENZE (SER.D)\u00a0<\/b>sospensione delle attivit\u00e0 non urgenti (colloqui psicosociali di valutazione ed educativi, etc),\u00a0garanzia delle attivit\u00e0 ambulatoriali e prestazioni sanitarie di urgenza nei seguenti orari:\u00a0Ser.D Belluno: dal luned\u00ec al venerd\u00ec dalle 8.30 alle 13.00\u00a0Ser.D Feltre: dal luned\u00ec al venerd\u00ec dalle 8.30 alle 13.00\u00a0Ser.D Agordo: luned\u00ec, marted\u00ec e venerd\u00ec dalle 8.30 alle 13.00\u00a0Ser.D Auronzo: luned\u00ec, mercoled\u00ec e venerd\u00ec dalle 8.30 alle 13.00\u00a0sospensione di nuovi ingressi al Day Hospital Alcologia Auronzo. Si sta procedendo a dimissioni protette.<\/p>\n<p align=\"JUSTIFY\"><b>UNITA\u2019 di OFFERTA SEMIRESIDENZIALI SOCIO SANITARIE e SOCIALI (centri diurni, etc)\u00a0<\/b>Le unit\u00e0 di offerta semiresidenziale sociosanitarie e sociali (centri diurni etc), comprese quelle per anziani, persone con disabilit\u00e0, minori, etc,\u00a0<b>sono CHIUSE.<\/b><\/p>\n<ol start=\"2\">\n<li>\n<p align=\"JUSTIFY\"><b>OSPEDALE DI BELLUNO<\/b><\/p>\n<\/li>\n<\/ol>\n<ul>\n<li>\n<p align=\"JUSTIFY\">le degenze di CHIRURGIA, NEFROLOGIA e UROLOGIA sono state compattate al 3\u00b0 piano del Blocco Chirurgico del San Martino di Belluno al fine di liberare personale infermieristico per le aree COVID-19<\/p>\n<\/li>\n<li>\n<p align=\"JUSTIFY\">le degenze della PNEUMOLOGIA sono state collocate al 2\u00b0 piano del blocco medico del San Martino. I letti lasciati liberi (16) sono stati messi a disposizione per pazienti COVID-19.<\/p>\n<\/li>\n<li>\n<p align=\"JUSTIFY\">Temporaneamente centralizzate su Feltre le urgenze DIFFERIBILI di Otorinolaringoiatria<\/p>\n<\/li>\n<\/ul>\n<ol start=\"3\">\n<li>\n<p align=\"JUSTIFY\"><b>OSP<\/b><b>EDALE DI AGORDO<\/b><\/p>\n<\/li>\n<\/ol>\n<ul>\n<li>\n<p align=\"JUSTIFY\">sospensione dei ricoveri dal territorio o da altre strutture sanitarie per la Medicina\/Lungodegenza\/Ospedale di Comunit\u00e0;\u00a0 i ricoveri e le prestazioni urgenti vengano garantiti dagli altri ospedali dell\u2019Azienda.<\/p>\n<\/li>\n<\/ul>\n<ol start=\"4\">\n<li>\n<p align=\"JUSTIFY\"><b>OSPEDALE DI PIEVE DI CADORE<\/b><\/p>\n<\/li>\n<\/ol>\n<ul>\n<li>\n<p align=\"JUSTIFY\">\u00e8 attivo un filtro all\u2019ingresso per il controllo degli accessi grazie al personale della Protezione Civile<\/p>\n<\/li>\n<\/ul>\n<ol start=\"5\">\n<li>\n<p align=\"JUSTIFY\"><b>OSPEDALE DI FELTRE<\/b><\/p>\n<\/li>\n<\/ol>\n<ul>\n<li>\n<p align=\"JUSTIFY\">Il reparto di PNEUMOLOGIA \u00e8 stato trasferito al 5\u00b0 piano del Padiglione Dalla Palma<\/p>\n<\/li>\n<li>\n<p align=\"JUSTIFY\">Il reparto di GERIATRIA \u00e8 stato riattivato al 1\u00b0 piano del Padiglione Gaggia<\/p>\n<\/li>\n<li>\n<p align=\"JUSTIFY\">E\u2019 stata predisposta un\u2019area per eventuali pazienti Covid-19 che necessitano di ospedalizzazione e un\u2019area degenza dedicata ai casi positivi Covid-19 ma con altre patologie che ne prevedono l\u2019ospedalizzazione nelle due ali del 4\u00b0 Piano del Padiglione Dalla Palma.<\/p>\n<\/li>\n<\/ul>\n<p>&nbsp;<\/p>\n<p>&nbsp;<\/p>\n<p>&nbsp;<\/p>\n<hr \/>\n<p>&nbsp;<\/p>\n<blockquote>\n<h3>NUOVE DISPOSIZIONI DELLA ULSS 1 DOLOMITI<\/h3>\n<\/blockquote>\n<p><span style=\"font-family: Times New Roman, serif;\"><span style=\"font-size: medium;\"><strong><img loading=\"lazy\" decoding=\"async\" class=\"alignleft\" src=\"https:\/\/www.radiopiu.net\/wordpress\/wp-content\/uploads\/2020\/03\/ULSS-1-DOLOMITI-LOGO.jpg\" width=\"186\" height=\"137\" \/>BELLUNO<\/strong> Il SERVIZIO IGIENE E SANITA\u2019 PUBBLICA del Dipartimento di Prevenzione, rimodula l\u2019offerta: sono sospese le attivit\u00e0 non urgenti; sono sospese le attivit\u00e0 di screening di primo livello (ricerca sangue occulto, mammografie, pap test e test HPV) sono garantite le prestazioni urgenti o non differibili, quali, a titolo esemplificativo e non esaustivo: le attivit\u00e0 vaccinali con il carattere di urgenza, le attivit\u00e0 previste dal calendario vaccinale pediatrico per la fascia di et\u00e0 0-6 anni, e attivit\u00e0 volte alle sorveglianza delle malattie infettive, le attivit\u00e0 di screening oncologico di secondo livello, le attivit\u00e0 di certificazione medico legale urgenti, non differibili e motivate previa richiesta telefonica allo 0437\/516917 oppure via mail a <a href=\"mailto:dip.prevenzione@aulss1.veneto.it\">dip.prevenzione@aulss1.veneto.it<\/a>. Le commissioni patenti e le commissioni invalidi sono sospese. La presente disposizione trova applicazione sino al 15 aprile 2020. Le attivit\u00e0 del DIPARTIMENTO DELLE DIPENDENZE (SER.D), fino a nuove disposizioni, sono cos\u00ec modulate: sospensione delle attivit\u00e0 non urgenti (colloqui psicosociali di valutazione ed educativi, etc), garanzia delle attivit\u00e0 ambulatoriali e prestazioni sanitarie di urgenza nei seguenti orari: Ser.D Belluno: dal luned\u00ec al venerd\u00ec dalle 8.30 alle 13.00, Ser.D Feltre: dal luned\u00ec al venerd\u00ec dalle 8.30 alle 13.00, Ser.D Agordo: luned\u00ec, marted\u00ec e venerd\u00ec dalle 8.30 alle 13.00, Ser.D Auronzo: luned\u00ec, mercoled\u00ec e venerd\u00ec dalle 8.30 alle 13.00, sospensione di nuovi ingressi al Day Hospital Alcologia Auronzo. Si sta procedendo a dimissioni protette.<\/span><\/span><\/p>\n<p>&nbsp;<\/p>\n<hr \/>\n<p>&nbsp;<\/p>\n<p>&nbsp;<\/p>\n<blockquote class=\"wp-embedded-content\" data-secret=\"iwvJYTDa9u\"><p><a href=\"https:\/\/www.radiopiu.net\/wordpress\/aggiornamento-dalla-protezione-civile-del-veneto\/\">AGGIORNAMENTO DALLA PROTEZIONE CIVILE DEL VENETO<\/a><\/p><\/blockquote>\n<p><iframe loading=\"lazy\" title=\"&#8220;AGGIORNAMENTO DALLA PROTEZIONE CIVILE DEL VENETO&#8221; &#8212; Radio Pi\u00f9\" class=\"wp-embedded-content\" sandbox=\"allow-scripts\" security=\"restricted\" style=\"position: absolute; clip: rect(1px, 1px, 1px, 1px);\" src=\"https:\/\/www.radiopiu.net\/wordpress\/aggiornamento-dalla-protezione-civile-del-veneto\/embed\/#?secret=iwvJYTDa9u\" data-secret=\"iwvJYTDa9u\" width=\"600\" height=\"338\" frameborder=\"0\" marginwidth=\"0\" marginheight=\"0\" scrolling=\"no\"><\/iframe><\/p>\n<p>&nbsp;<\/p>\n<p>&nbsp;<\/p>\n<p>&nbsp;<\/p>\n<hr \/>\n<p>&nbsp;<\/p>\n<p>&nbsp;<\/p>\n<blockquote class=\"wp-embedded-content\" data-secret=\"Njbvynjpe9\"><p><a href=\"https:\/\/www.radiopiu.net\/wordpress\/il-presidente-del-veneto-luca-zaia-la-conferenza-stampa-del-14-marzo-2020\/\">IL PRESIDENTE DEL VENETO LUCA ZAIA, LA CONFERENZA STAMPA DEL 14 MARZO 2020<\/a><\/p><\/blockquote>\n<p><iframe loading=\"lazy\" title=\"&#8220;IL PRESIDENTE DEL VENETO LUCA ZAIA, LA CONFERENZA STAMPA DEL 14 MARZO 2020&#8221; &#8212; Radio Pi\u00f9\" class=\"wp-embedded-content\" sandbox=\"allow-scripts\" security=\"restricted\" style=\"position: absolute; clip: rect(1px, 1px, 1px, 1px);\" src=\"https:\/\/www.radiopiu.net\/wordpress\/il-presidente-del-veneto-luca-zaia-la-conferenza-stampa-del-14-marzo-2020\/embed\/#?secret=Njbvynjpe9\" data-secret=\"Njbvynjpe9\" width=\"600\" height=\"338\" frameborder=\"0\" marginwidth=\"0\" marginheight=\"0\" scrolling=\"no\"><\/iframe><\/p>\n<p>&nbsp;<\/p>\n<p>&nbsp;<\/p>\n<p>&nbsp;<\/p>\n<hr \/>\n<p>&nbsp;<\/p>\n<p>&nbsp;<\/p>\n<p>&nbsp;<\/p>\n<blockquote>\n<h3 class=\"entry-title\">CORONAVIRUS: L\u2019IMPEGNO DI UOMINI E DONNE DELLA QUESTURA 19 PERSONE DENUNCIATE SULLA STRADA, 6 VIOLAZIONI ACCERTATE NEGLI ESERCIZI COMMERCIALI<\/h3>\n<\/blockquote>\n<p align=\"JUSTIFY\"><strong class=\"photoswipe-wrapper\"><a class=\"dt-pswp-item pspw-wrap-ready\" href=\"https:\/\/i1.wp.com\/www.radiopiu.net\/wordpress\/wp-content\/uploads\/2020\/03\/CONTROLLO-COVID-2.jpg?ssl=1\" data-dt-img-description=\"\" data-large_image_width=\"1430\" data-large_image_height=\"949\"><img loading=\"lazy\" decoding=\"async\" class=\"wp-image-122181 alignleft\" src=\"https:\/\/i1.wp.com\/www.radiopiu.net\/wordpress\/wp-content\/uploads\/2020\/03\/CONTROLLO-COVID-2.jpg?resize=357%2C237&amp;ssl=1\" sizes=\"auto, (max-width: 357px) 100vw, 357px\" srcset=\"https:\/\/i1.wp.com\/www.radiopiu.net\/wordpress\/wp-content\/uploads\/2020\/03\/CONTROLLO-COVID-2.jpg?resize=1024%2C680&amp;ssl=1 1024w, https:\/\/i1.wp.com\/www.radiopiu.net\/wordpress\/wp-content\/uploads\/2020\/03\/CONTROLLO-COVID-2.jpg?resize=300%2C199&amp;ssl=1 300w, https:\/\/i1.wp.com\/www.radiopiu.net\/wordpress\/wp-content\/uploads\/2020\/03\/CONTROLLO-COVID-2.jpg?resize=768%2C510&amp;ssl=1 768w, https:\/\/i1.wp.com\/www.radiopiu.net\/wordpress\/wp-content\/uploads\/2020\/03\/CONTROLLO-COVID-2.jpg?w=1430&amp;ssl=1 1430w\" alt=\"\" width=\"357\" height=\"237\" data-recalc-dims=\"1\" \/><\/a>BELLUNO<\/strong>\u00a0Oltre 1000 persone controllate, 17 denunciate per violazione del decreto del 9 marzo, 2 per false attestazioni, 2720 esercizi commerciali passati al setaccio,\u00a0 \u00a06\u00a0 denunce per violazioni accertate,\u00a0 questo il risultato dei controlli effettuati dalle pattuglie in provincia dall\u20198 marzo ad oggi.\u00a0\u00a0<b><\/b>Dai controlli effettuati \u00e8 emerso che, a parte qualche singolo caso opportunamente sanzionato, la stragrande maggioranza dei cittadini si \u00e8 attenuta alle disposizioni del Governo in ordine ai motivi che legittimano gli spostamenti sul territorio. Ci\u00f2 significa che la popolazione bellunese ha ben compreso la delicatezza del momento e l\u2019importanza di spostarsi solamente in presenza dei presupposti contenuti nel decreto.<br \/>\n<em><strong>\u201cGrazie\u00a0 a<\/strong><\/em><em><strong>i cittadini bellunesi per il buon senso e lo spirito di collaborazione dimostrato in questo difficile momento,\u00a0 tutti insieme potremo superare anche questa sfida\u201d,\u00a0<\/strong><\/em>\u00a0si legge nella nota della Questura. In<span class=\"photoswipe-wrapper\">\u00a0questa situazione di emergenza\u00a0<a class=\"dt-pswp-item pspw-wrap-ready\" href=\"https:\/\/i1.wp.com\/www.radiopiu.net\/wordpress\/wp-content\/uploads\/2020\/03\/CONTROLLO-COVID-3.jpg?ssl=1\" data-dt-img-description=\"\" data-large_image_width=\"1430\" data-large_image_height=\"949\"><img loading=\"lazy\" decoding=\"async\" class=\"wp-image-122182 alignright\" src=\"https:\/\/i1.wp.com\/www.radiopiu.net\/wordpress\/wp-content\/uploads\/2020\/03\/CONTROLLO-COVID-3.jpg?resize=297%2C197&amp;ssl=1\" sizes=\"auto, (max-width: 297px) 100vw, 297px\" srcset=\"https:\/\/i1.wp.com\/www.radiopiu.net\/wordpress\/wp-content\/uploads\/2020\/03\/CONTROLLO-COVID-3.jpg?resize=1024%2C680&amp;ssl=1 1024w, https:\/\/i1.wp.com\/www.radiopiu.net\/wordpress\/wp-content\/uploads\/2020\/03\/CONTROLLO-COVID-3.jpg?resize=300%2C199&amp;ssl=1 300w, https:\/\/i1.wp.com\/www.radiopiu.net\/wordpress\/wp-content\/uploads\/2020\/03\/CONTROLLO-COVID-3.jpg?resize=768%2C510&amp;ssl=1 768w, https:\/\/i1.wp.com\/www.radiopiu.net\/wordpress\/wp-content\/uploads\/2020\/03\/CONTROLLO-COVID-3.jpg?w=1430&amp;ssl=1 1430w\" alt=\"\" width=\"297\" height=\"197\" data-recalc-dims=\"1\" \/><\/a>che sta vivendo il nostro Paese, la Polizia di Stato e le altre forze presenti sul territorio sono chiamate a verificare la correttezza dei comportamenti di tutti. E usando le parole del Capo della Polizia Gabrielli, rivolte agli operatori impegnati in questa difficile battaglia, \u201clo dobbiamo fare con rigore ma anche con profonda umanit\u00e0\u201d.\u00a0<\/span>Lo scopo dei controlli, infatti, ha come obiettivo primario la tutela della salute di ciascuno e ancor di pi\u00f9 aiutare a comprendere che l\u2019interesse della collettivit\u00e0 \u00e8 assolutamente primario rispetto a quello dei singoli.\u00a0Ed \u00e8 con questo spirito di vicinanza alla popolazione, che le pattuglie della Polizia di si stanno impegnando in questa provincia per controllare e aiutare i bellunesi a rispettare i provvedimenti del Governo finalizzati a contrastare la diffusione dell\u2019epidemia del virus COVID-19. Le persone, infatti, sono spesso disorientate e impaurite e si rivolgono a noi per un consiglio su come comportarsi o solo per una parola di conforto.\u00a0<span class=\"photoswipe-wrapper\">Ed \u00e8 per questo motivo che oltre a incrementare le pattuglie di controllo sul territorio il Questore Lilia Fredella, nella scia del motto \u201cVicini alla gente\u201d, che da sempre contraddi<a class=\"dt-pswp-item pspw-wrap-ready\" href=\"https:\/\/i1.wp.com\/www.radiopiu.net\/wordpress\/wp-content\/uploads\/2020\/03\/CONTROLLO-COVID-1.jpg?ssl=1\" data-dt-img-description=\"\" data-large_image_width=\"1430\" data-large_image_height=\"949\"><img loading=\"lazy\" decoding=\"async\" class=\"wp-image-122183 alignleft\" src=\"https:\/\/i1.wp.com\/www.radiopiu.net\/wordpress\/wp-content\/uploads\/2020\/03\/CONTROLLO-COVID-1.jpg?resize=407%2C270&amp;ssl=1\" sizes=\"auto, (max-width: 407px) 100vw, 407px\" srcset=\"https:\/\/i1.wp.com\/www.radiopiu.net\/wordpress\/wp-content\/uploads\/2020\/03\/CONTROLLO-COVID-1.jpg?resize=1024%2C680&amp;ssl=1 1024w, https:\/\/i1.wp.com\/www.radiopiu.net\/wordpress\/wp-content\/uploads\/2020\/03\/CONTROLLO-COVID-1.jpg?resize=300%2C199&amp;ssl=1 300w, https:\/\/i1.wp.com\/www.radiopiu.net\/wordpress\/wp-content\/uploads\/2020\/03\/CONTROLLO-COVID-1.jpg?resize=768%2C510&amp;ssl=1 768w, https:\/\/i1.wp.com\/www.radiopiu.net\/wordpress\/wp-content\/uploads\/2020\/03\/CONTROLLO-COVID-1.jpg?w=1430&amp;ssl=1 1430w\" alt=\"\" width=\"407\" height=\"270\" data-recalc-dims=\"1\" \/><\/a>stingue la Polizia di Stato, ha voluto rinforzare il personale all\u2019Ufficio Relazioni con il Pubblico per garantire, soprattutto in questa prima fase di applicazione delle misure di contenimento, una risposta alle oltre 1000 chiamate giornaliere che giungono ai nostri centralini per dissipare i numerosi dubbi sorti al riguardo, soprattutto su cosa si pu\u00f2 o non si pu\u00f2 fare in vigenza di queste norme.\u00a0<\/span>Non solo la Questura di Belluno, ma anche tutte le specialit\u00e0 della polizia di Stato sono impegnate su questo fronte:\u00a0la Polizia stradale, nell\u2019ambito della consueta attivit\u00e0 di monitoraggio del traffico veicolare, ha contribuito ai controlli sugli automobilisti in transito lungo le principali arterie della provincia, verificando il rispetto delle disposizioni emanate dal Governo per il contenimento della diffusione del contagio da COVID-19.\u00a0Controlli sui passeggeri in arrivo e in partenza dalla Stazione di Belluno, nonch\u00e9 dalle altre stazioni ferroviarie di transito dei convogli sono tuttora in corso da parte della Polizia ferroviaria di Belluno.\u00a0Consigli, suggerimenti e interpretazioni del DPCM sono stati elargiti all\u2019utenza anche attraverso il portale Facebook della Polizia di Stato.<\/p>\n<blockquote>\n<p align=\"JUSTIFY\">Raccomandazioni alla popolazione sono state fornite anche dalla Polizia Postale, per proteggersi da possibili truffe e raggiri che possono essere posti in atto dai criminali del web, che approfittano di questo momento di maggiore vulnerabilit\u00e0 delle persone per colpire ignare vittime.\u00a0L\u2019ultima in ordine di tempo, scoperta dalla Polizia postale e delle comunicazioni (<a href=\"https:\/\/www.poliziadistato.it\/articolo\/23393\">https:\/\/www.poliziadistato.it\/articolo\/23393<\/a>), riguarda una campagna di frodi informatiche attraverso l\u2019inoltro di email a firma di una tale dottoressa Penelope Marchetti, presunta \u201cesperta\u201d dell\u2019Organizzazione mondiale della sanit\u00e0 in Italia. I falsi messaggi di posta elettronica, dal linguaggio professionale ed assolutamente credibile, invitano le vittime ad aprire un allegato infetto, contenente presunte precauzioni per evitare l\u2019infezione da Coronavirus. Il malware, della famiglia \u201cOstap\u201d e nascosto in un archivio javascrpt, mira a carpire i nostri dati sensibili.<\/p>\n<\/blockquote>\n<hr \/>\n<div class=\"page-title-head hgroup\">\n<blockquote>\n<h3><\/h3>\n<h3 class=\"entry-title\">SULLE STRADE, DALL\u2019INSIEME DELLE FORZE DI POLIZIA<\/h3>\n<\/blockquote>\n<\/div>\n<div class=\"page-title-breadcrumbs\">\n<p>L&#8217;emergenza raggiunge livelli di guardia, anzi ormai ha superato anche quelli ma nonostante tutto ci sono i furbi che insistono e impegnano oltre misura la forze di Polizia, ieri controllate oltre 1000 persone, quasi 3000 attivit\u00e0 commerciali e 17 persone sono state denunciate, anche 6 commercianti della categoria #noisiamoirresponsabiliIniziati anche i controlli nei rifugi da parte dei Carabinieri sciatori che in queste ore hanno controllato le strutture<\/p>\n<div id=\"gallery-3\" class=\"dt-gallery-container gallery galleryid-122197 gallery-columns-3 gallery-size-medium\">\n<dl class=\"gallery-item\">\n<dt class=\"gallery-icon landscape\"><a class=\"rollover this-ready\" href=\"https:\/\/www.radiopiu.net\/wordpress\/ieri-sulle-strade-dallinsieme-delle-forze-di-polizia\/e6c473fe-951a-47f7-b91c-37dff3a09782\/\"><img loading=\"lazy\" decoding=\"async\" class=\"attachment-medium size-medium\" src=\"https:\/\/i1.wp.com\/www.radiopiu.net\/wordpress\/wp-content\/uploads\/2020\/03\/e6c473fe-951a-47f7-b91c-37dff3a09782.jpg?resize=300%2C225&amp;ssl=1\" sizes=\"auto, (max-width: 300px) 100vw, 300px\" srcset=\"https:\/\/i1.wp.com\/www.radiopiu.net\/wordpress\/wp-content\/uploads\/2020\/03\/e6c473fe-951a-47f7-b91c-37dff3a09782.jpg?resize=300%2C225&amp;ssl=1 300w, https:\/\/i1.wp.com\/www.radiopiu.net\/wordpress\/wp-content\/uploads\/2020\/03\/e6c473fe-951a-47f7-b91c-37dff3a09782.jpg?w=320&amp;ssl=1 320w\" alt=\"\" width=\"300\" height=\"225\" \/><\/a><\/dt>\n<\/dl>\n<dl class=\"gallery-item\">\n<dt class=\"gallery-icon landscape\"><a class=\"rollover this-ready\" href=\"https:\/\/www.radiopiu.net\/wordpress\/ieri-sulle-strade-dallinsieme-delle-forze-di-polizia\/98c575eb-e840-4762-8099-9e915c11244d\/\"><img loading=\"lazy\" decoding=\"async\" class=\"attachment-medium size-medium\" src=\"https:\/\/i1.wp.com\/www.radiopiu.net\/wordpress\/wp-content\/uploads\/2020\/03\/98c575eb-e840-4762-8099-9e915c11244d.jpg?resize=300%2C225&amp;ssl=1\" sizes=\"auto, (max-width: 300px) 100vw, 300px\" srcset=\"https:\/\/i1.wp.com\/www.radiopiu.net\/wordpress\/wp-content\/uploads\/2020\/03\/98c575eb-e840-4762-8099-9e915c11244d.jpg?resize=300%2C225&amp;ssl=1 300w, https:\/\/i1.wp.com\/www.radiopiu.net\/wordpress\/wp-content\/uploads\/2020\/03\/98c575eb-e840-4762-8099-9e915c11244d.jpg?resize=768%2C576&amp;ssl=1 768w, https:\/\/i1.wp.com\/www.radiopiu.net\/wordpress\/wp-content\/uploads\/2020\/03\/98c575eb-e840-4762-8099-9e915c11244d.jpg?w=1024&amp;ssl=1 1024w\" alt=\"\" width=\"300\" height=\"225\" \/><\/a><\/dt>\n<\/dl>\n<dl class=\"gallery-item\">\n<dt class=\"gallery-icon landscape\"><a class=\"rollover this-ready\" href=\"https:\/\/www.radiopiu.net\/wordpress\/ieri-sulle-strade-dallinsieme-delle-forze-di-polizia\/865ae5f6-39cd-4ec6-9780-0ad2841faba0\/\"><img loading=\"lazy\" decoding=\"async\" class=\"attachment-medium size-medium\" src=\"https:\/\/i0.wp.com\/www.radiopiu.net\/wordpress\/wp-content\/uploads\/2020\/03\/865ae5f6-39cd-4ec6-9780-0ad2841faba0.jpg?resize=300%2C225&amp;ssl=1\" sizes=\"auto, (max-width: 300px) 100vw, 300px\" srcset=\"https:\/\/i0.wp.com\/www.radiopiu.net\/wordpress\/wp-content\/uploads\/2020\/03\/865ae5f6-39cd-4ec6-9780-0ad2841faba0.jpg?resize=300%2C225&amp;ssl=1 300w, https:\/\/i0.wp.com\/www.radiopiu.net\/wordpress\/wp-content\/uploads\/2020\/03\/865ae5f6-39cd-4ec6-9780-0ad2841faba0.jpg?resize=768%2C576&amp;ssl=1 768w, https:\/\/i0.wp.com\/www.radiopiu.net\/wordpress\/wp-content\/uploads\/2020\/03\/865ae5f6-39cd-4ec6-9780-0ad2841faba0.jpg?w=1024&amp;ssl=1 1024w\" alt=\"\" width=\"300\" height=\"225\" \/><\/a><\/dt>\n<\/dl>\n<\/div>\n<p>&nbsp;<\/p>\n<hr \/>\n<\/div>\n<h3><\/h3>\n<p>&nbsp;<\/p>\n<p>&nbsp;<\/p>\n<blockquote>\n<h3>LUXOTTICA FERMA GLI STABILIMENTI PER 3 GIORNI. DA GIOVEDI&#8217; DI NUOVO AL LAVORO REGOLARMENTE<\/h3>\n<\/blockquote>\n<p><strong><img loading=\"lazy\" decoding=\"async\" class=\"alignleft\" src=\"https:\/\/www.radiopiu.net\/wordpress\/wp-content\/uploads\/2020\/02\/LUXOTTICA-NOTTE-scaled.jpg\" width=\"264\" height=\"198\" \/>AGORDO <\/strong>Luxottica comunica, in accordo con le Organizzazioni Sindacali, una sospensione temporanea di tre giorni, dal 16 al 18 marzo, delle attivit\u00e0 produttive degli stabilimenti di Agordo, Sedico e Cencenighe (BL), Rovereto (TN), Pederobba (TV), Lauriano (TO), Silvi Marina (TE) e Citt\u00e0 Sant\u2019Angelo (PE), e di due giorni, dal 16 al 17 marzo, delle attivit\u00e0 del polo logistico di Sedico. La sospensione delle attivit\u00e0 permetter\u00e0 di validare le misure di prevenzione e sicurezza gi\u00e0 adottate e integrarle con le indicazioni del \u201cProtocollo di regolamentazione delle misure per il contrasto e il contenimento di COVID-19 negli ambienti di lavoro\u201d, sottoscritto in data odierna da Governo e Parti Sociali, per garantire, alla ripresa delle attivit\u00e0, la massima tutela della salute dei dipendenti. La decisione segue di due giorni l\u2019accordo sottoscritto tra azienda e Organizzazioni Sindacali che recepisce e anticipa, in alcuni casi anche in modo pi\u00f9 estensivo, parte delle misure introdotte a livello nazionale \u2013 tra le altre, il rallentamento delle attivit\u00e0 produttive e la rarefazione progressiva del personale nei reparti, l\u2019implementazione di logiche di segregazione dei gruppi e degli ambienti di lavoro, il ricorso estensivo al lavoro agile per gli uffici, l\u2019adozione collettiva di mascherine di protezione e l\u2019introduzione di presidi per il rilevamento della temperatura corporea agli ingressi. Le giornate di sospensione dell\u2019attivit\u00e0 saranno coperte con il ricorso alla cassa integrazione e permetteranno all\u2019azienda di rimodulare l\u2019organizzazione del lavoro secondo le disposizioni dei recenti decreti governativi e di ripartire in modo graduale tra mercoled\u00ec 18 e gioved\u00ec 19 marzo al fine di garantire i servizi essenziali e la continuit\u00e0 operativa. Azienda e Organizzazioni Sindacali hanno inoltre concordato in via preventiva la possibilit\u00e0 di ricorrere nelle prossime nove settimane alla cassa integrazione per gestire le contingenti riduzioni del personale nei reparti in osservanza delle indicazioni governative.<\/p>\n<p>&nbsp;<\/p>\n<p>&nbsp;<\/p>\n<p>&nbsp;<\/p>\n<hr \/>\n<p>&nbsp;<\/p>\n<div class=\"page-title-breadcrumbs\">\n<div class=\"page-title-breadcrumbs\">\n<div class=\"page-title-head hgroup\">\n<blockquote>\n<h3 class=\"entry-title\">STOP DI UNA SETTIMANA ALLA BLACKFIN PER LA SERENITA\u2019 DELLE MAESTRANZE<\/h3>\n<\/blockquote>\n<\/div>\n<div class=\"page-title-breadcrumbs\">\n<p><strong class=\"photoswipe-wrapper\"><a class=\"dt-pswp-item pspw-wrap-ready\" href=\"https:\/\/i2.wp.com\/www.radiopiu.net\/wordpress\/wp-content\/uploads\/2020\/03\/Nicola-Del-Din_2-1024x684-1.jpg?ssl=1\" data-dt-img-description=\"\" data-large_image_width=\"1024\" data-large_image_height=\"684\"><img loading=\"lazy\" decoding=\"async\" class=\"wp-image-122216 alignleft\" src=\"https:\/\/i2.wp.com\/www.radiopiu.net\/wordpress\/wp-content\/uploads\/2020\/03\/Nicola-Del-Din_2-1024x684-1.jpg?resize=371%2C248&amp;ssl=1\" sizes=\"auto, (max-width: 371px) 100vw, 371px\" srcset=\"https:\/\/i2.wp.com\/www.radiopiu.net\/wordpress\/wp-content\/uploads\/2020\/03\/Nicola-Del-Din_2-1024x684-1.jpg?w=1024&amp;ssl=1 1024w, https:\/\/i2.wp.com\/www.radiopiu.net\/wordpress\/wp-content\/uploads\/2020\/03\/Nicola-Del-Din_2-1024x684-1.jpg?resize=300%2C200&amp;ssl=1 300w, https:\/\/i2.wp.com\/www.radiopiu.net\/wordpress\/wp-content\/uploads\/2020\/03\/Nicola-Del-Din_2-1024x684-1.jpg?resize=768%2C513&amp;ssl=1 768w\" alt=\"\" width=\"371\" height=\"248\" \/><\/a><\/strong><\/p>\n<p>&nbsp;<\/p>\n<p>&nbsp;<\/p>\n<p>&nbsp;<\/p>\n<p><strong>TAIBON<\/strong>\u00a0La decisione \u00e8 presa, Blackfin ferma la produzione anche e soprattutto per ridare serenit\u00e0 a chi fino a ieri ha continuato a lavorare in localit\u00e0 Nogarola a Taibon. L\u2019auspicio che lo \u201cstare tutti a casa\u201d contribuisca in modo notevole ad abbassare il livello di guardia e poi via con forza, come da sempre ha fatto l\u2019industria che produce occhiali al titanio, via verso una nuova stagione che vedr\u00e0, tra l\u2019altro, l\u2019inaugurazione della nuova struttura in costruzione.<\/p>\n<p>&nbsp;<\/p>\n<p><strong>AI MICROFONI L\u2019AMMINISTRATORE\u00a0 NICOLA DEL DIN<\/strong><\/p>\n<\/div>\n<\/div>\n<\/div>\n<p>&nbsp;<\/p>\n<audio class=\"wp-audio-shortcode\" id=\"audio-122223-1\" preload=\"none\" style=\"width: 100%;\" controls=\"controls\"><source type=\"audio\/mpeg\" src=\"https:\/\/www.radiopiu.net\/wordpress\/wp-content\/uploads\/2020\/03\/BLACKNICO.mp3?_=1\" \/><a href=\"https:\/\/www.radiopiu.net\/wordpress\/wp-content\/uploads\/2020\/03\/BLACKNICO.mp3\">https:\/\/www.radiopiu.net\/wordpress\/wp-content\/uploads\/2020\/03\/BLACKNICO.mp3<\/a><\/audio>\n<p>&nbsp;<\/p>\n<p>&nbsp;<\/p>\n<hr \/>\n<h3><\/h3>\n<p>&nbsp;<\/p>\n<blockquote>\n<h3>APERTI PER SENSO DEL DOVERE E PER ASSICURARE MASCHERINE COME DA RICHIESTA MINISTERIALE<\/h3>\n<\/blockquote>\n<p><strong><a class=\"dt-pswp-item\" href=\"https:\/\/www.radiopiu.net\/wordpress\/wp-content\/uploads\/2020\/03\/6b5a0c9e-cc1c-4025-b488-4afbc670d980.jpg\" data-dt-img-description=\"\" data-large_image_width=\"1200\" data-large_image_height=\"1600\"><img loading=\"lazy\" decoding=\"async\" class=\"wp-image-122277 alignleft\" src=\"https:\/\/www.radiopiu.net\/wordpress\/wp-content\/uploads\/2020\/03\/6b5a0c9e-cc1c-4025-b488-4afbc670d980-768x1024.jpg\" alt=\"\" width=\"155\" height=\"207\" srcset=\"https:\/\/www.radiopiu.net\/wordpress\/wp-content\/uploads\/2020\/03\/6b5a0c9e-cc1c-4025-b488-4afbc670d980-768x1024.jpg 768w, https:\/\/www.radiopiu.net\/wordpress\/wp-content\/uploads\/2020\/03\/6b5a0c9e-cc1c-4025-b488-4afbc670d980-225x300.jpg 225w, https:\/\/www.radiopiu.net\/wordpress\/wp-content\/uploads\/2020\/03\/6b5a0c9e-cc1c-4025-b488-4afbc670d980-1152x1536.jpg 1152w, https:\/\/www.radiopiu.net\/wordpress\/wp-content\/uploads\/2020\/03\/6b5a0c9e-cc1c-4025-b488-4afbc670d980.jpg 1200w\" sizes=\"auto, (max-width: 155px) 100vw, 155px\" \/><\/a>AGORDO<\/strong> Maurizio Farenzena il bar a Taibon lo ha chiuso da giorni per responsabilit\u00e0 verso i clienti e il personale. Ma continua a lavorare nell&#8217;altra attivit\u00e0, un&#8217;azienda agordina che produce pezzi importanti per macchine da cucire industriali che in questi giorni divorano chilometri di filo per il confezionamento di mascherine, quelle regolari non tarocche,\u00a0 a garanzia della salute di chi lavora dentro e fuori dalla corsia di un ospedale. Per Questo Maurizio quando sente <em>&#8220;Bisogna chiudere tutto punto e basta&#8221;<\/em> si arrocca su posizioni importanti\u00a0 spiegando che ci sono attivit\u00e0 che necessitano di dover proseguire, produrre, garantire il prodotto come in questo caso. Ecco la sua spiegazione che ben volentieri riportiamo<\/p>\n<blockquote><p><em>&#8220;In questi giorni di &#8220;pandemia &#8221; , ho letto molti post che dicono &#8221; bisogna chiudere tutte le fabbriche &#8221; . Bisogna fare molta attenzione quando si dice chiudere tutto . Io ho chiuso il Giornale &amp; Caff\u00e8 a Taibon due giorni prima del decreto e quindi credo di essere &#8221; attendibile &#8221; . Ci sono per\u00f2 aziende come quella della quale sono socio che necessitano di rimanere operative<span class=\"text_exposed_show\">. Noi per quanto piccoli siamo la pi\u00f9 grande azienda Italiana ( e tra le prime in Europa ) che producono accessori per macchine da cucire industriali , in questo particolare momento c&#8217;\u00e8 una grande richiesta dei nostri prodotti per poter confezionare le mascherine FFP2 e FFP3 richieste dal Ministero della Salute.Rispettando i decreti sulla sicurezza continuiamo a produrre , sperando nel nostro piccolo a contribuire alla causa&#8221; <\/span><\/em><\/p><\/blockquote>\n<p><strong>E allora grazie a Maurizio e soci dal paese Italia e come dice il &#8220;Pelin&#8221;\u00a0 \u00a0<span class=\"text_exposed_show\">CE LA FAREMO !<\/span><\/strong><\/p>\n<blockquote><p><em>La ditta &#8220;Marcello Fusina &amp;C. Srl&#8221;\u00a0 \u00e8 stata fondata nel 1966, opera ad Agordo dal 1977. Fondatore Marcello Fusina, classe 1929. Oggi la societ\u00e0 poggia su Maurizio Farenzena, Giuseppe Parissenti e Michele Farenzena. Da poco \u00e8 scomparso il socio Massimo Tazzer.\u00a0<\/em><\/p><\/blockquote>\n<p>&nbsp;<\/p>\n<p>&nbsp;<\/p>\n<hr \/>\n<p>&nbsp;<\/p>\n<p>&nbsp;<\/p>\n<p>&nbsp;<\/p>\n<div class=\"page-title-breadcrumbs\">\n<div class=\"page-title-breadcrumbs\">\n<div class=\"page-title-head hgroup\">\n<blockquote>\n<h3 class=\"entry-title\">LE PRIME INDISCREZIONI SUL DPCM CHE DETTA LE LEGGI PER FAR LAVORARE GLI OPERAI IN PIENA SICUREZZA<\/h3>\n<\/blockquote>\n<\/div>\n<div class=\"page-title-breadcrumbs\">\n<p><strong>LE PAROLE DI FEDERICO D\u2019INCA\u2019, MINISTRO PER I RAPPORTI CON IL PARLAMENTO<\/strong><\/p>\n<p><em>\u201cPreservare la salute dei lavoratori sul luogo di lavoro. Questo era l\u2019obiettivo pi\u00f9 importante da raggiungere e questo \u00e8 l\u2019obiettivo che abbiamo raggiunto dopo una notte di confronto con le associazioni di categoria. Adesso teniamo duro e superiamo questo momento\u201d<\/em>.<\/p>\n<p><strong>LUIGI DELL\u2019ATTI, CGIL FILCTEM LUXOTTICA DI AGORDO<\/strong><\/p>\n<div class=\"o9v6fnle cxmmr5t8 oygrvhab hcukyx3x c1et5uql ii04i59q\">\n<div dir=\"auto\"><em>\u201cE\u2019 stato finalmente sottoscritto stamattina tra organizzazioni sindacali, Governo e parti datoriali, il nuovo protocollo sanitario che tutte le aziende dovranno rispettare in questa emergenza. Il documento contiene misure gi\u00e0 adottate da Luxottica altre che devono essere studiate e imbastite perch\u00e9 radicalmente nuove disposte dal Governo. Speravo che il governo Italiano prendesse di petto il vero problema, la tutela al 100% della salute dei lavoratori (con figli a casa e genitori anziani da accudire) ma purtroppo mi ha deluso, certamente la CGIL \u00e8 tutto il sindacato che lavora ogni giorno in Azienda continuer\u00e0 a lavorare costruttivamente in queste ore per trovare ulterioi risposte pi\u00f9 forti\u201d<\/em><\/div>\n<\/div>\n<\/div>\n<\/div>\n<\/div>\n<p>&nbsp;<\/p>\n<p>&nbsp;<\/p>\n<div dir=\"auto\">\n<hr \/>\n<p>&nbsp;<\/p>\n<\/div>\n<div class=\"page-title-breadcrumbs\">\n<div class=\"page-title-breadcrumbs\">\n<p>&nbsp;<\/p>\n<\/div>\n<\/div>\n<p>&nbsp;<\/p>\n<div class=\"page-title-breadcrumbs\">\n<div class=\"page-title-head hgroup\">\n<blockquote>\n<h3 class=\"entry-title\"><a class=\"dt-pswp-item\" href=\"https:\/\/www.radiopiu.net\/wordpress\/wp-content\/uploads\/2018\/05\/Mauro-Soppelsa-libero-professionista-perito-edile-56-anni.jpg\" data-dt-img-description=\"\" data-large_image_width=\"1852\" data-large_image_height=\"2218\"><img loading=\"lazy\" decoding=\"async\" class=\"wp-image-48070 alignleft\" src=\"https:\/\/www.radiopiu.net\/wordpress\/wp-content\/uploads\/2018\/05\/Mauro-Soppelsa-libero-professionista-perito-edile-56-anni-855x1024.jpg\" alt=\"\" width=\"153\" height=\"183\" srcset=\"https:\/\/www.radiopiu.net\/wordpress\/wp-content\/uploads\/2018\/05\/Mauro-Soppelsa-libero-professionista-perito-edile-56-anni-855x1024.jpg 855w, https:\/\/www.radiopiu.net\/wordpress\/wp-content\/uploads\/2018\/05\/Mauro-Soppelsa-libero-professionista-perito-edile-56-anni-250x300.jpg 250w, https:\/\/www.radiopiu.net\/wordpress\/wp-content\/uploads\/2018\/05\/Mauro-Soppelsa-libero-professionista-perito-edile-56-anni-768x920.jpg 768w, https:\/\/www.radiopiu.net\/wordpress\/wp-content\/uploads\/2018\/05\/Mauro-Soppelsa-libero-professionista-perito-edile-56-anni.jpg 1852w\" sizes=\"auto, (max-width: 153px) 100vw, 153px\" \/><\/a><\/h3>\n<h3><\/h3>\n<h3 class=\"entry-title\">SERVIZIO A DOMICILIO PER LE PERSONE IN DIFFICOLTA\u2019 A CENCENIGHE<\/h3>\n<\/blockquote>\n<\/div>\n<div><\/div>\n<div><\/div>\n<div><\/div>\n<div><\/div>\n<div class=\"page-title-breadcrumbs\">AI MICROFONI DI RADIOPIU IL SINDACO, MAURO SOPPELSA<\/div>\n<\/div>\n<div><\/div>\n<div>\n<audio class=\"wp-audio-shortcode\" id=\"audio-122223-2\" preload=\"none\" style=\"width: 100%;\" controls=\"controls\"><source type=\"audio\/mpeg\" src=\"https:\/\/www.radiopiu.net\/wordpress\/wp-content\/uploads\/2020\/03\/mauro-soppelsa.mp3?_=2\" \/><a href=\"https:\/\/www.radiopiu.net\/wordpress\/wp-content\/uploads\/2020\/03\/mauro-soppelsa.mp3\">https:\/\/www.radiopiu.net\/wordpress\/wp-content\/uploads\/2020\/03\/mauro-soppelsa.mp3<\/a><\/audio>\n<\/div>\n<p>&nbsp;<\/p>\n<p>&nbsp;<\/p>\n<div>\n<hr \/>\n<\/div>\n<p>&nbsp;<\/p>\n<div>\n<div class=\"page-title-head hgroup\">\n<blockquote>\n<div class=\"page-title-head hgroup\">\n<h3 class=\"entry-title\">SERVIZIO A DOMICILIO PER LA CONSEGNA DEI MEDICINALI A LIVINALLONGO<\/h3>\n<\/div>\n<\/blockquote>\n<div class=\"page-title-breadcrumbs\">\n<p><strong>LIVINALLONGO DEL COL DI LANA<\/strong>\u00a0Anche in comune di Livinallongo \u00e8 partito il servizio di consegna a domicilio dei medicinali da parte della farmacia di Arabba con la collaborazione della croce bianca e di volontari. Servizio rivolto a persone anziane o persone che da sole non possono uscire dalla propria abitazione<\/p>\n<p><strong>LA COMUNICAZIONE DEL SINDACO LEANDRO GRONES<\/strong><\/p>\n<p class=\"photoswipe-wrapper\"><a class=\"dt-pswp-item pspw-wrap-ready\" href=\"https:\/\/i0.wp.com\/www.radiopiu.net\/wordpress\/wp-content\/uploads\/2020\/03\/39e03181-3641-49f7-b29c-790ad1f4bb65.jpg?ssl=1\" data-dt-img-description=\"\" data-large_image_width=\"721\" data-large_image_height=\"1024\"><img loading=\"lazy\" decoding=\"async\" class=\"alignnone wp-image-122232\" src=\"https:\/\/i0.wp.com\/www.radiopiu.net\/wordpress\/wp-content\/uploads\/2020\/03\/39e03181-3641-49f7-b29c-790ad1f4bb65.jpg?resize=378%2C537&amp;ssl=1\" sizes=\"auto, (max-width: 378px) 100vw, 378px\" srcset=\"https:\/\/i0.wp.com\/www.radiopiu.net\/wordpress\/wp-content\/uploads\/2020\/03\/39e03181-3641-49f7-b29c-790ad1f4bb65.jpg?resize=211%2C300&amp;ssl=1 211w, https:\/\/i0.wp.com\/www.radiopiu.net\/wordpress\/wp-content\/uploads\/2020\/03\/39e03181-3641-49f7-b29c-790ad1f4bb65.jpg?w=721&amp;ssl=1 721w\" alt=\"\" width=\"378\" height=\"537\" data-recalc-dims=\"1\" \/><\/a><\/p>\n<p>&nbsp;<\/p>\n<hr \/>\n<\/div>\n<\/div>\n<\/div>\n<p>&nbsp;<\/p>\n<p>&nbsp;<\/p>\n<blockquote>\n<h3>EMERGENZA CORONAVIRUS A SANTOMASO<\/h3>\n<p>&nbsp;<\/p><\/blockquote>\n<p><strong>SAN TOMASO<\/strong> PER AIUTARE GLI ANZIANI E LE PERSONE BISOGNOSE A SUPERARE QUESTO MOMENTO DI DIFFICOLTA\u2019 \u2019 STATO ATTIVATO SUL TERRITORIO COMUNALE\u00a0 UN SERVIZIO DI CONSEGNA A DOMICILIO\u00a0 DI FARMACI E BENI DI PRIMA NECESSITA\u2019\u00a0 IL SERVIZIO E\u2019 RIVOLTO ALLE PERSONE ANZIANE SOLE\u00a0 E ALLE PERSONE SOLE CHE NON POSSONO\u00a0 USCIRE DALLE PROPRIE ABITAZIONI\u00a0 PER ACCEDERE AL SERVIZIO CONTATTARE I SEGUENTI NUMERI TELEFONICI: &#8211; COMUNE DI SAN TOMASO AGORDINO:0437 598004 (NEGLI ORARI DI UFFICIO) &#8211; RESPONSABILE SOCCORSO ALPINO VAL BIOIS: 3334474002<\/p>\n<p><strong><em>Telefonare dal luned\u00ec al venerdi ore 8:30\/12:00<\/em><\/strong><\/p>\n<p>&nbsp;<\/p>\n<p>&nbsp;<\/p>\n<hr \/>\n<p>&nbsp;<\/p>\n<p>&nbsp;<\/p>\n<div class=\"page-title-breadcrumbs\">\n<blockquote>\n<h3 class=\"entry-title\">DALLA PROVINCIA L\u2019APPELLO AI PROPRIETARI DI SECONDE CASE: \u00abNON SPOSTATEVI: LA MONTAGNA TORNER\u00c0 UN LUOGO DI VACANZA, MA NON ADESSO\u00bb<\/h3>\n<\/blockquote>\n<p><a class=\"dt-pswp-item pspw-wrap-ready\" href=\"https:\/\/i2.wp.com\/www.radiopiu.net\/wordpress\/wp-content\/uploads\/2018\/03\/Foto-Padrin.jpg?ssl=1\" data-dt-img-description=\"\" data-large_image_width=\"4608\" data-large_image_height=\"3456\"><img loading=\"lazy\" decoding=\"async\" class=\"size-medium wp-image-45284 alignleft\" src=\"https:\/\/i2.wp.com\/www.radiopiu.net\/wordpress\/wp-content\/uploads\/2018\/03\/Foto-Padrin.jpg?resize=300%2C225&amp;ssl=1\" sizes=\"auto, (max-width: 300px) 100vw, 300px\" srcset=\"https:\/\/i2.wp.com\/www.radiopiu.net\/wordpress\/wp-content\/uploads\/2018\/03\/Foto-Padrin.jpg?resize=300%2C225&amp;ssl=1 300w, https:\/\/i2.wp.com\/www.radiopiu.net\/wordpress\/wp-content\/uploads\/2018\/03\/Foto-Padrin.jpg?resize=768%2C576&amp;ssl=1 768w, https:\/\/i2.wp.com\/www.radiopiu.net\/wordpress\/wp-content\/uploads\/2018\/03\/Foto-Padrin.jpg?resize=1024%2C768&amp;ssl=1 1024w, https:\/\/i2.wp.com\/www.radiopiu.net\/wordpress\/wp-content\/uploads\/2018\/03\/Foto-Padrin.jpg?w=2400&amp;ssl=1 2400w, https:\/\/i2.wp.com\/www.radiopiu.net\/wordpress\/wp-content\/uploads\/2018\/03\/Foto-Padrin.jpg?w=3600&amp;ssl=1 3600w\" alt=\"\" width=\"300\" height=\"225\" data-recalc-dims=\"1\" \/><\/a><strong>BELLUNO<\/strong>\u00a0\u00ab<em>Torneremo a vivere la montagna come un luogo di vacanza e villeggiatura quando avremo superato questa fase emergenziale. In questo momento non \u00e8 possibile<\/em>\u00bb. \u00c8 il messaggio che il presidente della Provincia Roberto Padrin rivolge ai proprietari delle seconde case e alle persone che in queste ore vorrebbero recarsi in montagna per trascorrere lontano dalle citt\u00e0 i giorni di chiusura da coronavirus. \u00ab<em>Mi riferiscono di proprietari di seconde case che si stanno spostando per raggiungere i nostri territori di montagna \u2013 continua il presidente Padrin -. Questo non va assolutamente bene. In questo momento dobbiamo rispettare le misure di contenimento del contagio. E dobbiamo evitare di mettere sotto pressione il sistema sanitario. I controlli messi in campo dalle forze dell\u2019ordine servono soprattutto a questo, a evitare gli spostamenti non indispensabili. Cerchiamo quindi di non mettere in difficolt\u00e0 tutte le donne e gli uomini in divisa che stanno lavorando per la sicurezza di tutti. Ringrazio i colleghi sindaci dei Comuni pi\u00f9 turistici, che in queste giornate si stanno adoperando per rivolgere appelli ai proprietari delle seconde case. Mi unisco alla loro voce. E dico a tutti che questa emergenza sanitaria ha stravolto la quotidianit\u00e0, ma ci far\u00e0 vivere con pi\u00f9 entusiasmo il turismo della nostra montagna, quando tutto sar\u00e0 passato<\/em>\u00bb.<\/p>\n<\/div>\n<p><strong>IL PRESIDENTE DELLA PROVINCIA DI BELLUNO ROBERTO PADRIN<\/strong><\/p>\n<div class=\"page-title-breadcrumbs\">\n<div class=\"page-title-breadcrumbs\">\n<audio class=\"wp-audio-shortcode\" id=\"audio-122223-3\" preload=\"none\" style=\"width: 100%;\" controls=\"controls\"><source type=\"audio\/mpeg\" src=\"https:\/\/www.radiopiu.net\/wordpress\/wp-content\/uploads\/2020\/03\/PADRIN-SECONDE-CASE.mp3?_=3\" \/><a href=\"https:\/\/www.radiopiu.net\/wordpress\/wp-content\/uploads\/2020\/03\/PADRIN-SECONDE-CASE.mp3\">https:\/\/www.radiopiu.net\/wordpress\/wp-content\/uploads\/2020\/03\/PADRIN-SECONDE-CASE.mp3<\/a><\/audio>\n<p>&nbsp;<\/p>\n<hr \/>\n<p>&nbsp;<\/p>\n<div class=\"page-title-head hgroup\"><\/div>\n<\/div>\n<\/div>\n<div class=\"page-title-breadcrumbs\">\n<div class=\"page-title-breadcrumbs\">\n<p>&nbsp;<\/p>\n<\/div>\n<\/div>\n<div class=\"page-title-breadcrumbs\">\n<div class=\"page-title-breadcrumbs\">\n<div class=\"page-title-breadcrumbs\">\n<div class=\"page-title-head hgroup\">\n<h1 class=\"entry-title\">LA SCUOLA NEL CORONAVIRUS, QUANDO LA CRISI DIVENTA OPPORTUNITA\u2019 PER IL NUOVO<\/h1>\n<\/div>\n<div class=\"page-title-breadcrumbs\">\n<p><strong>di Luisa Alchini<\/strong><\/p>\n<p>AUDIO<\/p>\n<audio class=\"wp-audio-shortcode\" id=\"audio-122223-4\" preload=\"none\" style=\"width: 100%;\" controls=\"controls\"><source type=\"audio\/mpeg\" src=\"https:\/\/www.radiopiu.net\/wordpress\/wp-content\/uploads\/2020\/03\/1santagiustinascuolacoronavirus.mp3?_=4\" \/><a href=\"https:\/\/www.radiopiu.net\/wordpress\/wp-content\/uploads\/2020\/03\/1santagiustinascuolacoronavirus.mp3\">https:\/\/www.radiopiu.net\/wordpress\/wp-content\/uploads\/2020\/03\/1santagiustinascuolacoronavirus.mp3<\/a><\/audio>\n<p>&nbsp;<\/p>\n<p><strong class=\"photoswipe-wrapper\"><a class=\"dt-pswp-item pspw-wrap-ready\" href=\"https:\/\/i2.wp.com\/www.radiopiu.net\/wordpress\/wp-content\/uploads\/2020\/03\/cca15c6a-d749-4861-8027-58b3effcf8af.jpg?ssl=1\" data-dt-img-description=\"\" data-large_image_width=\"900\" data-large_image_height=\"1600\"><img loading=\"lazy\" decoding=\"async\" class=\"wp-image-122189 alignleft\" src=\"https:\/\/i2.wp.com\/www.radiopiu.net\/wordpress\/wp-content\/uploads\/2020\/03\/cca15c6a-d749-4861-8027-58b3effcf8af.jpg?resize=243%2C432&amp;ssl=1\" sizes=\"auto, (max-width: 243px) 100vw, 243px\" srcset=\"https:\/\/i2.wp.com\/www.radiopiu.net\/wordpress\/wp-content\/uploads\/2020\/03\/cca15c6a-d749-4861-8027-58b3effcf8af.jpg?resize=576%2C1024&amp;ssl=1 576w, https:\/\/i2.wp.com\/www.radiopiu.net\/wordpress\/wp-content\/uploads\/2020\/03\/cca15c6a-d749-4861-8027-58b3effcf8af.jpg?resize=169%2C300&amp;ssl=1 169w, https:\/\/i2.wp.com\/www.radiopiu.net\/wordpress\/wp-content\/uploads\/2020\/03\/cca15c6a-d749-4861-8027-58b3effcf8af.jpg?resize=768%2C1365&amp;ssl=1 768w, https:\/\/i2.wp.com\/www.radiopiu.net\/wordpress\/wp-content\/uploads\/2020\/03\/cca15c6a-d749-4861-8027-58b3effcf8af.jpg?resize=864%2C1536&amp;ssl=1 864w, https:\/\/i2.wp.com\/www.radiopiu.net\/wordpress\/wp-content\/uploads\/2020\/03\/cca15c6a-d749-4861-8027-58b3effcf8af.jpg?w=900&amp;ssl=1 900w\" alt=\"\" width=\"243\" height=\"432\" data-recalc-dims=\"1\" \/><\/a>SANTA GIUSTINA<\/strong>\u00a0 In questo straordinario momento in cui il temibile Cornavirus sta mettendo a dura prova noi italiani, sotto tutti gli aspetti della nostra vita, in cui la libert\u00e0 individuale \u00e8 fortemente limitata dal rischio di contagio, abbiamo per\u00f2 la facolt\u00e0 di poter scegliere come reinterpretare i nostri pensieri e la nostra stessa esistenza Ogni situazione \u00e8 una medaglia che presenta sempre due facce contrapposte, ogni situazione negativa reca in s\u00e9 elementi positivi, che spesso non sono di facile e immediata individuazione, ma che a ben guardare sono sempre presenti sotto forma di opportunit\u00e0 e nuove occasioni da sfruttare. Se non hai la possibilit\u00e0 di cambiare qualcosa, hai comunque sempre la possibilit\u00e0 di cambiare il modo in cui pensi a quella cosa. Hai sempre la possibilit\u00e0 di vedere una crisi come l\u2019opportunit\u00e0 di imparare qualcosa di nuovo, come l\u2019occasione per trasformare un problema in una splendido momento di crescita. Oggi abbiamo maggiormente a cuore il futuro dei nostri figli, spesso sono proprio loro a spingerci a sfruttare tutte le nostre risorse per uscire da questo incubo. Lo sappiamo bene noi genitori e lo sanno anche molti insegnanti che hanno a cuore i loro studenti. Oggi vogliamo dare voce ad un bel esempio che viene dalla maestra Paola Piccolotto, docente di scuola primaria dell\u2019Istituto comprensivo di Santa Giustina: pur non essendo avvezza al rapporto informatico tecnologico, decide di registrare dei video che inoltra ai suoi alunni attraverso i genitori per essere loro vicina. Come lei molti docenti stanno seguendo questa strada anche nella nostra provincia. \u201cIn questo momento \u00e8 importante che ognuno faccia la sua piccola parte, io faccio la mia ,penso ai miei bambini, ho la preoccupazione per il loro futuro, siamo tutti sulla stessa barca , questo periodo sta facendo loro perdere un pezzo di vita soprattutto della scuola, cerco di fare la mia piccola parte affinch\u00e9 possano comunque andare avanti nella vita e nella scuola, a crescere, a portare avanti la loro conoscenza, anche se non \u00e8 semplice usare le tecnologie, non sono l\u2019unica altre colleghe stanno seguendo questa strada\u2026vi sono vicina ..\u201d Siamo certi che i nostri figli un domani potranno ringraziare anche i loro preziosi insegnanti che in questo momento difficile hanno saputo dare un esempio cos\u00ec responsabile, esempi che oggi in ogni settore si moltiplicano a dimostrazione che il mondo \u00e8 pieno di donne e uomini di valore.<\/p>\n<\/div>\n<\/div>\n<\/div>\n<\/div>\n<p>&nbsp;<\/p>\n<p>&nbsp;<\/p>\n<p>&nbsp;<\/p>\n<p>&nbsp;<\/p>\n<p>&nbsp;<\/p>\n<p>&nbsp;<\/p>\n<div class=\"page-title-breadcrumbs\">\n<div class=\"page-title-breadcrumbs\">\n<div class=\"page-title-breadcrumbs\">\n<div class=\"page-title-breadcrumbs\">\n<hr \/>\n<p>&nbsp;<\/p>\n<div class=\"page-title-head hgroup\">\n<blockquote>\n<h3 class=\"entry-title\">UNA STORIA PER ME E PER TE, DALLA SCUOLA DELL\u2019INFANZIA DI TAIBON<\/h3>\n<\/blockquote>\n<\/div>\n<div class=\"page-title-breadcrumbs\">\n<p>Le maestre della scuola dell&#8217;infanzia di Taibon Agordino, hanno deciso di tenersi in contatto con i bambini in questi giorni in cui le scuole sono chiuse. Giornalmente inviano un piccola storia ai loro piccoli e tutto nasce da un progetto che doveva essere fatto a scuola. Il progetto si intitola UNA STORIA PER ME E PER TE, un modo nuovo per essere vicini in questi giorni in cui bisogna rimanere a casa. Cosa che \u00e8 stata molto apprezzata dai bambini che hanno risposto a modo loro ai video inviati dalla maestra Paola.<\/p>\n<p><strong>IL VIDEO DELLA PRIMA STORIA<\/strong><\/p>\n<div style=\"width: 960px;\" class=\"wp-video\"><video class=\"wp-video-shortcode\" id=\"video-122223-1\" width=\"960\" height=\"540\" preload=\"metadata\" controls=\"controls\"><source type=\"video\/mp4\" src=\"https:\/\/www.radiopiu.net\/wordpress\/wp-content\/uploads\/2020\/03\/maestra-paola-ok.mp4?_=1\" \/><a href=\"https:\/\/www.radiopiu.net\/wordpress\/wp-content\/uploads\/2020\/03\/maestra-paola-ok.mp4\">https:\/\/www.radiopiu.net\/wordpress\/wp-content\/uploads\/2020\/03\/maestra-paola-ok.mp4<\/a><\/video><\/div>\n<p>&nbsp;<\/p>\n<p><strong>LA RISPOSTA DEI BAMBINI<\/strong><\/p>\n<audio class=\"wp-audio-shortcode\" id=\"audio-122223-5\" preload=\"none\" style=\"width: 100%;\" controls=\"controls\"><source type=\"audio\/mpeg\" src=\"https:\/\/www.radiopiu.net\/wordpress\/wp-content\/uploads\/2020\/03\/BIMBI-SCUOLA-MATERNA-TAIBON.mp3?_=5\" \/><a href=\"https:\/\/www.radiopiu.net\/wordpress\/wp-content\/uploads\/2020\/03\/BIMBI-SCUOLA-MATERNA-TAIBON.mp3\">https:\/\/www.radiopiu.net\/wordpress\/wp-content\/uploads\/2020\/03\/BIMBI-SCUOLA-MATERNA-TAIBON.mp3<\/a><\/audio>\n<p>&nbsp;<\/p>\n<p>&nbsp;<\/p>\n<\/div>\n<p>&nbsp;<\/p>\n<div class=\"page-title-breadcrumbs\">\n<hr \/>\n<\/div>\n<\/div>\n<\/div>\n<\/div>\n<\/div>\n<p>&nbsp;<\/p>\n<blockquote>\n<h3><a class=\"dt-pswp-item\" href=\"https:\/\/www.radiopiu.net\/wordpress\/wp-content\/uploads\/2020\/03\/pp-2.jpg\" data-dt-img-description=\"\" data-large_image_width=\"640\" data-large_image_height=\"640\"><img loading=\"lazy\" decoding=\"async\" class=\"wp-image-122283 alignleft\" src=\"https:\/\/www.radiopiu.net\/wordpress\/wp-content\/uploads\/2020\/03\/pp-2.jpg\" alt=\"\" width=\"222\" height=\"222\" srcset=\"https:\/\/www.radiopiu.net\/wordpress\/wp-content\/uploads\/2020\/03\/pp-2.jpg 640w, https:\/\/www.radiopiu.net\/wordpress\/wp-content\/uploads\/2020\/03\/pp-2-300x300.jpg 300w, https:\/\/www.radiopiu.net\/wordpress\/wp-content\/uploads\/2020\/03\/pp-2-150x150.jpg 150w\" sizes=\"auto, (max-width: 222px) 100vw, 222px\" \/><\/a><\/h3>\n<h3><\/h3>\n<h3><\/h3>\n<h1>IL MESSAGGIO DI DON CESARE AI PARROCCHIANI DI AGORDO, LA VALLE E TAIBON<\/h1>\n<\/blockquote>\n<audio class=\"wp-audio-shortcode\" id=\"audio-122223-6\" preload=\"none\" style=\"width: 100%;\" controls=\"controls\"><source type=\"audio\/mpeg\" src=\"https:\/\/www.radiopiu.net\/wordpress\/wp-content\/uploads\/2020\/03\/DON-CESARE.mp3?_=6\" \/><a href=\"https:\/\/www.radiopiu.net\/wordpress\/wp-content\/uploads\/2020\/03\/DON-CESARE.mp3\">https:\/\/www.radiopiu.net\/wordpress\/wp-content\/uploads\/2020\/03\/DON-CESARE.mp3<\/a><\/audio>\n<p>&nbsp;<\/p>\n<p>&nbsp;<\/p>\n<p>&nbsp;<\/p>\n<blockquote class=\"wp-embedded-content\" data-secret=\"mJrhwSWD72\"><p><a href=\"https:\/\/www.radiopiu.net\/wordpress\/don-fabiano-il-pentaparroco-del-poi\/\">DON FABIANO, IL PENTAPARROCO DEL POI<\/a><\/p><\/blockquote>\n<p><iframe loading=\"lazy\" title=\"&#8220;DON FABIANO, IL PENTAPARROCO DEL POI&#8221; &#8212; Radio Pi\u00f9\" class=\"wp-embedded-content\" sandbox=\"allow-scripts\" security=\"restricted\" style=\"position: absolute; clip: rect(1px, 1px, 1px, 1px);\" src=\"https:\/\/www.radiopiu.net\/wordpress\/don-fabiano-il-pentaparroco-del-poi\/embed\/#?secret=mJrhwSWD72\" data-secret=\"mJrhwSWD72\" width=\"600\" height=\"338\" frameborder=\"0\" marginwidth=\"0\" marginheight=\"0\" scrolling=\"no\"><\/iframe><\/p>\n<p>&nbsp;<\/p>\n<p>&nbsp;<\/p>\n<blockquote class=\"wp-embedded-content\" data-secret=\"PRDU4llvJb\"><p><a href=\"https:\/\/www.radiopiu.net\/wordpress\/sis\/\">SETTIMA  PUNTATA, SIMONE GARAVANA, DUE ANNI  PER SCOPRIRE IL MONDO<\/a><\/p><\/blockquote>\n<p><iframe loading=\"lazy\" title=\"&#8220;SETTIMA  PUNTATA, SIMONE GARAVANA, DUE ANNI  PER SCOPRIRE IL MONDO&#8221; &#8212; Radio Pi\u00f9\" class=\"wp-embedded-content\" sandbox=\"allow-scripts\" security=\"restricted\" style=\"position: absolute; clip: rect(1px, 1px, 1px, 1px);\" src=\"https:\/\/www.radiopiu.net\/wordpress\/sis\/embed\/#?secret=PRDU4llvJb\" data-secret=\"PRDU4llvJb\" width=\"600\" height=\"338\" frameborder=\"0\" marginwidth=\"0\" marginheight=\"0\" scrolling=\"no\"><\/iframe><\/p>\n<p>&nbsp;<\/p>\n<p>&nbsp;<\/p>\n","protected":false},"excerpt":{"rendered":"<p>PER RICEVERE QUESTO NOTIZIARIO DIRETTAMENTE SUL TUO CELLULARE ISCRIVITI AL CANALE\u00a0TELEGRAM\u00a0\u201cRADIO PIU\u00a0 INFORMAZIONE &nbsp; &nbsp; LA RIVOLTA DELLA MONTAGNA: TURISTI STATEVENE A CASA VOSTRA di Mirko Mezzacasa Il virus avanza, dalla pianura alle vette dolomitiche nessuno ormai ne \u00e8 esente, primi casi di positivit\u00e0 anche a Cortina che conferma l&#8217;importanza di aver annullato la Coppa&hellip;<\/p>\n","protected":false},"author":4,"featured_media":122182,"comment_status":"closed","ping_status":"closed","sticky":false,"template":"","format":"standard","meta":{"_monsterinsights_skip_tracking":false,"_monsterinsights_sitenote_active":false,"_monsterinsights_sitenote_note":"","_monsterinsights_sitenote_category":0,"footnotes":""},"categories":[1,51,86],"tags":[],"class_list":["post-122223","post","type-post","status-publish","format-standard","has-post-thumbnail","hentry","category-senza-categoria","category-evidenza-top","category-gr","category-1","category-51","category-86","description-off"],"img_url":"https:\/\/www.radiopiu.net\/wordpress\/wp-content\/uploads\/2020\/03\/CONTROLLO-COVID-3.jpg","_links":{"self":[{"href":"https:\/\/www.radiopiu.net\/wordpress\/wp-json\/wp\/v2\/posts\/122223","targetHints":{"allow":["GET"]}}],"collection":[{"href":"https:\/\/www.radiopiu.net\/wordpress\/wp-json\/wp\/v2\/posts"}],"about":[{"href":"https:\/\/www.radiopiu.net\/wordpress\/wp-json\/wp\/v2\/types\/post"}],"author":[{"embeddable":true,"href":"https:\/\/www.radiopiu.net\/wordpress\/wp-json\/wp\/v2\/users\/4"}],"replies":[{"embeddable":true,"href":"https:\/\/www.radiopiu.net\/wordpress\/wp-json\/wp\/v2\/comments?post=122223"}],"version-history":[{"count":0,"href":"https:\/\/www.radiopiu.net\/wordpress\/wp-json\/wp\/v2\/posts\/122223\/revisions"}],"wp:featuredmedia":[{"embeddable":true,"href":"https:\/\/www.radiopiu.net\/wordpress\/wp-json\/wp\/v2\/media\/122182"}],"wp:attachment":[{"href":"https:\/\/www.radiopiu.net\/wordpress\/wp-json\/wp\/v2\/media?parent=122223"}],"wp:term":[{"taxonomy":"category","embeddable":true,"href":"https:\/\/www.radiopiu.net\/wordpress\/wp-json\/wp\/v2\/categories?post=122223"},{"taxonomy":"post_tag","embeddable":true,"href":"https:\/\/www.radiopiu.net\/wordpress\/wp-json\/wp\/v2\/tags?post=122223"}],"curies":[{"name":"wp","href":"https:\/\/api.w.org\/{rel}","templated":true}]}}