{"id":122228,"date":"2020-03-14T19:17:55","date_gmt":"2020-03-14T18:17:55","guid":{"rendered":"https:\/\/www.radiopiu.net\/wordpress\/?p=122228"},"modified":"2020-03-14T20:38:31","modified_gmt":"2020-03-14T19:38:31","slug":"ospedali-sempre-blindati-e-aperti-alle-sole-urgenze-le-novita-dal-dipartimento-delle-dipendenze-ser-d","status":"publish","type":"post","link":"https:\/\/www.radiopiu.net\/wordpress\/ospedali-sempre-blindati-e-aperti-alle-sole-urgenze-le-novita-dal-dipartimento-delle-dipendenze-ser-d\/","title":{"rendered":"OSPEDALI SEMPRE BLINDATI E APERTI ALLE SOLE URGENZE, LE NOVITA&#8217; DAL DIPARTIMENTO DELLE DIPENDENZE SER.D"},"content":{"rendered":"<blockquote>\n<h2><span style=\"font-size: medium; font-family: Calibri, serif;\">Numero totale tamponi effettuati per ricerca nCoV al 14 marzo 2020:<\/span><span style=\"font-size: medium; font-family: Calibri, serif;\"><b> 1.508 <\/b><\/span><span style=\"font-size: medium; font-family: Calibri, serif;\">Persone residenti in Ulss Dolomiti in isolamento domiciliare fiduciario e sorveglianza attiva al 14 marzo 2020: <\/span><span style=\"font-size: medium; font-family: Calibri, serif;\"><b>453 <\/b><\/span><span style=\"font-size: medium;\"><span style=\"font-family: Calibri, serif;\">Alcuni tamponi sono stati effettuati pi\u00f9 volte sulle stesse persone<\/span><\/span><\/h2>\n<\/blockquote>\n<p>&nbsp;<\/p>\n<ol>\n<li>\n<p align=\"JUSTIFY\"><span style=\"font-size: medium;\"><span style=\"color: #1f497d;\"><span style=\"font-family: Calibri, serif;\"><b>IN TUTTE LE STRUTTURE DELL\u2019ULSS DOLOMITI <\/b><\/span><\/span><\/span><span style=\"font-family: Calibri, serif;\"><span style=\"font-size: medium;\"><b>\u00e8 sospesa tutta l\u2019attivit\u00e0 chirurgica programmata per la quale \u00e8 previsto il ricovero in terapia intensiva<\/b><\/span><\/span><span style=\"font-family: Calibri, serif;\"><span style=\"font-size: medium;\">. <\/span><\/span><span style=\"font-family: Calibri, serif;\"><span style=\"font-size: medium;\"><b>Sono garantite le URGENZE. E&#8217;<\/b><\/span><\/span><span style=\"font-family: Calibri, serif;\"><span style=\"font-size: medium;\"><b> ridotta l\u2019attivit\u00e0 chirurgica programmata non urgente E&#8217;<\/b><\/span><\/span><span style=\"font-family: Calibri, serif;\"><span style=\"font-size: medium;\">\u00a0<\/span><\/span><span style=\"font-family: Calibri, serif;\"><span style=\"font-size: medium;\"><b>sospesa tutta l\u2019attivit\u00e0 di specialistica ambulatoriale E&#8217;<\/b><\/span><\/span><span style=\"font-family: Calibri, serif;\"><span style=\"font-size: medium;\">\u00a0<\/span><\/span><span style=\"font-family: Calibri, serif;\"><span style=\"font-size: medium;\"><b>sospesa l\u2019attivit\u00e0 libero professionale intramoenia. Chiusi gli spottelli <\/b><\/span><\/span><span style=\"font-family: Calibri, serif;\"><span style=\"font-size: medium;\">\u00a0<\/span><\/span><span style=\"font-family: Calibri, serif;\"><span style=\"font-size: medium;\"><b>prenotazione CUP. Mantenute le attivitt\u00e0 di\u00a0 <\/b><\/span><\/span><span style=\"font-family: Calibri, serif;\"><span style=\"font-size: medium;\"><b>assistenza psichiatrica e <\/b><\/span><\/span><span style=\"font-family: Calibri, serif;\"><span style=\"font-size: medium;\"><b>sospese tutte le attivit\u00e0 distrettuali<\/b><\/span><\/span><\/p>\n<\/li>\n<\/ol>\n<ul>\n<li><span style=\"font-family: Calibri, serif;\"><span style=\"font-size: medium;\">ll <\/span><\/span><span style=\"font-family: Calibri, serif;\"><span style=\"font-size: medium;\"><b>SERVIZIO IGIENE E SANITA\u2019 PUBBLICA<\/b><\/span><\/span><span style=\"font-family: Calibri, serif;\"><span style=\"font-size: medium;\"> del <\/span><\/span><span style=\"font-family: Calibri, serif;\"><span style=\"font-size: medium;\"><b>Dipartimento di Prevenzione <\/b><\/span><\/span><span style=\"font-family: Calibri, serif; font-size: medium;\">sono sospese le attivit\u00e0 non urgenti<\/span><i><b><\/b><\/i><\/li>\n<\/ul>\n<p>&nbsp;<\/p>\n<p><span style=\"color: #c0504d;\"><span style=\"font-family: Calibri, serif;\"><span style=\"font-size: large;\"><b>DIPARTIMENTO DELLE DIPENDENZE (SER.D) <\/b><\/span><\/span><\/span><span style=\"font-size: medium; font-family: Calibri, serif;\">sospensione delle attivit\u00e0 non urgenti (colloqui psicosociali di valutazione ed educativi, etc), <\/span><span style=\"font-size: medium; font-family: Calibri, serif;\">garanzia delle attivit\u00e0 ambulatoriali e prestazioni sanitarie di urgenza nei seguenti orari: <\/span><span style=\"font-size: medium; font-family: Calibri, serif;\">Ser.D Belluno: dal luned\u00ec al venerd\u00ec dalle 8.30 alle 13.00 <\/span><span style=\"font-size: medium; font-family: Calibri, serif;\">Ser.D Feltre: dal luned\u00ec al venerd\u00ec dalle 8.30 alle 13.00 <\/span><span style=\"font-size: medium; font-family: Calibri, serif;\">Ser.D Agordo: luned\u00ec, marted\u00ec e venerd\u00ec dalle 8.30 alle 13.00 <\/span><span style=\"font-size: medium; font-family: Calibri, serif;\">Ser.D Auronzo: luned\u00ec, mercoled\u00ec e venerd\u00ec dalle 8.30 alle 13.00 <\/span><span style=\"font-size: medium; font-family: Calibri, serif;\">sospensione di nuovi ingressi al Day Hospital Alcologia Auronzo. Si sta procedendo a dimissioni protette.<\/span><\/p>\n<p align=\"JUSTIFY\"><span style=\"color: #4bacc6;\"><span style=\"font-family: Calibri, serif;\"><span style=\"font-size: large;\"><b>UNITA\u2019 di OFFERTA SEMIRESIDENZIALI SOCIO SANITARIE e SOCIALI (centri diurni, etc) <\/b><\/span><\/span><\/span><span style=\"font-size: medium; font-family: Calibri, serif;\"><span style=\"font-size: large;\">Le unit\u00e0 di offerta semiresidenziale sociosanitarie e sociali (centri diurni etc), comprese quelle per anziani, persone con disabilit\u00e0, minori, etc, <\/span><\/span><span style=\"font-size: medium; font-family: Calibri, serif;\"><span style=\"font-size: large;\"><b>sono CHIUSE.<\/b><\/span><\/span><\/p>\n<ol start=\"2\">\n<li>\n<p align=\"JUSTIFY\"><span style=\"color: #00b050;\"><span style=\"font-family: Calibri, serif;\"><span style=\"font-size: medium;\"><b>OSPEDALE DI BELLUNO<\/b><\/span><\/span><\/span><\/p>\n<\/li>\n<\/ol>\n<ul>\n<li>\n<p align=\"JUSTIFY\"><span style=\"font-family: Calibri, serif;\"><span style=\"font-size: medium;\">le degenze di CHIRURGIA, NEFROLOGIA e UROLOGIA sono state compattate al 3\u00b0 piano del Blocco Chirurgico del San Martino di Belluno al fine di liberare personale infermieristico per le aree COVID-19<\/span><\/span><\/p>\n<\/li>\n<li>\n<p align=\"JUSTIFY\"><span style=\"font-family: Calibri, serif;\"><span style=\"font-size: medium;\">le degenze della PNEUMOLOGIA sono state collocate al 2\u00b0 piano del blocco medico del San Martino. I letti lasciati liberi (16) sono stati messi a disposizione per pazienti COVID-19.<\/span><\/span><\/p>\n<\/li>\n<li>\n<p align=\"JUSTIFY\"><span style=\"font-family: Calibri, serif;\"><span style=\"font-size: medium;\">Temporaneamente centralizzate su Feltre le urgenze DIFFERIBILI di Otorinolaringoiatria<\/span><\/span><\/p>\n<\/li>\n<\/ul>\n<ol start=\"3\">\n<li>\n<p align=\"JUSTIFY\"><span style=\"color: #943634;\"><span style=\"font-family: Calibri, serif;\"><span style=\"font-size: medium;\"><b>OSP<\/b><\/span><\/span><\/span><span style=\"color: #943634;\"><span style=\"font-family: Calibri, serif;\"><span style=\"font-size: medium;\"><b>EDALE DI AGORDO <\/b><\/span><\/span><\/span><\/p>\n<\/li>\n<\/ol>\n<ul>\n<li>\n<p align=\"JUSTIFY\"><span style=\"font-family: Calibri, serif;\"><span style=\"font-size: medium;\">sospensione dei ricoveri dal territorio o da altre strutture sanitarie per la Medicina\/Lungodegenza\/Ospedale di Comunit\u00e0;<\/span><\/span><\/p>\n<\/li>\n<\/ul>\n<p align=\"JUSTIFY\"><span style=\"font-family: Calibri, serif;\"><span style=\"font-size: medium;\">La sospensione temporanea sopra riportato prevede che i ricoveri e le prestazioni urgenti vengano garantiti dagli altri ospedali dell\u2019Azienda.<\/span><\/span><\/p>\n<ol start=\"4\">\n<li>\n<p align=\"JUSTIFY\"><span style=\"color: #4bacc6;\"><span style=\"font-family: Calibri, serif;\"><span style=\"font-size: medium;\"><b>OSPEDALE DI PIEVE DI CADORE<\/b><\/span><\/span><\/span><\/p>\n<\/li>\n<\/ol>\n<ul>\n<li>\n<p align=\"JUSTIFY\"><span style=\"font-family: Calibri, serif;\"><span style=\"font-size: medium;\">\u00e8 attivo un filtro all\u2019ingresso per il controllo degli accessi grazie al personale della Protezione Civile<\/span><\/span><\/p>\n<\/li>\n<\/ul>\n<ol start=\"5\">\n<li>\n<p align=\"JUSTIFY\"><span style=\"color: #8064a2;\"><span style=\"font-family: Calibri, serif;\"><span style=\"font-size: medium;\"><b>OSPEDALE DI FELTRE<\/b><\/span><\/span><\/span><\/p>\n<\/li>\n<\/ol>\n<ul>\n<li>\n<p align=\"JUSTIFY\"><span style=\"font-family: Calibri, serif;\"><span style=\"font-size: medium;\">Il reparto di PNEUMOLOGIA \u00e8 stato trasferito al 5\u00b0 piano del Padiglione Dalla Palma<\/span><\/span><\/p>\n<\/li>\n<li>\n<p align=\"JUSTIFY\"><span style=\"font-family: Calibri, serif;\"><span style=\"font-size: medium;\">Il reparto di GERIATRIA \u00e8 stato riattivato al 1\u00b0 piano del Padiglione Gaggia <\/span><\/span><\/p>\n<\/li>\n<li>\n<p align=\"JUSTIFY\"><span style=\"font-family: Calibri, serif;\"><span style=\"font-size: medium;\">E\u2019 stata predisposta un\u2019area per eventuali pazienti Covid-19 che necessitano di ospedalizzazione e un\u2019area degenza dedicata ai casi positivi Covid-19 ma con altre patologie che ne prevedono l\u2019ospedalizzazione nelle due ali del 4\u00b0 Piano del Padiglione Dalla Palma.<\/span><\/span><\/p>\n<\/li>\n<\/ul>\n<p align=\"JUSTIFY\">\n","protected":false},"excerpt":{"rendered":"<p>Numero totale tamponi effettuati per ricerca nCoV al 14 marzo 2020: 1.508 Persone residenti in Ulss Dolomiti in isolamento domiciliare fiduciario e sorveglianza attiva al 14 marzo 2020: 453 Alcuni tamponi sono stati effettuati pi\u00f9 volte sulle stesse persone &nbsp; IN TUTTE LE STRUTTURE DELL\u2019ULSS DOLOMITI \u00e8 sospesa tutta l\u2019attivit\u00e0 chirurgica programmata per la quale&hellip;<\/p>\n","protected":false},"author":1,"featured_media":121260,"comment_status":"closed","ping_status":"closed","sticky":false,"template":"","format":"standard","meta":{"_monsterinsights_skip_tracking":false,"_monsterinsights_sitenote_active":false,"_monsterinsights_sitenote_note":"","_monsterinsights_sitenote_category":0,"footnotes":""},"categories":[49],"tags":[],"class_list":["post-122228","post","type-post","status-publish","format-standard","has-post-thumbnail","hentry","category-news-18","category-49","description-off"],"img_url":"https:\/\/www.radiopiu.net\/wordpress\/wp-content\/uploads\/2020\/03\/covid-ulss.jpg","_links":{"self":[{"href":"https:\/\/www.radiopiu.net\/wordpress\/wp-json\/wp\/v2\/posts\/122228","targetHints":{"allow":["GET"]}}],"collection":[{"href":"https:\/\/www.radiopiu.net\/wordpress\/wp-json\/wp\/v2\/posts"}],"about":[{"href":"https:\/\/www.radiopiu.net\/wordpress\/wp-json\/wp\/v2\/types\/post"}],"author":[{"embeddable":true,"href":"https:\/\/www.radiopiu.net\/wordpress\/wp-json\/wp\/v2\/users\/1"}],"replies":[{"embeddable":true,"href":"https:\/\/www.radiopiu.net\/wordpress\/wp-json\/wp\/v2\/comments?post=122228"}],"version-history":[{"count":0,"href":"https:\/\/www.radiopiu.net\/wordpress\/wp-json\/wp\/v2\/posts\/122228\/revisions"}],"wp:featuredmedia":[{"embeddable":true,"href":"https:\/\/www.radiopiu.net\/wordpress\/wp-json\/wp\/v2\/media\/121260"}],"wp:attachment":[{"href":"https:\/\/www.radiopiu.net\/wordpress\/wp-json\/wp\/v2\/media?parent=122228"}],"wp:term":[{"taxonomy":"category","embeddable":true,"href":"https:\/\/www.radiopiu.net\/wordpress\/wp-json\/wp\/v2\/categories?post=122228"},{"taxonomy":"post_tag","embeddable":true,"href":"https:\/\/www.radiopiu.net\/wordpress\/wp-json\/wp\/v2\/tags?post=122228"}],"curies":[{"name":"wp","href":"https:\/\/api.w.org\/{rel}","templated":true}]}}