{"id":122265,"date":"2020-03-14T23:36:21","date_gmt":"2020-03-14T22:36:21","guid":{"rendered":"https:\/\/www.radiopiu.net\/wordpress\/?p=122265"},"modified":"2020-03-14T23:36:21","modified_gmt":"2020-03-14T22:36:21","slug":"aperti-per-senso-del-dovere-e-per-assicurare-mascherine-come-da-richiesta-ministeriale","status":"publish","type":"post","link":"https:\/\/www.radiopiu.net\/wordpress\/aperti-per-senso-del-dovere-e-per-assicurare-mascherine-come-da-richiesta-ministeriale\/","title":{"rendered":"APERTI PER SENSO DEL DOVERE E PER ASSICURARE MASCHERINE COME DA RICHIESTA MINISTERIALE"},"content":{"rendered":"<p><strong><a class=\"dt-pswp-item\" href=\"https:\/\/www.radiopiu.net\/wordpress\/wp-content\/uploads\/2020\/03\/6b5a0c9e-cc1c-4025-b488-4afbc670d980.jpg\" data-dt-img-description=\"\" data-large_image_width=\"1200\" data-large_image_height=\"1600\"><img loading=\"lazy\" decoding=\"async\" class=\"wp-image-122277 alignleft\" src=\"https:\/\/www.radiopiu.net\/wordpress\/wp-content\/uploads\/2020\/03\/6b5a0c9e-cc1c-4025-b488-4afbc670d980-768x1024.jpg\" alt=\"\" width=\"155\" height=\"207\" srcset=\"https:\/\/www.radiopiu.net\/wordpress\/wp-content\/uploads\/2020\/03\/6b5a0c9e-cc1c-4025-b488-4afbc670d980-768x1024.jpg 768w, https:\/\/www.radiopiu.net\/wordpress\/wp-content\/uploads\/2020\/03\/6b5a0c9e-cc1c-4025-b488-4afbc670d980-225x300.jpg 225w, https:\/\/www.radiopiu.net\/wordpress\/wp-content\/uploads\/2020\/03\/6b5a0c9e-cc1c-4025-b488-4afbc670d980-1152x1536.jpg 1152w, https:\/\/www.radiopiu.net\/wordpress\/wp-content\/uploads\/2020\/03\/6b5a0c9e-cc1c-4025-b488-4afbc670d980.jpg 1200w\" sizes=\"auto, (max-width: 155px) 100vw, 155px\" \/><\/a>AGORDO<\/strong> Maurizio Farenzena il bar a Taibon lo ha chiuso da giorni per responsabilit\u00e0 verso i clienti e il personale. Ma continua a lavorare nell&#8217;altra attivit\u00e0, un&#8217;azienda agordina che produce pezzi importanti per macchine da cucire industirali che in questi giorni divorano chilometri di filo per il confezionamento di mascherine, quelle regolari non tarocche,\u00a0 a garanzia della salute di chi lavora dentro e fuori dalla corsia di un ospedale. Per Questo Maurizio quando sente <em>&#8220;Bisogna chiudere tutto punto e basta&#8221;<\/em> si arrocca su posizioni importanti\u00a0 spiegando che ci sono attivit\u00e0 che necessitano di dover proseguire, produrre, garantire il prodotto come in questo caso. Ecco la sua spiegazione che ben volentieri riportiamo<\/p>\n<blockquote><p><em>&#8220;In questi giorni di &#8220;pandemia &#8221; , ho letto molti post che dicono &#8221; bisogna chiudere tutte le fabbriche &#8221; . Bisogna fare molta attenzione quando si dice chiudere tutto . Io ho chiuso il Giornale &amp; Caff\u00e8 a Taibon due giorni prima del decreto e quindi credo di essere &#8221; attendibile &#8221; . Ci sono per\u00f2 aziende come quella della quale sono socio che necessitano di rimanere operative<span class=\"text_exposed_show\">. Noi per quanto piccoli siamo la pi\u00f9 grande azienda Italiana ( e tra le prime in Europa ) che producono accessori per macchine da cucire industriali , in questo particolare momento c&#8217;\u00e8 una grande richiesta dei nostri prodotti per poter confezionare le mascherine FFP2 e FFP3 richieste dal Ministero della Salute.Rispettando i decreti sulla sicurezza continuiamo a produrre , sperando nel nostro piccolo a contribuire alla causa&#8221; <\/span><\/em><\/p><\/blockquote>\n<p><strong>E allora grazie a Maurizio e soci dal paese Italia e come dice il &#8220;Pelin&#8221;\u00a0 \u00a0<span class=\"text_exposed_show\">CE LA FAREMO !<\/span><\/strong><\/p>\n<blockquote><p><em>La ditta &#8220;Marcello Fusina &amp;C. Srl&#8221;\u00a0 \u00e8 stata fondata nel 1966, opera ad Agordo dal 1977. Fondatore Marcello Fusina, classe 1929. Oggi la societ\u00e0 poggia su Maurizio Farenzena, Giuseppe Parissenti e Michele Farenzena. Da poco \u00e8 scomparso il socio Massimo Tazzer.\u00a0<\/em><\/p><\/blockquote>\n<p>&nbsp;<\/p>\n","protected":false},"excerpt":{"rendered":"<p>AGORDO Maurizio Farenzena il bar a Taibon lo ha chiuso da giorni per responsabilit\u00e0 verso i clienti e il personale. Ma continua a lavorare nell&#8217;altra attivit\u00e0, un&#8217;azienda agordina che produce pezzi importanti per macchine da cucire industirali che in questi giorni divorano chilometri di filo per il confezionamento di mascherine, quelle regolari non tarocche,\u00a0 a&hellip;<\/p>\n","protected":false},"author":1,"featured_media":122277,"comment_status":"closed","ping_status":"closed","sticky":false,"template":"","format":"standard","meta":{"_monsterinsights_skip_tracking":false,"_monsterinsights_sitenote_active":false,"_monsterinsights_sitenote_note":"","_monsterinsights_sitenote_category":0,"footnotes":""},"categories":[49],"tags":[],"class_list":["post-122265","post","type-post","status-publish","format-standard","has-post-thumbnail","hentry","category-news-18","category-49","description-off"],"img_url":"https:\/\/www.radiopiu.net\/wordpress\/wp-content\/uploads\/2020\/03\/6b5a0c9e-cc1c-4025-b488-4afbc670d980.jpg","_links":{"self":[{"href":"https:\/\/www.radiopiu.net\/wordpress\/wp-json\/wp\/v2\/posts\/122265","targetHints":{"allow":["GET"]}}],"collection":[{"href":"https:\/\/www.radiopiu.net\/wordpress\/wp-json\/wp\/v2\/posts"}],"about":[{"href":"https:\/\/www.radiopiu.net\/wordpress\/wp-json\/wp\/v2\/types\/post"}],"author":[{"embeddable":true,"href":"https:\/\/www.radiopiu.net\/wordpress\/wp-json\/wp\/v2\/users\/1"}],"replies":[{"embeddable":true,"href":"https:\/\/www.radiopiu.net\/wordpress\/wp-json\/wp\/v2\/comments?post=122265"}],"version-history":[{"count":0,"href":"https:\/\/www.radiopiu.net\/wordpress\/wp-json\/wp\/v2\/posts\/122265\/revisions"}],"wp:featuredmedia":[{"embeddable":true,"href":"https:\/\/www.radiopiu.net\/wordpress\/wp-json\/wp\/v2\/media\/122277"}],"wp:attachment":[{"href":"https:\/\/www.radiopiu.net\/wordpress\/wp-json\/wp\/v2\/media?parent=122265"}],"wp:term":[{"taxonomy":"category","embeddable":true,"href":"https:\/\/www.radiopiu.net\/wordpress\/wp-json\/wp\/v2\/categories?post=122265"},{"taxonomy":"post_tag","embeddable":true,"href":"https:\/\/www.radiopiu.net\/wordpress\/wp-json\/wp\/v2\/tags?post=122265"}],"curies":[{"name":"wp","href":"https:\/\/api.w.org\/{rel}","templated":true}]}}