{"id":122268,"date":"2020-03-14T22:56:12","date_gmt":"2020-03-14T21:56:12","guid":{"rendered":"https:\/\/www.radiopiu.net\/wordpress\/?p=122268"},"modified":"2020-03-14T23:10:41","modified_gmt":"2020-03-14T22:10:41","slug":"luxottica-ferma-gli-stabilimenti-per-3-giorni-da-giovedi-di-nuovo-al-lavoro-regolarmente","status":"publish","type":"post","link":"https:\/\/www.radiopiu.net\/wordpress\/luxottica-ferma-gli-stabilimenti-per-3-giorni-da-giovedi-di-nuovo-al-lavoro-regolarmente\/","title":{"rendered":"LUXOTTICA FERMA GLI STABILIMENTI PER 3 GIORNI. DA GIOVEDI&#8217; DI NUOVO AL LAVORO REGOLARMENTE"},"content":{"rendered":"<p><strong>AGORDO <\/strong>Luxottica comunica, in accordo con le Organizzazioni Sindacali, una sospensione temporanea di tre giorni, dal 16 al 18 marzo, delle attivit\u00e0 produttive degli stabilimenti di Agordo, Sedico e Cencenighe (BL), Rovereto (TN), Pederobba (TV), Lauriano (TO), Silvi Marina (TE) e Citt\u00e0 Sant\u2019Angelo (PE), e di due giorni, dal 16 al 17 marzo, delle attivit\u00e0 del polo logistico di Sedico. La sospensione delle attivit\u00e0 permetter\u00e0 di validare le misure di prevenzione e sicurezza gi\u00e0 adottate e integrarle con le indicazioni del \u201cProtocollo di regolamentazione delle misure per il contrasto e il contenimento di COVID-19 negli ambienti di lavoro\u201d, sottoscritto in data odierna da Governo e Parti Sociali, per garantire, alla ripresa delle attivit\u00e0, la massima tutela della salute dei dipendenti. La decisione segue di due giorni l\u2019accordo sottoscritto tra azienda e Organizzazioni Sindacali che recepisce e anticipa, in alcuni casi anche in modo pi\u00f9 estensivo, parte delle misure introdotte a livello nazionale \u2013 tra le altre, il rallentamento delle attivit\u00e0 produttive e la rarefazione progressiva del personale nei reparti, l\u2019implementazione di logiche di segregazione dei gruppi e degli ambienti di lavoro, il ricorso estensivo al lavoro agile per gli uffici, l\u2019adozione collettiva di mascherine di protezione e l\u2019introduzione di presidi per il rilevamento della temperatura corporea agli ingressi. Le giornate di sospensione dell\u2019attivit\u00e0 saranno coperte con il ricorso alla cassa integrazione e permetteranno all\u2019azienda di rimodulare l\u2019organizzazione del lavoro secondo le disposizioni dei recenti decreti governativi e di ripartire in modo graduale tra mercoled\u00ec 18 e gioved\u00ec 19 marzo al fine di garantire i servizi essenziali e la continuit\u00e0 operativa. Azienda e Organizzazioni Sindacali hanno inoltre concordato in via preventiva la possibilit\u00e0 di ricorrere nelle prossime nove settimane alla cassa integrazione per gestire le contingenti riduzioni del personale nei reparti in osservanza delle indicazioni governative.<\/p>\n","protected":false},"excerpt":{"rendered":"<p>AGORDO Luxottica comunica, in accordo con le Organizzazioni Sindacali, una sospensione temporanea di tre giorni, dal 16 al 18 marzo, delle attivit\u00e0 produttive degli stabilimenti di Agordo, Sedico e Cencenighe (BL), Rovereto (TN), Pederobba (TV), Lauriano (TO), Silvi Marina (TE) e Citt\u00e0 Sant\u2019Angelo (PE), e di due giorni, dal 16 al 17 marzo, delle attivit\u00e0&hellip;<\/p>\n","protected":false},"author":4,"featured_media":117391,"comment_status":"closed","ping_status":"closed","sticky":false,"template":"","format":"standard","meta":{"_monsterinsights_skip_tracking":false,"_monsterinsights_sitenote_active":false,"_monsterinsights_sitenote_note":"","_monsterinsights_sitenote_category":0,"footnotes":""},"categories":[51,49],"tags":[],"class_list":["post-122268","post","type-post","status-publish","format-standard","has-post-thumbnail","hentry","category-evidenza-top","category-news-18","category-51","category-49","description-off"],"img_url":"https:\/\/www.radiopiu.net\/wordpress\/wp-content\/uploads\/2020\/02\/LUXOTTICA-NOTTE-scaled.jpg","_links":{"self":[{"href":"https:\/\/www.radiopiu.net\/wordpress\/wp-json\/wp\/v2\/posts\/122268","targetHints":{"allow":["GET"]}}],"collection":[{"href":"https:\/\/www.radiopiu.net\/wordpress\/wp-json\/wp\/v2\/posts"}],"about":[{"href":"https:\/\/www.radiopiu.net\/wordpress\/wp-json\/wp\/v2\/types\/post"}],"author":[{"embeddable":true,"href":"https:\/\/www.radiopiu.net\/wordpress\/wp-json\/wp\/v2\/users\/4"}],"replies":[{"embeddable":true,"href":"https:\/\/www.radiopiu.net\/wordpress\/wp-json\/wp\/v2\/comments?post=122268"}],"version-history":[{"count":0,"href":"https:\/\/www.radiopiu.net\/wordpress\/wp-json\/wp\/v2\/posts\/122268\/revisions"}],"wp:featuredmedia":[{"embeddable":true,"href":"https:\/\/www.radiopiu.net\/wordpress\/wp-json\/wp\/v2\/media\/117391"}],"wp:attachment":[{"href":"https:\/\/www.radiopiu.net\/wordpress\/wp-json\/wp\/v2\/media?parent=122268"}],"wp:term":[{"taxonomy":"category","embeddable":true,"href":"https:\/\/www.radiopiu.net\/wordpress\/wp-json\/wp\/v2\/categories?post=122268"},{"taxonomy":"post_tag","embeddable":true,"href":"https:\/\/www.radiopiu.net\/wordpress\/wp-json\/wp\/v2\/tags?post=122268"}],"curies":[{"name":"wp","href":"https:\/\/api.w.org\/{rel}","templated":true}]}}