{"id":122355,"date":"2020-03-15T13:31:58","date_gmt":"2020-03-15T12:31:58","guid":{"rendered":"https:\/\/www.radiopiu.net\/wordpress\/?p=122355"},"modified":"2020-03-15T14:17:07","modified_gmt":"2020-03-15T13:17:07","slug":"dillo-a-radiopiu-la-lettera","status":"publish","type":"post","link":"https:\/\/www.radiopiu.net\/wordpress\/dillo-a-radiopiu-la-lettera\/","title":{"rendered":"DILLO A RADIOPIU, LA LETTERA"},"content":{"rendered":"<p>A seguito della pubblicazione dell&#8217;articolo di ieri sulle decisione Luxottica (ieri sera 23.01) riceviamo e pubblichiamo:<\/p>\n<p>&nbsp;<\/p>\n<p>&nbsp;<\/p>\n<blockquote><p><em><a class=\"dt-pswp-item\" href=\"https:\/\/www.radiopiu.net\/wordpress\/wp-content\/uploads\/2020\/03\/pp-3.jpg\" data-dt-img-description=\"\" data-large_image_width=\"640\" data-large_image_height=\"640\"><img loading=\"lazy\" decoding=\"async\" class=\"wp-image-122358 alignleft\" src=\"https:\/\/www.radiopiu.net\/wordpress\/wp-content\/uploads\/2020\/03\/pp-3.jpg\" alt=\"\" width=\"139\" height=\"139\" srcset=\"https:\/\/www.radiopiu.net\/wordpress\/wp-content\/uploads\/2020\/03\/pp-3.jpg 640w, https:\/\/www.radiopiu.net\/wordpress\/wp-content\/uploads\/2020\/03\/pp-3-300x300.jpg 300w, https:\/\/www.radiopiu.net\/wordpress\/wp-content\/uploads\/2020\/03\/pp-3-150x150.jpg 150w\" sizes=\"auto, (max-width: 139px) 100vw, 139px\" \/><\/a>L\u2019articolo arriva in un momento in cui stavo riflettendo sulla situazione attuale in Agordino e in Provincia. Senza alcuna esplicita richiesta ma con senso di responsabilit\u00e0 abbiamo chiuso le destinazioni turistiche anzitempo, privilegiando la salute al business. Sia chiaro, cosa dolorosa per tutti perch\u00e9 comporta una ricaduta economica non solo sull\u2019operatore ma su tutto il comparto. Il turismo non \u00e8 che proprio sia una fetta di fatturato cos\u00ec esigua. Con il massimo rispetto per Luxottica che \u00e8 fondamentale nel comparto economico non solo Agordino, che guai se non ci fosse, rimango un po\u2019 basita da questi tentennamenti. Chiaro ognuno ha i suoi motivi, ognuno sa a casa sua come funziona, ma teniamo presente che Luxottica occupa mille mila persone, e che se malauguratamente dovesse iniziare il contagio l\u00ec, la provincia sarebbe al tracollo. Non so i numeri, qualcuno mi parla di 4.000\/5.000 persone.<\/em><br \/>\n<em>Non ce lo possiamo permettere, sarebbe un impatto sulla salute ed anche sugli scenari futuri del turismo che non voglio nemmeno pensare. Penso che in questo momento il senso di responsabilit\u00e0 debba prevalere su tutto il resto, per un\u2019azienda si tratta di 15gg, l\u2019impatto sull\u2019economia turistica \u00e8 decisamente pi\u00f9 grave e pi\u00f9 di lungo periodo. Probabilmente \u00e8 un sogno, ma mi piacerebbe vedere colui verso il quale ho una stima<\/em><br \/>\n<em>Infinta, il Cav. Del Vecchio, a fianco di tutti noi in questo momento. Lo spessore della sua persona \u00e8 pressoch\u00e9 infinito. Nessuna laurea, master or similia creeranno un altro Leonardo del Vecchio. Dobbiamo essere tutti solidali perch\u00e9 la responsabilit\u00e0 nei confronti del territorio \u00e8 di tutti e noi dobbiamo come imprenditori salvaguardarlo assieme ai suoi abitanti.<\/em><\/p>\n<p><em>Il Presidente Consorzio Operatori Turistici Rocca Pietore Marmolada<\/em><br \/>\n<em>Lucia Farenzena.<\/em><\/p><\/blockquote>\n","protected":false},"excerpt":{"rendered":"<p>A seguito della pubblicazione dell&#8217;articolo di ieri sulle decisione Luxottica (ieri sera 23.01) riceviamo e pubblichiamo: &nbsp; &nbsp; L\u2019articolo arriva in un momento in cui stavo riflettendo sulla situazione attuale in Agordino e in Provincia. Senza alcuna esplicita richiesta ma con senso di responsabilit\u00e0 abbiamo chiuso le destinazioni turistiche anzitempo, privilegiando la salute al business.&hellip;<\/p>\n","protected":false},"author":1,"featured_media":122358,"comment_status":"closed","ping_status":"closed","sticky":false,"template":"","format":"standard","meta":{"_monsterinsights_skip_tracking":false,"_monsterinsights_sitenote_active":false,"_monsterinsights_sitenote_note":"","_monsterinsights_sitenote_category":0,"footnotes":""},"categories":[1,49],"tags":[],"class_list":["post-122355","post","type-post","status-publish","format-standard","has-post-thumbnail","hentry","category-senza-categoria","category-news-18","category-1","category-49","description-off"],"img_url":"https:\/\/www.radiopiu.net\/wordpress\/wp-content\/uploads\/2020\/03\/pp-3.jpg","_links":{"self":[{"href":"https:\/\/www.radiopiu.net\/wordpress\/wp-json\/wp\/v2\/posts\/122355","targetHints":{"allow":["GET"]}}],"collection":[{"href":"https:\/\/www.radiopiu.net\/wordpress\/wp-json\/wp\/v2\/posts"}],"about":[{"href":"https:\/\/www.radiopiu.net\/wordpress\/wp-json\/wp\/v2\/types\/post"}],"author":[{"embeddable":true,"href":"https:\/\/www.radiopiu.net\/wordpress\/wp-json\/wp\/v2\/users\/1"}],"replies":[{"embeddable":true,"href":"https:\/\/www.radiopiu.net\/wordpress\/wp-json\/wp\/v2\/comments?post=122355"}],"version-history":[{"count":0,"href":"https:\/\/www.radiopiu.net\/wordpress\/wp-json\/wp\/v2\/posts\/122355\/revisions"}],"wp:featuredmedia":[{"embeddable":true,"href":"https:\/\/www.radiopiu.net\/wordpress\/wp-json\/wp\/v2\/media\/122358"}],"wp:attachment":[{"href":"https:\/\/www.radiopiu.net\/wordpress\/wp-json\/wp\/v2\/media?parent=122355"}],"wp:term":[{"taxonomy":"category","embeddable":true,"href":"https:\/\/www.radiopiu.net\/wordpress\/wp-json\/wp\/v2\/categories?post=122355"},{"taxonomy":"post_tag","embeddable":true,"href":"https:\/\/www.radiopiu.net\/wordpress\/wp-json\/wp\/v2\/tags?post=122355"}],"curies":[{"name":"wp","href":"https:\/\/api.w.org\/{rel}","templated":true}]}}