{"id":122494,"date":"2020-03-17T05:57:30","date_gmt":"2020-03-17T04:57:30","guid":{"rendered":"https:\/\/www.radiopiu.net\/wordpress\/?p=122494"},"modified":"2020-03-17T12:20:58","modified_gmt":"2020-03-17T11:20:58","slug":"giornale-radiopiu-17-marzo-2020-direttore-mirko-mezzacasa","status":"publish","type":"post","link":"https:\/\/www.radiopiu.net\/wordpress\/giornale-radiopiu-17-marzo-2020-direttore-mirko-mezzacasa\/","title":{"rendered":"GIORNALE RADIOPIU 17 MARZO 2020 DIRETTORE MIRKO MEZZACASA"},"content":{"rendered":"<h3><strong>PER RICEVERE QUESTO NOTIZIARIO DIRETTAMENTE SUL TUO CELLULARE ISCRIVITI AL CANALE\u00a0TELEGRAM\u00a0<\/strong><strong>\u201cRADIO PIU\u00a0 INFORMAZIONE<\/strong><\/h3>\n<div class=\"page-title-breadcrumbs\">\n<hr \/>\n<\/div>\n<h3>ULTIM&#8217;ORA<\/h3>\n<blockquote class=\"wp-embedded-content\" data-secret=\"Wh1TOy7TQB\"><p><a href=\"https:\/\/www.radiopiu.net\/wordpress\/centossanta\/\">CENTOSSESSANTATRE NUOVI CONTAGI IN REGIONE,  3 A BELLUNO<\/a><\/p><\/blockquote>\n<p><iframe loading=\"lazy\" title=\"&#8220;CENTOSSESSANTATRE NUOVI CONTAGI IN REGIONE,  3 A BELLUNO&#8221; &#8212; Radio Pi\u00f9\" class=\"wp-embedded-content\" sandbox=\"allow-scripts\" security=\"restricted\" style=\"position: absolute; clip: rect(1px, 1px, 1px, 1px);\" src=\"https:\/\/www.radiopiu.net\/wordpress\/centossanta\/embed\/#?secret=Wh1TOy7TQB\" data-secret=\"Wh1TOy7TQB\" width=\"600\" height=\"338\" frameborder=\"0\" marginwidth=\"0\" marginheight=\"0\" scrolling=\"no\"><\/iframe><\/p>\n<p>&nbsp;<\/p>\n<p>&nbsp;<\/p>\n<p>&nbsp;<\/p>\n<p>&nbsp;<\/p>\n<blockquote>\n<h3 class=\"entry-title\">ABBIAMO PERSO UN SIGNOR PROCURATORE<\/h3>\n<\/blockquote>\n<p><em>&#8220;Sapevi andare oltre, vivere nel presente, goderti l&#8217;idea del futuro. Avevi il senso del percorso di un alpinista, anzi di un minatore, ma ti \u00e8 mancato il fiato. A me non mancher\u00e0 il ricordo&#8221;. <\/em>Roberta Gallego, sostituto procuratore anziano di Belluno*<\/p>\n<blockquote><p><strong class=\"photoswipe-wrapper\"><a class=\"dt-pswp-item pspw-wrap-ready\" href=\"https:\/\/i2.wp.com\/www.radiopiu.net\/wordpress\/wp-content\/uploads\/2015\/06\/pavone-190x1301.jpg?ssl=1\" data-dt-img-description=\"\" data-large_image_width=\"190\" data-large_image_height=\"130\"><img loading=\"lazy\" decoding=\"async\" class=\"size-full wp-image-6629 alignleft\" src=\"https:\/\/i2.wp.com\/www.radiopiu.net\/wordpress\/wp-content\/uploads\/2015\/06\/pavone-190x1301.jpg?resize=190%2C130&amp;ssl=1\" alt=\"\" width=\"190\" height=\"130\" data-recalc-dims=\"1\" \/><\/a>VENEZIA<\/strong> La notizia \u00e8 arrivata nel pomeriggio nelle stanze della Procura di Belluno, \u00e8 morto Francesco Saverio Pavone, 75 anni. L\u2019uomo che combatt\u00e8 in prima linea contro la mala del Brenta, da 15 giorni era in terapia intensiva il coronavirus se l\u2019\u00e8 portato via.\u00a0 Di origine pugliese, era nato a Taranto il 25 marzo 1944, entr\u00f2 nel sistema giudiziario come cancelliere, prima di vincere il concorso in magistratura ed essere poi assegnato alla pretura circondariale di Mestre nel 1989.\u00a0 Era diventato quindi procuratore aggiunto a Venezia e poi era stato nominato poi procuratore capo di Belluno, dove aveva retto la carica coordinando importanti inchieste contro le ecomafie, fino alla pensione.Lo ricorderemo come fiero oppositore dei mafiosi del Veneto, quelli di Felice Maniero e fu tra i collaboratori di Giovanni Falcone.Addio grande uomo, grande esempio di vita civile, addio grande uomo coraggio anche da qui giunga alla famiglia l\u2019abbraccio solidale. (mm)<\/p><\/blockquote>\n<p>*Sul Corriere delle Alpi di oggi la lettera, commovente, emozionale, vera, scritta di pugno da chi &#8220;Franco&#8221; l&#8217;ha conosciuto, apprezzato, stimato. di Roberta Gallego.<\/p>\n<p>&nbsp;<\/p>\n<div class=\"_2cuy _3dgx _2vxa\"><strong>IL TWEET DEL MINISTRO FEDERICO D&#8217;INCA&#8217;<\/strong><\/div>\n<div class=\"_2cuy _3dgx _2vxa\"><em><span class=\"_4yxp\">&#8220;Profonda tristezza nell&#8217;apprendere della scomparsa del Procuratore Francesco Saverio Pavone. Era ricoverato da giorni ed \u00e8 risultato positivo al Coronavirus. Ebbe il merito di sgominare la mala del Brenta. Ai suoi familiari e amici le mie condoglianze&#8221;.<\/span><\/em><\/div>\n<div><\/div>\n<hr \/>\n<p>&nbsp;<\/p>\n<blockquote>\n<h3>PER NON FINIRE ALLE CORDE SONO NECESSARI TEST PER TUTTI, VIA CON I CONTROLLI SU CHI OPERA NELLA SANITA&#8217;<\/h3>\n<\/blockquote>\n<p><em>Novanta i bellunesi che dovranno rispondere alla giustizia per non aver rispettato i divieti, i giovani dal brindisi facile entrano di diritto nel capitolo &#8220;di coccio&#8221;. Ancora 10 morti in Veneto e Zaia chiede pi\u00f9 restrizioni. La quarta vittima in provincia \u00e8 un feltrino di 93 anni ricoverato in area Covid a Feltre. Chi opera nella sanit\u00e0 \u00e8 esausto e con il volto tumefatto dalle maschere indossate 24 ore al giorno, chiede a tutti di rispettare i divieti, prega i bellunesi di rimanere tra le mura di casa. Nelle fabbriche siamo vicini al caos tra chiusure, riaperture, promesse, ma le sicurezze? Clivet ha deciso di sospendere definitivamente l&#8217;attivit\u00e0 anche perch\u00e9 un paziente ha un familiare positivo.\u00a0<\/em><\/p>\n<p><strong>di Mirko Mezzacasa<\/strong><\/p>\n<p>Quattro decessi a Belluno, l&#8217;ultimo ieri pomeriggio, Gaetano si aggiunge ad una triste lista dove gi\u00e0 compaiono i nomi di Noris, Angelo, Nerina che ricorderemo tra le prime vittime del terribile virus, hanno trascorso le loro ultime ore in Geriatria all&#8217;ospedale di Feltre. Giornata terribile anche quella di ieri, oltre ai due decessi i casi positivi salgono a 106, un aumento del 30 per cento in un solo giorno, 23 i\u00a0 ricoveri, 4 in terapia intensiva. Queste le zone rosse del bellunese per numeri di contagio primeggiano il Feltrino e\u00a0 Belluno ma ormai di positivi ce ne sono ovunque: Cortina, Borgo Valbelluna, Pedavena, Quero, Cesiomaggiore, \u00a0Lamon, Santa Giustina, Seren del Grappa, Fonzaso, San Gregorio, La Valle, Gosaldo, San Tomaso, Taibon, Vallada, Voltago, Agordo, Alleghe, Colle Santa Lucia\u00a0 Borca di Cadore e Ponte nelle Alpi. Fino a 20 mila tamponi al giorno, tanti ne saranno fatti nella Regione Veneto e sono tanti soprattutto rispetto ai 3000 attuali, ma la situazione lo richiede e tutto il personale sanitario sar\u00e0 passato al setaccio. Dalla Regione una richiesta precisa al Governo, negozi chiusi alla domenica e stop all&#8217;attivit\u00e0 fisica all&#8217;aperto perch\u00e8 la situazione \u00e8 ogni giorno pi\u00f9 preoccupante. Secondo uno studio i\u00a0 divieti degli ultimi giorni stanno evitando almeno nuovi 20 casi al giorno, ma sar\u00e0 ancora lunga, molto lunga. La gente muore, gli ospedali si riempiono, i posti della terapia intensiva rischiano il crash, chi opera negli ospedali rischia minuto dopo minuto di finire in un letto di corsia, Polizia, Carabinieri, Polizia Urbana sono costretti a rimanere per le strade perch\u00e9 gli indisciplinati non mollano, domenica ad esempio in una zona assolata di Taibon abbiamo assistito alla processione altro che misure di sicurezza, i giovani si ritrovano a bere o festeggiare al parco, la nuova generazione si sta dimostrando la peggiore e lo confermano i dati elencati giornalmente dalla Prefettura. Per ora non ci sono denunce per OMICIDIO COLPOSO che tradotto significa tentata epidemia perch\u00e9 chi si crede furbo mette a rischio non la sua vita della quale forse non gliene frega niente, piuttosto quella degli altri ma probabilmente anche di questo gliene frega altrettanto niente. Le Forze dell&#8217;ordine sono costrette a controllare una media di 500 persone al giorno, 15 denunce quotidiane. I nomi dei pazienti positivi sono conosciuti dai sindaci dei paesi e hanno il dovere e il compito di sorvegliare che se ne restino a casa in quarantena, ma queste persone sono le pi\u00f9 disciplinate, non sarebbero state segnalate irregolarit\u00e0 in proposito. Dalla Prefettura l&#8217;esempio: riunione con i sindaci solo in video conferenza e ogni giorno viene ribadita la sinergia tra tutte le componenti. Anche ad Agordo consiglio comunale a porte chiuse con i consiglieri a distanza di sicurezza e microfoni igienizzati, giovedi alle 17.30 RADIO PIU trasmette il consiglio comunale in diretta facebook e alla radio. L&#8217;Agordino fa rete, dai sindaci ai volontari \u00e8 un continuo fiorire di iniziative, si difendono i pi\u00f9 fragili, si porge una mano alla popolazione anziana.<\/p>\n<h2><\/h2>\n<hr \/>\n<blockquote>\n<h2><\/h2>\n<h2>SOLIDARIETA&#8217; SOCIALE, AGORDINO IN RETE, AIUTI PER TUTTI NUMERI ATTIVI PER I CITTADINI PIU&#8217; DEBOLI <a class=\"dt-pswp-item\" style=\"font-size: 14px; font-weight: normal;\" href=\"https:\/\/www.radiopiu.net\/wordpress\/wp-content\/uploads\/2020\/03\/fare-rete.png\" data-dt-img-description=\"\" data-large_image_width=\"1200\" data-large_image_height=\"750\"><img loading=\"lazy\" decoding=\"async\" class=\"alignnone size-large wp-image-122676\" src=\"https:\/\/www.radiopiu.net\/wordpress\/wp-content\/uploads\/2020\/03\/fare-rete-1024x640.png\" alt=\"\" width=\"1024\" height=\"640\" srcset=\"https:\/\/www.radiopiu.net\/wordpress\/wp-content\/uploads\/2020\/03\/fare-rete-1024x640.png 1024w, https:\/\/www.radiopiu.net\/wordpress\/wp-content\/uploads\/2020\/03\/fare-rete-300x188.png 300w, https:\/\/www.radiopiu.net\/wordpress\/wp-content\/uploads\/2020\/03\/fare-rete-768x480.png 768w, https:\/\/www.radiopiu.net\/wordpress\/wp-content\/uploads\/2020\/03\/fare-rete.png 1200w\" sizes=\"auto, (max-width: 1024px) 100vw, 1024px\" \/><\/a><span style=\"font-size: 14px; font-weight: normal;\">GIANNI SANTOMASO<\/span><\/h2>\n<\/blockquote>\n<audio class=\"wp-audio-shortcode\" id=\"audio-122494-1\" preload=\"none\" style=\"width: 100%;\" controls=\"controls\"><source type=\"audio\/mpeg\" src=\"https:\/\/www.radiopiu.net\/wordpress\/wp-content\/uploads\/2020\/03\/rete-agordino-1.mp3?_=1\" \/><a href=\"https:\/\/www.radiopiu.net\/wordpress\/wp-content\/uploads\/2020\/03\/rete-agordino-1.mp3\">https:\/\/www.radiopiu.net\/wordpress\/wp-content\/uploads\/2020\/03\/rete-agordino-1.mp3<\/a><\/audio>\n<p>&nbsp;<\/p>\n<p>&nbsp;<\/p>\n<hr \/>\n<h1><\/h1>\n<blockquote>\n<h3>VALLE DEL MIS, 91ENNE SALVATO DAL FIGLIO<\/h3>\n<\/blockquote>\n<p><strong>SOSPIROLO<\/strong> E&#8217; scivolato direttamente nel lago, ieri di buon mattino. Ha rischiato grosso, a salvarlo ci ha pensato il figlio che non ha esitato a buttarsi in acqua. Forte dispiegamento di mezzi dei vigili del fuoco e del personale Suem allertato e subito accorso in aiuto dell&#8217;uomo<\/p>\n<p>&nbsp;<\/p>\n<hr \/>\n<p>&nbsp;<\/p>\n<p>&nbsp;<\/p>\n<h1 class=\"entry-title\">ANCORA CASI POSITIVI A BELLUNO, 5 IN PIU\u2019 NEL POMERIGGIO +68 IN REGIONE<\/h1>\n<p><strong>VENEZIA<\/strong> Galoppa il Covid_19, 68 positivi in pi\u00f9 dal pomeriggio, 7 nuovi decessi, 7 pazienti in pi\u00f9 in terapia intensiva, negli ospedali veneti sono 546 i ricoverati 48 piu\u2019 di questa mattina. a Belluno 5 positivi in pi\u00f9, i ricoverati: 15 a Belluno (+1 e 4 in terapia intesiva), 8 a Feltre (-1)\u00a0 dunque \u00a027\u00a0 pazienti ricoverati in ospedale con sintomatologia sospetta. Isolamenti domiciliari fiduciari, per\u00a0 569 (+56 rispetto a ieri).<\/p>\n<p class=\"photoswipe-wrapper\"><a class=\"dt-pswp-item pspw-wrap-ready\" href=\"https:\/\/i1.wp.com\/www.radiopiu.net\/wordpress\/wp-content\/uploads\/2020\/03\/e066eed1-2805-457a-985d-fd72803a2eec.jpg?ssl=1\" data-dt-img-description=\"\" data-large_image_width=\"969\" data-large_image_height=\"1600\"><img loading=\"lazy\" decoding=\"async\" class=\"alignnone size-large wp-image-122632\" src=\"https:\/\/i1.wp.com\/www.radiopiu.net\/wordpress\/wp-content\/uploads\/2020\/03\/e066eed1-2805-457a-985d-fd72803a2eec.jpg?resize=620%2C1024&amp;ssl=1\" sizes=\"auto, (max-width: 620px) 100vw, 620px\" srcset=\"https:\/\/i1.wp.com\/www.radiopiu.net\/wordpress\/wp-content\/uploads\/2020\/03\/e066eed1-2805-457a-985d-fd72803a2eec.jpg?resize=620%2C1024&amp;ssl=1 620w, https:\/\/i1.wp.com\/www.radiopiu.net\/wordpress\/wp-content\/uploads\/2020\/03\/e066eed1-2805-457a-985d-fd72803a2eec.jpg?resize=182%2C300&amp;ssl=1 182w, https:\/\/i1.wp.com\/www.radiopiu.net\/wordpress\/wp-content\/uploads\/2020\/03\/e066eed1-2805-457a-985d-fd72803a2eec.jpg?resize=768%2C1268&amp;ssl=1 768w, https:\/\/i1.wp.com\/www.radiopiu.net\/wordpress\/wp-content\/uploads\/2020\/03\/e066eed1-2805-457a-985d-fd72803a2eec.jpg?resize=930%2C1536&amp;ssl=1 930w, https:\/\/i1.wp.com\/www.radiopiu.net\/wordpress\/wp-content\/uploads\/2020\/03\/e066eed1-2805-457a-985d-fd72803a2eec.jpg?w=969&amp;ssl=1 969w\" alt=\"\" width=\"620\" height=\"1024\" data-recalc-dims=\"1\" \/><\/a><\/p>\n<p>&nbsp;<\/p>\n<p>&nbsp;<\/p>\n<hr \/>\n<p>&nbsp;<\/p>\n<p>&nbsp;<\/p>\n<blockquote>\n<h3>AGGIORNAMENTI ORGANIZZATIVI ULSS 1 DOLOMITI 16 MARZO 2020<\/h3>\n<\/blockquote>\n<p><strong>SORVEGLIANZA SANITARIA COVID-19 <\/strong>Numero totale tamponi effettuati per ricerca nCoV al 16 marzo 2020: 2.038. Persone residenti in Ulss Dolomiti in isolamento domiciliare fiduciario e sorveglianza attiva al 16 marzo 2020: 569. Alcuni tamponi sono stati effettuati pi\u00f9 volte sulle stesse persone.<\/p>\n<p>Non fa ben sperare\u00a0 l&#8217;incremento giornaliero dei contagi totali in Provincia di Belluno e neanche l&#8217;incidenza sul totale della popolazione,\u00a0 come dire che la situazione tra Treviso e Belluno non \u00e8 poi tanto diversa.<\/p>\n<p>&nbsp;<\/p>\n<table id=\"tab_01\" class=\"p1\">\n<tbody>\n<tr class=\"riga2 rigaStile2\" data-pos=\"28\">\n<td class=\"colonna-normale priorita1\">VENETO<\/td>\n<td class=\"colonna-rossa colonna-numero priorita1\">2.473<\/td>\n<td class=\"colonna-numero priorita1\">+13,86<span class=\"percento\">%<\/span><\/td>\n<td class=\"colonna-normale colonna-numero priorita1\">0,050<span class=\"percento\">%<\/span><\/td>\n<td class=\"colonna-verde colonna-numero priorita1\"><\/td>\n<td class=\"colonna-normale colonna-numero priorita1\"><\/td>\n<td class=\"colonna-normale colonna-numero priorita1\"><\/td>\n<\/tr>\n<tr class=\"riga\" data-pos=\"29\">\n<td class=\"colonna-normale priorita1\">Padova<\/td>\n<td class=\"colonna-rossa colonna-numero priorita1\">715<\/td>\n<td class=\"colonna-numero priorita1\">+8,66<span class=\"percento\">%<\/span><\/td>\n<td class=\"colonna-normale colonna-numero priorita1\">0,076<span class=\"percento\">%<\/span><\/td>\n<td class=\"colonna-verde colonna-numero priorita1\"><\/td>\n<td class=\"colonna-normale colonna-numero priorita1\"><\/td>\n<td class=\"colonna-normale colonna-numero priorita1\"><\/td>\n<\/tr>\n<tr class=\"riga\" data-pos=\"30\">\n<td class=\"colonna-normale priorita1\">Treviso<\/td>\n<td class=\"colonna-rossa colonna-numero priorita1\">452<\/td>\n<td class=\"colonna-numero priorita1\">+9,44<span class=\"percento\">%<\/span><\/td>\n<td class=\"colonna-normale colonna-numero priorita1\">0,051<span class=\"percento\">%<\/span><\/td>\n<td class=\"colonna-verde colonna-numero priorita1\"><\/td>\n<td class=\"colonna-normale colonna-numero priorita1\"><\/td>\n<td class=\"colonna-normale colonna-numero priorita1\"><\/td>\n<\/tr>\n<tr class=\"riga\" data-pos=\"31\">\n<td class=\"colonna-normale priorita1\">Verona<\/td>\n<td class=\"colonna-rossa colonna-numero priorita1\">425<\/td>\n<td class=\"colonna-numero priorita1\">+26,87<span class=\"percento\">%<\/span><\/td>\n<td class=\"colonna-normale colonna-numero priorita1\">0,046<span class=\"percento\">%<\/span><\/td>\n<td class=\"colonna-verde colonna-numero priorita1\"><\/td>\n<td class=\"colonna-normale colonna-numero priorita1\"><\/td>\n<td class=\"colonna-normale colonna-numero priorita1\"><\/td>\n<\/tr>\n<tr class=\"riga\" data-pos=\"32\">\n<td class=\"colonna-normale priorita1\">Venezia<\/td>\n<td class=\"colonna-rossa colonna-numero priorita1\">356<\/td>\n<td class=\"colonna-numero priorita1\">+8,54<span class=\"percento\">%<\/span><\/td>\n<td class=\"colonna-normale colonna-numero priorita1\">0,042<span class=\"percento\">%<\/span><\/td>\n<td class=\"colonna-verde colonna-numero priorita1\"><\/td>\n<td class=\"colonna-normale colonna-numero priorita1\"><\/td>\n<td class=\"colonna-normale colonna-numero priorita1\"><\/td>\n<\/tr>\n<tr class=\"riga\" data-pos=\"33\">\n<td class=\"colonna-normale priorita1\">Vicenza<\/td>\n<td class=\"colonna-rossa colonna-numero priorita1\">287<\/td>\n<td class=\"colonna-numero priorita1\">+22,13<span class=\"percento\">%<\/span><\/td>\n<td class=\"colonna-normale colonna-numero priorita1\">0,033<span class=\"percento\">%<\/span><\/td>\n<td class=\"colonna-verde colonna-numero priorita1\"><\/td>\n<td class=\"colonna-normale colonna-numero priorita1\"><\/td>\n<td class=\"colonna-normale colonna-numero priorita1\"><\/td>\n<\/tr>\n<tr class=\"riga\" data-pos=\"34\">\n<td class=\"colonna-normale priorita1\">Belluno<\/td>\n<td class=\"colonna-rossa colonna-numero priorita1\">101<\/td>\n<td class=\"colonna-numero priorita1\">+23,17<span class=\"percento\">%<\/span><\/td>\n<td class=\"colonna-normale colonna-numero priorita1\">0,050<span class=\"percento\">%<\/span><\/td>\n<td class=\"colonna-verde colonna-numero priorita1\"><\/td>\n<td class=\"colonna-normale colonna-numero priorita1\"><\/td>\n<td class=\"colonna-normale colonna-numero priorita1\"><\/td>\n<\/tr>\n<tr class=\"riga\" data-pos=\"35\">\n<td class=\"colonna-normale priorita1\">Rovigo<\/td>\n<td class=\"colonna-rossa colonna-numero priorita1\">27<\/td>\n<td class=\"colonna-numero priorita1\">0,00<span class=\"percento\">%<\/span><\/td>\n<td class=\"colonna-normale colonna-numero priorita1\">0,011<span class=\"percento\">%<\/span><\/td>\n<td class=\"colonna-verde colonna-numero priorita1\"><\/td>\n<td class=\"colonna-normale colonna-numero priorita1\"><\/td>\n<td class=\"colonna-normale colonna-numero priorita1\"><\/td>\n<\/tr>\n<tr class=\"riga\" data-pos=\"36\">\n<td class=\"colonna-normale priorita1\"><\/td>\n<td class=\"colonna-rossa colonna-numero priorita1\"><\/td>\n<td class=\"colonna-numero priorita1\"><\/td>\n<\/tr>\n<\/tbody>\n<\/table>\n<p>&nbsp;<\/p>\n<p>&nbsp;<\/p>\n<p><strong>IN TUTTE LE STRUTTURE DELL\u2019ULSS DOLOMITI<\/strong><br \/>\n\u00e8 sospesa tutta l\u2019attivit\u00e0 chirurgica programmata per la quale \u00e8 previsto il ricovero in terapia intensiva post operatoria ad eccezione degli interventi indifferibili <strong>SERVIZIO IGIENE E SANITA\u2019 PUBBLICA<\/strong> \u00a0sono sospese le attivit\u00e0 non urgenti <strong>DIPARTIMENTO DELLE DIPENDENZE (SER.D) <\/strong>sospensione delle attivit\u00e0 non urgenti\u00a0 <strong>UNITA\u2019 di OFFERTA SEMIRESIDENZIALI SOCIO SANITARIE e SOCIALI (centri diurni, etc)<\/strong><br \/>\nLe unit\u00e0 di offerta semiresidenziale sociosanitarie e sociali (centri diurni etc), comprese quelle per anziani, persone con disabilit\u00e0, minori, etc, sono CHIUSE.\u00a0<strong>OSPEDALE DI BELLUNO <\/strong>Attivato il punto medico avanzato. Le degenze di CHIRURGIA, NEFROLOGIA e UROLOGIA sono state compattate al 3\u00b0 piano del Blocco Chirurgico del San Martino di Belluno al fine di liberare personale infermieristico per le aree COVID-19. Le degenze della PNEUMOLOGIA sono state collocate al 2\u00b0 piano del blocco medico del San Martino. I letti lasciati liberi (16) sono stati messi a disposizione per pazienti COVID-19. Temporaneamente centralizzate su Feltre le urgenze DIFFERIBILI di Otorinolaringoiatria <strong>OSPEDALE DI AGORDO <\/strong>Sospensione dei ricoveri dal territorio o da altre strutture sanitarie per la Medicina\/Lungodegenza\/Ospedale di Comunit\u00e0; La sospensione temporanea sopra riportato prevede che i ricoveri e le prestazioni urgenti vengano garantiti dagli altri ospedali dell\u2019Azienda. <strong>OSPEDALE DI PIEVE DI CADORE <\/strong>\u00e8 attivo un filtro all\u2019ingresso per il controllo degli accessi grazie al personale della Protezione Civile <strong>OSPEDALE DI FELTRE <\/strong>Il reparto di PNEUMOLOGIA \u00e8 stato trasferito al 5\u00b0 piano del Padiglione Dalla Palma. Il reparto di GERIATRIA \u00e8 stato riattivato al 1\u00b0 piano del Padiglione Gaggia . E\u2019 stata predisposta un\u2019area per eventuali pazienti Covid-19 che necessitano di ospedalizzazione e un\u2019area degenza dedicata ai casi positivi Covid-19 ma con altre patologie che ne prevedono l\u2019ospedalizzazione nelle due ali del 4\u00b0 Piano del Padiglione Dalla Palma. Rimangono le misure di limitazione dell\u2019accesso all\u2019ospedale da parte degli accompagnatori e dei visitatori per tutte le unit\u00e0 operative, salvo situazioni specifiche valutate dal personale sanitario preposto.<\/p>\n<p>&nbsp;<\/p>\n<hr \/>\n<blockquote>\n<h3><\/h3>\n<h3>LA CONFERENZA STAMPA DEL PRESIDENTE DEL VENETO LUCA ZAIA 16 MARZO 2020<\/h3>\n<\/blockquote>\n<div id=\"fb-root\"><\/div>\n<p><script async=\"1\" defer=\"1\" crossorigin=\"anonymous\" src=\"https:\/\/connect.facebook.net\/it_IT\/sdk.js#xfbml=1&amp;version=v6.0\"><\/script><\/p>\n<div class=\"fb-video\" data-href=\"https:\/\/www.facebook.com\/zaiaufficiale\/videos\/228071228245525\" data-width=\"1200\">\n<blockquote cite=\"https:\/\/www.facebook.com\/zaiaufficiale\/videos\/228071228245525\/\" class=\"fb-xfbml-parse-ignore\"><p><a href=\"https:\/\/www.facebook.com\/zaiaufficiale\/videos\/228071228245525\/\"><\/a><\/p>\n<p>\u274c\u274c\u274c #CORONAVIRUS \/ SEGUITE LA DIRETTA PER TUTTI GLI AGGIORNAMENTI DI OGGI. \u274c\u274c\u274c<\/p>\n<p>Pubblicato da <a href=\"https:\/\/www.facebook.com\/zaiaufficiale\/\">Luca Zaia<\/a> su Luned\u00ec 16 marzo 2020<\/p><\/blockquote>\n<\/div>\n<p>&nbsp;<\/p>\n<hr \/>\n<p>&nbsp;<\/p>\n<p>&nbsp;<\/p>\n<blockquote class=\"wp-embedded-content\" data-secret=\"Vj6khMbYC4\"><p><a href=\"https:\/\/www.radiopiu.net\/wordpress\/aggiornamento-dallassessorato-alla-protezione-civile-16-marzo-2020\/\">AGGIORNAMENTO DALL\u2019ASSESSORATO ALLA PROTEZIONE CIVILE 16 MARZO 2020<\/a><\/p><\/blockquote>\n<p><iframe loading=\"lazy\" title=\"&#8220;AGGIORNAMENTO DALL\u2019ASSESSORATO ALLA PROTEZIONE CIVILE 16 MARZO 2020&#8221; &#8212; Radio Pi\u00f9\" class=\"wp-embedded-content\" sandbox=\"allow-scripts\" security=\"restricted\" style=\"position: absolute; clip: rect(1px, 1px, 1px, 1px);\" src=\"https:\/\/www.radiopiu.net\/wordpress\/aggiornamento-dallassessorato-alla-protezione-civile-16-marzo-2020\/embed\/#?secret=Vj6khMbYC4\" data-secret=\"Vj6khMbYC4\" width=\"600\" height=\"338\" frameborder=\"0\" marginwidth=\"0\" marginheight=\"0\" scrolling=\"no\"><\/iframe><\/p>\n<p>&nbsp;<\/p>\n<hr \/>\n<p>&nbsp;<\/p>\n<p>&nbsp;<\/p>\n<blockquote class=\"wp-embedded-content\" data-secret=\"wHZUttFOZl\"><p><a href=\"https:\/\/www.radiopiu.net\/wordpress\/decreto-cura-italia\/\">DECRETO CURA ITALIA<\/a><\/p><\/blockquote>\n<p><iframe loading=\"lazy\" title=\"&#8220;DECRETO CURA ITALIA&#8221; &#8212; Radio Pi\u00f9\" class=\"wp-embedded-content\" sandbox=\"allow-scripts\" security=\"restricted\" style=\"position: absolute; clip: rect(1px, 1px, 1px, 1px);\" src=\"https:\/\/www.radiopiu.net\/wordpress\/decreto-cura-italia\/embed\/#?secret=wHZUttFOZl\" data-secret=\"wHZUttFOZl\" width=\"600\" height=\"338\" frameborder=\"0\" marginwidth=\"0\" marginheight=\"0\" scrolling=\"no\"><\/iframe><\/p>\n<p>&nbsp;<\/p>\n<hr \/>\n<blockquote>\n<h3><\/h3>\n<h3>CORONAVIRUS. IN VENETO DECISI TAMPONI A TAPPETO. DA 3.210 a 11.330 AL GIORNO. ZAIA, \u201cPRIORITA\u2019 A TUTTI I LAVORATORI DELLA SANITA\u2019, DELLE CASE DI RIPOSO E AI MEDICI DI FAMIGLIA\u201d<\/h3>\n<\/blockquote>\n<p><strong>VENEZIA<\/strong> Sul fronte del rafforzamento dell\u2019esecuzione dei tamponi per fronteggiare e limitare l\u2019emergenza coronavirus, la Regione del Veneto ha approntato un nuovo Piano specifico che, nel giro di una settimana, porter\u00e0 l\u2019effettuazione dagli attuali 3.210 al giorno a 11.330 al giorno, coinvolgendo, secondo le singole potenzialit\u00e0, tutte le microbiologie della rete ospedaliera regionale. La novit\u00e0 \u00e8 stata annunciata poco fa dal Presidente della Regione, Luca Zaia, nel corso del consueto appuntamento per fare il punto sulla situazione. \u201c<em>Abbiamo gi\u00e0 dato ai Direttori Generali delle Ullss \u2013 ha detto il Governatore &#8211; le indicazioni di predisporre i tamponi, partendo a tappeto, con priorit\u00e0 a tutti i 54 mila lavoratori della sanit\u00e0, a quelli delle case di riposo, e ai medici di medicina generale. Subito dopo toccher\u00e0 a tutte le persone che hanno dei sintomi ma che, oggi come oggi, dovrebbero attendere la fine del periodo di osservazione. La filosofia \u00e8 semplice: pi\u00f9 casi isoliamo, pi\u00f9 sicurezza creiamo<\/em>\u201d. Agli 11.330 tamponi al giorno vanno anche aggiunti i 10.000 che fanno parte del lavoro specifico del Professor Andrea Crisanti, direttore della Microbiologia e Virologia dell\u2019Azienda Ospedaliera di Padova, che sta effettuando un lavoro di studio, supporto e approfondimento su alcune categorie dei servizi essenziali ,come cassiere dei supermercati, e operatori dei vari servizi pubblici. \u201c<em>La partita dei tamponi \u00e8 per noi irrinunciabile \u2013 ha sostenuto con forza Zaia \u2013 a maggior ragione dopo il risultato di V\u00f2 Euganeo dove, criticati da pi\u00f9 parti, facemmo il tampone a tutta la popolazione isolando 66 casi, con il risultato che oggi V\u00f2 \u00e8 il territorio pi\u00f9 sicuro d\u2019Italia<\/em>\u201d. \u201c<em>Mi spiace \u2013 ha proseguito il Governatore \u2013 che qualcuno continui a dire che sbagliamo, ma a questo punto, sinceramente ce ne freghiamo. Sono gli stessi che ci dicevano che le mascherine non servivano, che non ci hanno detto che il warning erano i respiratori automatici, che non ci dissero che questi pazienti assorbono ossigeno 20-40 volte in pi\u00f9 di un normale ricoverato in terapia intensiva e che poteva nascere il problema del congelamento delle condotte di ossigeno negli ospedali, che non ci dissero che respiratori, mascherine e ossigeno erano il cuore del lavoro da fare<\/em>\u201d. \u201c<em>Tutti parlano delle posizioni dell\u2019Oms \u2013 ha concluso Zaia \u2013 ma noi non l\u2019abbiamo visto qui, in trincea. Abbiamo il massimo rispetto delle idee di tutti ma anche il dovere di pensare prima di tutto ai nostri cittadini e a metterli in sicurezza<\/em>\u201d.<\/p>\n<p><strong>QUESTA LA POTENZIALITA&#8217; DEI LABORATORI PER I TAMPONI COVID-19 (AL GIORNO)<\/strong><\/p>\n<p>ULSS 1 \u00a0 250 &#8212; 360, ULSS 2 \u00a0360 &#8212; 1.800, ULSS 6 \u00a0240 &#8212; 1.200, ULSS 7 \u00a0160 &#8212; 320, ULSS 3 \u00a0300 &#8212; 1.800, ULSS 8 \u00a0160 &#8212;1.220, ULSS 4 \u00a0 \u00a0 \u00a0 0 &#8212; 50, ULSS 9 \u00a0150 &#8212; 300, ULSS 5 \u00a0150 \u00a0&#8212; 200, PD azienda \u00a01.200 &#8212; 2.400, VR azienda \u00a0 \u00a0240 &#8212; 1.680<\/p>\n<p>CAPACITA\u2019 ATTUALE: 3.210 CAPACITA\u2019 FUTURA: 11.330<\/p>\n<p>&nbsp;<\/p>\n<hr \/>\n<h3><\/h3>\n<h3>ULTIM&#8217;ORA<\/h3>\n<h3>EssilorLuxottica annuncia un programma di acquisto di azioni proprie<\/h3>\n<p>FRANCIA_MILANO \u00a0EssilorLuxottica annuncia il lancio di un programma di acquisto di azioni proprie che riflette la fiducia della Societ\u00e0 nella sua capacit\u00e0 di creare valore e nelle sue prospettive di lungo periodo. Per attuare il programma di acquisto, la Societ\u00e0 ha dato mandato a un intermediario specializzato per l\u2019acquisto di un massimo di 3.000.000 di azioni EssilorLuxottica, da effettuare, a seconda delle condizioni di mercato, nel periodo che va dal 17 marzo 2020 fino alla data ultima del 27 maggio 2020. Le azioni cos\u00ec acquisite sono destinate ad essere assegnate o trasferite ai dipendenti e ai dirigenti di EssilorLuxottica e di societ\u00e0 controllate, in particolare nel contesto di piani di compartecipazione agli utili, bonus e premi di performance basati su azioni, piani di stock option e di azionariato diffuso dei dipendenti. La descrizione del programma di acquisto di azioni proprie di EssilorLuxottica, deliberato dall&#8217;Assemblea generale degli azionisti del 29 novembre 2018, \u00e8 disponibile nella sezione 5.2.3 del Documento di<br \/>\nregistrazione del 2018, accessibile dal sito istituzionale della Societ\u00e0 al seguente link<span style=\"color: #0000ff;\">: <a style=\"color: #0000ff;\" href=\"https:\/\/www.essilorluxottica.com\/sites\/default\/files\/documents\/2019-04\/ESSI_DDR_2018_UK.pdf.\">CLICCA QUI<\/a><\/span><\/p>\n<p>&nbsp;<\/p>\n<hr \/>\n<p>&nbsp;<\/p>\n<p>&nbsp;<\/p>\n<blockquote>\n<h3>SULLA STRADA E TRA LE CASE CON LA PAURA NEL CUORE<\/h3>\n<\/blockquote>\n<h2><span style=\"color: #ff0000;\">DILLO A RADIOPIU<\/span><\/h2>\n<blockquote>\n<blockquote><p><em>Riceviamo e pubblichiamo la testimonianza\u00a0 di un portalettere delle Poste, ci informa che giovedi (solo giovedi) Poste Italiane ha rifornito i portalettere e il relativo ufficio dove lavora di mascherine, una per postino ieri\u00a0 a qualcuno ma non a tutti, guanti e gel igienizzante. Abbiamo anche chiesto una seconda testimonianza nell&#8217;Agordino da\u00a0 dove arriva la conferma: si ad una mascherina a testa da giovedi (saranno a norma?\u00a0 Si chiede il nostro interlocutore) ma guanti neanche l&#8217;ombra.<\/em><\/p>\n<p>&nbsp;<\/p><\/blockquote>\n<p><strong>Lettera Firmata<\/strong><\/p>\n<blockquote><p><em><strong><img loading=\"lazy\" decoding=\"async\" class=\"alignleft\" src=\"https:\/\/www.radiopiu.net\/wordpress\/wp-content\/uploads\/2016\/03\/2376711-postini.jpg\" width=\"240\" height=\"134\" \/><\/strong> Segnalo la situazione\u00a0 in cui stanno lavorando i portalettere,\u00a0 dove opero io la situazione \u00e8\u00a0 difficile immagino come ovunque del resto in questo momento. Gi\u00e0 noi portalettere,dobbiamo sopperire a carenze strutturali ed organizzative messe in atto da Poste Italiane, dovendo subire spesso lamentele e proteste da parte di un&#8217;utenza giustamente inferocita, ma tali carenze di servizio non dipendono da noi, anzi talvolta\u00a0 ci adoperiamo, fermandoci oltre l&#8217;orario, pur di finire almeno l&#8217;essenziale. Con l&#8217;emergenza in corso il discorso non cambia,\u00a0 abbiamo operato per tutto il mese di febbraio e per tutta la met\u00e0 marzo senza alcuna dotazione di sicurezza e senza alcun vademecum sui comportamenti da adottare, dopo l&#8217;ultimo decreto governativo, gioved\u00ec scorso ci hanno fornito,di numero una mascherina monouso che noi dovremmo adoperare per settimane, n\u00e8 guanti, n\u00e8 igienizzante, n\u00e8 pulizia o sanificazione degli ambienti e\u00a0 dei mezzi di trasporto che vengono scambiati in continuazione per esigenze di consegna tra le\u00a0 rotazioni di turno per avere meno gente in ufficio, che al cambio turno diventa una bolgia e sembra di essere ad un mercato rionale in spazi molto ristretti. I responsabili faticano a gestire tali situazioni al limite del ragionevole. I sindacati mandano comunicati senza prendere alcuna decisione, sempre in maniera tardiva, e\u00a0 ci troviamo a gestire\u00a0 la sicurezza in maniera\u00a0 facoltativa. Ognuno deve agire secondo il proprio buonsenso, oppure prendersi ferie o permessi, gli altri a lavorare. Mi assomiglia la &#8220;roulette russa&#8221;, sperando che nessuno si ammali, altrimenti le cose diventano serie.<\/em><\/p><\/blockquote>\n<p><strong>Siamo stati inviati a non riportare il nome di chi ci ha inviato la segnalazione e il luogo per evidenti motivi.<\/strong><\/p>\n<p>foto archivio radiopiu<\/p><\/blockquote>\n<p>&nbsp;<\/p>\n<p>&nbsp;<\/p>\n<hr \/>\n<p>&nbsp;<\/p>\n<h3>ATTENZIONE PER CHI OPERA NELL&#8217;EMERGENZA RISPETTO PER UOMINI E DONNE DEL SOCCORSO. QUANDO IL VICINO ATTACCA LA MOTOSEGA AL SORGERE DEL SOLE.<\/h3>\n<h2><span style=\"color: #ff0000;\">DILLO A RADIO PIU<\/span><\/h2>\n<div>Sono un cittadino di una frazione di un Comune dell&#8217;Alto Agordino. Volevo fare un&#8217;appello per quanto riguarda l&#8217;emergenza che stiamo affrontando,in quanto io e molti altri lavoratori che siamo a casa dal lavoro per arginare l&#8217;epidemia, non trovo giusto che qualche paesano faccia dei lavori pericolosi (legna , opere edili ecc&#8230;) a casa propria per conto proprio. Se non ho capito male,se ci infortuniamo, siamo &#8220;d&#8217;intralcio&#8221; al personale medico che \u00e8 gia&#8217; soffocato di lavoro dall&#8217;emergenza. Correggetemi se sbaglio, ma il governatore ci ha chiesto di stare a casa sul divano e non di andare in trincea o in prima linea come i nostri nonni! Rimaniamo in casa attenendoci scrupolosamente alle indicazioni dateci dal decreto Ministeriale.<\/div>\n<p>&nbsp;<\/p>\n<p>&nbsp;<\/p>\n<hr \/>\n<blockquote>\n<h3><\/h3>\n<\/blockquote>\n<h3><\/h3>\n<blockquote class=\"wp-embedded-content\" data-secret=\"mdjS4RvcPu\"><p><a href=\"https:\/\/www.radiopiu.net\/wordpress\/abbracci-in-musica-con-nicolo-fabio-matteo-alessandro-e-luca\/\">ABBRACCI IN MUSICA CON NICOLO&#8217; FABIO MATTEO ALESSANDRO E LUCA<\/a><\/p><\/blockquote>\n<p><iframe loading=\"lazy\" title=\"&#8220;ABBRACCI IN MUSICA CON NICOLO&#8217; FABIO MATTEO ALESSANDRO E LUCA&#8221; &#8212; Radio Pi\u00f9\" class=\"wp-embedded-content\" sandbox=\"allow-scripts\" security=\"restricted\" style=\"position: absolute; clip: rect(1px, 1px, 1px, 1px);\" src=\"https:\/\/www.radiopiu.net\/wordpress\/abbracci-in-musica-con-nicolo-fabio-matteo-alessandro-e-luca\/embed\/#?secret=mdjS4RvcPu\" data-secret=\"mdjS4RvcPu\" width=\"600\" height=\"338\" frameborder=\"0\" marginwidth=\"0\" marginheight=\"0\" scrolling=\"no\"><\/iframe><\/p>\n<p>&nbsp;<\/p>\n<p>&nbsp;<\/p>\n<p>&nbsp;<\/p>\n<p>&nbsp;<\/p>\n<blockquote>\n<h3>SMARTPHONE IN AREA DEGENZA COVID-19 PER METTERE IN CONTATTO VIRTUALE PAZIENTI E FAMIGLIE<\/h3>\n<\/blockquote>\n<p><strong>BELLUNO<\/strong> In contatto virtuale con i propri cari. Le aree di degenza COVID19 degli ospedali di Belluno e di Feltre sono state dotate anche di alcuni smartphone attraverso i quali i sanitari potranno aiutare i pazienti a mettersi in contatto con i propri cari virtualmente. Dare la possibilit\u00e0 ai pazienti in isolamento, in particolare agli anziani, di poter dialogare con i propri affetti \u00e8 una piccola cosa ma \u00e8 un gesto di grande attenzione e umanit\u00e0, in un momento di particolare difficolt\u00e0, per non sentirsi soli e per tenere il fondamentale legame con le famiglie che non possono fisicamente entrare nelle aree di degenza COVID19.<\/p>\n<p><a class=\"dt-pswp-item\" href=\"https:\/\/www.radiopiu.net\/wordpress\/wp-content\/uploads\/2020\/03\/IMG-20200315-WA0021.jpg\" data-dt-img-description=\"\" data-large_image_width=\"1200\" data-large_image_height=\"1600\"><img loading=\"lazy\" decoding=\"async\" class=\"alignnone size-medium wp-image-122539\" src=\"https:\/\/www.radiopiu.net\/wordpress\/wp-content\/uploads\/2020\/03\/IMG-20200315-WA0021-225x300.jpg\" alt=\"\" width=\"225\" height=\"300\" srcset=\"https:\/\/www.radiopiu.net\/wordpress\/wp-content\/uploads\/2020\/03\/IMG-20200315-WA0021-225x300.jpg 225w, https:\/\/www.radiopiu.net\/wordpress\/wp-content\/uploads\/2020\/03\/IMG-20200315-WA0021-768x1024.jpg 768w, https:\/\/www.radiopiu.net\/wordpress\/wp-content\/uploads\/2020\/03\/IMG-20200315-WA0021-1152x1536.jpg 1152w, https:\/\/www.radiopiu.net\/wordpress\/wp-content\/uploads\/2020\/03\/IMG-20200315-WA0021.jpg 1200w\" sizes=\"auto, (max-width: 225px) 100vw, 225px\" \/><\/a><a class=\"dt-pswp-item\" href=\"https:\/\/www.radiopiu.net\/wordpress\/wp-content\/uploads\/2020\/03\/IMG-20200315-WA0019.jpg\" data-dt-img-description=\"\" data-large_image_width=\"1200\" data-large_image_height=\"1600\"><img loading=\"lazy\" decoding=\"async\" class=\"alignnone size-medium wp-image-122540\" src=\"https:\/\/www.radiopiu.net\/wordpress\/wp-content\/uploads\/2020\/03\/IMG-20200315-WA0019-225x300.jpg\" alt=\"\" width=\"225\" height=\"300\" srcset=\"https:\/\/www.radiopiu.net\/wordpress\/wp-content\/uploads\/2020\/03\/IMG-20200315-WA0019-225x300.jpg 225w, https:\/\/www.radiopiu.net\/wordpress\/wp-content\/uploads\/2020\/03\/IMG-20200315-WA0019-768x1024.jpg 768w, https:\/\/www.radiopiu.net\/wordpress\/wp-content\/uploads\/2020\/03\/IMG-20200315-WA0019-1152x1536.jpg 1152w, https:\/\/www.radiopiu.net\/wordpress\/wp-content\/uploads\/2020\/03\/IMG-20200315-WA0019.jpg 1200w\" sizes=\"auto, (max-width: 225px) 100vw, 225px\" \/><\/a><\/p>\n<p>&nbsp;<\/p>\n<p>&nbsp;<\/p>\n<hr \/>\n<p>&nbsp;<\/p>\n<h3>ULSS 1 DOLOMITI: REFERTI A DOMICILIO<\/h3>\n<p><strong>BELLUNO<\/strong> Si informa che i referti di laboratorio e degli esami strumentali non accessibili online dell\u2019Ulss Dolomiti saranno inviati per posta a domicilio dell\u2019utente fino al 15 aprile.<\/p>\n<p>&nbsp;<\/p>\n<hr \/>\n<p>&nbsp;<\/p>\n<p>&nbsp;<\/p>\n<blockquote>\n<h3>FP CGIL CHIEDE SIANO APPLICATI I CORRETTI UTILIZZI DEI DPI<\/h3>\n<\/blockquote>\n<p><strong>BELLUNO<\/strong> Con una lettera inviata al Direttore Generale della ULSS 1 Dolomiti, Adriano Rasi Caldogno, al Responsabile Servizio Prevenzione e Protezione, Giovanni Dinarello, e a tutte le strutture residenziali extra-ospedaliere per anziani, disabili, minori, dipendenze e salute mentale della provincia di Belluno, FP CGIL chiede si faccia un uso corretto dei dispositivi DPI in applicazione delle misure di contenimento del contagio COVID-19. Nella lettera si legge che, dopo innumerevoli segnalazioni sull&#8217;applicazione delle misure, si chiede che gli opratori che assistono gli ospiti in quarantena facciano uso delle mascherine chirurgiche. <em>&#8220;Le linee guida regionali si rifanno alle linee guida dell\u2019OMS, ma ci sono evidenze scientifiche secondo cui le mascherine chirurgiche non sono DPI, ma solo strumenti di contenimento della diffusione del COVID, con il conseguente rischio che gli operatori che assistono le persone in quarantena, qualora si confermi l\u2019infezione, siano a rischio loro stessi di contagio oltre a diventare vettori verso gli altri Ospiti. Ritenendo che la scelta, chiaramente poco opportuna, di far utilizzare le mascherine chirurgiche non solo non ottemperi al D.Lgs. 81 del 2008 sulla salute e sicurezza dei Lavoratori, ma sia anche un chiaro rischio per tutti i presenti in struttura, e pertanto si invitano caldamente le Aziende in indirizzo e tutti i soggetti responsabili a prevedere l\u2019utilizzo delle mascherine FFP2\/3 in situazioni in cui vi sia la necessita\u0300 di assistere persone sospette e\/o con conclamata infezione da COVID-19, e a far in modo che tutti i dipendenti a contatto diretto con i residenti utilizzino le barriere protettive (mascherine), onde evitare che questi possano divenire vettore per il contagio del virus, oltre che a titolo di tutela individuale&#8221;<\/em><\/p>\n<p><strong>ANDREA FIOCCO, FP CGIL<\/strong><\/p>\n<audio class=\"wp-audio-shortcode\" id=\"audio-122494-2\" preload=\"none\" style=\"width: 100%;\" controls=\"controls\"><source type=\"audio\/mpeg\" src=\"https:\/\/www.radiopiu.net\/wordpress\/wp-content\/uploads\/2020\/03\/fiocco-fp-cgil-16-marzo-2020.mp3?_=2\" \/><a href=\"https:\/\/www.radiopiu.net\/wordpress\/wp-content\/uploads\/2020\/03\/fiocco-fp-cgil-16-marzo-2020.mp3\">https:\/\/www.radiopiu.net\/wordpress\/wp-content\/uploads\/2020\/03\/fiocco-fp-cgil-16-marzo-2020.mp3<\/a><\/audio>\n<p>&nbsp;<\/p>\n<hr \/>\n<blockquote>\n<h3><\/h3>\n<h3 class=\"entry-title\">\u201cSECONDE CASE\u201d E RIENTRO<\/h3>\n<\/blockquote>\n<p><strong>di GIANPAOLO BOTTACIN<\/strong><\/p>\n<div id=\"js_4r\" class=\"_5pbx userContent _3576\" data-testid=\"post_message\" data-ft=\"{&quot;tn&quot;:&quot;K&quot;}\">\n<blockquote>\n<h3>VENEZIA Per quanto riguarda il tema delle seconde case ho chiesto che il governo modifichi il decreto e consenta il rientro nel proprio domicilio residenza o abitazione SOLO se ha in quell\u2019indirizzo il medico di base. Questo nell\u2019interesse di chi \u00e8 andato nella sua seconda casa non rendendosi conto che non avrebbe neanche l\u2019assistenza di base<\/h3>\n<\/blockquote>\n<\/div>\n<p>&nbsp;<\/p>\n<p>&nbsp;<\/p>\n<div id=\"js_4r\" class=\"_5pbx userContent _3576\" data-testid=\"post_message\" data-ft=\"{&quot;tn&quot;:&quot;K&quot;}\">\n<hr \/>\n<\/div>\n<h3><\/h3>\n<blockquote>\n<h3>IL COMUNICATO UNITARIO DI CGIL CISL E UIL SULLA PROSECUZIONE DELLE ATTIVITA&#8217; PRODUTTIVE<\/h3>\n<\/blockquote>\n<p><strong>BELLUNO<\/strong> Le sigle sindacali hanno distribuito un comunicato stampa unitario per fare alcune precisazioni sulla rosecuzione delle attivit\u00e0 produttive dopo l&#8217;accordo siglato con il Governo per quanto concerne la sicurezza dei lavoratori.<\/p>\n<p><strong>IL COMUNICATO UNITARIO<\/strong><\/p>\n<div class=\"su-document su-u-responsive-media-yes\"><iframe loading=\"lazy\" src=\"\/\/docs.google.com\/viewer?embedded=true&url=https:\/\/www.radiopiu.net\/wordpress\/wp-content\/uploads\/2020\/03\/COMITATO-GESTIONE-LUOGHI-DI-LAVORO.pdf\" width=\"600\" height=\"800\" class=\"su-document\" title=\"Decreto\"><\/iframe><\/div>\n<p>&nbsp;<\/p>\n<hr \/>\n<h3><\/h3>\n<p>&nbsp;<\/p>\n<blockquote>\n<h3>IL PREFETTO FA IL PUNTO SUI CONTROLLI DELLE FORZE DELL&#8217;ORDINE<\/h3>\n<\/blockquote>\n<p><strong><a class=\"dt-pswp-item\" href=\"https:\/\/www.radiopiu.net\/wordpress\/wp-content\/uploads\/2020\/03\/Adriana-Cogode.jpg\" data-dt-img-description=\"\" data-large_image_width=\"280\" data-large_image_height=\"300\"><img loading=\"lazy\" decoding=\"async\" class=\"size-full wp-image-121833 alignleft\" src=\"https:\/\/www.radiopiu.net\/wordpress\/wp-content\/uploads\/2020\/03\/Adriana-Cogode.jpg\" alt=\"\" width=\"280\" height=\"300\" \/><\/a>BELLUNO<\/strong> Il Prefetto di Belluno, Adriana Cogode, ha incontrato oggi, in videoconferenza, i vertici delle Forze di Polizia, il Presidente della Provincia, i Sindaci di Belluno, Agordo, Cesiomaggiore, Feltre, Fonzaso, La Valle Agordina, Lamon, Pedavena, Quero Vas, Santa Giustina, Seren del Grappa, Sospirolo, Sovramonte, Vallada Agordina, Alano di Piave, Ponte nelle Alpi, Borgo Valbelluna, il Direttore Generale della ULSS n. 1 Dolomiti ed i rappresentanti delle categorie produttive per fare il punto della situazione legata alla diffusione del Coronavirus in provincia di Belluno.Durante gli incontri \u00e8 stata ribadita la sinergia tra tutte le componenti del sistema per assicurare la gestione coordinata dell\u2019emergenza e rafforzare le iniziative per prevenire il contagio, anche all\u2019interno delle realt\u00e0 produttive della provincia.<br \/>\nPer quel che concerne il controllo sul rispetto delle disposizioni contenute nei provvedimenti del Governo per fronteggiare l\u2019emergenza, le Forze di Polizia e le Polizie Locali hanno controllato, dal 10 marzo, un totale di 2.618 persone, denunciandone 90. Nel corso dell\u2019attivit\u00e0 di controllo del territorio \u00e8 stata altres\u00ec verificata l\u2019effettivit\u00e0 della sospensione dell\u2019attivit\u00e0 degli esercizi commerciali, accertando sei violazioni alle disposizioni governative.<\/p>\n<p>&nbsp;<\/p>\n<p>&nbsp;<\/p>\n<hr \/>\n<p>&nbsp;<\/p>\n<blockquote>\n<h3 class=\"entry-title\">L\u2019EMERGENZA COVID NON INCIDE SULLE POLVERI<\/h3>\n<\/blockquote>\n<p>DI DAMIANO TORMEN<\/p>\n<audio class=\"wp-audio-shortcode\" id=\"audio-122494-3\" preload=\"none\" style=\"width: 100%;\" controls=\"controls\"><source type=\"audio\/mpeg\" src=\"https:\/\/www.radiopiu.net\/wordpress\/wp-content\/uploads\/2020\/03\/polveri-sottili-1.mp3?_=3\" \/><a href=\"https:\/\/www.radiopiu.net\/wordpress\/wp-content\/uploads\/2020\/03\/polveri-sottili-1.mp3\">https:\/\/www.radiopiu.net\/wordpress\/wp-content\/uploads\/2020\/03\/polveri-sottili-1.mp3<\/a><\/audio>\n<h2><span style=\"color: #ff0000;\">L&#8217;ESPERTO<\/span><\/h2>\n<p><strong>PADOVA<\/strong> L\u2019emergenza Covid non ha drasticamente ridotto le polveri,\u00a0 anche il bollettino Arpav di oggi attesta allerta zero in tutta la regione, le centraline Arpav non hanno rilevato valori bassissimi di inquinamento da polveri. <em>\u201cIl motivo principale \u2013 spiega Luca Marchesi, direttore generale dell\u2019Agenzia veneta \u2013 \u00e8 la stretta correlazione fra polveri e meteo. Quest\u2019ultimo \u00e8 comunque e sempre nel breve termine il fattore determinante e prevale rispetto agli altri fattori emissivi. In questo periodo ad una settimana, a fine febbraio, di vento e pioggia che ha abbassato i livelli, ne \u00e8 seguita una di grande stabilit\u00e0 atmosferica. Inoltre pi\u00f9 persone a casa significa pi\u00f9 riscaldamento acceso. La notizia positiva \u00e8 che in primavera le condizioni meteo sono favorevoli alla dispersione degli inquinanti e quindi nel prossimo periodo l\u2019aria dovrebbe migliorare\u201d. <\/em><b>Nel dettaglio l\u2019analisi dell\u2019Osservatorio aria Arpav <\/b>Da oltre 20 giorni in Veneto le concentrazioni di PM10 rilevate dalla rete di monitoraggio Arpav sono piuttosto basse. Pertanto dal 25 febbraio il livello di allerta in tutta la regione \u00e8 verde (livello 0). Tale situazione \u00e8 strettamente legata alle condizioni meteorologiche. L\u2019instabilit\u00e0 meteo\u00a0 ha favorito la dispersione degli inquinanti abbassando significativamente le loro concentrazioni in aria.\u00a0 A causa delle restrizioni alla circolazione delle persone legate all\u2019emergenza COVid-19, il quadro emissivo regionale, dall\u2019ultima settimana di febbraio, si \u00e8 probabilmente discostato da quello normale, con una flessione soprattutto delle emissioni da traffico veicolare. Per quanto riguarda invece il particolato atmosferico, una percentuale significativa del PM10 viene emessa principalmente dal settore del riscaldamento civile. Ad essa si aggiunge una parte di particolato di origine secondaria, legato alla formazione di polveri sottili in atmosfera da inquinanti primari, come gli ossidi di azoto e l\u2019ammoniaca. \u00c8 ragionevole pensare che la formazione di particolato secondario si possa essere ridotta nelle ultime settimane, a causa della diminuzione di emissioni di ossidi d\u2019azoto da traffico mentre \u00e8 rimasta sostanzialmente inalterata la componente emissiva primaria da riscaldamento civile. Per questo motivo ad oggi non \u00e8 possibile effettuare una correlazione tra la generale diminuzione di polveri occorsa negli ultimi 20 giorni e le misure di restrizione della circolazione della popolazione dovute al Coronavirus . E\u2019 invece ragionevole pensare che le condizioni di instabilit\u00e0 atmosferica abbiano giocato un ruolo fondamentale nel disperdere gli inquinanti e nel tenere basse le concentrazioni di PM10. Vi \u00e8 un indizio che gioca a favore di quest\u2019ultima ipotesi.<\/p>\n<p>&nbsp;<\/p>\n<hr \/>\n<h3><\/h3>\n<blockquote>\n<h3 dir=\"auto\">IL MESSAGGIO DEL MINISTRO FEDERICO D&#8217;INCA&#8217;<\/h3>\n<\/blockquote>\n<div dir=\"auto\"><\/div>\n<div dir=\"auto\"><strong><a class=\"dt-pswp-item\" href=\"https:\/\/www.radiopiu.net\/wordpress\/wp-content\/uploads\/2017\/09\/DInc\u00e0-Grisol.jpg\" data-dt-img-description=\"\" data-large_image_width=\"1280\" data-large_image_height=\"960\"><img loading=\"lazy\" decoding=\"async\" class=\"wp-image-36473 alignleft\" src=\"https:\/\/www.radiopiu.net\/wordpress\/wp-content\/uploads\/2017\/09\/DInc\u00e0-Grisol-1024x768.jpg\" alt=\"\" width=\"290\" height=\"218\" \/><\/a>ROMA<\/strong> &#8220;Nessuno verr\u00e0 abbandonato, nessuno verra lasciato indietro. Con il decreto-legge approvato oggi in Consiglio dei Ministri immettiamo nuove risorse per complessivi 25 miliardi di euro sia per proseguire nella battaglia sanitaria contro il #coronavirus, sia per permettere a lavoratori, famiglie e imprese di non subire eccessivi contraccolpi economici a causa di questo evento assolutamente eccezionale. Un&#8217;operazione pi\u00f9 complessa di una legge di bilancio, che mobiliter\u00e0 in tutto 350 miliardi di euro.\u00a0 Dei primi 25 miliardi di euro stanziati dal decreto &#8220;Cura Italia&#8221;, 3,5 mld andranno alla Protezione Civile e al Sistema sanitario nazionale, la nostra prima linea nella lotta contro il virus, risorse aggiuntive rispetto alle misure gi\u00e0 approvate nei giorni scorsi. Sono previste misure di sostegno per tutte le categorie. Sono stati stanziati 10 miliardi di euro per il sostegno alle famiglie e ai lavoratori, con ammortizzatori sociali, cassa in deroga e fondo integrazione salariale incrementato di 1 miliardo e 300 milioni; 3 miliardi e 300 milioni sono inoltre destinati per la cassa in deroga anche per aziende con un solo dipendente. \u00c8 stato introdotto un congedo parentale speciale per 15 giorni per le famiglie, prevedendo in alternativa un bonus baby sitter di 600 euro. Allarghiamo la possibilit\u00e0 di usufruire della legge 104 per il mese di aprile agli autonomi e liberi professionisti, complessivamente coprendo il periodo di inattivit\u00e0 con circa 3 mld euro. Sospendiamo i contributi previdenziali e interveniamo sui licenziamenti, a partire dal 23 febbraio in poi. Per chi \u00e8 in difficolt\u00e0 sar\u00e0 possibile la sospensione delle rate del mutuo per la prima casa, provvedimento che sar\u00e0 esteso anche agli autonomi. Sono previste inoltre maggiori tutele per chi accudisce i disabili. Liberi professionisti e lavoratori autonomi potranno beneficiare di un\u2019indennit\u00e0 di 600 euro per il mese di marzo. Le scadenze fiscali per le imprese saranno rinviate, i mutui fino a 18 mesi saranno sospesi e sono stati stanziati 1,7 miliardi di garanzia pubblica per la moratoria di mutui e prestiti; \u00e8 stato anche introdotto un credito d\u2019imposta pari al 60% dell\u2019affitto per botteghe e negozi. Saranno infine sospesi fino al 31 maggio i versamenti di ritenute, contributi, premi assicurativi e iva. Quello messo a punto dal Governo \u00e8 un intervento che ha le dimensioni di una vera e propria manovra economica e che servir\u00e0 a sostenere l\u2019economia del Paese per permettere a lavoratori, famiglie e imprese di affrontare e superare l\u2019emergenza&#8221;.<\/div>\n<div dir=\"auto\"><\/div>\n<div dir=\"auto\"><\/div>\n<div dir=\"auto\">\n<hr \/>\n<\/div>\n<p>&nbsp;<\/p>\n<blockquote class=\"wp-embedded-content\" data-secret=\"vLShwL1dmX\"><p><a href=\"https:\/\/www.radiopiu.net\/wordpress\/i-bambini-della-scuola-per-linfanzia-di-taibon-agordino-continuano-le-lezioni\/\">I BAMBINI DELLA SCUOLA PER L&#8217;INFANZIA DI TAIBON AGORDINO CONTINUANO LE &#8220;LEZIONI&#8221;<\/a><\/p><\/blockquote>\n<p><iframe loading=\"lazy\" title=\"&#8220;I BAMBINI DELLA SCUOLA PER L&#8217;INFANZIA DI TAIBON AGORDINO CONTINUANO LE &#8220;LEZIONI&#8221;&#8221; &#8212; Radio Pi\u00f9\" class=\"wp-embedded-content\" sandbox=\"allow-scripts\" security=\"restricted\" style=\"position: absolute; clip: rect(1px, 1px, 1px, 1px);\" src=\"https:\/\/www.radiopiu.net\/wordpress\/i-bambini-della-scuola-per-linfanzia-di-taibon-agordino-continuano-le-lezioni\/embed\/#?secret=vLShwL1dmX\" data-secret=\"vLShwL1dmX\" width=\"600\" height=\"338\" frameborder=\"0\" marginwidth=\"0\" marginheight=\"0\" scrolling=\"no\"><\/iframe><\/p>\n<p>&nbsp;<\/p>\n<p>&nbsp;<\/p>\n<hr \/>\n<p>&nbsp;<\/p>\n<h2>COME SIAMO CON LA SPERIMENTAZIONE 5G? L&#8217;ARPAV SPIEGA<\/h2>\n<p><a class=\"dt-pswp-item\" href=\"https:\/\/www.radiopiu.net\/wordpress\/wp-content\/uploads\/2019\/12\/1551203946_5g.jpg\" data-dt-img-description=\"\" data-large_image_width=\"1050\" data-large_image_height=\"589\"><img loading=\"lazy\" decoding=\"async\" class=\"alignnone size-large wp-image-110177\" src=\"https:\/\/www.radiopiu.net\/wordpress\/wp-content\/uploads\/2019\/12\/1551203946_5g-1024x574.jpg\" alt=\"\" width=\"1024\" height=\"574\" srcset=\"https:\/\/www.radiopiu.net\/wordpress\/wp-content\/uploads\/2019\/12\/1551203946_5g-1024x574.jpg 1024w, https:\/\/www.radiopiu.net\/wordpress\/wp-content\/uploads\/2019\/12\/1551203946_5g-300x168.jpg 300w, https:\/\/www.radiopiu.net\/wordpress\/wp-content\/uploads\/2019\/12\/1551203946_5g-768x431.jpg 768w, https:\/\/www.radiopiu.net\/wordpress\/wp-content\/uploads\/2019\/12\/1551203946_5g.jpg 1050w\" sizes=\"auto, (max-width: 1024px) 100vw, 1024px\" \/><\/a>DI GIANNI SANTOMASO<\/p>\n<audio class=\"wp-audio-shortcode\" id=\"audio-122494-4\" preload=\"none\" style=\"width: 100%;\" controls=\"controls\"><source type=\"audio\/mpeg\" src=\"https:\/\/www.radiopiu.net\/wordpress\/wp-content\/uploads\/2020\/03\/5-g-la-valle-1.mp3?_=4\" \/><a href=\"https:\/\/www.radiopiu.net\/wordpress\/wp-content\/uploads\/2020\/03\/5-g-la-valle-1.mp3\">https:\/\/www.radiopiu.net\/wordpress\/wp-content\/uploads\/2020\/03\/5-g-la-valle-1.mp3<\/a><\/audio>\n<p>&nbsp;<\/p>\n<p><strong>A DOMANDA &#8230;. RISPONDO.<\/strong><\/p>\n<p>Arpav ha appena pubblicato sul proprio sito una pagina con alcune semplici domande e risposte sul tema del 5G.<\/p>\n<div>\n<h3>indirizzo della pagina: <a href=\"https:\/\/www.arpa.veneto.it\/temi-ambientali\/agenti-fisici\/radiazioni-non-ionizzanti\/a-proposito-di-5g\">CLICCA QUI<\/a><\/h3>\n<\/div>\n<p>&nbsp;<\/p>\n<hr \/>\n<p>&nbsp;<\/p>\n<blockquote>\n<h3>VINCOLI COMELICO, LA PROVINCIA SI \u00c8 COSTITUITA NEI PROCEDIMENTI AL TAR. PADRIN: \u00abATTO NECESSARIO, DOBBIAMO TUTELARE LE NOSTRE COMUNIT\u00c0\u00bb<\/h3>\n<\/blockquote>\n<p><strong>BELLUNO<\/strong> La Provincia di Belluno ha depositato nei giorni scorsi le memorie di costituzione al Tar del Veneto relativa alla dichiarazione di notevole interesse pubblico del Comelico e del Comune di Auronzo. Si tratta di due atti \u201cad adiuvandum\u201d che evidenziano la volont\u00e0 dell\u2019ente Provincia di tutelare non solo i singoli territori su cui sono stati imposti i vincoli paesaggistici, ma anche la pianificazione territoriale di coordinamento e di \u201carea vasta\u201d che rientra tra le competenze strettamente provinciali.\u00a0 L\u2019udienza di sospensiva al Tar del Veneto era stata fissata originariamente per il 12 marzo. Per ovvi motivi, a causa del blocco delle attivit\u00e0 dei tribunali, \u00e8 stata rinviata a data da destinarsi.<\/p>\n<p><strong>IL PRESIDENTE DELLA PROVINCIA DI BELLUNO ROBERTO PADRIN<\/strong><\/p>\n<audio class=\"wp-audio-shortcode\" id=\"audio-122494-5\" preload=\"none\" style=\"width: 100%;\" controls=\"controls\"><source type=\"audio\/mpeg\" src=\"https:\/\/www.radiopiu.net\/wordpress\/wp-content\/uploads\/2020\/03\/padrin-comelico.mp3?_=5\" \/><a href=\"https:\/\/www.radiopiu.net\/wordpress\/wp-content\/uploads\/2020\/03\/padrin-comelico.mp3\">https:\/\/www.radiopiu.net\/wordpress\/wp-content\/uploads\/2020\/03\/padrin-comelico.mp3<\/a><\/audio>\n<p>&nbsp;<\/p>\n<hr \/>\n<h3><\/h3>\n<h2><\/h2>\n<h2>Per lavori alla rete idrica comunale, il 19\/03\/2020 dalle 8 fino a FINE LAVORI verr\u00e0 sospesa l\u2019erogazione dell\u2019acqua ad AGORDO in VICOLO VILLALTA.<\/h2>\n<p>&nbsp;<\/p>\n<p>&nbsp;<\/p>\n<hr \/>\n<p>&nbsp;<\/p>\n<blockquote>\n<h3>IL COMUNE DI FELTRE ESENTA LE FAMIGLIE DAL PAGAMENTO DELLE RETTE DELL&#8217;ASILO NIDO<\/h3>\n<\/blockquote>\n<p><strong>FELTRE<\/strong> La situazione di emergenza sanitaria in cui siamo immersi ha intaccato profondamente l&#8217;attivit\u00e0 didattica e di conseguenza gli equilibri nella gestione dei figli, soprattutto quelli di et\u00e0 infantile, sia sul piano sociale che economico. Tra le misure previste dal governo c&#8217;\u00e8 infatti anche la sospensione dei servizi educativi dell&#8217;infanzia e delle scuole di ogni ordine e grado, nonch\u00e9 la frequenza delle attivit\u00e0 scolastiche e di formazione. E&#8217; dunque importante mettere in atto tutte le misure possibili, sia ordinarie che straordinarie, a sostegno dei cittadini e dei nuclei familiari. Va in questa direzione la decisione assunta in queste ore dalla Giunta comunale di Feltre in ordine alle rette dell&#8217;asilo nido comunale \u201cIl Maggiociondolo\u201d. Il regolamento dell&#8217;Asilo Nido prevede rette di frequenza composte da una quota fissa proporzionata all&#8217;Isee e una quota variabile subordinata alla frequenza.<\/p>\n<p><strong>L&#8217;ASSESSORE DEL BIANCO<\/strong><\/p>\n<audio class=\"wp-audio-shortcode\" id=\"audio-122494-6\" preload=\"none\" style=\"width: 100%;\" controls=\"controls\"><source type=\"audio\/mpeg\" src=\"https:\/\/www.radiopiu.net\/wordpress\/wp-content\/uploads\/2020\/03\/Del-Bianco-su-rette-asilo-nido.mp3?_=6\" \/><a href=\"https:\/\/www.radiopiu.net\/wordpress\/wp-content\/uploads\/2020\/03\/Del-Bianco-su-rette-asilo-nido.mp3\">https:\/\/www.radiopiu.net\/wordpress\/wp-content\/uploads\/2020\/03\/Del-Bianco-su-rette-asilo-nido.mp3<\/a><\/audio>\n<p>&nbsp;<\/p>\n<p>&nbsp;<\/p>\n<hr \/>\n<blockquote>\n<h3><\/h3>\n<h3>COMUNICATO UNPLI BELLUNO<\/h3>\n<\/blockquote>\n<p><strong><a class=\"dt-pswp-item\" href=\"https:\/\/www.radiopiu.net\/wordpress\/wp-content\/uploads\/2020\/03\/DAVIDE-PRALORAN-PRESIDENTE.jpeg\" data-dt-img-description=\"\" data-large_image_width=\"899\" data-large_image_height=\"1599\"><img loading=\"lazy\" decoding=\"async\" class=\"wp-image-122621 size-medium alignleft\" src=\"https:\/\/www.radiopiu.net\/wordpress\/wp-content\/uploads\/2020\/03\/DAVIDE-PRALORAN-PRESIDENTE-169x300.jpeg\" alt=\"\" width=\"169\" height=\"300\" srcset=\"https:\/\/www.radiopiu.net\/wordpress\/wp-content\/uploads\/2020\/03\/DAVIDE-PRALORAN-PRESIDENTE-169x300.jpeg 169w, https:\/\/www.radiopiu.net\/wordpress\/wp-content\/uploads\/2020\/03\/DAVIDE-PRALORAN-PRESIDENTE-576x1024.jpeg 576w, https:\/\/www.radiopiu.net\/wordpress\/wp-content\/uploads\/2020\/03\/DAVIDE-PRALORAN-PRESIDENTE-768x1366.jpeg 768w, https:\/\/www.radiopiu.net\/wordpress\/wp-content\/uploads\/2020\/03\/DAVIDE-PRALORAN-PRESIDENTE-864x1536.jpeg 864w, https:\/\/www.radiopiu.net\/wordpress\/wp-content\/uploads\/2020\/03\/DAVIDE-PRALORAN-PRESIDENTE.jpeg 899w\" sizes=\"auto, (max-width: 169px) 100vw, 169px\" \/><\/a>BELLUNO<\/strong> Fino al 3 aprile tutte le attivit\u00e0 delle Pro loco Bellunesi saranno inevitabilmente sospese. Lo ricorda il presidente Unpli provinciale Davide Praloran con riferimento alle disposizioni ministeriali in materia di prevenzione del Covid-19. Esse dovranno attendere direttive dell\u2019Unpli prima di organizzare assemblee dei soci e rinnovi dei consigli, innanzitutto perch\u00e9 lo vietano i decreti ministeriali. Inoltre non devono preoccuparsi se non saranno approvati i bilanci entro le scadenze prefissate, perch\u00e9 esse verranno comunicate, appena stabilite, le proroghe necessarie. Proprio in questi giorni, mediante la strumentazione elettronica, si sta facendo un punto della situazione a livello nazionale. \u00ab<em>C\u2019\u00e8, infatti, grande preoccupazione non solo per gli eventi previsti fino al 3 aprile ma anche per quelli dei mesi successivi e questo non riguarda strettamente solo il bellunese. In primo luogo siamo preoccupati per gli sponsor, principale sostegno economico di molte manifestazioni, in bilico per quelle in calendario da qui a giugno, che potrebbero saltare, anche se la maggior parte di esse \u00e8 programmata nei mesi a venire. La situazione di incertezza avr\u00e0 sicuramente ripercussione in termine di presenze anche nei mesi a venire. In secondo luogo, altrettanto importante, dobbiamo capire come muoverci a livello igienico-sanitario nel rispetto delle normative &#8211; spiega il presidente Praloran &#8211; Come Unpli Belluno, grazie ai bandi regionali, investiremo molto a livello comunicativo per le Pro loco per far fronte anche a questa esigenza, a iniziare dal nuovo video gi\u00e0 visibile sulla home page del sito www.prolocobellunesi.it<\/em>\u00bb.<br \/>\n<strong>COMUNICAZIONI IMPORTANTI<\/strong><br \/>\nLa segreteria provinciale, con sede a Sedico, lavorer\u00e0 a orario ridotto: si invita a telefonare allo 0437 1699100 o a scrivere alla mail belluno@unpliveneto.it lasciando un recapito per essere ricontattati; nel frattempo gli uffici sono stati disposti con le misure di sicurezza (distanze e gel igienizzante). Le singole pro loco saranno avvisate dei nuovi orari, appena definiti. Incombenze urgenti per le Pro loco riguardano l\u2019iscrizione al registro delle associazioni di promozione sociale e il versamento della quota Unpli tramite il portale www.myunpli.it. Il pagamento \u00e8 da effettuarsi tramite carta di credito, ricaricabile, Postepay oppure tramite un account PayPal collegato al conto corrente della pro loco. \u00abLa quota comprende l\u2019assicurazione RCT e RCO ed \u00e8 il solo metodo per essere assicurati. In ogni caso la segreteria provinciale \u00e8 a disposizione per informazioni. Si sollecitano le pro loco mancanti a provvedere\u00bb avverte il presidente.<\/p>\n<p>&nbsp;<\/p>\n<p>&nbsp;<\/p>\n<hr \/>\n<p>&nbsp;<\/p>\n<blockquote>\n<h3>ATTENZIONE AI MALWARE SUL TEMA CORONAVIRUS<\/h3>\n<\/blockquote>\n<p><strong>TORINO<\/strong> La Polizia Postale ha diffuso una circolare sulla possibile minaccia di un Malware, detto anche virus o software dannoso, che in questi gironi sta girando in rete. In particolare sono stati segnalati due di questi malware che sono stati diffusi tramite mail. Il primo \u00e8 un file PDF dal titolo CoronaVirusSafetyMeasures che una volta aperto fa partire un software che avvia un download di contnuti spazzatura. Nel secondo caso \u00e8 un documento DOC dove sono esposte alcune precauzioni per evitare il contagio firmato da una tale Dr.ssa Penelope Marchetti dell&#8217;OMS. La Polizia Postale consiglia di non aprire mail con allegati PDF o DOC se non autentici<\/p>\n<p>&nbsp;<\/p>\n<hr \/>\n<p>&nbsp;<\/p>\n<blockquote>\n<h3>IL MESSAGGIO DI DUNIO MAESTRO DI GRAFFITO<\/h3>\n<\/blockquote>\n<p><strong><a class=\"dt-pswp-item\" href=\"https:\/\/www.radiopiu.net\/wordpress\/wp-content\/uploads\/2020\/03\/89958220_532928800557604_6788213966154760192_o.jpg\" data-dt-img-description=\"\" data-large_image_width=\"960\" data-large_image_height=\"900\"><img loading=\"lazy\" decoding=\"async\" class=\"wp-image-122520 alignleft\" src=\"https:\/\/www.radiopiu.net\/wordpress\/wp-content\/uploads\/2020\/03\/89958220_532928800557604_6788213966154760192_o.jpg\" alt=\"\" width=\"158\" height=\"148\" srcset=\"https:\/\/www.radiopiu.net\/wordpress\/wp-content\/uploads\/2020\/03\/89958220_532928800557604_6788213966154760192_o.jpg 960w, https:\/\/www.radiopiu.net\/wordpress\/wp-content\/uploads\/2020\/03\/89958220_532928800557604_6788213966154760192_o-300x281.jpg 300w, https:\/\/www.radiopiu.net\/wordpress\/wp-content\/uploads\/2020\/03\/89958220_532928800557604_6788213966154760192_o-768x720.jpg 768w\" sizes=\"auto, (max-width: 158px) 100vw, 158px\" \/><\/a>AGORDO<\/strong> &#8220;Agordo Paese del Graffito&#8221; subir\u00e0 un ritardo nell&#8217;attesa che passi questo momento. Appena possibile si eseguiranno i due graffiti previsti e la conseguente in<span class=\"text_exposed_show\">augurazione. Lo &#8220;staff&#8221; ringrazia quanti si sono interessati al nostro desiderio di &#8220;colorare le case&#8221; delle borgate di Agordo e auspichiamo presto di rivedervi a passeggiare tra le &#8221;nostre&#8221; viuzze alla ricerca dei graffiti, delle fontane e lavatoi, delle chiesette, dei fienili, delle antiche case, e della gente che vi abita.<\/span><\/p>\n<h2><\/h2>\n<p>&nbsp;<\/p>\n<hr \/>\n<p>&nbsp;<\/p>\n<div class=\"clearfix _o46 _3erg _29_7 direction_ltr text_align_ltr\">\n<div id=\"js_22\" class=\"_3058 _ui9 _hh7 _6ybn _s1- _52mr _3oh-\" data-tooltip-content=\"12:00\" data-hover=\"tooltip\" data-tooltip-position=\"left\" aria-describedby=\"js_21\">\n<div class=\"_aok _7i2m\" tabindex=\"0\" aria-label=\"Ti invio questo link se vuoi metterlo nel gruppo della radio pu\u00f2 essere utile, fatto dal Centro Salute Globale della Regione Toscana per i migranti in molte lingue diverse Io sto a casa riferito al Corona Virus. Ci sono video e pdf.\"><span class=\"_3oh- _58nk\">Dal Centro Salute Globale della Regione Toscana per i migranti in molte lingue diverse\u00a0<\/span><\/div>\n<div tabindex=\"0\" aria-label=\"Ti invio questo link se vuoi metterlo nel gruppo della radio pu\u00f2 essere utile, fatto dal Centro Salute Globale della Regione Toscana per i migranti in molte lingue diverse Io sto a casa riferito al Corona Virus. Ci sono video e pdf.\"><span style=\"color: #0000ff;\"><a style=\"color: #0000ff;\" href=\"https:\/\/www.ilgrandecolibri.com\/coronavirus-spiegato-migranti-asilanti\/?fbclid=IwAR1yUr4f1N74RWzJA13AW5xbhZpc7UIB3sdRY9MvaknAgU2jtyUZtG6dgnI\">CLICCA QUI\u00a0<\/a><\/span><\/div>\n<\/div>\n<\/div>\n<p>&nbsp;<\/p>\n<p>&nbsp;<\/p>\n<hr \/>\n<h3><\/h3>\n<blockquote class=\"wp-embedded-content\" data-secret=\"qTRF4KHAJ0\"><p><a href=\"https:\/\/www.radiopiu.net\/wordpress\/capitelli-ed-immagini-sacre-della-parrocchia-di-mussoi\/\">CAPITELLI ED IMMAGINI SACRE DELLA PARROCCHIA DI MUSSOI<\/a><\/p><\/blockquote>\n<p><iframe loading=\"lazy\" title=\"&#8220;CAPITELLI ED IMMAGINI SACRE DELLA PARROCCHIA DI MUSSOI&#8221; &#8212; Radio Pi\u00f9\" class=\"wp-embedded-content\" sandbox=\"allow-scripts\" security=\"restricted\" style=\"position: absolute; clip: rect(1px, 1px, 1px, 1px);\" src=\"https:\/\/www.radiopiu.net\/wordpress\/capitelli-ed-immagini-sacre-della-parrocchia-di-mussoi\/embed\/#?secret=qTRF4KHAJ0\" data-secret=\"qTRF4KHAJ0\" width=\"600\" height=\"338\" frameborder=\"0\" marginwidth=\"0\" marginheight=\"0\" scrolling=\"no\"><\/iframe><\/p>\n<p>&nbsp;<\/p>\n<p>&nbsp;<\/p>\n<hr \/>\n<blockquote>\n<h3><\/h3>\n<h3><\/h3>\n<h3>IERI ALLA RADIO, 007 IN CONDOTTA CON LA PROF. MARIA ROSA SALMAZO<\/h3>\n<\/blockquote>\n<blockquote class=\"wp-embedded-content\" data-secret=\"gVoWIUqIZb\"><p><a href=\"https:\/\/www.radiopiu.net\/wordpress\/la-tecnologia-quando-serve\/\">La tecnologia, quando serve<\/a><\/p><\/blockquote>\n<p><iframe loading=\"lazy\" title=\"&#8220;La tecnologia, quando serve&#8221; &#8212; Radio Pi\u00f9\" class=\"wp-embedded-content\" sandbox=\"allow-scripts\" security=\"restricted\" style=\"position: absolute; clip: rect(1px, 1px, 1px, 1px);\" src=\"https:\/\/www.radiopiu.net\/wordpress\/la-tecnologia-quando-serve\/embed\/#?secret=gVoWIUqIZb\" data-secret=\"gVoWIUqIZb\" width=\"600\" height=\"338\" frameborder=\"0\" marginwidth=\"0\" marginheight=\"0\" scrolling=\"no\"><\/iframe><\/p>\n<h2>LA COLLEZIONE COMPLETA<\/h2>\n<blockquote class=\"wp-embedded-content\" data-secret=\"0kaZitmjYk\"><p><a href=\"https:\/\/www.radiopiu.net\/wordpress\/007incondotta-2-2\/\">007 in condotta<\/a><\/p><\/blockquote>\n<p><iframe loading=\"lazy\" title=\"&#8220;007 in condotta&#8221; &#8212; Radio Pi\u00f9\" class=\"wp-embedded-content\" sandbox=\"allow-scripts\" security=\"restricted\" style=\"position: absolute; clip: rect(1px, 1px, 1px, 1px);\" src=\"https:\/\/www.radiopiu.net\/wordpress\/007incondotta-2-2\/embed\/#?secret=0kaZitmjYk\" data-secret=\"0kaZitmjYk\" width=\"600\" height=\"338\" frameborder=\"0\" marginwidth=\"0\" marginheight=\"0\" scrolling=\"no\"><\/iframe><\/p>\n<p>&nbsp;<\/p>\n<p>&nbsp;<\/p>\n<hr \/>\n<p>&nbsp;<\/p>\n<blockquote class=\"wp-embedded-content\" data-secret=\"nGU8Fbs5Gy\"><p><a href=\"https:\/\/www.radiopiu.net\/wordpress\/agordinomeron-il-territorio-si-racconta-in-onda\/\">Agordinomeron, il territorio si racconta in onda<\/a><\/p><\/blockquote>\n<p><iframe loading=\"lazy\" title=\"&#8220;Agordinomeron, il territorio si racconta in onda&#8221; &#8212; Radio Pi\u00f9\" class=\"wp-embedded-content\" sandbox=\"allow-scripts\" security=\"restricted\" style=\"position: absolute; clip: rect(1px, 1px, 1px, 1px);\" src=\"https:\/\/www.radiopiu.net\/wordpress\/agordinomeron-il-territorio-si-racconta-in-onda\/embed\/#?secret=nGU8Fbs5Gy\" data-secret=\"nGU8Fbs5Gy\" width=\"600\" height=\"338\" frameborder=\"0\" marginwidth=\"0\" marginheight=\"0\" scrolling=\"no\"><\/iframe><\/p>\n<p>&nbsp;<\/p>\n<p>&nbsp;<\/p>\n<hr \/>\n<p>&nbsp;<\/p>\n<p>&nbsp;<\/p>\n<h2><span style=\"color: #ff0000;\">IERI ALLA\u00a0 RADIO DUE MINUTI UN LIBRO<\/span><\/h2>\n<blockquote class=\"wp-embedded-content\" data-secret=\"AshcYBWySf\"><p><a href=\"https:\/\/www.radiopiu.net\/wordpress\/nemici-miei\/\">NEMICI MIEI<\/a><\/p><\/blockquote>\n<p><iframe loading=\"lazy\" title=\"&#8220;NEMICI MIEI&#8221; &#8212; Radio Pi\u00f9\" class=\"wp-embedded-content\" sandbox=\"allow-scripts\" security=\"restricted\" style=\"position: absolute; clip: rect(1px, 1px, 1px, 1px);\" src=\"https:\/\/www.radiopiu.net\/wordpress\/nemici-miei\/embed\/#?secret=AshcYBWySf\" data-secret=\"AshcYBWySf\" width=\"600\" height=\"338\" frameborder=\"0\" marginwidth=\"0\" marginheight=\"0\" scrolling=\"no\"><\/iframe><\/p>\n<h3>LA COLLEZIONE COMPLETA<\/h3>\n<blockquote class=\"wp-embedded-content\" data-secret=\"DQzcjRz6W3\"><p><a href=\"https:\/\/www.radiopiu.net\/wordpress\/due-minuti-un-libro\/\">Due minuti un libro<\/a><\/p><\/blockquote>\n<p><iframe loading=\"lazy\" title=\"&#8220;Due minuti un libro&#8221; &#8212; Radio Pi\u00f9\" class=\"wp-embedded-content\" sandbox=\"allow-scripts\" security=\"restricted\" style=\"position: absolute; clip: rect(1px, 1px, 1px, 1px);\" src=\"https:\/\/www.radiopiu.net\/wordpress\/due-minuti-un-libro\/embed\/#?secret=DQzcjRz6W3\" data-secret=\"DQzcjRz6W3\" width=\"600\" height=\"338\" frameborder=\"0\" marginwidth=\"0\" marginheight=\"0\" scrolling=\"no\"><\/iframe><\/p>\n<p>&nbsp;<\/p>\n<hr \/>\n<blockquote>\n<h2><\/h2>\n<h2><span style=\"color: #33cccc;\">IERI ALLA RADIO SALUTE E SOCIETA<\/span>&#8216;<\/h2>\n<\/blockquote>\n<blockquote class=\"wp-embedded-content\" data-secret=\"S1AOTpGLyR\"><p><a href=\"https:\/\/www.radiopiu.net\/wordpress\/mieloma-apnee-notturne-occhio-secco\/\">Mieloma &#8211; Apnee notturne &#8211; Occhio secco<\/a><\/p><\/blockquote>\n<p><iframe loading=\"lazy\" title=\"&#8220;Mieloma &#8211; Apnee notturne &#8211; Occhio secco&#8221; &#8212; Radio Pi\u00f9\" class=\"wp-embedded-content\" sandbox=\"allow-scripts\" security=\"restricted\" style=\"position: absolute; clip: rect(1px, 1px, 1px, 1px);\" src=\"https:\/\/www.radiopiu.net\/wordpress\/mieloma-apnee-notturne-occhio-secco\/embed\/#?secret=S1AOTpGLyR\" data-secret=\"S1AOTpGLyR\" width=\"600\" height=\"338\" frameborder=\"0\" marginwidth=\"0\" marginheight=\"0\" scrolling=\"no\"><\/iframe><\/p>\n<p>&nbsp;<\/p>\n<hr \/>\n<p>&nbsp;<\/p>\n<h2><span style=\"color: #ff0000;\">IERI ALLA RADIO IN VIVO VERSO DI BRUNELLA MORO<\/span><\/h2>\n<blockquote class=\"wp-embedded-content\" data-secret=\"h3zeCotdzs\"><p><a href=\"https:\/\/www.radiopiu.net\/wordpress\/silenzioso-amore-di-manuele-carbogno\/\">SILENZIOSO AMORE DI MANUELE CARBOGNO<\/a><\/p><\/blockquote>\n<p><iframe loading=\"lazy\" title=\"&#8220;SILENZIOSO AMORE DI MANUELE CARBOGNO&#8221; &#8212; Radio Pi\u00f9\" class=\"wp-embedded-content\" sandbox=\"allow-scripts\" security=\"restricted\" style=\"position: absolute; clip: rect(1px, 1px, 1px, 1px);\" src=\"https:\/\/www.radiopiu.net\/wordpress\/silenzioso-amore-di-manuele-carbogno\/embed\/#?secret=h3zeCotdzs\" data-secret=\"h3zeCotdzs\" width=\"600\" height=\"338\" frameborder=\"0\" marginwidth=\"0\" marginheight=\"0\" scrolling=\"no\"><\/iframe><\/p>\n<h2>LA COLLEZIONE COMPLETA<\/h2>\n<blockquote class=\"wp-embedded-content\" data-secret=\"OkLRrDg1VT\"><p><a href=\"https:\/\/www.radiopiu.net\/wordpress\/in-vivo-verso\/\">In Vivo Verso<\/a><\/p><\/blockquote>\n<p><iframe loading=\"lazy\" title=\"&#8220;In Vivo Verso&#8221; &#8212; Radio Pi\u00f9\" class=\"wp-embedded-content\" sandbox=\"allow-scripts\" security=\"restricted\" style=\"position: absolute; clip: rect(1px, 1px, 1px, 1px);\" src=\"https:\/\/www.radiopiu.net\/wordpress\/in-vivo-verso\/embed\/#?secret=OkLRrDg1VT\" data-secret=\"OkLRrDg1VT\" width=\"600\" height=\"338\" frameborder=\"0\" marginwidth=\"0\" marginheight=\"0\" scrolling=\"no\"><\/iframe><\/p>\n<p>&nbsp;<\/p>\n<p>&nbsp;<\/p>\n<hr \/>\n<p>&nbsp;<\/p>\n<h2><span style=\"color: #ff0000;\">IERI ALLA RADIO<\/span><\/h2>\n<blockquote>\n<h2>I RACCONTI DI PAOLO SOPPELSA, QUATTORDICESIMA PUNTATA<\/h2>\n<\/blockquote>\n<p>IL MURO DEL TEMPO<\/p>\n<p>AUDIO<\/p>\n<audio class=\"wp-audio-shortcode\" id=\"audio-122494-7\" preload=\"none\" style=\"width: 100%;\" controls=\"controls\"><source type=\"audio\/mpeg\" src=\"https:\/\/www.radiopiu.net\/wordpress\/wp-content\/uploads\/2020\/03\/paolo-soppelsa.mp3?_=7\" \/><a href=\"https:\/\/www.radiopiu.net\/wordpress\/wp-content\/uploads\/2020\/03\/paolo-soppelsa.mp3\">https:\/\/www.radiopiu.net\/wordpress\/wp-content\/uploads\/2020\/03\/paolo-soppelsa.mp3<\/a><\/audio>\n<p>&nbsp;<\/p>\n<p><a class=\"dt-pswp-item\" href=\"https:\/\/www.radiopiu.net\/wordpress\/wp-content\/uploads\/2020\/03\/0257bda3-7c7b-4648-8a82-34e5b8786bb9.jpg\" data-dt-img-description=\"\" data-large_image_width=\"1080\" data-large_image_height=\"810\"><img loading=\"lazy\" decoding=\"async\" class=\"wp-image-122453 alignleft\" src=\"https:\/\/www.radiopiu.net\/wordpress\/wp-content\/uploads\/2020\/03\/0257bda3-7c7b-4648-8a82-34e5b8786bb9-1024x768.jpg\" alt=\"\" width=\"239\" height=\"179\" srcset=\"https:\/\/www.radiopiu.net\/wordpress\/wp-content\/uploads\/2020\/03\/0257bda3-7c7b-4648-8a82-34e5b8786bb9-1024x768.jpg 1024w, https:\/\/www.radiopiu.net\/wordpress\/wp-content\/uploads\/2020\/03\/0257bda3-7c7b-4648-8a82-34e5b8786bb9-300x225.jpg 300w, https:\/\/www.radiopiu.net\/wordpress\/wp-content\/uploads\/2020\/03\/0257bda3-7c7b-4648-8a82-34e5b8786bb9-768x576.jpg 768w, https:\/\/www.radiopiu.net\/wordpress\/wp-content\/uploads\/2020\/03\/0257bda3-7c7b-4648-8a82-34e5b8786bb9.jpg 1080w\" sizes=\"auto, (max-width: 239px) 100vw, 239px\" \/><\/a>Un&#8217;antica porta. Che divide il tempo presente dal tempo passato. Con quella scritta sullo stipite in pietra un po&#8217; sarcastica ed un po&#8217; amara. Ed immaginare di abbassare la maniglia indurita dal tempo e spalancare quell&#8217;uscio misterioso. Ascoltare il cigolare dei cardini e sentire l&#8217;odore di petrolio delle lampade. Entrare in oscure stanze appena illuminate dalla luce tremula delle candele. Spettri di donne ossute vestite di nero. Osservare il camminare di quelle magre ombre che si recano al &#8220;naf&#8221; a prendere l&#8217;acqua. Quell&#8217;acqua che esce centellinata e preziosa dal tubo di ferro. Udire il battere ritmato dei cunei. Uomini curvi che spaccano &#8220;risce de lares&#8221; a colpi di mazza. La loro schiena che si spacca come quelle &#8220;risce&#8221;. Uomini cresciuti presto e subito invecchiati. Consumati da freddo e fatiche. Voci di bambini dal viso gi\u00e0 adulto. Poi chiudere quella porta che racconta di un tempo nemmeno troppo lontano. E ritornare nell&#8217;oggi, nel silenzio di pietra che avvolge questo piccolo borgo circondato dal bosco. Ancora uno sguardo a quei muri silenziosi illuminati dall&#8217;ultimo sole del pomeriggio. Poi l\u2019ombra ad inscurire la parete di quella antica casa. Che faticosamente ha retto al lento logorare del tempo. Un muro che segna lo scorrere del tempo. Un&#8217;ombra sottile ad indicare il tempo rallentato di lunghi e gelidi inverni di neve. Di primavere gocciolanti di piogge e disgeli. Di estati con i campi colorati &#8220;de orz e s\u00ecgala&#8221;. Di suggestivi e silenziosi autunni. Antichi muri. Di pietre e calce. Un silenzioso marcire di travi curve e stanche. Ricoperte di muschio. Ricoperte di storia. Stipiti di porte piegate dallo scorrere della storia. Porte sfondate, dove passano vento e ricordi. Finestre come occhi che al mattino vedono spuntare il sole sopra il Pelsa. E silenzio. Tanto silenzio. Troppo silenzio. Solo fantasmi osservano l&#8217;ombra sottile della meridiana. Malinconici spettri che portano il &#8220;candol&#8221; a &#8220;caselo&#8221; alzano per un momento lo sguardo verso quel muro. A cercare un tempo che qui non serve pi\u00f9.<\/p>\n<p>&nbsp;<\/p>\n<hr \/>\n<p>&nbsp;<\/p>\n<p><a class=\"dt-pswp-item\" href=\"https:\/\/www.radiopiu.net\/wordpress\/wp-content\/uploads\/2018\/09\/sport.jpg\" data-dt-img-description=\"\" data-large_image_width=\"800\" data-large_image_height=\"100\"><img loading=\"lazy\" decoding=\"async\" class=\"aligncenter wp-image-60761 size-full\" src=\"https:\/\/www.radiopiu.net\/wordpress\/wp-content\/uploads\/2018\/09\/sport.jpg\" alt=\"\" width=\"800\" height=\"100\" srcset=\"https:\/\/www.radiopiu.net\/wordpress\/wp-content\/uploads\/2018\/09\/sport.jpg 800w, https:\/\/www.radiopiu.net\/wordpress\/wp-content\/uploads\/2018\/09\/sport-300x38.jpg 300w, https:\/\/www.radiopiu.net\/wordpress\/wp-content\/uploads\/2018\/09\/sport-768x96.jpg 768w\" sizes=\"auto, (max-width: 800px) 100vw, 800px\" \/><\/a><\/p>\n<p>&nbsp;<\/p>\n<blockquote>\n<h3>LA LETTERA DEL PRESIDENTE CSI DI BELLUNO NICOLETTA CASTELLINI<\/h3>\n<\/blockquote>\n<p><strong><a class=\"dt-pswp-item\" href=\"https:\/\/www.radiopiu.net\/wordpress\/wp-content\/uploads\/2018\/03\/marco-e-nicoletta-csi.jpg\" data-dt-img-description=\"\" data-large_image_width=\"1000\" data-large_image_height=\"750\"><img loading=\"lazy\" decoding=\"async\" class=\"wp-image-45747 alignleft\" src=\"https:\/\/www.radiopiu.net\/wordpress\/wp-content\/uploads\/2018\/03\/marco-e-nicoletta-csi-300x225.jpg\" alt=\"\" width=\"215\" height=\"161\" srcset=\"https:\/\/www.radiopiu.net\/wordpress\/wp-content\/uploads\/2018\/03\/marco-e-nicoletta-csi-300x225.jpg 300w, https:\/\/www.radiopiu.net\/wordpress\/wp-content\/uploads\/2018\/03\/marco-e-nicoletta-csi-768x576.jpg 768w, https:\/\/www.radiopiu.net\/wordpress\/wp-content\/uploads\/2018\/03\/marco-e-nicoletta-csi.jpg 1000w\" sizes=\"auto, (max-width: 215px) 100vw, 215px\" \/><\/a>BELLUNO<\/strong> La presidente del CSI di Belluno Nicoletta Castellini ha voluto inviare una lettera a tutte le societ\u00e0 sportive affiliate in questo momento difficile per tutta la popolazione.<\/p>\n<p><em>Carissimi vi scrivo in questo momento difficile per farvi sapere che il CSI vi \u00e8 vicino. Nessuno di noi era preparato a questo. Ci pare impossibile non poter uscire respirare la nostra bellissima aria di montagna, che sa gi\u00e0 di primavera. Dobbiamo tener duro, noi siamo tosti noi popolo di montagna e ci rialzeremo pi\u00f9 forti di prima. Non ho risposte da darvi al momento su cosa sar\u00e0 dei nostri Campionati o attivit\u00e0 previste Atletica.\u00a0<\/em><em>Domenica ci siamo collegati con CTC Regionale c&#8217;erano rappresentati di tutti Comitati\u00a0 del Veneto. Si \u00e8 molto parlato, ma sar\u00e0 difficile portare a termine attivit\u00e0 Regionale Nazionale. <\/em><em>E&#8217; molto probabile che tutto sar\u00e0 annullato.\u00a0 Per quanto riguarda attivit\u00e0 Provinciale ci si auspica di poter riprendere, anche con formule diverse da valutare e decidere insieme.\u00a0 <\/em><em>Non appena possibile ci troveremo per gestire e confrontarci quanto fatto fin&#8217;ora e cosa fare dopo. Penso che ci sar\u00e0 un prima COVID 19 e un dopo, e non \u00e8 detto che il dopo sia negativo del tutto.\u00a0\u00a0<\/em><em>Il CSI sar\u00e0 presente e propositivo\u00a0\u00a0cercando di venire incontro, per quanto possibile, alle Societ\u00e0 ovviamente tutte\u00a0 in difficolt\u00e0. Insieme ,come sempre dico, tutto si supera! <\/em><em>Abbiate pazienza, state a casa, sono sicura che passer\u00e0 se tutti ci mettiamo d&#8217;impegno per noi e soprattutto per gli altri. <\/em><em>Vi abbraccio virtualmente uno per uno. <\/em><em>A presto! <\/em><em>Nicoletta<\/em><\/p>\n<p>&nbsp;<\/p>\n<hr \/>\n<p>&nbsp;<\/p>\n<p>&nbsp;<\/p>\n<p><a class=\"dt-pswp-item\" href=\"https:\/\/www.radiopiu.net\/wordpress\/wp-content\/uploads\/2018\/09\/WhatsApp-Image-2018-09-20-at-16.04.06.jpeg\" data-dt-img-description=\"\" data-large_image_width=\"800\" data-large_image_height=\"100\"><img loading=\"lazy\" decoding=\"async\" class=\"size-full wp-image-61378 aligncenter\" src=\"https:\/\/www.radiopiu.net\/wordpress\/wp-content\/uploads\/2018\/09\/WhatsApp-Image-2018-09-20-at-16.04.06.jpeg\" alt=\"\" width=\"800\" height=\"100\" srcset=\"https:\/\/www.radiopiu.net\/wordpress\/wp-content\/uploads\/2018\/09\/WhatsApp-Image-2018-09-20-at-16.04.06.jpeg 800w, https:\/\/www.radiopiu.net\/wordpress\/wp-content\/uploads\/2018\/09\/WhatsApp-Image-2018-09-20-at-16.04.06-300x38.jpeg 300w, https:\/\/www.radiopiu.net\/wordpress\/wp-content\/uploads\/2018\/09\/WhatsApp-Image-2018-09-20-at-16.04.06-768x96.jpeg 768w\" sizes=\"auto, (max-width: 800px) 100vw, 800px\" \/><\/a><\/p>\n<p><b>Martedi 17<\/b> <b>Tempo atteso: <\/b>Al mattino ingresso di temporanee nubi medio-alte stratiformi sia sulle Dolomiti che sulle Prealpi. Nuvolosit\u00e0 che tender\u00e0 a diradarsi lasciando spazio a un cielo irregolarmente nuvoloso al pomeriggio. Clima notturno meno freddo, anche se alla sera un po&#8217; di freddo torner\u00e0 a 3000 m, con inversione termica mattutina nelle valli. In giornata mitezza generale con atmosfera quasi primaverile nei fondovalle.<br \/>\n<b>Precipitazioni: <\/b>Assenti (0%).<br \/>\n<b>Temperature: <\/b>In quota in generale diminuzione, specie le minime osservate alla sera; nelle valli minime stazionarie e massime in lieve aumento, con forte escursione termica diurna (fresco di notte e mite di giorno). Su Prealpi a 1500 m min 3\u00b0C max 9\u00b0C, a 2000 m min 1\u00b0C max 6\u00b0C. Su Dolomiti a 2000 m min -0\u00b0C max 5\u00b0C, a 3000 m min -7\u00b0C max -3\u00b0C.<br \/>\n<b>Venti: <\/b>Nelle valli deboli a regime di brezza con locali rinforzi notturni su alcuni settori prealpini; in quota venti deboli da nord-ovest a 3000 m e da sud-est a 2000 m, a 5-10 km\/h a 2000 m e 5-15 km\/h a 3000 m.<\/p>\n<hr \/>\n<p><b>Mercoledi 18<\/b> <b>Tempo atteso: <\/b>Tempo ben soleggiato, con aria tersa ed ottima visibilit\u00e0. Clima meno fresco di notte, con lieve inversione termica mattutina nelle valli. In giornata il clima risulter\u00e0 assai mite, addirittura pressoch\u00e9 primaverile nei fondovalle pi\u00f9 assolati.<br \/>\n<b>Precipitazioni: <\/b>Assenti (0%).<br \/>\n<b>Temperature: <\/b>Senza notevoli variazioni o in leggero aumento le massime per maggiore soleggiamento. Su Prealpi a 1500 m min 4\u00b0C max 10\u00b0C, a 2000 m min 2\u00b0C max 6\u00b0C. Su Dolomiti a 2000 m min 1\u00b0C max 5\u00b0C, a 3000 m min -6\u00b0C max -2\u00b0C.<br \/>\n<b>Venti: <\/b>Nelle valli deboli a regime di brezza con locali rinforzi notturni su alcuni settori prealpini; in quota deboli da nord-est, a 5-10 km\/h a 2000 m e 5-15 km\/h a 3000 m.<\/p>\n<hr \/>\n<p><b>Giovedi 19<\/b>Tempo ben soleggiato, con aria tersa ed ottima visibilit\u00e0. Clima un po&#8217; fresco di notte per irraggiamento notturno, specie nei settori innevati, mentre di giorno la mitezza si manterr\u00e0 pressoch\u00e9 sui livelli di mercoled\u00ec. Venti in quota deboli meridionali; nelle valli da deboli a moderati a regime di brezza.<\/p>\n<hr \/>\n<p><b>Venerdi 20<\/b>Tempo solo parzialmente soleggiato per presenza di nubi basse e medi stratiformi. In questo contesto non si potr\u00e0 escludere qualche debolissima precipitazione. Clima diurno un po&#8217; pi\u00f9 fresco ed uggioso. Venti in quota deboli dai quadranti meridionali; nelle valli deboli di direzione variabile. Previsore: R.L.Th. Aggiornamento bollettino Dolomiti Neve e Valanghe 16\/03\/2020<\/p>\n","protected":false},"excerpt":{"rendered":"<p>PER RICEVERE QUESTO NOTIZIARIO DIRETTAMENTE SUL TUO CELLULARE ISCRIVITI AL CANALE\u00a0TELEGRAM\u00a0\u201cRADIO PIU\u00a0 INFORMAZIONE ULTIM&#8217;ORA CENTOSSESSANTATRE NUOVI CONTAGI IN REGIONE, 3 A BELLUNO &nbsp; &nbsp; &nbsp; &nbsp; ABBIAMO PERSO UN SIGNOR PROCURATORE &#8220;Sapevi andare oltre, vivere nel presente, goderti l&#8217;idea del futuro. Avevi il senso del percorso di un alpinista, anzi di un minatore, ma ti&hellip;<\/p>\n","protected":false},"author":1,"featured_media":122539,"comment_status":"closed","ping_status":"closed","sticky":false,"template":"","format":"standard","meta":{"_monsterinsights_skip_tracking":false,"_monsterinsights_sitenote_active":false,"_monsterinsights_sitenote_note":"","_monsterinsights_sitenote_category":0,"footnotes":""},"categories":[1,51,86],"tags":[],"class_list":["post-122494","post","type-post","status-publish","format-standard","has-post-thumbnail","hentry","category-senza-categoria","category-evidenza-top","category-gr","category-1","category-51","category-86","description-off"],"img_url":"https:\/\/www.radiopiu.net\/wordpress\/wp-content\/uploads\/2020\/03\/IMG-20200315-WA0021.jpg","_links":{"self":[{"href":"https:\/\/www.radiopiu.net\/wordpress\/wp-json\/wp\/v2\/posts\/122494","targetHints":{"allow":["GET"]}}],"collection":[{"href":"https:\/\/www.radiopiu.net\/wordpress\/wp-json\/wp\/v2\/posts"}],"about":[{"href":"https:\/\/www.radiopiu.net\/wordpress\/wp-json\/wp\/v2\/types\/post"}],"author":[{"embeddable":true,"href":"https:\/\/www.radiopiu.net\/wordpress\/wp-json\/wp\/v2\/users\/1"}],"replies":[{"embeddable":true,"href":"https:\/\/www.radiopiu.net\/wordpress\/wp-json\/wp\/v2\/comments?post=122494"}],"version-history":[{"count":0,"href":"https:\/\/www.radiopiu.net\/wordpress\/wp-json\/wp\/v2\/posts\/122494\/revisions"}],"wp:featuredmedia":[{"embeddable":true,"href":"https:\/\/www.radiopiu.net\/wordpress\/wp-json\/wp\/v2\/media\/122539"}],"wp:attachment":[{"href":"https:\/\/www.radiopiu.net\/wordpress\/wp-json\/wp\/v2\/media?parent=122494"}],"wp:term":[{"taxonomy":"category","embeddable":true,"href":"https:\/\/www.radiopiu.net\/wordpress\/wp-json\/wp\/v2\/categories?post=122494"},{"taxonomy":"post_tag","embeddable":true,"href":"https:\/\/www.radiopiu.net\/wordpress\/wp-json\/wp\/v2\/tags?post=122494"}],"curies":[{"name":"wp","href":"https:\/\/api.w.org\/{rel}","templated":true}]}}