{"id":122549,"date":"2020-03-16T15:51:33","date_gmt":"2020-03-16T14:51:33","guid":{"rendered":"https:\/\/www.radiopiu.net\/wordpress\/?p=122549"},"modified":"2020-03-16T16:10:35","modified_gmt":"2020-03-16T15:10:35","slug":"tampone-per-tutti-i-dipendenti-della-sanita","status":"publish","type":"post","link":"https:\/\/www.radiopiu.net\/wordpress\/tampone-per-tutti-i-dipendenti-della-sanita\/","title":{"rendered":"TAMPONE PER TUTTI I DIPENDENTI DELLA SANITA&#8217;"},"content":{"rendered":"<p><strong>BELLUNO<\/strong> Con una nota inviata a tutti i direttori generali delle Aziende Ulss la Regione ordina di effettuare il tampone a tutti i dipendenti delle aziende sanitarie della Regione, nessuna esclusa, anche nelle strutture residenziali per non autosufficienti. Un&#8217;offerta da estendere agli specialisti ambulatoriali interni, medici di medicina generale, pediatri di libera scelta, medici di continuit\u00e0 assistenziale, ai farmacisti da ripetere qualora ci fosse un contatto sospetto o confermato. Una strategia con il duplice scopo di tutelare i lavoratori della sanit\u00e0 inviduando possibili positivi da isolare ma anche a garanzia di protezione negli ambienti di lavoro. L&#8217;attivit\u00e0 di controllo \u00e8 affidata ai direttori di Dipartimento e ai direttori Spisal. Prioritarie le aziende con maggior numero di dipendenti.<\/p>\n<p>&nbsp;<\/p>\n","protected":false},"excerpt":{"rendered":"<p>BELLUNO Con una nota inviata a tutti i direttori generali delle Aziende Ulss la Regione ordina di effettuare il tampone a tutti i dipendenti delle aziende sanitarie della Regione, nessuna esclusa, anche nelle strutture residenziali per non autosufficienti. Un&#8217;offerta da estendere agli specialisti ambulatoriali interni, medici di medicina generale, pediatri di libera scelta, medici di&hellip;<\/p>\n","protected":false},"author":1,"featured_media":121793,"comment_status":"closed","ping_status":"closed","sticky":false,"template":"","format":"standard","meta":{"_monsterinsights_skip_tracking":false,"_monsterinsights_sitenote_active":false,"_monsterinsights_sitenote_note":"","_monsterinsights_sitenote_category":0,"footnotes":""},"categories":[51,49],"tags":[],"class_list":["post-122549","post","type-post","status-publish","format-standard","has-post-thumbnail","hentry","category-evidenza-top","category-news-18","category-51","category-49","description-off"],"img_url":"https:\/\/www.radiopiu.net\/wordpress\/wp-content\/uploads\/2020\/03\/covid-importante.jpg","_links":{"self":[{"href":"https:\/\/www.radiopiu.net\/wordpress\/wp-json\/wp\/v2\/posts\/122549","targetHints":{"allow":["GET"]}}],"collection":[{"href":"https:\/\/www.radiopiu.net\/wordpress\/wp-json\/wp\/v2\/posts"}],"about":[{"href":"https:\/\/www.radiopiu.net\/wordpress\/wp-json\/wp\/v2\/types\/post"}],"author":[{"embeddable":true,"href":"https:\/\/www.radiopiu.net\/wordpress\/wp-json\/wp\/v2\/users\/1"}],"replies":[{"embeddable":true,"href":"https:\/\/www.radiopiu.net\/wordpress\/wp-json\/wp\/v2\/comments?post=122549"}],"version-history":[{"count":0,"href":"https:\/\/www.radiopiu.net\/wordpress\/wp-json\/wp\/v2\/posts\/122549\/revisions"}],"wp:featuredmedia":[{"embeddable":true,"href":"https:\/\/www.radiopiu.net\/wordpress\/wp-json\/wp\/v2\/media\/121793"}],"wp:attachment":[{"href":"https:\/\/www.radiopiu.net\/wordpress\/wp-json\/wp\/v2\/media?parent=122549"}],"wp:term":[{"taxonomy":"category","embeddable":true,"href":"https:\/\/www.radiopiu.net\/wordpress\/wp-json\/wp\/v2\/categories?post=122549"},{"taxonomy":"post_tag","embeddable":true,"href":"https:\/\/www.radiopiu.net\/wordpress\/wp-json\/wp\/v2\/tags?post=122549"}],"curies":[{"name":"wp","href":"https:\/\/api.w.org\/{rel}","templated":true}]}}