{"id":122567,"date":"2020-03-16T23:59:35","date_gmt":"2020-03-16T22:59:35","guid":{"rendered":"https:\/\/www.radiopiu.net\/wordpress\/?p=122567"},"modified":"2020-03-16T16:45:03","modified_gmt":"2020-03-16T15:45:03","slug":"capitelli-ed-immagini-sacre-della-parrocchia-di-mussoi","status":"publish","type":"post","link":"https:\/\/www.radiopiu.net\/wordpress\/capitelli-ed-immagini-sacre-della-parrocchia-di-mussoi\/","title":{"rendered":"CAPITELLI ED IMMAGINI SACRE DELLA PARROCCHIA DI MUSSOI"},"content":{"rendered":"<p><span class=\"_5yl5\">\u00a0Diciamoci la verit\u00e0: esiste, in ambito provinciale o se preferite diocesano, un patrimonio di capitelli ed immagini sacre che \u00e8 dai pi\u00f9 sconosciuto e da molti viene spesso trascurato o dimenticato un po\u2019 dappertutto. Oggi ci occupiamo di \u201ctestimonianze devozionali\u201d del passato che ricadono nell\u2019ambito della Parrocchia di Santa Maria Immacolata di Mussoi. Ci \u00e8 d\u2019aiuto in questa breve ricognizione il pregevole libro di Vincenzo Caputo \u201cCapitelli e immagini sacre a Belluno\u201d che per la serie \u201cVarie\u201d \u00e8 stato stampato nel settembre del 1989 per i tipi della tipografia Piave di Belluno ad iniziativa dell\u2019Istituto bellunese di ricerche sociali e culturali guidato dal prof. don Sergio Sacco. Nella localit\u00e0 Travazzoi esiste dal 1854 un capitello in pietra, ancora in discreto stato, intitolato \u201cMadonna Immacolata, Sacro Cuore di Ges\u00f9\u201d con due statue in gesso di cui la pi\u00f9 piccola \u00e8 decisamente mal messa. Caputo ha opportunamente ricordato che il capitello fu realizzato da Lucio De Pra, impetrando la guarigione del padre Camillo, allora gravemente ammalato. All\u2019esterno, sul frammento di una lapide in marmo si riesce a leggere soltanto: \u201cFamiglia Camillo De Pra anno mariano\u201d del resto non vi \u00e8 traccia. Rammentiamo con l\u2019occasione che Pio XII aveva indetto il primo \u201canno mariano\u201d dall\u20198 dicembre 1953 all\u20198 dicembre dell\u2019anno seguente per celebrare il primo centenario della proclamazione, un secolo prima, dell\u2019Immacolata Concezione ad opera di Papa Pio IX. Fu di Giovanni Paolo II, il successore del \u201cPapa bellunese del sorriso\u201d Albino Luciani ad indire il secondo \u201canno mariano\u201d della storia che ebbe inizio il 7 giugno 1987 e si conclude il 15 agosto 1988 in coincidenza con la tradizionale Festa dell\u2019Assunta. Vincenzo Caputo in proposito scrive: \u201cL\u2019anno mariano non ha richiesto un pellegrinaggio a Roma come \u00e8 accaduto e accade per il giubileo, ma ogni diocesi ha incrementato la fede dei propri fedeli con iniziative locali e e soprattutto dando risalto ai santuari, cuore della devozione mariana. Il Papa ha voluto indire questo anno per preparare la chiesa \u2013 ha detto \u2013 al giubileo del duemila e al terzo millennio\u201d. Ci spostiamo, non di molto, e nella localit\u00e0 Fisterre-Via Cappellari possiamo vedere il capitello in muratura, del 1920, pure in buono stato intitolato alla Madonna della salute, che al proprio interno presenta un quadro con la Madonna della Salute, la Madonna di Loreto, la Madonna di Lourdes e alcuni santi, Leggiamo da \u201cCapitelli e immagini sacre a Belluno\u201d: \u201c\u2026 Precedentemente vi esisteva un altarino eretto da una persona del luogo per ringraziare la Madonna nell\u2019aver salvato la propria sorelle ed altre donne, da un\u2019improvvisa ondata mentre si accingevano lavare i panni nel torrente Ardo; solo successivamente veniva costruito questo capitello, benedetto dall\u2019allora vescovo di Belluno mons. Cattarossi Giosu\u00e8, sempre come ringraziamento alla Madonna, per aver Ella tutelato i propri figli , nonostante l\u2019insidia e la pericolosit\u00e0 del vicino torrente\u201d. Concludiamo il percorso tornando a Travazzoi per dire qualcosa anche a proposito della chiesetta di San Giorgio e Sebastiano, ancora in buono stato, del XVII secolo, con un affresco del 1947 che mostra il Crocifisso con ai lati due angeli in preghiera. Scrive Vincenzo Caputo. \u201cLa chiesetta nell\u2019impianto attuale \u00e8 del XVII secolo, bench\u00e9 di origine precedente, ha subito modifiche nel corso degli anni. Originariamente era dedicata a San Giorgio e solo successivamente, forse nel 1594, fu dedicata a San Sebastiano. Esternamente, sopra l\u2019entrata principale si nota un affresco di Della Colletta raffigurante Ges\u00f9 crocifisso, con ai lati due angeli in preghiera. Una scritta in latino dice: \u2018Domine exaudi eos ed retribue eis in regno tuo\u201d (Signore esaudisci e ricompensali nel tuo regno). L\u2019affresco ricorda dieci partigiani impiccati dai tedeschi nel \u2018Bosco delle Castagne\u2019, in uno degli episodi pi\u00f9 crudeli dell\u2019occupazione nazista e della guerra di liberazione. Pi\u00f9 in basso l\u2019elenco con i nominativi dei Caduti e la data della loro uccisione: 10 marzo 1945\u201d.<\/span><\/p>\n\n\t\t\t<style type='text\/css'>\n\t\t\t\t#gallery-1 {\n\t\t\t\t\tmargin: auto;\n\t\t\t\t}\n\t\t\t\t#gallery-1 .gallery-item {\n\t\t\t\t\tfloat: left;\n\t\t\t\t\tmargin-top: 10px;\n\t\t\t\t\ttext-align: center;\n\t\t\t\t\twidth: 33%;\n\t\t\t\t}\n\t\t\t\t#gallery-1 img {\n\t\t\t\t\tborder: 2px solid #cfcfcf;\n\t\t\t\t}\n\t\t\t\t#gallery-1 .gallery-caption {\n\t\t\t\t\tmargin-left: 0;\n\t\t\t\t}\n\t\t\t\t\/* see gallery_shortcode() in wp-includes\/media.php *\/\n\t\t\t<\/style>\n\t\t<div id='gallery-1' class='dt-gallery-container gallery galleryid-122567 gallery-columns-3 gallery-size-thumbnail'><dl class='gallery-item'>\n\t\t\t\t<dt class='gallery-icon portrait'>\n\t\t\t\t\t<a class=\"rollover\" href='https:\/\/www.radiopiu.net\/wordpress\/capitelli-ed-immagini-sacre-della-parrocchia-di-mussoi\/89519335_2708107966087095_7003667066368557056_n\/'><img loading=\"lazy\" decoding=\"async\" width=\"150\" height=\"150\" src=\"https:\/\/www.radiopiu.net\/wordpress\/wp-content\/uploads\/2020\/03\/89519335_2708107966087095_7003667066368557056_n-150x150.jpg\" class=\"attachment-thumbnail size-thumbnail\" alt=\"\" \/><\/a>\n\t\t\t\t<\/dt><\/dl><dl class='gallery-item'>\n\t\t\t\t<dt class='gallery-icon portrait'>\n\t\t\t\t\t<a class=\"rollover\" href='https:\/\/www.radiopiu.net\/wordpress\/capitelli-ed-immagini-sacre-della-parrocchia-di-mussoi\/90235011_235530397491899_1330953392289218560_n\/'><img loading=\"lazy\" decoding=\"async\" width=\"150\" height=\"150\" src=\"https:\/\/www.radiopiu.net\/wordpress\/wp-content\/uploads\/2020\/03\/90235011_235530397491899_1330953392289218560_n-150x150.jpg\" class=\"attachment-thumbnail size-thumbnail\" alt=\"\" \/><\/a>\n\t\t\t\t<\/dt><\/dl><dl class='gallery-item'>\n\t\t\t\t<dt class='gallery-icon portrait'>\n\t\t\t\t\t<a class=\"rollover\" href='https:\/\/www.radiopiu.net\/wordpress\/capitelli-ed-immagini-sacre-della-parrocchia-di-mussoi\/89731522_215385366419370_7585080624633872384_n\/'><img loading=\"lazy\" decoding=\"async\" width=\"150\" height=\"150\" src=\"https:\/\/www.radiopiu.net\/wordpress\/wp-content\/uploads\/2020\/03\/89731522_215385366419370_7585080624633872384_n-150x150.jpg\" class=\"attachment-thumbnail size-thumbnail\" alt=\"\" \/><\/a>\n\t\t\t\t<\/dt><\/dl><br style=\"clear: both\" \/><dl class='gallery-item'>\n\t\t\t\t<dt class='gallery-icon landscape'>\n\t\t\t\t\t<a class=\"rollover\" href='https:\/\/www.radiopiu.net\/wordpress\/capitelli-ed-immagini-sacre-della-parrocchia-di-mussoi\/90352440_501212260765211_3215367304111980544_n\/'><img loading=\"lazy\" decoding=\"async\" width=\"150\" height=\"150\" src=\"https:\/\/www.radiopiu.net\/wordpress\/wp-content\/uploads\/2020\/03\/90352440_501212260765211_3215367304111980544_n-150x150.jpg\" class=\"attachment-thumbnail size-thumbnail\" alt=\"\" \/><\/a>\n\t\t\t\t<\/dt><\/dl><dl class='gallery-item'>\n\t\t\t\t<dt class='gallery-icon portrait'>\n\t\t\t\t\t<a class=\"rollover\" href='https:\/\/www.radiopiu.net\/wordpress\/capitelli-ed-immagini-sacre-della-parrocchia-di-mussoi\/89588612_2692116957675113_8856850952427143168_n\/'><img loading=\"lazy\" decoding=\"async\" width=\"150\" height=\"150\" src=\"https:\/\/www.radiopiu.net\/wordpress\/wp-content\/uploads\/2020\/03\/89588612_2692116957675113_8856850952427143168_n-150x150.jpg\" class=\"attachment-thumbnail size-thumbnail\" alt=\"\" \/><\/a>\n\t\t\t\t<\/dt><\/dl><dl class='gallery-item'>\n\t\t\t\t<dt class='gallery-icon portrait'>\n\t\t\t\t\t<a class=\"rollover\" href='https:\/\/www.radiopiu.net\/wordpress\/capitelli-ed-immagini-sacre-della-parrocchia-di-mussoi\/90174226_636359590488098_2697462946216280064_n\/'><img loading=\"lazy\" decoding=\"async\" width=\"150\" height=\"150\" src=\"https:\/\/www.radiopiu.net\/wordpress\/wp-content\/uploads\/2020\/03\/90174226_636359590488098_2697462946216280064_n-150x150.jpg\" class=\"attachment-thumbnail size-thumbnail\" alt=\"\" \/><\/a>\n\t\t\t\t<\/dt><\/dl><br style=\"clear: both\" \/>\n\t\t\t<\/div>\n\n<p><span class=\"_5yl5\">NELLE FOTO (riproduzioni da libro di Caputo e Renato Bona): il capitello della Madonna Immacolata, Sacro cuore di Ges\u00f9 a Travazzoi; le due statue in gesso del 1954; facciata ed interno dell capitello di Fisterre della Madonna della Salute nella foto datata del libro; una visione dei giorni nostri con una lapide che ricorda: \u201cMadonna delle Grazie 1920 voluta da Giovanni Dal Pont consacrata dal vescovo M. Giosu\u00e8 Cattarossi, I suoi eredi in perenne ricordo\u201d; l\u2019affresco della chiesetta di Travazzoi dei santi Giorgio e Sebastiano, con Ges\u00f9 crocifisso e ai lati due angeli in preghiera.<\/span><\/p>\n","protected":false},"excerpt":{"rendered":"<p>\u00a0Diciamoci la verit\u00e0: esiste, in ambito provinciale o se preferite diocesano, un patrimonio di capitelli ed immagini sacre che \u00e8 dai pi\u00f9 sconosciuto e da molti viene spesso trascurato o dimenticato un po\u2019 dappertutto. Oggi ci occupiamo di \u201ctestimonianze devozionali\u201d del passato che ricadono nell\u2019ambito della Parrocchia di Santa Maria Immacolata di Mussoi. Ci \u00e8&hellip;<\/p>\n","protected":false},"author":1,"featured_media":122570,"comment_status":"closed","ping_status":"closed","sticky":false,"template":"","format":"standard","meta":{"_monsterinsights_skip_tracking":false,"_monsterinsights_sitenote_active":false,"_monsterinsights_sitenote_note":"","_monsterinsights_sitenote_category":0,"footnotes":""},"categories":[49],"tags":[],"class_list":["post-122567","post","type-post","status-publish","format-standard","has-post-thumbnail","hentry","category-news-18","category-49","description-off"],"img_url":"https:\/\/www.radiopiu.net\/wordpress\/wp-content\/uploads\/2020\/03\/89731522_215385366419370_7585080624633872384_n.jpg","_links":{"self":[{"href":"https:\/\/www.radiopiu.net\/wordpress\/wp-json\/wp\/v2\/posts\/122567","targetHints":{"allow":["GET"]}}],"collection":[{"href":"https:\/\/www.radiopiu.net\/wordpress\/wp-json\/wp\/v2\/posts"}],"about":[{"href":"https:\/\/www.radiopiu.net\/wordpress\/wp-json\/wp\/v2\/types\/post"}],"author":[{"embeddable":true,"href":"https:\/\/www.radiopiu.net\/wordpress\/wp-json\/wp\/v2\/users\/1"}],"replies":[{"embeddable":true,"href":"https:\/\/www.radiopiu.net\/wordpress\/wp-json\/wp\/v2\/comments?post=122567"}],"version-history":[{"count":0,"href":"https:\/\/www.radiopiu.net\/wordpress\/wp-json\/wp\/v2\/posts\/122567\/revisions"}],"wp:featuredmedia":[{"embeddable":true,"href":"https:\/\/www.radiopiu.net\/wordpress\/wp-json\/wp\/v2\/media\/122570"}],"wp:attachment":[{"href":"https:\/\/www.radiopiu.net\/wordpress\/wp-json\/wp\/v2\/media?parent=122567"}],"wp:term":[{"taxonomy":"category","embeddable":true,"href":"https:\/\/www.radiopiu.net\/wordpress\/wp-json\/wp\/v2\/categories?post=122567"},{"taxonomy":"post_tag","embeddable":true,"href":"https:\/\/www.radiopiu.net\/wordpress\/wp-json\/wp\/v2\/tags?post=122567"}],"curies":[{"name":"wp","href":"https:\/\/api.w.org\/{rel}","templated":true}]}}