{"id":122591,"date":"2020-03-16T17:55:43","date_gmt":"2020-03-16T16:55:43","guid":{"rendered":"https:\/\/www.radiopiu.net\/wordpress\/?p=122591"},"modified":"2020-03-16T18:19:33","modified_gmt":"2020-03-16T17:19:33","slug":"poste-italiane","status":"publish","type":"post","link":"https:\/\/www.radiopiu.net\/wordpress\/poste-italiane\/","title":{"rendered":"IN UFFICIO, SULLA STRADA E TRA LE CASE CON LA PAURA NEL CUORE"},"content":{"rendered":"<h2><span style=\"color: #ff0000;\">DILLO A RADIOPIU<\/span><\/h2>\n<blockquote><p><em>Riceviamo e pubblichiamo la testimonianza\u00a0 da un portalettere delle Poste, ci informa che giovedi (solo giovedi) Poste Italiane ha rifornito i portalettere e il relativo ufficio dove lavora di mascherine, una per postino oggi a qualcuno ma non a tutti, guanti e gel igienizzante. Abbiamo anche chiesto una seconda testimonianza nell&#8217;Agordino da\u00a0 dove arriva la conferma: si ad una mascherina a testa da giovedi (saranno a norma?\u00a0 Si chiede il nostro interlocutore) ma guanti neanche l&#8217;ombra.<\/em><\/p>\n<p>&nbsp;<\/p><\/blockquote>\n<p><strong>Lettera Firmata<\/strong><\/p>\n<blockquote><p><em><strong><img loading=\"lazy\" decoding=\"async\" class=\"alignleft\" src=\"https:\/\/www.radiopiu.net\/wordpress\/wp-content\/uploads\/2016\/03\/2376711-postini.jpg\" width=\"240\" height=\"134\" \/><\/strong> Segnalo la situazione\u00a0 in cui stanno lavorando i portalettere,\u00a0 dove opero io la situazione \u00e8\u00a0 difficile immagino come ovunque del resto in questo momento. Gi\u00e0 noi portalettere,dobbiamo sopperire a carenze strutturali ed organizzative messe in atto da Poste Italiane, dovendo subire spesso lamentele e proteste da parte di un&#8217;utenza giustamente inferocita, ma tali carenze di servizio non dipendono da noi, anzi talvolta\u00a0 ci adoperiamo, fermandoci oltre l&#8217;orario, pur di finire almeno l&#8217;essenziale. Con l&#8217;emergenza in corso il discorso non cambia,\u00a0 abbiamo operato per tutto il mese di febbraio e per tutta la met\u00e0 marzo senza alcuna dotazione di sicurezza e senza alcun vademecum sui comportamenti da adottare, dopo l&#8217;ultimo decreto governativo, gioved\u00ec scorso ci hanno fornito,di numero una mascherina monouso che noi dovremmo adoperare per settimane, n\u00e8 guanti, n\u00e8 igienizzante, n\u00e8 pulizia o sanificazione degli ambienti e\u00a0 dei mezzi di trasporto che vengono scambiati in continuazione per esigenze di consegna tra le\u00a0 rotazioni di turno per avere meno gente in ufficio, che al cambio turno diventa una bolgia e sembra di essere ad un mercato rionale in spazi molto ristretti. I responsabili faticano a gestire tali situazioni al limite del ragionevole. I sindacati mandano comunicati senza prendere alcuna decisione, sempre in maniera tardiva, e\u00a0 ci troviamo a gestire\u00a0 la sicurezza in maniera\u00a0 facoltativa. Ognuno deve agire secondo il proprio buonsenso, oppure prendersi ferie o permessi, gli altri a lavorare. Mi assomiglia la &#8220;roulette russa&#8221;, sperando che nessuno si ammali, altrimenti le cose diventano serie.<\/em><\/p><\/blockquote>\n<p><strong>Siamo stati inviati a non riportare il nome di chi ci ha inviato la segnalazione e il luogo per evidenti motivi.<\/strong><\/p>\n<p>foto archivio radiopiu<\/p>\n<p>&nbsp;<\/p>\n","protected":false},"excerpt":{"rendered":"<p>DILLO A RADIOPIU Riceviamo e pubblichiamo la testimonianza\u00a0 da un portalettere delle Poste, ci informa che giovedi (solo giovedi) Poste Italiane ha rifornito i portalettere e il relativo ufficio dove lavora di mascherine, una per postino oggi a qualcuno ma non a tutti, guanti e gel igienizzante. Abbiamo anche chiesto una seconda testimonianza nell&#8217;Agordino da\u00a0&hellip;<\/p>\n","protected":false},"author":1,"featured_media":0,"comment_status":"closed","ping_status":"closed","sticky":false,"template":"","format":"standard","meta":{"_monsterinsights_skip_tracking":false,"_monsterinsights_sitenote_active":false,"_monsterinsights_sitenote_note":"","_monsterinsights_sitenote_category":0,"footnotes":""},"categories":[104,49],"tags":[],"class_list":["post-122591","post","type-post","status-publish","format-standard","hentry","category-evidenza_3","category-news-18","category-104","category-49","description-off"],"img_url":false,"_links":{"self":[{"href":"https:\/\/www.radiopiu.net\/wordpress\/wp-json\/wp\/v2\/posts\/122591","targetHints":{"allow":["GET"]}}],"collection":[{"href":"https:\/\/www.radiopiu.net\/wordpress\/wp-json\/wp\/v2\/posts"}],"about":[{"href":"https:\/\/www.radiopiu.net\/wordpress\/wp-json\/wp\/v2\/types\/post"}],"author":[{"embeddable":true,"href":"https:\/\/www.radiopiu.net\/wordpress\/wp-json\/wp\/v2\/users\/1"}],"replies":[{"embeddable":true,"href":"https:\/\/www.radiopiu.net\/wordpress\/wp-json\/wp\/v2\/comments?post=122591"}],"version-history":[{"count":0,"href":"https:\/\/www.radiopiu.net\/wordpress\/wp-json\/wp\/v2\/posts\/122591\/revisions"}],"wp:attachment":[{"href":"https:\/\/www.radiopiu.net\/wordpress\/wp-json\/wp\/v2\/media?parent=122591"}],"wp:term":[{"taxonomy":"category","embeddable":true,"href":"https:\/\/www.radiopiu.net\/wordpress\/wp-json\/wp\/v2\/categories?post=122591"},{"taxonomy":"post_tag","embeddable":true,"href":"https:\/\/www.radiopiu.net\/wordpress\/wp-json\/wp\/v2\/tags?post=122591"}],"curies":[{"name":"wp","href":"https:\/\/api.w.org\/{rel}","templated":true}]}}