{"id":122599,"date":"2020-03-16T18:19:28","date_gmt":"2020-03-16T17:19:28","guid":{"rendered":"https:\/\/www.radiopiu.net\/wordpress\/?p=122599"},"modified":"2020-03-16T18:44:12","modified_gmt":"2020-03-16T17:44:12","slug":"il-comune-di-feltre-esenta-le-famiglie-dal-pagamento-delle-rette-dellasilo-nido","status":"publish","type":"post","link":"https:\/\/www.radiopiu.net\/wordpress\/il-comune-di-feltre-esenta-le-famiglie-dal-pagamento-delle-rette-dellasilo-nido\/","title":{"rendered":"IL COMUNE DI FELTRE ESENTA LE FAMIGLIE DAL PAGAMENTO DELLE RETTE DELL&#8217;ASILO NIDO"},"content":{"rendered":"<p><strong>FELTRE<\/strong> La situazione di emergenza sanitaria in cui siamo immersi ha intaccato profondamente l&#8217;attivit\u00e0 didattica e di conseguenza gli equilibri nella gestione dei figli, soprattutto quelli di et\u00e0 infantile, sia sul piano sociale che economico. Tra le misure previste dal governo c&#8217;\u00e8 infatti anche la sospensione dei servizi educativi dell&#8217;infanzia e delle scuole di ogni ordine e grado, nonch\u00e9 la frequenza delle attivit\u00e0 scolastiche e di formazione. E&#8217; dunque importante mettere in atto tutte le misure possibili, sia ordinarie che straordinarie, a sostegno dei cittadini e dei nuclei familiari. Va in questa direzione la decisione assunta in queste ore dalla Giunta comunale di Feltre in ordine alle rette dell&#8217;asilo nido comunale \u201cIl Maggiociondolo\u201d. Il regolamento dell&#8217;Asilo Nido prevede rette di frequenza composte da una quota fissa proporzionata all&#8217;Isee e una quota variabile subordinata alla frequenza. \u201c<em>La situazione contingente, sottolinea l&#8217;Assessore all&#8217;Istruzione del Comune di Feltre, rende urgente lanciare un messaggio concreto di vicinanza e aiuto alle famiglie dei bambini che frequentano l&#8217;asilo e che si trovano a fronteggiare il disagio conseguente alla chiusura della struttura. Abbiamo cos\u00ec deciso di esprimere il sostegno alle famiglie prevedendo, in via eccezionale, l&#8217;esenzione del pagamento della retta per tutti i giorni di chiusura del nido, con valore retroattivo dal primo giorno previsto dall&#8217;ordinanza ovvero dal 24 febbraio 2020.\u201d Allo scopo di evitare ulteriori aggravi alle famiglie, l&#8217;applicazione dell&#8217;esenzione sar\u00e0 attivata su tutti gli utenti interessati, senza necessit\u00e0 che vengano previste da parte loro ulteriori richieste. \u201cSi tratta di uno sforzo economicamente non certo di poco conto\u201d, sottolinea ancora l&#8217;assessore; \u201cl&#8217;intervento comporta infatti una minore entrata pari a circa 13.000 euro mensili, che dovremo andare a reperire in altri capitoli di bilancio. Ci sembrava comunque prioritario mettere in campo una misura concreto e forte in favore delle famiglie con i figli pi\u00f9 piccoli\u201d, conclude l&#8217;assessore all&#8217;istruzione.Nei prossimi giorni le famiglie riceveranno, con i conteggi della parte variabile relativa ai giorni di presenza del mese di febbraio, il conguaglio della parte fissa con lo scorporo e la riduzione della quota relativa ai giorni dal 24 a fine mese<\/em>&#8221;<\/p>\n<p><strong>L&#8217;ASSESORE DEL BIANCO<\/strong><\/p>\n<audio class=\"wp-audio-shortcode\" id=\"audio-122599-1\" preload=\"none\" style=\"width: 100%;\" controls=\"controls\"><source type=\"audio\/mpeg\" src=\"https:\/\/www.radiopiu.net\/wordpress\/wp-content\/uploads\/2020\/03\/Del-Bianco-su-rette-asilo-nido.mp3?_=1\" \/><a href=\"https:\/\/www.radiopiu.net\/wordpress\/wp-content\/uploads\/2020\/03\/Del-Bianco-su-rette-asilo-nido.mp3\">https:\/\/www.radiopiu.net\/wordpress\/wp-content\/uploads\/2020\/03\/Del-Bianco-su-rette-asilo-nido.mp3<\/a><\/audio>\n","protected":false},"excerpt":{"rendered":"<p>FELTRE La situazione di emergenza sanitaria in cui siamo immersi ha intaccato profondamente l&#8217;attivit\u00e0 didattica e di conseguenza gli equilibri nella gestione dei figli, soprattutto quelli di et\u00e0 infantile, sia sul piano sociale che economico. Tra le misure previste dal governo c&#8217;\u00e8 infatti anche la sospensione dei servizi educativi dell&#8217;infanzia e delle scuole di ogni&hellip;<\/p>\n","protected":false},"author":4,"featured_media":122601,"comment_status":"closed","ping_status":"closed","sticky":false,"template":"","format":"standard","meta":{"_monsterinsights_skip_tracking":false,"_monsterinsights_sitenote_active":false,"_monsterinsights_sitenote_note":"","_monsterinsights_sitenote_category":0,"footnotes":""},"categories":[49],"tags":[],"class_list":["post-122599","post","type-post","status-publish","format-standard","has-post-thumbnail","hentry","category-news-18","category-49","description-off"],"img_url":"https:\/\/www.radiopiu.net\/wordpress\/wp-content\/uploads\/2020\/03\/COMUNE-FELTRE.png","_links":{"self":[{"href":"https:\/\/www.radiopiu.net\/wordpress\/wp-json\/wp\/v2\/posts\/122599","targetHints":{"allow":["GET"]}}],"collection":[{"href":"https:\/\/www.radiopiu.net\/wordpress\/wp-json\/wp\/v2\/posts"}],"about":[{"href":"https:\/\/www.radiopiu.net\/wordpress\/wp-json\/wp\/v2\/types\/post"}],"author":[{"embeddable":true,"href":"https:\/\/www.radiopiu.net\/wordpress\/wp-json\/wp\/v2\/users\/4"}],"replies":[{"embeddable":true,"href":"https:\/\/www.radiopiu.net\/wordpress\/wp-json\/wp\/v2\/comments?post=122599"}],"version-history":[{"count":0,"href":"https:\/\/www.radiopiu.net\/wordpress\/wp-json\/wp\/v2\/posts\/122599\/revisions"}],"wp:featuredmedia":[{"embeddable":true,"href":"https:\/\/www.radiopiu.net\/wordpress\/wp-json\/wp\/v2\/media\/122601"}],"wp:attachment":[{"href":"https:\/\/www.radiopiu.net\/wordpress\/wp-json\/wp\/v2\/media?parent=122599"}],"wp:term":[{"taxonomy":"category","embeddable":true,"href":"https:\/\/www.radiopiu.net\/wordpress\/wp-json\/wp\/v2\/categories?post=122599"},{"taxonomy":"post_tag","embeddable":true,"href":"https:\/\/www.radiopiu.net\/wordpress\/wp-json\/wp\/v2\/tags?post=122599"}],"curies":[{"name":"wp","href":"https:\/\/api.w.org\/{rel}","templated":true}]}}