{"id":122609,"date":"2020-03-16T18:48:24","date_gmt":"2020-03-16T17:48:24","guid":{"rendered":"https:\/\/www.radiopiu.net\/wordpress\/?p=122609"},"modified":"2020-03-17T17:13:39","modified_gmt":"2020-03-17T16:13:39","slug":"abbiamo-perso-un-signor-procuratore","status":"publish","type":"post","link":"https:\/\/www.radiopiu.net\/wordpress\/abbiamo-perso-un-signor-procuratore\/","title":{"rendered":"ABBIAMO PERSO UN SIGNOR PROCURATORE"},"content":{"rendered":"<blockquote><p><em>&#8220;Sapevi andare oltre, vivere nel presente, goderti l&#8217;idea del futuro. Avevi il senso del percorso di un alpinista, anzi di un minatore, ma ti \u00e8 mancato il fiato. A me non mancher\u00e0 il ricordo&#8221;. <\/em>Roberta Gallego, sostituto procuratore anziano di Belluno*<\/p>\n<blockquote><p><strong class=\"photoswipe-wrapper\"><a class=\"dt-pswp-item pspw-wrap-ready\" href=\"https:\/\/i2.wp.com\/www.radiopiu.net\/wordpress\/wp-content\/uploads\/2015\/06\/pavone-190x1301.jpg?ssl=1\" data-dt-img-description=\"\" data-large_image_width=\"190\" data-large_image_height=\"130\"><img loading=\"lazy\" decoding=\"async\" class=\"size-full wp-image-6629 alignleft\" src=\"https:\/\/i2.wp.com\/www.radiopiu.net\/wordpress\/wp-content\/uploads\/2015\/06\/pavone-190x1301.jpg?resize=190%2C130&amp;ssl=1\" alt=\"\" width=\"190\" height=\"130\" data-recalc-dims=\"1\" \/><\/a>VENEZIA<\/strong> La notizia \u00e8 arrivata nel pomeriggio nelle stanze della Procura di Belluno, \u00e8 morto Francesco Saverio Pavone, 75 anni. L\u2019uomo che combatt\u00e8 in prima linea contro la mala del Brenta, da 15 giorni era in terapia intensiva il coronavirus se l\u2019\u00e8 portato via.\u00a0 Di origine pugliese, era nato a Taranto il 25 marzo 1944, entr\u00f2 nel sistema giudiziario come cancelliere, prima di vincere il concorso in magistratura ed essere poi assegnato alla pretura circondariale di Mestre nel 1989.\u00a0 Era diventato quindi procuratore aggiunto a Venezia e poi era stato nominato poi procuratore capo di Belluno, dove aveva retto la carica coordinando importanti inchieste contro le ecomafie, fino alla pensione.Lo ricorderemo come fiero oppositore dei mafiosi del Veneto, quelli di Felice Maniero e fu tra i collaboratori di Giovanni Falcone.Addio grande uomo, grande esempio di vita civile, addio grande uomo coraggio anche da qui giunga alla famiglia l\u2019abbraccio solidale. (mm)<\/p><\/blockquote>\n<p>*Sul Corriere delle Alpi di oggi la lettera, commovente, emozionale, vera, scritta di pugno da chi &#8220;Franco&#8221; l&#8217;ha conosciuto, apprezzato, stimato. di Roberta Gallego.<\/p><\/blockquote>\n<p>&nbsp;<\/p>\n","protected":false},"excerpt":{"rendered":"<p>&#8220;Sapevi andare oltre, vivere nel presente, goderti l&#8217;idea del futuro. Avevi il senso del percorso di un alpinista, anzi di un minatore, ma ti \u00e8 mancato il fiato. A me non mancher\u00e0 il ricordo&#8221;. Roberta Gallego, sostituto procuratore anziano di Belluno* VENEZIA La notizia \u00e8 arrivata nel pomeriggio nelle stanze della Procura di Belluno, \u00e8&hellip;<\/p>\n","protected":false},"author":1,"featured_media":0,"comment_status":"closed","ping_status":"closed","sticky":false,"template":"","format":"standard","meta":{"_monsterinsights_skip_tracking":false,"_monsterinsights_sitenote_active":false,"_monsterinsights_sitenote_note":"","_monsterinsights_sitenote_category":0,"footnotes":""},"categories":[51,49],"tags":[],"class_list":["post-122609","post","type-post","status-publish","format-standard","hentry","category-evidenza-top","category-news-18","category-51","category-49","description-off"],"img_url":false,"_links":{"self":[{"href":"https:\/\/www.radiopiu.net\/wordpress\/wp-json\/wp\/v2\/posts\/122609","targetHints":{"allow":["GET"]}}],"collection":[{"href":"https:\/\/www.radiopiu.net\/wordpress\/wp-json\/wp\/v2\/posts"}],"about":[{"href":"https:\/\/www.radiopiu.net\/wordpress\/wp-json\/wp\/v2\/types\/post"}],"author":[{"embeddable":true,"href":"https:\/\/www.radiopiu.net\/wordpress\/wp-json\/wp\/v2\/users\/1"}],"replies":[{"embeddable":true,"href":"https:\/\/www.radiopiu.net\/wordpress\/wp-json\/wp\/v2\/comments?post=122609"}],"version-history":[{"count":0,"href":"https:\/\/www.radiopiu.net\/wordpress\/wp-json\/wp\/v2\/posts\/122609\/revisions"}],"wp:attachment":[{"href":"https:\/\/www.radiopiu.net\/wordpress\/wp-json\/wp\/v2\/media?parent=122609"}],"wp:term":[{"taxonomy":"category","embeddable":true,"href":"https:\/\/www.radiopiu.net\/wordpress\/wp-json\/wp\/v2\/categories?post=122609"},{"taxonomy":"post_tag","embeddable":true,"href":"https:\/\/www.radiopiu.net\/wordpress\/wp-json\/wp\/v2\/tags?post=122609"}],"curies":[{"name":"wp","href":"https:\/\/api.w.org\/{rel}","templated":true}]}}