{"id":122636,"date":"2020-03-16T19:18:55","date_gmt":"2020-03-16T18:18:55","guid":{"rendered":"https:\/\/www.radiopiu.net\/wordpress\/?p=122636"},"modified":"2020-03-16T19:18:55","modified_gmt":"2020-03-16T18:18:55","slug":"il-prefetto-fa-il-punto-sui-controlli-delle-forze-dellordine","status":"publish","type":"post","link":"https:\/\/www.radiopiu.net\/wordpress\/il-prefetto-fa-il-punto-sui-controlli-delle-forze-dellordine\/","title":{"rendered":"IL PREFETTO FA IL PUNTO SUI CONTROLLI DELLE FORZE DELL&#8217;ORDINE"},"content":{"rendered":"<p><strong><a class=\"dt-pswp-item\" href=\"https:\/\/www.radiopiu.net\/wordpress\/wp-content\/uploads\/2020\/03\/Adriana-Cogode.jpg\" data-dt-img-description=\"\" data-large_image_width=\"280\" data-large_image_height=\"300\"><img loading=\"lazy\" decoding=\"async\" class=\"size-full wp-image-121833 alignleft\" src=\"https:\/\/www.radiopiu.net\/wordpress\/wp-content\/uploads\/2020\/03\/Adriana-Cogode.jpg\" alt=\"\" width=\"280\" height=\"300\" \/><\/a>BELLUNO<\/strong> Il Prefetto di Belluno, Adriana Cogode, ha incontrato oggi, in videoconferenza, i vertici delle Forze di Polizia, il Presidente della Provincia, i Sindaci di Belluno, Agordo, Cesiomaggiore, Feltre, Fonzaso, La Valle Agordina, Lamon, Pedavena, Quero Vas, Santa Giustina, Seren del Grappa, Sospirolo, Sovramonte, Vallada Agordina, Alano di Piave, Ponte nelle Alpi, Borgo Valbelluna, il Direttore Generale della ULSS n. 1 Dolomiti ed i rappresentanti delle categorie produttive per fare il punto della situazione legata alla diffusione del Coronavirus in provincia di Belluno.<br \/>\nDurante gli incontri \u00e8 stata ribadita la sinergia tra tutte le componenti del sistema per assicurare la gestione coordinata dell\u2019emergenza e rafforzare le iniziative per prevenire il contagio, anche all\u2019interno delle realt\u00e0 produttive della provincia.<br \/>\nPer quel che concerne il controllo sul rispetto delle disposizioni contenute nei provvedimenti del Governo per fronteggiare l\u2019emergenza, le Forze di Polizia e le Polizie Locali hanno controllato, dal 10 marzo, un totale di 2.618 persone, denunciandone 90. Nel corso dell\u2019attivit\u00e0 di controllo del territorio \u00e8 stata altres\u00ec verificata l\u2019effettivit\u00e0 della sospensione dell\u2019attivit\u00e0 degli esercizi commerciali, accertando sei violazioni alle disposizioni governative.<\/p>\n","protected":false},"excerpt":{"rendered":"<p>BELLUNO Il Prefetto di Belluno, Adriana Cogode, ha incontrato oggi, in videoconferenza, i vertici delle Forze di Polizia, il Presidente della Provincia, i Sindaci di Belluno, Agordo, Cesiomaggiore, Feltre, Fonzaso, La Valle Agordina, Lamon, Pedavena, Quero Vas, Santa Giustina, Seren del Grappa, Sospirolo, Sovramonte, Vallada Agordina, Alano di Piave, Ponte nelle Alpi, Borgo Valbelluna, il&hellip;<\/p>\n","protected":false},"author":4,"featured_media":121833,"comment_status":"closed","ping_status":"closed","sticky":false,"template":"","format":"standard","meta":{"_monsterinsights_skip_tracking":false,"_monsterinsights_sitenote_active":false,"_monsterinsights_sitenote_note":"","_monsterinsights_sitenote_category":0,"footnotes":""},"categories":[49],"tags":[],"class_list":["post-122636","post","type-post","status-publish","format-standard","has-post-thumbnail","hentry","category-news-18","category-49","description-off"],"img_url":"https:\/\/www.radiopiu.net\/wordpress\/wp-content\/uploads\/2020\/03\/Adriana-Cogode.jpg","_links":{"self":[{"href":"https:\/\/www.radiopiu.net\/wordpress\/wp-json\/wp\/v2\/posts\/122636","targetHints":{"allow":["GET"]}}],"collection":[{"href":"https:\/\/www.radiopiu.net\/wordpress\/wp-json\/wp\/v2\/posts"}],"about":[{"href":"https:\/\/www.radiopiu.net\/wordpress\/wp-json\/wp\/v2\/types\/post"}],"author":[{"embeddable":true,"href":"https:\/\/www.radiopiu.net\/wordpress\/wp-json\/wp\/v2\/users\/4"}],"replies":[{"embeddable":true,"href":"https:\/\/www.radiopiu.net\/wordpress\/wp-json\/wp\/v2\/comments?post=122636"}],"version-history":[{"count":0,"href":"https:\/\/www.radiopiu.net\/wordpress\/wp-json\/wp\/v2\/posts\/122636\/revisions"}],"wp:featuredmedia":[{"embeddable":true,"href":"https:\/\/www.radiopiu.net\/wordpress\/wp-json\/wp\/v2\/media\/121833"}],"wp:attachment":[{"href":"https:\/\/www.radiopiu.net\/wordpress\/wp-json\/wp\/v2\/media?parent=122636"}],"wp:term":[{"taxonomy":"category","embeddable":true,"href":"https:\/\/www.radiopiu.net\/wordpress\/wp-json\/wp\/v2\/categories?post=122636"},{"taxonomy":"post_tag","embeddable":true,"href":"https:\/\/www.radiopiu.net\/wordpress\/wp-json\/wp\/v2\/tags?post=122636"}],"curies":[{"name":"wp","href":"https:\/\/api.w.org\/{rel}","templated":true}]}}